{"id":52069,"date":"2015-04-02T15:32:26","date_gmt":"2015-04-02T15:32:26","guid":{"rendered":"http:\/\/desarrollo.mcvicious.com\/aero2020\/2015\/04\/02\/dublin-dos-aviones-de-ryanair-rozan-en-aeropuerto\/"},"modified":"2015-04-02T15:32:26","modified_gmt":"2015-04-02T15:32:26","slug":"dublin-dos-aviones-de-ryanair-rozan-en-aeropuerto","status":"publish","type":"post","link":"https:\/\/aeronoticias.com.pe\/noticiero\/transporte-aereo\/internacional\/dublin-dos-aviones-de-ryanair-rozan-en-aeropuerto\/","title":{"rendered":"Dubl\u00edn: Dos aviones de Ryanair rozan en aeropuerto"},"content":{"rendered":"<p style=\"text-align: justify;\"><strong>(Aeronoticias)<\/strong>.-\u00a0Dos aviones de Ryanair se han rozado esta ma\u00f1ana en el aeropuerto de Dubl\u00edn cuando la cola de uno de los aparatos roz\u00f3 con el ala de otra aeronave, sin que haya heridos por el incidente, seg\u00fan confirmaron fuentes de la aerol\u00ednea brit\u00e1nica a Europa Press.<\/p>\n<p style=\"text-align: justify;\">\u00abEl ala de uno de los aviones se ha rozado con la cola del otro. Los dos est\u00e1n bajo las instrucciones del Control de Tr\u00e1fico A\u00e9reo del aeropuerto de Dubl\u00edn\u00bb, asegura la aerol\u00ednea.<\/p>\n<p style=\"text-align: justify;\">El roce ocurri\u00f3 a poca velocidad en las pistas de despegue del aeropuerto de Dubl\u00edn sobre las 7.10 hora local cuando un avi\u00f3n de Ryanair, vuelo FR7312 con rumbo a Zadar (Croacia), y otra aeronave, vuelo FR812 con destino a Edimburgo (Escocia), informa &#8216;Irish Times&#8217;.<\/p>\n<p style=\"text-align: justify;\">\u00abLos pasajeros han sido trasladados a dos aviones sustitutivos\u00bb, se\u00f1al\u00f3 la aerol\u00ednea, que ha lamentado \u00ablas inconveniencias causadas a los viajeros\u00bb.<\/p>\n<p style=\"text-align: justify;\">Fuente: <span style=\"text-decoration: underline;\"><em><strong>Aviaci\u00f3n al d\u00eda<\/strong><\/em><\/span>.<\/p>\n<p style=\"text-align: justify;\"><img decoding=\"async\" src=\"http:\/\/4.bp.blogspot.com\/-WQRrpoleamk\/VRwSbtnFVzI\/AAAAAAAAlsI\/QOYiFXNZ0bY\/s1600\/Ryanair.png\" border=\"0\" \/><\/p>\n","protected":false},"excerpt":{"rendered":"<p>(Aeronoticias).-\u00a0Dos aviones de Ryanair se han rozado esta ma\u00f1ana en el aeropuerto de Dubl\u00edn cuando la cola de uno de los aparatos roz\u00f3 con el ala de otra aeronave, sin que haya heridos por el incidente, seg\u00fan confirmaron fuentes de la aerol\u00ednea brit\u00e1nica a Europa Press. \u00abEl ala de uno de los aviones se ha [&hellip;]<\/p>\n","protected":false},"author":1,"featured_media":0,"comment_status":"open","ping_status":"open","sticky":false,"template":"","format":"standard","meta":{"tdm_status":"","tdm_grid_status":"","footnotes":""},"categories":[32],"tags":[],"class_list":{"0":"post-52069","1":"post","2":"type-post","3":"status-publish","4":"format-standard","6":"category-internacional"},"yoast_head":"<!-- This site is optimized with the Yoast SEO plugin v25.1 - https:\/\/yoast.com\/wordpress\/plugins\/seo\/ -->\n<title>Dubl\u00edn: Dos aviones de Ryanair rozan en aeropuerto<\/title>\n<meta name=\"description\" content=\"Portal de noticias del Per\u00fa sobre el transporte a\u00e9reo, aviaci\u00f3n, turismo, hoteleria, actualidad.\" \/>\n<meta name=\"robots\" content=\"index, follow, max-snippet:-1, max-image-preview:large, max-video-preview:-1\" \/>\n<link rel=\"canonical\" href=\"https:\/\/aeronoticias.com.pe\/noticiero\/transporte-aereo\/internacional\/dublin-dos-aviones-de-ryanair-rozan-en-aeropuerto\/\" \/>\n<meta property=\"og:locale\" content=\"es_ES\" \/>\n<meta property=\"og:type\" content=\"article\" \/>\n<meta property=\"og:title\" content=\"Dubl\u00edn: Dos aviones de Ryanair rozan en aeropuerto\" \/>\n<meta property=\"og:description\" content=\"Portal de noticias del Per\u00fa sobre el transporte a\u00e9reo, aviaci\u00f3n, turismo, hoteleria, actualidad.\" \/>\n<meta property=\"og:url\" content=\"https:\/\/aeronoticias.com.pe\/noticiero\/transporte-aereo\/internacional\/dublin-dos-aviones-de-ryanair-rozan-en-aeropuerto\/\" \/>\n<meta property=\"og:site_name\" content=\"Aeronoticias.com.pe\" \/>\n<meta property=\"article:publisher\" content=\"https:\/\/www.facebook.com\/Aeronoticias.com.pe\/\" \/>\n<meta property=\"article:published_time\" content=\"2015-04-02T15:32:26+00:00\" \/>\n<meta property=\"og:image\" content=\"http:\/\/4.bp.blogspot.com\/-WQRrpoleamk\/VRwSbtnFVzI\/AAAAAAAAlsI\/QOYiFXNZ0bY\/s1600\/Ryanair.png\" \/>\n<meta name=\"author\" content=\"Redacci\u00f3n Aeronoticias\" \/>\n<meta name=\"twitter:card\" content=\"summary_large_image\" \/>\n<meta name=\"twitter:creator\" content=\"@aeronoticias\" \/>\n<meta name=\"twitter:site\" content=\"@aeronoticias\" \/>\n<meta name=\"twitter:label1\" content=\"Escrito por\" \/>\n\t<meta name=\"twitter:data1\" content=\"Redacci\u00f3n Aeronoticias\" \/>\n\t<meta name=\"twitter:label2\" content=\"Tiempo de lectura\" \/>\n\t<meta name=\"twitter:data2\" content=\"1 minuto\" \/>\n<script type=\"application\/ld+json\" class=\"yoast-schema-graph\">{\"@context\":\"https:\/\/schema.org\",\"@graph\":[{\"@type\":\"WebPage\",\"@id\":\"https:\/\/aeronoticias.com.pe\/noticiero\/transporte-aereo\/internacional\/dublin-dos-aviones-de-ryanair-rozan-en-aeropuerto\/\",\"url\":\"https:\/\/aeronoticias.com.pe\/noticiero\/transporte-aereo\/internacional\/dublin-dos-aviones-de-ryanair-rozan-en-aeropuerto\/\",\"name\":\"Dubl\u00edn: Dos aviones de Ryanair rozan en aeropuerto\",\"isPartOf\":{\"@id\":\"https:\/\/aeronoticias.com.pe\/noticiero\/#website\"},\"primaryImageOfPage\":{\"@id\":\"https:\/\/aeronoticias.com.pe\/noticiero\/transporte-aereo\/internacional\/dublin-dos-aviones-de-ryanair-rozan-en-aeropuerto\/#primaryimage\"},\"image\":{\"@id\":\"https:\/\/aeronoticias.com.pe\/noticiero\/transporte-aereo\/internacional\/dublin-dos-aviones-de-ryanair-rozan-en-aeropuerto\/#primaryimage\"},\"thumbnailUrl\":\"http:\/\/4.bp.blogspot.com\/-WQRrpoleamk\/VRwSbtnFVzI\/AAAAAAAAlsI\/QOYiFXNZ0bY\/s1600\/Ryanair.png\",\"datePublished\":\"2015-04-02T15:32:26+00:00\",\"author\":{\"@id\":\"https:\/\/aeronoticias.com.pe\/noticiero\/#\/schema\/person\/fc1e5d578f4b62ba1cf7ac2bba1170a0\"},\"description\":\"Portal de noticias del Per\u00fa sobre el transporte a\u00e9reo, aviaci\u00f3n, turismo, hoteleria, actualidad.\",\"breadcrumb\":{\"@id\":\"https:\/\/aeronoticias.com.pe\/noticiero\/transporte-aereo\/internacional\/dublin-dos-aviones-de-ryanair-rozan-en-aeropuerto\/#breadcrumb\"},\"inLanguage\":\"es\",\"potentialAction\":[{\"@type\":\"ReadAction\",\"target\":[\"https:\/\/aeronoticias.com.pe\/noticiero\/transporte-aereo\/internacional\/dublin-dos-aviones-de-ryanair-rozan-en-aeropuerto\/\"]}]},{\"@type\":\"ImageObject\",\"inLanguage\":\"es\",\"@id\":\"https:\/\/aeronoticias.com.pe\/noticiero\/transporte-aereo\/internacional\/dublin-dos-aviones-de-ryanair-rozan-en-aeropuerto\/#primaryimage\",\"url\":\"http:\/\/4.bp.blogspot.com\/-WQRrpoleamk\/VRwSbtnFVzI\/AAAAAAAAlsI\/QOYiFXNZ0bY\/s1600\/Ryanair.png\",\"contentUrl\":\"http:\/\/4.bp.blogspot.com\/-WQRrpoleamk\/VRwSbtnFVzI\/AAAAAAAAlsI\/QOYiFXNZ0bY\/s1600\/Ryanair.png\"},{\"@type\":\"BreadcrumbList\",\"@id\":\"https:\/\/aeronoticias.com.pe\/noticiero\/transporte-aereo\/internacional\/dublin-dos-aviones-de-ryanair-rozan-en-aeropuerto\/#breadcrumb\",\"itemListElement\":[{\"@type\":\"ListItem\",\"position\":1,\"name\":\"Portada\",\"item\":\"https:\/\/aeronoticias.com.pe\/noticiero\/\"},{\"@type\":\"ListItem\",\"position\":2,\"name\":\"Dubl\u00edn: Dos aviones de Ryanair rozan en aeropuerto\"}]},{\"@type\":\"WebSite\",\"@id\":\"https:\/\/aeronoticias.com.pe\/noticiero\/#website\",\"url\":\"https:\/\/aeronoticias.com.pe\/noticiero\/\",\"name\":\"Aeronoticias.com.pe\",\"description\":\"Noticias de tranporte aereo, turismo, hoteles, gastronomia, actualidad, internacional\",\"potentialAction\":[{\"@type\":\"SearchAction\",\"target\":{\"@type\":\"EntryPoint\",\"urlTemplate\":\"https:\/\/aeronoticias.com.pe\/noticiero\/?s={search_term_string}\"},\"query-input\":{\"@type\":\"PropertyValueSpecification\",\"valueRequired\":true,\"valueName\":\"search_term_string\"}}],\"inLanguage\":\"es\"},{\"@type\":\"Person\",\"@id\":\"https:\/\/aeronoticias.com.pe\/noticiero\/#\/schema\/person\/fc1e5d578f4b62ba1cf7ac2bba1170a0\",\"name\":\"Redacci\u00f3n Aeronoticias\",\"url\":\"https:\/\/aeronoticias.com.pe\/noticiero\/author\/piloto\/\"}]}<\/script>\n<!-- \/ Yoast SEO plugin. -->","yoast_head_json":{"title":"Dubl\u00edn: Dos aviones de Ryanair rozan en aeropuerto","description":"Portal de noticias del Per\u00fa sobre el transporte a\u00e9reo, aviaci\u00f3n, turismo, hoteleria, actualidad.","robots":{"index":"index","follow":"follow","max-snippet":"max-snippet:-1","max-image-preview":"max-image-preview:large","max-video-preview":"max-video-preview:-1"},"canonical":"https:\/\/aeronoticias.com.pe\/noticiero\/transporte-aereo\/internacional\/dublin-dos-aviones-de-ryanair-rozan-en-aeropuerto\/","og_locale":"es_ES","og_type":"article","og_title":"Dubl\u00edn: Dos aviones de Ryanair rozan en aeropuerto","og_description":"Portal de noticias del Per\u00fa sobre el transporte a\u00e9reo, aviaci\u00f3n, turismo, hoteleria, actualidad.","og_url":"https:\/\/aeronoticias.com.pe\/noticiero\/transporte-aereo\/internacional\/dublin-dos-aviones-de-ryanair-rozan-en-aeropuerto\/","og_site_name":"Aeronoticias.com.pe","article_publisher":"https:\/\/www.facebook.com\/Aeronoticias.com.pe\/","article_published_time":"2015-04-02T15:32:26+00:00","og_image":[{"url":"http:\/\/4.bp.blogspot.com\/-WQRrpoleamk\/VRwSbtnFVzI\/AAAAAAAAlsI\/QOYiFXNZ0bY\/s1600\/Ryanair.png","type":"","width":"","height":""}],"author":"Redacci\u00f3n Aeronoticias","twitter_card":"summary_large_image","twitter_creator":"@aeronoticias","twitter_site":"@aeronoticias","twitter_misc":{"Escrito por":"Redacci\u00f3n Aeronoticias","Tiempo de lectura":"1 minuto"},"schema":{"@context":"https:\/\/schema.org","@graph":[{"@type":"WebPage","@id":"https:\/\/aeronoticias.com.pe\/noticiero\/transporte-aereo\/internacional\/dublin-dos-aviones-de-ryanair-rozan-en-aeropuerto\/","url":"https:\/\/aeronoticias.com.pe\/noticiero\/transporte-aereo\/internacional\/dublin-dos-aviones-de-ryanair-rozan-en-aeropuerto\/","name":"Dubl\u00edn: Dos aviones de Ryanair rozan en aeropuerto","isPartOf":{"@id":"https:\/\/aeronoticias.com.pe\/noticiero\/#website"},"primaryImageOfPage":{"@id":"https:\/\/aeronoticias.com.pe\/noticiero\/transporte-aereo\/internacional\/dublin-dos-aviones-de-ryanair-rozan-en-aeropuerto\/#primaryimage"},"image":{"@id":"https:\/\/aeronoticias.com.pe\/noticiero\/transporte-aereo\/internacional\/dublin-dos-aviones-de-ryanair-rozan-en-aeropuerto\/#primaryimage"},"thumbnailUrl":"http:\/\/4.bp.blogspot.com\/-WQRrpoleamk\/VRwSbtnFVzI\/AAAAAAAAlsI\/QOYiFXNZ0bY\/s1600\/Ryanair.png","datePublished":"2015-04-02T15:32:26+00:00","author":{"@id":"https:\/\/aeronoticias.com.pe\/noticiero\/#\/schema\/person\/fc1e5d578f4b62ba1cf7ac2bba1170a0"},"description":"Portal de noticias del Per\u00fa sobre el transporte a\u00e9reo, aviaci\u00f3n, turismo, hoteleria, actualidad.","breadcrumb":{"@id":"https:\/\/aeronoticias.com.pe\/noticiero\/transporte-aereo\/internacional\/dublin-dos-aviones-de-ryanair-rozan-en-aeropuerto\/#breadcrumb"},"inLanguage":"es","potentialAction":[{"@type":"ReadAction","target":["https:\/\/aeronoticias.com.pe\/noticiero\/transporte-aereo\/internacional\/dublin-dos-aviones-de-ryanair-rozan-en-aeropuerto\/"]}]},{"@type":"ImageObject","inLanguage":"es","@id":"https:\/\/aeronoticias.com.pe\/noticiero\/transporte-aereo\/internacional\/dublin-dos-aviones-de-ryanair-rozan-en-aeropuerto\/#primaryimage","url":"http:\/\/4.bp.blogspot.com\/-WQRrpoleamk\/VRwSbtnFVzI\/AAAAAAAAlsI\/QOYiFXNZ0bY\/s1600\/Ryanair.png","contentUrl":"http:\/\/4.bp.blogspot.com\/-WQRrpoleamk\/VRwSbtnFVzI\/AAAAAAAAlsI\/QOYiFXNZ0bY\/s1600\/Ryanair.png"},{"@type":"BreadcrumbList","@id":"https:\/\/aeronoticias.com.pe\/noticiero\/transporte-aereo\/internacional\/dublin-dos-aviones-de-ryanair-rozan-en-aeropuerto\/#breadcrumb","itemListElement":[{"@type":"ListItem","position":1,"name":"Portada","item":"https:\/\/aeronoticias.com.pe\/noticiero\/"},{"@type":"ListItem","position":2,"name":"Dubl\u00edn: Dos aviones de Ryanair rozan en aeropuerto"}]},{"@type":"WebSite","@id":"https:\/\/aeronoticias.com.pe\/noticiero\/#website","url":"https:\/\/aeronoticias.com.pe\/noticiero\/","name":"Aeronoticias.com.pe","description":"Noticias de tranporte aereo, turismo, hoteles, gastronomia, actualidad, internacional","potentialAction":[{"@type":"SearchAction","target":{"@type":"EntryPoint","urlTemplate":"https:\/\/aeronoticias.com.pe\/noticiero\/?s={search_term_string}"},"query-input":{"@type":"PropertyValueSpecification","valueRequired":true,"valueName":"search_term_string"}}],"inLanguage":"es"},{"@type":"Person","@id":"https:\/\/aeronoticias.com.pe\/noticiero\/#\/schema\/person\/fc1e5d578f4b62ba1cf7ac2bba1170a0","name":"Redacci\u00f3n Aeronoticias","url":"https:\/\/aeronoticias.com.pe\/noticiero\/author\/piloto\/"}]}},"_links":{"self":[{"href":"https:\/\/aeronoticias.com.pe\/noticiero\/wp-json\/wp\/v2\/posts\/52069","targetHints":{"allow":["GET"]}}],"collection":[{"href":"https:\/\/aeronoticias.com.pe\/noticiero\/wp-json\/wp\/v2\/posts"}],"about":[{"href":"https:\/\/aeronoticias.com.pe\/noticiero\/wp-json\/wp\/v2\/types\/post"}],"author":[{"embeddable":true,"href":"https:\/\/aeronoticias.com.pe\/noticiero\/wp-json\/wp\/v2\/users\/1"}],"replies":[{"embeddable":true,"href":"https:\/\/aeronoticias.com.pe\/noticiero\/wp-json\/wp\/v2\/comments?post=52069"}],"version-history":[{"count":0,"href":"https:\/\/aeronoticias.com.pe\/noticiero\/wp-json\/wp\/v2\/posts\/52069\/revisions"}],"wp:attachment":[{"href":"https:\/\/aeronoticias.com.pe\/noticiero\/wp-json\/wp\/v2\/media?parent=52069"}],"wp:term":[{"taxonomy":"category","embeddable":true,"href":"https:\/\/aeronoticias.com.pe\/noticiero\/wp-json\/wp\/v2\/categories?post=52069"},{"taxonomy":"post_tag","embeddable":true,"href":"https:\/\/aeronoticias.com.pe\/noticiero\/wp-json\/wp\/v2\/tags?post=52069"}],"curies":[{"name":"wp","href":"https:\/\/api.w.org\/{rel}","templated":true}]}}