{"id":52070,"date":"2015-04-02T15:50:00","date_gmt":"2015-04-02T15:50:00","guid":{"rendered":"http:\/\/desarrollo.mcvicious.com\/aero2020\/2015\/04\/02\/ley-para-personas-con-autismo-no-se-aplica-no-hay-reglamento\/"},"modified":"2015-04-02T15:50:00","modified_gmt":"2015-04-02T15:50:00","slug":"ley-para-personas-con-autismo-no-se-aplica-no-hay-reglamento","status":"publish","type":"post","link":"https:\/\/aeronoticias.com.pe\/noticiero\/nacionales\/ley-para-personas-con-autismo-no-se-aplica-no-hay-reglamento\/","title":{"rendered":"Ley para personas con autismo no se aplica: no hay reglamento"},"content":{"rendered":"<p style=\"text-align: justify;\"><strong>(Aeronoticias)<\/strong>.-\u00a0El autismo no es una enfermedad. Es una condici\u00f3n con la que se nace y que acompa\u00f1ar\u00e1 a quienes la padecen por toda su vida. Claudia lo tuvo que entender cuando su peque\u00f1o ten\u00eda apenas a\u00f1o y medio. Su hijo no la llamaba mam\u00e1, no la miraba a los ojos y no sab\u00eda expresar lo que sent\u00eda. Cuando supo que su hijo era autista le doli\u00f3, pero lo asumi\u00f3. El v\u00eda crucis lleg\u00f3 despu\u00e9s al toparse con las dificultades para tratar el caso de su hijo.<\/p>\n<p style=\"text-align: justify;\">Hace poco m\u00e1s de un a\u00f1o el Congreso promulg\u00f3 la Ley 30150 para proteger y atender a las personas con autismo a trav\u00e9s de una serie de pol\u00edticas multisectoriales. Sin embargo, hasta hoy, esa ley no se implementa.<\/p>\n<p style=\"text-align: justify;\">\u00bfA qu\u00e9 se debe? La norma a\u00fan no cuenta con un reglamento que haya sido aprobado por los ministerios involucrados: Educaci\u00f3n, Salud, Trabajo, Transportes y de la Mujer y Poblaciones Vulnerables.<\/p>\n<p style=\"text-align: justify;\">\u201cSin una pol\u00edtica nacional de diagn\u00f3stico no se puede avanzar\u201d, asegura Marcelo Cruz, vocero de la ONG \u00a1Soy autista y qu\u00e9!<\/p>\n<p style=\"text-align: justify;\">Y la realidad no lo contradice. Seg\u00fan la Organizaci\u00f3n Mundial de la Salud (OMS), una de cada 68 personas en el mundo nace con autismo. Sin embargo, en el Per\u00fa no existe un registro nacional que identifique a las personas que tienen este trastorno.<\/p>\n<p style=\"text-align: justify;\">Tampoco existen servicios p\u00fablicos de salud ni de educaci\u00f3n especializados para atender estos casos, a diferencia de Chile y Argentina en donde hay pol\u00edticas en ambos sectores.<\/p>\n<p style=\"text-align: justify;\">Fuente: <span style=\"text-decoration: underline;\"><em><strong>El Comercio<\/strong><\/em><\/span>.<\/p>\n<p style=\"text-align: justify;\"><img decoding=\"async\" src=\"http:\/\/cde.3.elcomercio.pe\/ima\/0\/1\/0\/8\/8\/1088857\/base_image.jpg\" border=\"0\" alt=\"Ley para personas con autismo no se aplica: no hay reglamento\" \/><\/p>\n","protected":false},"excerpt":{"rendered":"<p>(Aeronoticias).-\u00a0El autismo no es una enfermedad. Es una condici\u00f3n con la que se nace y que acompa\u00f1ar\u00e1 a quienes la padecen por toda su vida. Claudia lo tuvo que entender cuando su peque\u00f1o ten\u00eda apenas a\u00f1o y medio. Su hijo no la llamaba mam\u00e1, no la miraba a los ojos y no sab\u00eda expresar lo [&hellip;]<\/p>\n","protected":false},"author":1,"featured_media":0,"comment_status":"open","ping_status":"open","sticky":false,"template":"","format":"standard","meta":{"tdm_status":"","tdm_grid_status":"","footnotes":""},"categories":[38],"tags":[],"class_list":{"0":"post-52070","1":"post","2":"type-post","3":"status-publish","4":"format-standard","6":"category-nacionales"},"yoast_head":"<!-- This site is optimized with the Yoast SEO plugin v25.1 - https:\/\/yoast.com\/wordpress\/plugins\/seo\/ -->\n<title>Ley para personas con autismo no se aplica: no hay reglamento<\/title>\n<meta name=\"description\" content=\"Portal de noticias del Per\u00fa sobre el transporte a\u00e9reo, aviaci\u00f3n, turismo, hoteleria, actualidad.\" \/>\n<meta name=\"robots\" content=\"index, follow, max-snippet:-1, max-image-preview:large, max-video-preview:-1\" \/>\n<link rel=\"canonical\" href=\"https:\/\/aeronoticias.com.pe\/noticiero\/nacionales\/ley-para-personas-con-autismo-no-se-aplica-no-hay-reglamento\/\" \/>\n<meta property=\"og:locale\" content=\"es_ES\" \/>\n<meta property=\"og:type\" content=\"article\" \/>\n<meta property=\"og:title\" content=\"Ley para personas con autismo no se aplica: no hay reglamento\" \/>\n<meta property=\"og:description\" content=\"Portal de noticias del Per\u00fa sobre el transporte a\u00e9reo, aviaci\u00f3n, turismo, hoteleria, actualidad.\" \/>\n<meta property=\"og:url\" content=\"https:\/\/aeronoticias.com.pe\/noticiero\/nacionales\/ley-para-personas-con-autismo-no-se-aplica-no-hay-reglamento\/\" \/>\n<meta property=\"og:site_name\" content=\"Aeronoticias.com.pe\" \/>\n<meta property=\"article:publisher\" content=\"https:\/\/www.facebook.com\/Aeronoticias.com.pe\/\" \/>\n<meta property=\"article:published_time\" content=\"2015-04-02T15:50:00+00:00\" \/>\n<meta property=\"og:image\" content=\"http:\/\/cde.3.elcomercio.pe\/ima\/0\/1\/0\/8\/8\/1088857\/base_image.jpg\" \/>\n<meta name=\"author\" content=\"Redacci\u00f3n Aeronoticias\" \/>\n<meta name=\"twitter:card\" content=\"summary_large_image\" \/>\n<meta name=\"twitter:creator\" content=\"@aeronoticias\" \/>\n<meta name=\"twitter:site\" content=\"@aeronoticias\" \/>\n<meta name=\"twitter:label1\" content=\"Escrito por\" \/>\n\t<meta name=\"twitter:data1\" content=\"Redacci\u00f3n Aeronoticias\" \/>\n\t<meta name=\"twitter:label2\" content=\"Tiempo de lectura\" \/>\n\t<meta name=\"twitter:data2\" content=\"1 minuto\" \/>\n<script type=\"application\/ld+json\" class=\"yoast-schema-graph\">{\"@context\":\"https:\/\/schema.org\",\"@graph\":[{\"@type\":\"WebPage\",\"@id\":\"https:\/\/aeronoticias.com.pe\/noticiero\/nacionales\/ley-para-personas-con-autismo-no-se-aplica-no-hay-reglamento\/\",\"url\":\"https:\/\/aeronoticias.com.pe\/noticiero\/nacionales\/ley-para-personas-con-autismo-no-se-aplica-no-hay-reglamento\/\",\"name\":\"Ley para personas con autismo no se aplica: no hay reglamento\",\"isPartOf\":{\"@id\":\"https:\/\/aeronoticias.com.pe\/noticiero\/#website\"},\"primaryImageOfPage\":{\"@id\":\"https:\/\/aeronoticias.com.pe\/noticiero\/nacionales\/ley-para-personas-con-autismo-no-se-aplica-no-hay-reglamento\/#primaryimage\"},\"image\":{\"@id\":\"https:\/\/aeronoticias.com.pe\/noticiero\/nacionales\/ley-para-personas-con-autismo-no-se-aplica-no-hay-reglamento\/#primaryimage\"},\"thumbnailUrl\":\"http:\/\/cde.3.elcomercio.pe\/ima\/0\/1\/0\/8\/8\/1088857\/base_image.jpg\",\"datePublished\":\"2015-04-02T15:50:00+00:00\",\"author\":{\"@id\":\"https:\/\/aeronoticias.com.pe\/noticiero\/#\/schema\/person\/fc1e5d578f4b62ba1cf7ac2bba1170a0\"},\"description\":\"Portal de noticias del Per\u00fa sobre el transporte a\u00e9reo, aviaci\u00f3n, turismo, hoteleria, actualidad.\",\"breadcrumb\":{\"@id\":\"https:\/\/aeronoticias.com.pe\/noticiero\/nacionales\/ley-para-personas-con-autismo-no-se-aplica-no-hay-reglamento\/#breadcrumb\"},\"inLanguage\":\"es\",\"potentialAction\":[{\"@type\":\"ReadAction\",\"target\":[\"https:\/\/aeronoticias.com.pe\/noticiero\/nacionales\/ley-para-personas-con-autismo-no-se-aplica-no-hay-reglamento\/\"]}]},{\"@type\":\"ImageObject\",\"inLanguage\":\"es\",\"@id\":\"https:\/\/aeronoticias.com.pe\/noticiero\/nacionales\/ley-para-personas-con-autismo-no-se-aplica-no-hay-reglamento\/#primaryimage\",\"url\":\"http:\/\/cde.3.elcomercio.pe\/ima\/0\/1\/0\/8\/8\/1088857\/base_image.jpg\",\"contentUrl\":\"http:\/\/cde.3.elcomercio.pe\/ima\/0\/1\/0\/8\/8\/1088857\/base_image.jpg\"},{\"@type\":\"BreadcrumbList\",\"@id\":\"https:\/\/aeronoticias.com.pe\/noticiero\/nacionales\/ley-para-personas-con-autismo-no-se-aplica-no-hay-reglamento\/#breadcrumb\",\"itemListElement\":[{\"@type\":\"ListItem\",\"position\":1,\"name\":\"Portada\",\"item\":\"https:\/\/aeronoticias.com.pe\/noticiero\/\"},{\"@type\":\"ListItem\",\"position\":2,\"name\":\"Ley para personas con autismo no se aplica: no hay reglamento\"}]},{\"@type\":\"WebSite\",\"@id\":\"https:\/\/aeronoticias.com.pe\/noticiero\/#website\",\"url\":\"https:\/\/aeronoticias.com.pe\/noticiero\/\",\"name\":\"Aeronoticias.com.pe\",\"description\":\"Noticias de tranporte aereo, turismo, hoteles, gastronomia, actualidad, internacional\",\"potentialAction\":[{\"@type\":\"SearchAction\",\"target\":{\"@type\":\"EntryPoint\",\"urlTemplate\":\"https:\/\/aeronoticias.com.pe\/noticiero\/?s={search_term_string}\"},\"query-input\":{\"@type\":\"PropertyValueSpecification\",\"valueRequired\":true,\"valueName\":\"search_term_string\"}}],\"inLanguage\":\"es\"},{\"@type\":\"Person\",\"@id\":\"https:\/\/aeronoticias.com.pe\/noticiero\/#\/schema\/person\/fc1e5d578f4b62ba1cf7ac2bba1170a0\",\"name\":\"Redacci\u00f3n Aeronoticias\",\"url\":\"https:\/\/aeronoticias.com.pe\/noticiero\/author\/piloto\/\"}]}<\/script>\n<!-- \/ Yoast SEO plugin. -->","yoast_head_json":{"title":"Ley para personas con autismo no se aplica: no hay reglamento","description":"Portal de noticias del Per\u00fa sobre el transporte a\u00e9reo, aviaci\u00f3n, turismo, hoteleria, actualidad.","robots":{"index":"index","follow":"follow","max-snippet":"max-snippet:-1","max-image-preview":"max-image-preview:large","max-video-preview":"max-video-preview:-1"},"canonical":"https:\/\/aeronoticias.com.pe\/noticiero\/nacionales\/ley-para-personas-con-autismo-no-se-aplica-no-hay-reglamento\/","og_locale":"es_ES","og_type":"article","og_title":"Ley para personas con autismo no se aplica: no hay reglamento","og_description":"Portal de noticias del Per\u00fa sobre el transporte a\u00e9reo, aviaci\u00f3n, turismo, hoteleria, actualidad.","og_url":"https:\/\/aeronoticias.com.pe\/noticiero\/nacionales\/ley-para-personas-con-autismo-no-se-aplica-no-hay-reglamento\/","og_site_name":"Aeronoticias.com.pe","article_publisher":"https:\/\/www.facebook.com\/Aeronoticias.com.pe\/","article_published_time":"2015-04-02T15:50:00+00:00","og_image":[{"url":"http:\/\/cde.3.elcomercio.pe\/ima\/0\/1\/0\/8\/8\/1088857\/base_image.jpg","type":"","width":"","height":""}],"author":"Redacci\u00f3n Aeronoticias","twitter_card":"summary_large_image","twitter_creator":"@aeronoticias","twitter_site":"@aeronoticias","twitter_misc":{"Escrito por":"Redacci\u00f3n Aeronoticias","Tiempo de lectura":"1 minuto"},"schema":{"@context":"https:\/\/schema.org","@graph":[{"@type":"WebPage","@id":"https:\/\/aeronoticias.com.pe\/noticiero\/nacionales\/ley-para-personas-con-autismo-no-se-aplica-no-hay-reglamento\/","url":"https:\/\/aeronoticias.com.pe\/noticiero\/nacionales\/ley-para-personas-con-autismo-no-se-aplica-no-hay-reglamento\/","name":"Ley para personas con autismo no se aplica: no hay reglamento","isPartOf":{"@id":"https:\/\/aeronoticias.com.pe\/noticiero\/#website"},"primaryImageOfPage":{"@id":"https:\/\/aeronoticias.com.pe\/noticiero\/nacionales\/ley-para-personas-con-autismo-no-se-aplica-no-hay-reglamento\/#primaryimage"},"image":{"@id":"https:\/\/aeronoticias.com.pe\/noticiero\/nacionales\/ley-para-personas-con-autismo-no-se-aplica-no-hay-reglamento\/#primaryimage"},"thumbnailUrl":"http:\/\/cde.3.elcomercio.pe\/ima\/0\/1\/0\/8\/8\/1088857\/base_image.jpg","datePublished":"2015-04-02T15:50:00+00:00","author":{"@id":"https:\/\/aeronoticias.com.pe\/noticiero\/#\/schema\/person\/fc1e5d578f4b62ba1cf7ac2bba1170a0"},"description":"Portal de noticias del Per\u00fa sobre el transporte a\u00e9reo, aviaci\u00f3n, turismo, hoteleria, actualidad.","breadcrumb":{"@id":"https:\/\/aeronoticias.com.pe\/noticiero\/nacionales\/ley-para-personas-con-autismo-no-se-aplica-no-hay-reglamento\/#breadcrumb"},"inLanguage":"es","potentialAction":[{"@type":"ReadAction","target":["https:\/\/aeronoticias.com.pe\/noticiero\/nacionales\/ley-para-personas-con-autismo-no-se-aplica-no-hay-reglamento\/"]}]},{"@type":"ImageObject","inLanguage":"es","@id":"https:\/\/aeronoticias.com.pe\/noticiero\/nacionales\/ley-para-personas-con-autismo-no-se-aplica-no-hay-reglamento\/#primaryimage","url":"http:\/\/cde.3.elcomercio.pe\/ima\/0\/1\/0\/8\/8\/1088857\/base_image.jpg","contentUrl":"http:\/\/cde.3.elcomercio.pe\/ima\/0\/1\/0\/8\/8\/1088857\/base_image.jpg"},{"@type":"BreadcrumbList","@id":"https:\/\/aeronoticias.com.pe\/noticiero\/nacionales\/ley-para-personas-con-autismo-no-se-aplica-no-hay-reglamento\/#breadcrumb","itemListElement":[{"@type":"ListItem","position":1,"name":"Portada","item":"https:\/\/aeronoticias.com.pe\/noticiero\/"},{"@type":"ListItem","position":2,"name":"Ley para personas con autismo no se aplica: no hay reglamento"}]},{"@type":"WebSite","@id":"https:\/\/aeronoticias.com.pe\/noticiero\/#website","url":"https:\/\/aeronoticias.com.pe\/noticiero\/","name":"Aeronoticias.com.pe","description":"Noticias de tranporte aereo, turismo, hoteles, gastronomia, actualidad, internacional","potentialAction":[{"@type":"SearchAction","target":{"@type":"EntryPoint","urlTemplate":"https:\/\/aeronoticias.com.pe\/noticiero\/?s={search_term_string}"},"query-input":{"@type":"PropertyValueSpecification","valueRequired":true,"valueName":"search_term_string"}}],"inLanguage":"es"},{"@type":"Person","@id":"https:\/\/aeronoticias.com.pe\/noticiero\/#\/schema\/person\/fc1e5d578f4b62ba1cf7ac2bba1170a0","name":"Redacci\u00f3n Aeronoticias","url":"https:\/\/aeronoticias.com.pe\/noticiero\/author\/piloto\/"}]}},"_links":{"self":[{"href":"https:\/\/aeronoticias.com.pe\/noticiero\/wp-json\/wp\/v2\/posts\/52070","targetHints":{"allow":["GET"]}}],"collection":[{"href":"https:\/\/aeronoticias.com.pe\/noticiero\/wp-json\/wp\/v2\/posts"}],"about":[{"href":"https:\/\/aeronoticias.com.pe\/noticiero\/wp-json\/wp\/v2\/types\/post"}],"author":[{"embeddable":true,"href":"https:\/\/aeronoticias.com.pe\/noticiero\/wp-json\/wp\/v2\/users\/1"}],"replies":[{"embeddable":true,"href":"https:\/\/aeronoticias.com.pe\/noticiero\/wp-json\/wp\/v2\/comments?post=52070"}],"version-history":[{"count":0,"href":"https:\/\/aeronoticias.com.pe\/noticiero\/wp-json\/wp\/v2\/posts\/52070\/revisions"}],"wp:attachment":[{"href":"https:\/\/aeronoticias.com.pe\/noticiero\/wp-json\/wp\/v2\/media?parent=52070"}],"wp:term":[{"taxonomy":"category","embeddable":true,"href":"https:\/\/aeronoticias.com.pe\/noticiero\/wp-json\/wp\/v2\/categories?post=52070"},{"taxonomy":"post_tag","embeddable":true,"href":"https:\/\/aeronoticias.com.pe\/noticiero\/wp-json\/wp\/v2\/tags?post=52070"}],"curies":[{"name":"wp","href":"https:\/\/api.w.org\/{rel}","templated":true}]}}