{"id":52105,"date":"2015-04-13T23:26:34","date_gmt":"2015-04-13T23:26:34","guid":{"rendered":"http:\/\/desarrollo.mcvicious.com\/aero2020\/2015\/04\/13\/vice-presidenta-de-la-republica-saludo-al-jurista-julian-palacin-por-su-cumpleanos\/"},"modified":"2015-04-13T23:26:34","modified_gmt":"2015-04-13T23:26:34","slug":"vice-presidenta-de-la-republica-saludo-al-jurista-julian-palacin-por-su-cumpleanos","status":"publish","type":"post","link":"https:\/\/aeronoticias.com.pe\/noticiero\/politica\/vice-presidenta-de-la-republica-saludo-al-jurista-julian-palacin-por-su-cumpleanos\/","title":{"rendered":"Vicepresidenta de la Rep\u00fablica salud\u00f3 al jurista Juli\u00e1n Palac\u00edn por su cumplea\u00f1os"},"content":{"rendered":"<p style=\"text-align: justify;\"><span style=\"font-size: 12.1599988937378px; line-height: 1.3em;\"><strong>(Aeronoticias)<\/strong> El pasado martes 31 de marzo el internacionalista defensor de la soberan\u00eda a\u00e9rea del Per\u00fa y del sue\u00f1o de la L\u00ednea a\u00e9rea de bandera, Juli\u00e1n Palac\u00edn Fern\u00e1ndez, festej\u00f3 en Las Lagunas de La Molina su cumplea\u00f1os n\u00famero 64 con la presencia de m\u00e1s de 300 personalidades de nuestro pa\u00eds, entre los que cabe destacar a los Congresistas de la Rep\u00fablica: Roberto Edmundo Angulo Alvarez y Esther Saavedra, y el Secretario General de la Asociaci\u00f3n Interparlamentaria Italia-Per\u00fa, Senador Benedetto Adragna quien estuvo acompa\u00f1ado del Jefe de Relaciones Internacionales con los pa\u00edses sudamericanos del Senado italiano Dr. Giusseppe Bruno \u00a0los Tenientes Generales de la Fuerza A\u00e9rea del Per\u00fa, C\u00e9sar Sebastiani Ch\u00e1varri y el Dr. Orlando Tafur del Aguila.<\/span><\/p>\n<p style=\"text-align: justify;\"><span style=\"font-size: 12.1599988937378px; line-height: 1.3em;\">Entre los invitados estuvo la distinguida abogada Marisol Espinoza Cruz, Vice presidenta de la Rep\u00fablica, quien al no poder asistir, envi\u00f3 un cordial saludo y sinceras felicitaciones a Juli\u00e1n Palac\u00edn Fern\u00e1ndez especialmente por su labor como Presidente de la Comisi\u00f3n Consultiva de Derecho Aeron\u00e1utico, del Espacio y de la Aviaci\u00f3n Comercial del Colegio de Abogados de Lima, cuyo trabajo acad\u00e9mico acaba de dar nacimiento a un libro con el Informe acad\u00e9mico anual de dicha Comisi\u00f3n per\u00edodo 8\/3\/12 hasta 8\/3\/13.<\/span><\/p>\n<p style=\"text-align: justify;\"><span style=\"font-size: 12.1599988937378px; line-height: 1.3em;\">Palac\u00edn es considerado el jurista m\u00e1s representativo de la Doctrina peruana de Derecho A\u00e9reo a nivel internacional, public\u00f3 6 libros de Derecho A\u00e9reo y Espacial y ha sido invitado a dar conferencias en las m\u00e1s prestigiosas universidades del \u00a0mundo, como la Complutense de Madrid y la Universidad Polit\u00e9cnica de Espa\u00f1a, el Colegio Real Mar\u00eda Cristina del Escorial, donde est\u00e1n sepultados los reyes de Espa\u00f1a y ha expuesto adem\u00e1s en foros del legisladores y juristas en el Senado argentino, en el Senado de Rep\u00fablica Dominicana, en la Asamblea del Poder Popular de Cuba, en Uruguay, en la Direcci\u00f3n General de Aeron\u00e1utica Civil de Colombia y Costa Rica, en Panam\u00e1, en el Colegio de Abogados de Honduras, en Bolivia, en el Senado de Guatemala, entre otros pa\u00edses.<\/span><\/p>\n<p style=\"text-align: justify;\"><span style=\"font-size: 12.1599988937378px; line-height: 1.3em;\">Fue contratado en 1990 como consultor del PNUD de las Naciones Unidas y llev\u00f3 el pensamiento jur\u00eddico peruano en Derecho Espacial a la Conferencia Espacial de las Am\u00e9ricas en San Jos\u00e9 de Costa Rica en 1990 y en 1991 particip\u00f3 en dicha conferencia mundial siend elegido por las delegaciones de m\u00e1s de 150 pa\u00edses para dar el discurso de orden en la sesi\u00f3n de clausura, en donde dijo que: \u00abEl futuro de la humanidad est\u00e1 en la adecuada explotaci\u00f3n, uso y desmilitarizaci\u00f3n del espacio ultraterrestre\u00bb, asimismo, el jurista en 1983 cuando el Presidente de la Rep\u00fablica del Per\u00fa, Fernando Bela\u00fande Terry lo nombrara a los 31 a\u00f1os Presidente de la Comisi\u00f3n de Juristas Peruanos Expertos en Derecho A\u00e9reo para dise\u00f1ar los principios de la pol\u00edtica a\u00e9rea internacional del Per\u00fa, en una comisi\u00f3n que integraron los doctores Alfredo Gildemeister Martinez (+) y Guillermo Velaochaga Miranda, se dise\u00f1\u00f3 la primera posici\u00f3n jur\u00eddica para delimitar la frontera entre el espacio a\u00e9reo y el espacio ultraterrestre que tanta importancia tiene en materia de soberan\u00eda.<\/span><\/p>\n<p style=\"text-align: justify;\"><span style=\"font-size: 12.1599988937378px; line-height: 1.3em;\">En las \u00faltimas d\u00e9cadas, Juli\u00e1n Palac\u00edn Fern\u00e1ndez se ha convertido en el defensor de la soberan\u00eda a\u00e9rea del Per\u00fa, en el jurista persistente en la b\u00fasqueda del desarrollo de la industria a\u00e9rea peruana y que nuestras fuerzas armadas est\u00e9n siempre m\u00e1s y mejor equipadas con modernas aeronaves y helic\u00f3pteros, su visi\u00f3n estrat\u00e9gica al 2021 es que se construya el aeropuerto internacional de la Isla San Lorenzo con un megapuerto y una cadena hotelera que permita al Per\u00fa proyectarse a tener diez millones de turistas anuales a partir del 2025, fue el defensor del Cusco en la construcci\u00f3n del aeropuerto de Chinchero y en los \u00faltimos 33 a\u00f1os, ha desempe\u00f1ado el cargo de asesor de varios Ministros como el de Transportes, Relaciones Exteriores, Turismo, fue presidente de la Corporaci\u00f3n Peruana de Aeropuertos y Aviaci\u00f3n Comercial CORPAC, Presidente del Comit\u00e9 Consultivo de Aeron\u00e1utica Civil del Ministerio de Transportes y miembro de la Comisi\u00f3n de Convenios Internacionales y Junta de Estudio de la Pol\u00edtica Aeron\u00e1utica del Per\u00fa.<\/span><\/p>\n<p style=\"text-align: justify;\"><span style=\"font-size: 12.1599988937378px; line-height: 1.3em;\">En el 2011 fue convocado por la Vice presidenta de la Rep\u00fablica, Marisol Espinoza Cruz para hacer un informe jur\u00eddico de las acciones que deb\u00eda realizar el nuevo Gobierno en la Direcci\u00f3n General de Aeron\u00e1utica Civil-DGAC del Ministerio de Transportes y en la Corporaci\u00f3n Peruana de Aeropuertos y Aviaci\u00f3n Comercial, fue convocado recientemente por la Comisi\u00f3n de Convenios A\u00e9reo del Congreso de la Rep\u00fablica que preside el Congresista Roberto Edmundo Angulo Alvarez y cuestion\u00f3 los acuerdos firmados por la DGAC del Per\u00fa y ratificados por el Ministerio de Transportes en el 2007 y 2011 con Chile en donde se otorgaron sin reciprocidad segmentos de quinta libertad a este pa\u00eds que han venido siendo usufructuados por Lan Airlines, sin pagar las compensaciones econ\u00f3micas que exige el art. 98 de la Ley 27261, Ley de Aeron\u00e1utica Civil del Per\u00fa.<\/span><\/p>\n<p style=\"text-align: justify;\"><span style=\"font-size: 12.1599988937378px; line-height: 1.3em;\">Cabe agregar que el Congreso de la Rep\u00fablica lo convoc\u00f3 en 1988 para la redacci\u00f3n de la Ley 24882 Ley de Aeron\u00e1utica Civil del Per\u00fa y en 1996 se lo convoc\u00f3 para la redacci\u00f3n de la Ley 27261 Ley de Aeron\u00e1utica Civil del Per\u00fa vigente.<\/span><\/p>\n<p style=\"text-align: justify;\"><span style=\"font-size: 12.1599998474121px; line-height: 1.3em;\">En las \u00faltimas elecciones \u00a0de noviembre del 2013 al Decanato del Colegio de Abogados de Lima-CAL, Juli\u00e1n Palac\u00edn Fern\u00e1ndez, obtuvo una importante votaci\u00f3n de varios miles de abogados peruanos que le dieron su confianza llegando en tercer lugar , en los \u00faltimos d\u00edas se especula que ser\u00eda el candidato de consenso de diversos sectores de la abogac\u00eda peruana para ser ungido decano en las elecciones que se llevar\u00e1n a cabo el s\u00e1bado 28 de noviembre del 2015.<\/span><\/p>\n<p style=\"text-align: justify;\"><span style=\"font-size: 12.1599998474121px; line-height: 1.3em;\"><img decoding=\"async\" src=\"images\/stories\/15\/04\/070415\/tarjetamarisol.jpg\" border=\"0\" \/><br \/><\/span><\/p>\n","protected":false},"excerpt":{"rendered":"<p>(Aeronoticias) El pasado martes 31 de marzo el internacionalista defensor de la soberan\u00eda a\u00e9rea del Per\u00fa y del sue\u00f1o de la L\u00ednea a\u00e9rea de bandera, Juli\u00e1n Palac\u00edn Fern\u00e1ndez, festej\u00f3 en Las Lagunas de La Molina su cumplea\u00f1os n\u00famero 64 con la presencia de m\u00e1s de 300 personalidades de nuestro pa\u00eds, entre los que cabe destacar [&hellip;]<\/p>\n","protected":false},"author":1,"featured_media":0,"comment_status":"open","ping_status":"open","sticky":false,"template":"","format":"standard","meta":{"tdm_status":"","tdm_grid_status":"","footnotes":""},"categories":[36],"tags":[],"class_list":{"0":"post-52105","1":"post","2":"type-post","3":"status-publish","4":"format-standard","6":"category-politica"},"yoast_head":"<!-- This site is optimized with the Yoast SEO plugin v25.1 - https:\/\/yoast.com\/wordpress\/plugins\/seo\/ -->\n<title>Vicepresidenta de la Rep\u00fablica salud\u00f3 al jurista Juli\u00e1n Palac\u00edn por su cumplea\u00f1os<\/title>\n<meta name=\"description\" content=\"Portal de noticias del Per\u00fa sobre el transporte a\u00e9reo, aviaci\u00f3n, turismo, hoteleria, actualidad.\" \/>\n<meta name=\"robots\" content=\"index, follow, max-snippet:-1, max-image-preview:large, max-video-preview:-1\" \/>\n<link rel=\"canonical\" href=\"https:\/\/aeronoticias.com.pe\/noticiero\/politica\/vice-presidenta-de-la-republica-saludo-al-jurista-julian-palacin-por-su-cumpleanos\/\" \/>\n<meta property=\"og:locale\" content=\"es_ES\" \/>\n<meta property=\"og:type\" content=\"article\" \/>\n<meta property=\"og:title\" content=\"Vicepresidenta de la Rep\u00fablica salud\u00f3 al jurista Juli\u00e1n Palac\u00edn por su cumplea\u00f1os\" \/>\n<meta property=\"og:description\" content=\"Portal de noticias del Per\u00fa sobre el transporte a\u00e9reo, aviaci\u00f3n, turismo, hoteleria, actualidad.\" \/>\n<meta property=\"og:url\" content=\"https:\/\/aeronoticias.com.pe\/noticiero\/politica\/vice-presidenta-de-la-republica-saludo-al-jurista-julian-palacin-por-su-cumpleanos\/\" \/>\n<meta property=\"og:site_name\" content=\"Aeronoticias.com.pe\" \/>\n<meta property=\"article:publisher\" content=\"https:\/\/www.facebook.com\/Aeronoticias.com.pe\/\" \/>\n<meta property=\"article:published_time\" content=\"2015-04-13T23:26:34+00:00\" \/>\n<meta name=\"author\" content=\"Redacci\u00f3n Aeronoticias\" \/>\n<meta name=\"twitter:card\" content=\"summary_large_image\" \/>\n<meta name=\"twitter:creator\" content=\"@aeronoticias\" \/>\n<meta name=\"twitter:site\" content=\"@aeronoticias\" \/>\n<meta name=\"twitter:label1\" content=\"Escrito por\" \/>\n\t<meta name=\"twitter:data1\" content=\"Redacci\u00f3n Aeronoticias\" \/>\n\t<meta name=\"twitter:label2\" content=\"Tiempo de lectura\" \/>\n\t<meta name=\"twitter:data2\" content=\"5 minutos\" \/>\n<script type=\"application\/ld+json\" class=\"yoast-schema-graph\">{\"@context\":\"https:\/\/schema.org\",\"@graph\":[{\"@type\":\"WebPage\",\"@id\":\"https:\/\/aeronoticias.com.pe\/noticiero\/politica\/vice-presidenta-de-la-republica-saludo-al-jurista-julian-palacin-por-su-cumpleanos\/\",\"url\":\"https:\/\/aeronoticias.com.pe\/noticiero\/politica\/vice-presidenta-de-la-republica-saludo-al-jurista-julian-palacin-por-su-cumpleanos\/\",\"name\":\"Vicepresidenta de la Rep\u00fablica salud\u00f3 al jurista Juli\u00e1n Palac\u00edn por su cumplea\u00f1os\",\"isPartOf\":{\"@id\":\"https:\/\/aeronoticias.com.pe\/noticiero\/#website\"},\"datePublished\":\"2015-04-13T23:26:34+00:00\",\"author\":{\"@id\":\"https:\/\/aeronoticias.com.pe\/noticiero\/#\/schema\/person\/fc1e5d578f4b62ba1cf7ac2bba1170a0\"},\"description\":\"Portal de noticias del Per\u00fa sobre el transporte a\u00e9reo, aviaci\u00f3n, turismo, hoteleria, actualidad.\",\"breadcrumb\":{\"@id\":\"https:\/\/aeronoticias.com.pe\/noticiero\/politica\/vice-presidenta-de-la-republica-saludo-al-jurista-julian-palacin-por-su-cumpleanos\/#breadcrumb\"},\"inLanguage\":\"es\",\"potentialAction\":[{\"@type\":\"ReadAction\",\"target\":[\"https:\/\/aeronoticias.com.pe\/noticiero\/politica\/vice-presidenta-de-la-republica-saludo-al-jurista-julian-palacin-por-su-cumpleanos\/\"]}]},{\"@type\":\"BreadcrumbList\",\"@id\":\"https:\/\/aeronoticias.com.pe\/noticiero\/politica\/vice-presidenta-de-la-republica-saludo-al-jurista-julian-palacin-por-su-cumpleanos\/#breadcrumb\",\"itemListElement\":[{\"@type\":\"ListItem\",\"position\":1,\"name\":\"Portada\",\"item\":\"https:\/\/aeronoticias.com.pe\/noticiero\/\"},{\"@type\":\"ListItem\",\"position\":2,\"name\":\"Vicepresidenta de la Rep\u00fablica salud\u00f3 al jurista Juli\u00e1n Palac\u00edn por su cumplea\u00f1os\"}]},{\"@type\":\"WebSite\",\"@id\":\"https:\/\/aeronoticias.com.pe\/noticiero\/#website\",\"url\":\"https:\/\/aeronoticias.com.pe\/noticiero\/\",\"name\":\"Aeronoticias.com.pe\",\"description\":\"Noticias de tranporte aereo, turismo, hoteles, gastronomia, actualidad, internacional\",\"potentialAction\":[{\"@type\":\"SearchAction\",\"target\":{\"@type\":\"EntryPoint\",\"urlTemplate\":\"https:\/\/aeronoticias.com.pe\/noticiero\/?s={search_term_string}\"},\"query-input\":{\"@type\":\"PropertyValueSpecification\",\"valueRequired\":true,\"valueName\":\"search_term_string\"}}],\"inLanguage\":\"es\"},{\"@type\":\"Person\",\"@id\":\"https:\/\/aeronoticias.com.pe\/noticiero\/#\/schema\/person\/fc1e5d578f4b62ba1cf7ac2bba1170a0\",\"name\":\"Redacci\u00f3n Aeronoticias\",\"url\":\"https:\/\/aeronoticias.com.pe\/noticiero\/author\/piloto\/\"}]}<\/script>\n<!-- \/ Yoast SEO plugin. -->","yoast_head_json":{"title":"Vicepresidenta de la Rep\u00fablica salud\u00f3 al jurista Juli\u00e1n Palac\u00edn por su cumplea\u00f1os","description":"Portal de noticias del Per\u00fa sobre el transporte a\u00e9reo, aviaci\u00f3n, turismo, hoteleria, actualidad.","robots":{"index":"index","follow":"follow","max-snippet":"max-snippet:-1","max-image-preview":"max-image-preview:large","max-video-preview":"max-video-preview:-1"},"canonical":"https:\/\/aeronoticias.com.pe\/noticiero\/politica\/vice-presidenta-de-la-republica-saludo-al-jurista-julian-palacin-por-su-cumpleanos\/","og_locale":"es_ES","og_type":"article","og_title":"Vicepresidenta de la Rep\u00fablica salud\u00f3 al jurista Juli\u00e1n Palac\u00edn por su cumplea\u00f1os","og_description":"Portal de noticias del Per\u00fa sobre el transporte a\u00e9reo, aviaci\u00f3n, turismo, hoteleria, actualidad.","og_url":"https:\/\/aeronoticias.com.pe\/noticiero\/politica\/vice-presidenta-de-la-republica-saludo-al-jurista-julian-palacin-por-su-cumpleanos\/","og_site_name":"Aeronoticias.com.pe","article_publisher":"https:\/\/www.facebook.com\/Aeronoticias.com.pe\/","article_published_time":"2015-04-13T23:26:34+00:00","author":"Redacci\u00f3n Aeronoticias","twitter_card":"summary_large_image","twitter_creator":"@aeronoticias","twitter_site":"@aeronoticias","twitter_misc":{"Escrito por":"Redacci\u00f3n Aeronoticias","Tiempo de lectura":"5 minutos"},"schema":{"@context":"https:\/\/schema.org","@graph":[{"@type":"WebPage","@id":"https:\/\/aeronoticias.com.pe\/noticiero\/politica\/vice-presidenta-de-la-republica-saludo-al-jurista-julian-palacin-por-su-cumpleanos\/","url":"https:\/\/aeronoticias.com.pe\/noticiero\/politica\/vice-presidenta-de-la-republica-saludo-al-jurista-julian-palacin-por-su-cumpleanos\/","name":"Vicepresidenta de la Rep\u00fablica salud\u00f3 al jurista Juli\u00e1n Palac\u00edn por su cumplea\u00f1os","isPartOf":{"@id":"https:\/\/aeronoticias.com.pe\/noticiero\/#website"},"datePublished":"2015-04-13T23:26:34+00:00","author":{"@id":"https:\/\/aeronoticias.com.pe\/noticiero\/#\/schema\/person\/fc1e5d578f4b62ba1cf7ac2bba1170a0"},"description":"Portal de noticias del Per\u00fa sobre el transporte a\u00e9reo, aviaci\u00f3n, turismo, hoteleria, actualidad.","breadcrumb":{"@id":"https:\/\/aeronoticias.com.pe\/noticiero\/politica\/vice-presidenta-de-la-republica-saludo-al-jurista-julian-palacin-por-su-cumpleanos\/#breadcrumb"},"inLanguage":"es","potentialAction":[{"@type":"ReadAction","target":["https:\/\/aeronoticias.com.pe\/noticiero\/politica\/vice-presidenta-de-la-republica-saludo-al-jurista-julian-palacin-por-su-cumpleanos\/"]}]},{"@type":"BreadcrumbList","@id":"https:\/\/aeronoticias.com.pe\/noticiero\/politica\/vice-presidenta-de-la-republica-saludo-al-jurista-julian-palacin-por-su-cumpleanos\/#breadcrumb","itemListElement":[{"@type":"ListItem","position":1,"name":"Portada","item":"https:\/\/aeronoticias.com.pe\/noticiero\/"},{"@type":"ListItem","position":2,"name":"Vicepresidenta de la Rep\u00fablica salud\u00f3 al jurista Juli\u00e1n Palac\u00edn por su cumplea\u00f1os"}]},{"@type":"WebSite","@id":"https:\/\/aeronoticias.com.pe\/noticiero\/#website","url":"https:\/\/aeronoticias.com.pe\/noticiero\/","name":"Aeronoticias.com.pe","description":"Noticias de tranporte aereo, turismo, hoteles, gastronomia, actualidad, internacional","potentialAction":[{"@type":"SearchAction","target":{"@type":"EntryPoint","urlTemplate":"https:\/\/aeronoticias.com.pe\/noticiero\/?s={search_term_string}"},"query-input":{"@type":"PropertyValueSpecification","valueRequired":true,"valueName":"search_term_string"}}],"inLanguage":"es"},{"@type":"Person","@id":"https:\/\/aeronoticias.com.pe\/noticiero\/#\/schema\/person\/fc1e5d578f4b62ba1cf7ac2bba1170a0","name":"Redacci\u00f3n Aeronoticias","url":"https:\/\/aeronoticias.com.pe\/noticiero\/author\/piloto\/"}]}},"_links":{"self":[{"href":"https:\/\/aeronoticias.com.pe\/noticiero\/wp-json\/wp\/v2\/posts\/52105","targetHints":{"allow":["GET"]}}],"collection":[{"href":"https:\/\/aeronoticias.com.pe\/noticiero\/wp-json\/wp\/v2\/posts"}],"about":[{"href":"https:\/\/aeronoticias.com.pe\/noticiero\/wp-json\/wp\/v2\/types\/post"}],"author":[{"embeddable":true,"href":"https:\/\/aeronoticias.com.pe\/noticiero\/wp-json\/wp\/v2\/users\/1"}],"replies":[{"embeddable":true,"href":"https:\/\/aeronoticias.com.pe\/noticiero\/wp-json\/wp\/v2\/comments?post=52105"}],"version-history":[{"count":0,"href":"https:\/\/aeronoticias.com.pe\/noticiero\/wp-json\/wp\/v2\/posts\/52105\/revisions"}],"wp:attachment":[{"href":"https:\/\/aeronoticias.com.pe\/noticiero\/wp-json\/wp\/v2\/media?parent=52105"}],"wp:term":[{"taxonomy":"category","embeddable":true,"href":"https:\/\/aeronoticias.com.pe\/noticiero\/wp-json\/wp\/v2\/categories?post=52105"},{"taxonomy":"post_tag","embeddable":true,"href":"https:\/\/aeronoticias.com.pe\/noticiero\/wp-json\/wp\/v2\/tags?post=52105"}],"curies":[{"name":"wp","href":"https:\/\/api.w.org\/{rel}","templated":true}]}}