{"id":52167,"date":"2015-04-14T05:51:38","date_gmt":"2015-04-14T05:51:38","guid":{"rendered":"http:\/\/desarrollo.mcvicious.com\/aero2020\/2015\/04\/14\/volaris-despega-en-centroamerica-el-18-de-junio\/"},"modified":"2015-04-14T05:51:38","modified_gmt":"2015-04-14T05:51:38","slug":"volaris-despega-en-centroamerica-el-18-de-junio","status":"publish","type":"post","link":"https:\/\/aeronoticias.com.pe\/noticiero\/transporte-aereo\/internacional\/volaris-despega-en-centroamerica-el-18-de-junio\/","title":{"rendered":"Volaris &#8216;despega&#8217; en Centroam\u00e9rica el 18 de junio"},"content":{"rendered":"<p style=\"text-align: justify;\"><strong>(Aeronoticias)<\/strong>.-\u00a0La aerol\u00ednea Volaris conectar\u00e1 la ciudad de Guatemala con Canc\u00fan y Guadalajara, en lo que son sus primeras operaciones hacia Centroam\u00e9rica.<\/p>\n<p style=\"text-align: justify;\">Volaris se\u00f1al\u00f3 en un comunicado que ambas rutas comenzar\u00e1n a operar a partir del 18 de junio con dos frecuencias semanales.<\/p>\n<p style=\"text-align: justify;\">\u201cMe enorgullece mucho anunciar que Volaris aterrizar\u00e1 por primera vez en Centroam\u00e9rica. De esta forma reafirmamos el s\u00f3lido crecimiento de nuestra aerol\u00ednea y el continuo compromiso que tenemos hacia nuestros clientes de brindarles la mejor conectividad a\u00e9rea, as\u00ed como las tarifas m\u00e1s bajas del mercado\u00bb, dijo Enrique Beltranena, director general de la aerol\u00ednea.<\/p>\n<p style=\"text-align: justify;\">Por su parte, Pedro Duchez, director del Instituto Guatemalteco de Turismo coment\u00f3: \u00abHoy estamos m\u00e1s que complacidos con el anuncio que hace la l\u00ednea a\u00e9rea Volaris de iniciar operaciones en nuestro pa\u00eds y ofrecer vuelos de bajo costo que conectar\u00e1n a Guatemala con importantes destinos de M\u00e9xico y Estados Unidos, que son mercados prioritarios\u201d.<\/p>\n<p style=\"text-align: justify;\">Fuente: <span style=\"text-decoration: underline;\"><em><strong>Aviaci\u00f3n al d\u00eda.<\/strong><\/em><\/span><\/p>\n<p><img decoding=\"async\" src=\"http:\/\/3.bp.blogspot.com\/-D_EzvejCjp0\/UWRDAWswv7I\/AAAAAAAAVAM\/g7HyuWf2R8s\/s1600\/Volaris.png\" border=\"0\" \/><\/p>\n","protected":false},"excerpt":{"rendered":"<p>(Aeronoticias).-\u00a0La aerol\u00ednea Volaris conectar\u00e1 la ciudad de Guatemala con Canc\u00fan y Guadalajara, en lo que son sus primeras operaciones hacia Centroam\u00e9rica. Volaris se\u00f1al\u00f3 en un comunicado que ambas rutas comenzar\u00e1n a operar a partir del 18 de junio con dos frecuencias semanales. \u201cMe enorgullece mucho anunciar que Volaris aterrizar\u00e1 por primera vez en Centroam\u00e9rica. De [&hellip;]<\/p>\n","protected":false},"author":1,"featured_media":0,"comment_status":"open","ping_status":"open","sticky":false,"template":"","format":"standard","meta":{"tdm_status":"","tdm_grid_status":"","footnotes":""},"categories":[32],"tags":[],"class_list":{"0":"post-52167","1":"post","2":"type-post","3":"status-publish","4":"format-standard","6":"category-internacional"},"yoast_head":"<!-- This site is optimized with the Yoast SEO plugin v25.1 - https:\/\/yoast.com\/wordpress\/plugins\/seo\/ -->\n<title>Volaris &#039;despega&#039; en Centroam\u00e9rica el 18 de junio<\/title>\n<meta name=\"description\" content=\"Portal de noticias del Per\u00fa sobre el transporte a\u00e9reo, aviaci\u00f3n, turismo, hoteleria, actualidad.\" \/>\n<meta name=\"robots\" content=\"index, follow, max-snippet:-1, max-image-preview:large, max-video-preview:-1\" \/>\n<link rel=\"canonical\" href=\"https:\/\/aeronoticias.com.pe\/noticiero\/transporte-aereo\/internacional\/volaris-despega-en-centroamerica-el-18-de-junio\/\" \/>\n<meta property=\"og:locale\" content=\"es_ES\" \/>\n<meta property=\"og:type\" content=\"article\" \/>\n<meta property=\"og:title\" content=\"Volaris &#039;despega&#039; en Centroam\u00e9rica el 18 de junio\" \/>\n<meta property=\"og:description\" content=\"Portal de noticias del Per\u00fa sobre el transporte a\u00e9reo, aviaci\u00f3n, turismo, hoteleria, actualidad.\" \/>\n<meta property=\"og:url\" content=\"https:\/\/aeronoticias.com.pe\/noticiero\/transporte-aereo\/internacional\/volaris-despega-en-centroamerica-el-18-de-junio\/\" \/>\n<meta property=\"og:site_name\" content=\"Aeronoticias.com.pe\" \/>\n<meta property=\"article:publisher\" content=\"https:\/\/www.facebook.com\/Aeronoticias.com.pe\/\" \/>\n<meta property=\"article:published_time\" content=\"2015-04-14T05:51:38+00:00\" \/>\n<meta property=\"og:image\" content=\"http:\/\/3.bp.blogspot.com\/-D_EzvejCjp0\/UWRDAWswv7I\/AAAAAAAAVAM\/g7HyuWf2R8s\/s1600\/Volaris.png\" \/>\n<meta name=\"author\" content=\"Redacci\u00f3n Aeronoticias\" \/>\n<meta name=\"twitter:card\" content=\"summary_large_image\" \/>\n<meta name=\"twitter:creator\" content=\"@aeronoticias\" \/>\n<meta name=\"twitter:site\" content=\"@aeronoticias\" \/>\n<meta name=\"twitter:label1\" content=\"Escrito por\" \/>\n\t<meta name=\"twitter:data1\" content=\"Redacci\u00f3n Aeronoticias\" \/>\n\t<meta name=\"twitter:label2\" content=\"Tiempo de lectura\" \/>\n\t<meta name=\"twitter:data2\" content=\"1 minuto\" \/>\n<script type=\"application\/ld+json\" class=\"yoast-schema-graph\">{\"@context\":\"https:\/\/schema.org\",\"@graph\":[{\"@type\":\"WebPage\",\"@id\":\"https:\/\/aeronoticias.com.pe\/noticiero\/transporte-aereo\/internacional\/volaris-despega-en-centroamerica-el-18-de-junio\/\",\"url\":\"https:\/\/aeronoticias.com.pe\/noticiero\/transporte-aereo\/internacional\/volaris-despega-en-centroamerica-el-18-de-junio\/\",\"name\":\"Volaris 'despega' en Centroam\u00e9rica el 18 de junio\",\"isPartOf\":{\"@id\":\"https:\/\/aeronoticias.com.pe\/noticiero\/#website\"},\"primaryImageOfPage\":{\"@id\":\"https:\/\/aeronoticias.com.pe\/noticiero\/transporte-aereo\/internacional\/volaris-despega-en-centroamerica-el-18-de-junio\/#primaryimage\"},\"image\":{\"@id\":\"https:\/\/aeronoticias.com.pe\/noticiero\/transporte-aereo\/internacional\/volaris-despega-en-centroamerica-el-18-de-junio\/#primaryimage\"},\"thumbnailUrl\":\"http:\/\/3.bp.blogspot.com\/-D_EzvejCjp0\/UWRDAWswv7I\/AAAAAAAAVAM\/g7HyuWf2R8s\/s1600\/Volaris.png\",\"datePublished\":\"2015-04-14T05:51:38+00:00\",\"author\":{\"@id\":\"https:\/\/aeronoticias.com.pe\/noticiero\/#\/schema\/person\/fc1e5d578f4b62ba1cf7ac2bba1170a0\"},\"description\":\"Portal de noticias del Per\u00fa sobre el transporte a\u00e9reo, aviaci\u00f3n, turismo, hoteleria, actualidad.\",\"breadcrumb\":{\"@id\":\"https:\/\/aeronoticias.com.pe\/noticiero\/transporte-aereo\/internacional\/volaris-despega-en-centroamerica-el-18-de-junio\/#breadcrumb\"},\"inLanguage\":\"es\",\"potentialAction\":[{\"@type\":\"ReadAction\",\"target\":[\"https:\/\/aeronoticias.com.pe\/noticiero\/transporte-aereo\/internacional\/volaris-despega-en-centroamerica-el-18-de-junio\/\"]}]},{\"@type\":\"ImageObject\",\"inLanguage\":\"es\",\"@id\":\"https:\/\/aeronoticias.com.pe\/noticiero\/transporte-aereo\/internacional\/volaris-despega-en-centroamerica-el-18-de-junio\/#primaryimage\",\"url\":\"http:\/\/3.bp.blogspot.com\/-D_EzvejCjp0\/UWRDAWswv7I\/AAAAAAAAVAM\/g7HyuWf2R8s\/s1600\/Volaris.png\",\"contentUrl\":\"http:\/\/3.bp.blogspot.com\/-D_EzvejCjp0\/UWRDAWswv7I\/AAAAAAAAVAM\/g7HyuWf2R8s\/s1600\/Volaris.png\"},{\"@type\":\"BreadcrumbList\",\"@id\":\"https:\/\/aeronoticias.com.pe\/noticiero\/transporte-aereo\/internacional\/volaris-despega-en-centroamerica-el-18-de-junio\/#breadcrumb\",\"itemListElement\":[{\"@type\":\"ListItem\",\"position\":1,\"name\":\"Portada\",\"item\":\"https:\/\/aeronoticias.com.pe\/noticiero\/\"},{\"@type\":\"ListItem\",\"position\":2,\"name\":\"Volaris &#8216;despega&#8217; en Centroam\u00e9rica el 18 de junio\"}]},{\"@type\":\"WebSite\",\"@id\":\"https:\/\/aeronoticias.com.pe\/noticiero\/#website\",\"url\":\"https:\/\/aeronoticias.com.pe\/noticiero\/\",\"name\":\"Aeronoticias.com.pe\",\"description\":\"Noticias de tranporte aereo, turismo, hoteles, gastronomia, actualidad, internacional\",\"potentialAction\":[{\"@type\":\"SearchAction\",\"target\":{\"@type\":\"EntryPoint\",\"urlTemplate\":\"https:\/\/aeronoticias.com.pe\/noticiero\/?s={search_term_string}\"},\"query-input\":{\"@type\":\"PropertyValueSpecification\",\"valueRequired\":true,\"valueName\":\"search_term_string\"}}],\"inLanguage\":\"es\"},{\"@type\":\"Person\",\"@id\":\"https:\/\/aeronoticias.com.pe\/noticiero\/#\/schema\/person\/fc1e5d578f4b62ba1cf7ac2bba1170a0\",\"name\":\"Redacci\u00f3n Aeronoticias\",\"url\":\"https:\/\/aeronoticias.com.pe\/noticiero\/author\/piloto\/\"}]}<\/script>\n<!-- \/ Yoast SEO plugin. -->","yoast_head_json":{"title":"Volaris 'despega' en Centroam\u00e9rica el 18 de junio","description":"Portal de noticias del Per\u00fa sobre el transporte a\u00e9reo, aviaci\u00f3n, turismo, hoteleria, actualidad.","robots":{"index":"index","follow":"follow","max-snippet":"max-snippet:-1","max-image-preview":"max-image-preview:large","max-video-preview":"max-video-preview:-1"},"canonical":"https:\/\/aeronoticias.com.pe\/noticiero\/transporte-aereo\/internacional\/volaris-despega-en-centroamerica-el-18-de-junio\/","og_locale":"es_ES","og_type":"article","og_title":"Volaris 'despega' en Centroam\u00e9rica el 18 de junio","og_description":"Portal de noticias del Per\u00fa sobre el transporte a\u00e9reo, aviaci\u00f3n, turismo, hoteleria, actualidad.","og_url":"https:\/\/aeronoticias.com.pe\/noticiero\/transporte-aereo\/internacional\/volaris-despega-en-centroamerica-el-18-de-junio\/","og_site_name":"Aeronoticias.com.pe","article_publisher":"https:\/\/www.facebook.com\/Aeronoticias.com.pe\/","article_published_time":"2015-04-14T05:51:38+00:00","og_image":[{"url":"http:\/\/3.bp.blogspot.com\/-D_EzvejCjp0\/UWRDAWswv7I\/AAAAAAAAVAM\/g7HyuWf2R8s\/s1600\/Volaris.png","type":"","width":"","height":""}],"author":"Redacci\u00f3n Aeronoticias","twitter_card":"summary_large_image","twitter_creator":"@aeronoticias","twitter_site":"@aeronoticias","twitter_misc":{"Escrito por":"Redacci\u00f3n Aeronoticias","Tiempo de lectura":"1 minuto"},"schema":{"@context":"https:\/\/schema.org","@graph":[{"@type":"WebPage","@id":"https:\/\/aeronoticias.com.pe\/noticiero\/transporte-aereo\/internacional\/volaris-despega-en-centroamerica-el-18-de-junio\/","url":"https:\/\/aeronoticias.com.pe\/noticiero\/transporte-aereo\/internacional\/volaris-despega-en-centroamerica-el-18-de-junio\/","name":"Volaris 'despega' en Centroam\u00e9rica el 18 de junio","isPartOf":{"@id":"https:\/\/aeronoticias.com.pe\/noticiero\/#website"},"primaryImageOfPage":{"@id":"https:\/\/aeronoticias.com.pe\/noticiero\/transporte-aereo\/internacional\/volaris-despega-en-centroamerica-el-18-de-junio\/#primaryimage"},"image":{"@id":"https:\/\/aeronoticias.com.pe\/noticiero\/transporte-aereo\/internacional\/volaris-despega-en-centroamerica-el-18-de-junio\/#primaryimage"},"thumbnailUrl":"http:\/\/3.bp.blogspot.com\/-D_EzvejCjp0\/UWRDAWswv7I\/AAAAAAAAVAM\/g7HyuWf2R8s\/s1600\/Volaris.png","datePublished":"2015-04-14T05:51:38+00:00","author":{"@id":"https:\/\/aeronoticias.com.pe\/noticiero\/#\/schema\/person\/fc1e5d578f4b62ba1cf7ac2bba1170a0"},"description":"Portal de noticias del Per\u00fa sobre el transporte a\u00e9reo, aviaci\u00f3n, turismo, hoteleria, actualidad.","breadcrumb":{"@id":"https:\/\/aeronoticias.com.pe\/noticiero\/transporte-aereo\/internacional\/volaris-despega-en-centroamerica-el-18-de-junio\/#breadcrumb"},"inLanguage":"es","potentialAction":[{"@type":"ReadAction","target":["https:\/\/aeronoticias.com.pe\/noticiero\/transporte-aereo\/internacional\/volaris-despega-en-centroamerica-el-18-de-junio\/"]}]},{"@type":"ImageObject","inLanguage":"es","@id":"https:\/\/aeronoticias.com.pe\/noticiero\/transporte-aereo\/internacional\/volaris-despega-en-centroamerica-el-18-de-junio\/#primaryimage","url":"http:\/\/3.bp.blogspot.com\/-D_EzvejCjp0\/UWRDAWswv7I\/AAAAAAAAVAM\/g7HyuWf2R8s\/s1600\/Volaris.png","contentUrl":"http:\/\/3.bp.blogspot.com\/-D_EzvejCjp0\/UWRDAWswv7I\/AAAAAAAAVAM\/g7HyuWf2R8s\/s1600\/Volaris.png"},{"@type":"BreadcrumbList","@id":"https:\/\/aeronoticias.com.pe\/noticiero\/transporte-aereo\/internacional\/volaris-despega-en-centroamerica-el-18-de-junio\/#breadcrumb","itemListElement":[{"@type":"ListItem","position":1,"name":"Portada","item":"https:\/\/aeronoticias.com.pe\/noticiero\/"},{"@type":"ListItem","position":2,"name":"Volaris &#8216;despega&#8217; en Centroam\u00e9rica el 18 de junio"}]},{"@type":"WebSite","@id":"https:\/\/aeronoticias.com.pe\/noticiero\/#website","url":"https:\/\/aeronoticias.com.pe\/noticiero\/","name":"Aeronoticias.com.pe","description":"Noticias de tranporte aereo, turismo, hoteles, gastronomia, actualidad, internacional","potentialAction":[{"@type":"SearchAction","target":{"@type":"EntryPoint","urlTemplate":"https:\/\/aeronoticias.com.pe\/noticiero\/?s={search_term_string}"},"query-input":{"@type":"PropertyValueSpecification","valueRequired":true,"valueName":"search_term_string"}}],"inLanguage":"es"},{"@type":"Person","@id":"https:\/\/aeronoticias.com.pe\/noticiero\/#\/schema\/person\/fc1e5d578f4b62ba1cf7ac2bba1170a0","name":"Redacci\u00f3n Aeronoticias","url":"https:\/\/aeronoticias.com.pe\/noticiero\/author\/piloto\/"}]}},"_links":{"self":[{"href":"https:\/\/aeronoticias.com.pe\/noticiero\/wp-json\/wp\/v2\/posts\/52167","targetHints":{"allow":["GET"]}}],"collection":[{"href":"https:\/\/aeronoticias.com.pe\/noticiero\/wp-json\/wp\/v2\/posts"}],"about":[{"href":"https:\/\/aeronoticias.com.pe\/noticiero\/wp-json\/wp\/v2\/types\/post"}],"author":[{"embeddable":true,"href":"https:\/\/aeronoticias.com.pe\/noticiero\/wp-json\/wp\/v2\/users\/1"}],"replies":[{"embeddable":true,"href":"https:\/\/aeronoticias.com.pe\/noticiero\/wp-json\/wp\/v2\/comments?post=52167"}],"version-history":[{"count":0,"href":"https:\/\/aeronoticias.com.pe\/noticiero\/wp-json\/wp\/v2\/posts\/52167\/revisions"}],"wp:attachment":[{"href":"https:\/\/aeronoticias.com.pe\/noticiero\/wp-json\/wp\/v2\/media?parent=52167"}],"wp:term":[{"taxonomy":"category","embeddable":true,"href":"https:\/\/aeronoticias.com.pe\/noticiero\/wp-json\/wp\/v2\/categories?post=52167"},{"taxonomy":"post_tag","embeddable":true,"href":"https:\/\/aeronoticias.com.pe\/noticiero\/wp-json\/wp\/v2\/tags?post=52167"}],"curies":[{"name":"wp","href":"https:\/\/api.w.org\/{rel}","templated":true}]}}