{"id":52169,"date":"2015-04-14T06:13:02","date_gmt":"2015-04-14T06:13:02","guid":{"rendered":"http:\/\/desarrollo.mcvicious.com\/aero2020\/2015\/04\/14\/airbus-evalua-la-modernizacion-de-los-a380\/"},"modified":"2015-04-14T06:13:02","modified_gmt":"2015-04-14T06:13:02","slug":"airbus-evalua-la-modernizacion-de-los-a380","status":"publish","type":"post","link":"https:\/\/aeronoticias.com.pe\/noticiero\/transporte-aereo\/internacional\/airbus-evalua-la-modernizacion-de-los-a380\/","title":{"rendered":"Airbus eval\u00faa la modernizaci\u00f3n de los A380"},"content":{"rendered":"<p style=\"text-align: justify;\"><strong>(Aeronoticias)<\/strong>.-\u00a0Airbus no abandonar\u00e1 su programa para construir aviones jumbo A380 pese a las bajas ventas y necesita m\u00e1s tiempo para decidir si redise\u00f1ar\u00e1 los motores de las aeronaves como lo ha solicitado su importante cliente Emirates Airline, dijo el consejero delegado de la compa\u00f1\u00eda al diario franc\u00e9s Les Echos.<\/p>\n<p style=\"text-align: justify;\">Emirates, el principal comprador de los aviones A380 con 140 pedidos, ha estado presionando a Airbus para que renueve las aeronaves con nuevos motores, algo que podr\u00eda reducir el n\u00famero de asientos que las aerol\u00edneas deben vender para alcanzar un punto de equilibrio.<\/p>\n<p style=\"text-align: justify;\">El consejero delegado de Airbus, Fabrice Bregier, pareci\u00f3 rechazar la solicitud en la entrevista con Les Echos publicada por internet el domingo.<\/p>\n<p style=\"text-align: justify;\"><span style=\"font-size: 12.1599998474121px; line-height: 1.3em;\">\u00abYa estamos trabajando en maneras de hacer que el A380 sea m\u00e1s atractivo econ\u00f3micamente al a\u00f1adir asientos mientras preservamos la sorprendente comodidad del avi\u00f3n\u00bb, dijo.<\/span><\/p>\n<p style=\"text-align: justify;\">\u00abEn el largo plazo, la pregunta ser\u00e1 c\u00f3mo mejorar su desempe\u00f1o trabajando en la aerodin\u00e1mica y la motorizaci\u00f3n. Pero no haremos eso hasta que encontremos un buen plan de negocio. Ese no es el caso ahora y no tenemos intenci\u00f3n de gastar indiscriminadamente\u00bb, agreg\u00f3.<\/p>\n<p style=\"text-align: justify;\">El ejecutivo agreg\u00f3 que el programa para construir A380 alcanzar\u00eda el punto de equilibrio para fines de a\u00f1o, y que Airbus espera mantener su rendimiento financiero.<\/p>\n<p style=\"text-align: justify;\">En relaci\u00f3n a otro modelo relativamente nuevo de Airbus, el A350, Bregier dijo que Qatar Airways no ha tenido problemas con el avi\u00f3n tras dos meses de servicio. Airbus tiene el objetivo de entregar unos 15 aviones A350 este a\u00f1o y eventualmente elevar la cifra a 10 cada mes para el 2018.<\/p>\n<p style=\"text-align: justify;\">Fuente: <span style=\"text-decoration: underline;\"><em><strong>Aviaci\u00f3n al d\u00eda.<\/strong><\/em><\/span><\/p>\n<p style=\"text-align: justify;\"><img decoding=\"async\" src=\"http:\/\/1.bp.blogspot.com\/-YnSd_9GsY7M\/VSwVBubGPXI\/AAAAAAAAl88\/y2ddJKOTDgI\/s1600\/Airbus%2BA380.png\" border=\"0\" \/><\/p>\n<h1 class=\"title entry-title\" style=\"margin: 0px; position: relative; font-size: 20px; font-weight: normal; padding: 0px 40px 0px 0px; color: #0b5394; font-family: Verdana, Geneva, sans-serif; width: 670px; display: table-cell; vertical-align: middle; text-align: center; line-height: normal; background-color: #fafafa;\"><\/h1>\n","protected":false},"excerpt":{"rendered":"<p>(Aeronoticias).-\u00a0Airbus no abandonar\u00e1 su programa para construir aviones jumbo A380 pese a las bajas ventas y necesita m\u00e1s tiempo para decidir si redise\u00f1ar\u00e1 los motores de las aeronaves como lo ha solicitado su importante cliente Emirates Airline, dijo el consejero delegado de la compa\u00f1\u00eda al diario franc\u00e9s Les Echos. Emirates, el principal comprador de los [&hellip;]<\/p>\n","protected":false},"author":1,"featured_media":0,"comment_status":"open","ping_status":"open","sticky":false,"template":"","format":"standard","meta":{"tdm_status":"","tdm_grid_status":"","footnotes":""},"categories":[32],"tags":[],"class_list":{"0":"post-52169","1":"post","2":"type-post","3":"status-publish","4":"format-standard","6":"category-internacional"},"yoast_head":"<!-- This site is optimized with the Yoast SEO plugin v25.1 - https:\/\/yoast.com\/wordpress\/plugins\/seo\/ -->\n<title>Airbus eval\u00faa la modernizaci\u00f3n de los A380<\/title>\n<meta name=\"description\" content=\"Portal de noticias del Per\u00fa sobre el transporte a\u00e9reo, aviaci\u00f3n, turismo, hoteleria, actualidad.\" \/>\n<meta name=\"robots\" content=\"index, follow, max-snippet:-1, max-image-preview:large, max-video-preview:-1\" \/>\n<link rel=\"canonical\" href=\"https:\/\/aeronoticias.com.pe\/noticiero\/transporte-aereo\/internacional\/airbus-evalua-la-modernizacion-de-los-a380\/\" \/>\n<meta property=\"og:locale\" content=\"es_ES\" \/>\n<meta property=\"og:type\" content=\"article\" \/>\n<meta property=\"og:title\" content=\"Airbus eval\u00faa la modernizaci\u00f3n de los A380\" \/>\n<meta property=\"og:description\" content=\"Portal de noticias del Per\u00fa sobre el transporte a\u00e9reo, aviaci\u00f3n, turismo, hoteleria, actualidad.\" \/>\n<meta property=\"og:url\" content=\"https:\/\/aeronoticias.com.pe\/noticiero\/transporte-aereo\/internacional\/airbus-evalua-la-modernizacion-de-los-a380\/\" \/>\n<meta property=\"og:site_name\" content=\"Aeronoticias.com.pe\" \/>\n<meta property=\"article:publisher\" content=\"https:\/\/www.facebook.com\/Aeronoticias.com.pe\/\" \/>\n<meta property=\"article:published_time\" content=\"2015-04-14T06:13:02+00:00\" \/>\n<meta property=\"og:image\" content=\"http:\/\/1.bp.blogspot.com\/-YnSd_9GsY7M\/VSwVBubGPXI\/AAAAAAAAl88\/y2ddJKOTDgI\/s1600\/Airbus%2BA380.png\" \/>\n<meta name=\"author\" content=\"Redacci\u00f3n Aeronoticias\" \/>\n<meta name=\"twitter:card\" content=\"summary_large_image\" \/>\n<meta name=\"twitter:creator\" content=\"@aeronoticias\" \/>\n<meta name=\"twitter:site\" content=\"@aeronoticias\" \/>\n<meta name=\"twitter:label1\" content=\"Escrito por\" \/>\n\t<meta name=\"twitter:data1\" content=\"Redacci\u00f3n Aeronoticias\" \/>\n\t<meta name=\"twitter:label2\" content=\"Tiempo de lectura\" \/>\n\t<meta name=\"twitter:data2\" content=\"1 minuto\" \/>\n<script type=\"application\/ld+json\" class=\"yoast-schema-graph\">{\"@context\":\"https:\/\/schema.org\",\"@graph\":[{\"@type\":\"WebPage\",\"@id\":\"https:\/\/aeronoticias.com.pe\/noticiero\/transporte-aereo\/internacional\/airbus-evalua-la-modernizacion-de-los-a380\/\",\"url\":\"https:\/\/aeronoticias.com.pe\/noticiero\/transporte-aereo\/internacional\/airbus-evalua-la-modernizacion-de-los-a380\/\",\"name\":\"Airbus eval\u00faa la modernizaci\u00f3n de los A380\",\"isPartOf\":{\"@id\":\"https:\/\/aeronoticias.com.pe\/noticiero\/#website\"},\"primaryImageOfPage\":{\"@id\":\"https:\/\/aeronoticias.com.pe\/noticiero\/transporte-aereo\/internacional\/airbus-evalua-la-modernizacion-de-los-a380\/#primaryimage\"},\"image\":{\"@id\":\"https:\/\/aeronoticias.com.pe\/noticiero\/transporte-aereo\/internacional\/airbus-evalua-la-modernizacion-de-los-a380\/#primaryimage\"},\"thumbnailUrl\":\"http:\/\/1.bp.blogspot.com\/-YnSd_9GsY7M\/VSwVBubGPXI\/AAAAAAAAl88\/y2ddJKOTDgI\/s1600\/Airbus%2BA380.png\",\"datePublished\":\"2015-04-14T06:13:02+00:00\",\"author\":{\"@id\":\"https:\/\/aeronoticias.com.pe\/noticiero\/#\/schema\/person\/fc1e5d578f4b62ba1cf7ac2bba1170a0\"},\"description\":\"Portal de noticias del Per\u00fa sobre el transporte a\u00e9reo, aviaci\u00f3n, turismo, hoteleria, actualidad.\",\"breadcrumb\":{\"@id\":\"https:\/\/aeronoticias.com.pe\/noticiero\/transporte-aereo\/internacional\/airbus-evalua-la-modernizacion-de-los-a380\/#breadcrumb\"},\"inLanguage\":\"es\",\"potentialAction\":[{\"@type\":\"ReadAction\",\"target\":[\"https:\/\/aeronoticias.com.pe\/noticiero\/transporte-aereo\/internacional\/airbus-evalua-la-modernizacion-de-los-a380\/\"]}]},{\"@type\":\"ImageObject\",\"inLanguage\":\"es\",\"@id\":\"https:\/\/aeronoticias.com.pe\/noticiero\/transporte-aereo\/internacional\/airbus-evalua-la-modernizacion-de-los-a380\/#primaryimage\",\"url\":\"http:\/\/1.bp.blogspot.com\/-YnSd_9GsY7M\/VSwVBubGPXI\/AAAAAAAAl88\/y2ddJKOTDgI\/s1600\/Airbus%2BA380.png\",\"contentUrl\":\"http:\/\/1.bp.blogspot.com\/-YnSd_9GsY7M\/VSwVBubGPXI\/AAAAAAAAl88\/y2ddJKOTDgI\/s1600\/Airbus%2BA380.png\"},{\"@type\":\"BreadcrumbList\",\"@id\":\"https:\/\/aeronoticias.com.pe\/noticiero\/transporte-aereo\/internacional\/airbus-evalua-la-modernizacion-de-los-a380\/#breadcrumb\",\"itemListElement\":[{\"@type\":\"ListItem\",\"position\":1,\"name\":\"Portada\",\"item\":\"https:\/\/aeronoticias.com.pe\/noticiero\/\"},{\"@type\":\"ListItem\",\"position\":2,\"name\":\"Airbus eval\u00faa la modernizaci\u00f3n de los A380\"}]},{\"@type\":\"WebSite\",\"@id\":\"https:\/\/aeronoticias.com.pe\/noticiero\/#website\",\"url\":\"https:\/\/aeronoticias.com.pe\/noticiero\/\",\"name\":\"Aeronoticias.com.pe\",\"description\":\"Noticias de tranporte aereo, turismo, hoteles, gastronomia, actualidad, internacional\",\"potentialAction\":[{\"@type\":\"SearchAction\",\"target\":{\"@type\":\"EntryPoint\",\"urlTemplate\":\"https:\/\/aeronoticias.com.pe\/noticiero\/?s={search_term_string}\"},\"query-input\":{\"@type\":\"PropertyValueSpecification\",\"valueRequired\":true,\"valueName\":\"search_term_string\"}}],\"inLanguage\":\"es\"},{\"@type\":\"Person\",\"@id\":\"https:\/\/aeronoticias.com.pe\/noticiero\/#\/schema\/person\/fc1e5d578f4b62ba1cf7ac2bba1170a0\",\"name\":\"Redacci\u00f3n Aeronoticias\",\"url\":\"https:\/\/aeronoticias.com.pe\/noticiero\/author\/piloto\/\"}]}<\/script>\n<!-- \/ Yoast SEO plugin. -->","yoast_head_json":{"title":"Airbus eval\u00faa la modernizaci\u00f3n de los A380","description":"Portal de noticias del Per\u00fa sobre el transporte a\u00e9reo, aviaci\u00f3n, turismo, hoteleria, actualidad.","robots":{"index":"index","follow":"follow","max-snippet":"max-snippet:-1","max-image-preview":"max-image-preview:large","max-video-preview":"max-video-preview:-1"},"canonical":"https:\/\/aeronoticias.com.pe\/noticiero\/transporte-aereo\/internacional\/airbus-evalua-la-modernizacion-de-los-a380\/","og_locale":"es_ES","og_type":"article","og_title":"Airbus eval\u00faa la modernizaci\u00f3n de los A380","og_description":"Portal de noticias del Per\u00fa sobre el transporte a\u00e9reo, aviaci\u00f3n, turismo, hoteleria, actualidad.","og_url":"https:\/\/aeronoticias.com.pe\/noticiero\/transporte-aereo\/internacional\/airbus-evalua-la-modernizacion-de-los-a380\/","og_site_name":"Aeronoticias.com.pe","article_publisher":"https:\/\/www.facebook.com\/Aeronoticias.com.pe\/","article_published_time":"2015-04-14T06:13:02+00:00","og_image":[{"url":"http:\/\/1.bp.blogspot.com\/-YnSd_9GsY7M\/VSwVBubGPXI\/AAAAAAAAl88\/y2ddJKOTDgI\/s1600\/Airbus%2BA380.png","type":"","width":"","height":""}],"author":"Redacci\u00f3n Aeronoticias","twitter_card":"summary_large_image","twitter_creator":"@aeronoticias","twitter_site":"@aeronoticias","twitter_misc":{"Escrito por":"Redacci\u00f3n Aeronoticias","Tiempo de lectura":"1 minuto"},"schema":{"@context":"https:\/\/schema.org","@graph":[{"@type":"WebPage","@id":"https:\/\/aeronoticias.com.pe\/noticiero\/transporte-aereo\/internacional\/airbus-evalua-la-modernizacion-de-los-a380\/","url":"https:\/\/aeronoticias.com.pe\/noticiero\/transporte-aereo\/internacional\/airbus-evalua-la-modernizacion-de-los-a380\/","name":"Airbus eval\u00faa la modernizaci\u00f3n de los A380","isPartOf":{"@id":"https:\/\/aeronoticias.com.pe\/noticiero\/#website"},"primaryImageOfPage":{"@id":"https:\/\/aeronoticias.com.pe\/noticiero\/transporte-aereo\/internacional\/airbus-evalua-la-modernizacion-de-los-a380\/#primaryimage"},"image":{"@id":"https:\/\/aeronoticias.com.pe\/noticiero\/transporte-aereo\/internacional\/airbus-evalua-la-modernizacion-de-los-a380\/#primaryimage"},"thumbnailUrl":"http:\/\/1.bp.blogspot.com\/-YnSd_9GsY7M\/VSwVBubGPXI\/AAAAAAAAl88\/y2ddJKOTDgI\/s1600\/Airbus%2BA380.png","datePublished":"2015-04-14T06:13:02+00:00","author":{"@id":"https:\/\/aeronoticias.com.pe\/noticiero\/#\/schema\/person\/fc1e5d578f4b62ba1cf7ac2bba1170a0"},"description":"Portal de noticias del Per\u00fa sobre el transporte a\u00e9reo, aviaci\u00f3n, turismo, hoteleria, actualidad.","breadcrumb":{"@id":"https:\/\/aeronoticias.com.pe\/noticiero\/transporte-aereo\/internacional\/airbus-evalua-la-modernizacion-de-los-a380\/#breadcrumb"},"inLanguage":"es","potentialAction":[{"@type":"ReadAction","target":["https:\/\/aeronoticias.com.pe\/noticiero\/transporte-aereo\/internacional\/airbus-evalua-la-modernizacion-de-los-a380\/"]}]},{"@type":"ImageObject","inLanguage":"es","@id":"https:\/\/aeronoticias.com.pe\/noticiero\/transporte-aereo\/internacional\/airbus-evalua-la-modernizacion-de-los-a380\/#primaryimage","url":"http:\/\/1.bp.blogspot.com\/-YnSd_9GsY7M\/VSwVBubGPXI\/AAAAAAAAl88\/y2ddJKOTDgI\/s1600\/Airbus%2BA380.png","contentUrl":"http:\/\/1.bp.blogspot.com\/-YnSd_9GsY7M\/VSwVBubGPXI\/AAAAAAAAl88\/y2ddJKOTDgI\/s1600\/Airbus%2BA380.png"},{"@type":"BreadcrumbList","@id":"https:\/\/aeronoticias.com.pe\/noticiero\/transporte-aereo\/internacional\/airbus-evalua-la-modernizacion-de-los-a380\/#breadcrumb","itemListElement":[{"@type":"ListItem","position":1,"name":"Portada","item":"https:\/\/aeronoticias.com.pe\/noticiero\/"},{"@type":"ListItem","position":2,"name":"Airbus eval\u00faa la modernizaci\u00f3n de los A380"}]},{"@type":"WebSite","@id":"https:\/\/aeronoticias.com.pe\/noticiero\/#website","url":"https:\/\/aeronoticias.com.pe\/noticiero\/","name":"Aeronoticias.com.pe","description":"Noticias de tranporte aereo, turismo, hoteles, gastronomia, actualidad, internacional","potentialAction":[{"@type":"SearchAction","target":{"@type":"EntryPoint","urlTemplate":"https:\/\/aeronoticias.com.pe\/noticiero\/?s={search_term_string}"},"query-input":{"@type":"PropertyValueSpecification","valueRequired":true,"valueName":"search_term_string"}}],"inLanguage":"es"},{"@type":"Person","@id":"https:\/\/aeronoticias.com.pe\/noticiero\/#\/schema\/person\/fc1e5d578f4b62ba1cf7ac2bba1170a0","name":"Redacci\u00f3n Aeronoticias","url":"https:\/\/aeronoticias.com.pe\/noticiero\/author\/piloto\/"}]}},"_links":{"self":[{"href":"https:\/\/aeronoticias.com.pe\/noticiero\/wp-json\/wp\/v2\/posts\/52169","targetHints":{"allow":["GET"]}}],"collection":[{"href":"https:\/\/aeronoticias.com.pe\/noticiero\/wp-json\/wp\/v2\/posts"}],"about":[{"href":"https:\/\/aeronoticias.com.pe\/noticiero\/wp-json\/wp\/v2\/types\/post"}],"author":[{"embeddable":true,"href":"https:\/\/aeronoticias.com.pe\/noticiero\/wp-json\/wp\/v2\/users\/1"}],"replies":[{"embeddable":true,"href":"https:\/\/aeronoticias.com.pe\/noticiero\/wp-json\/wp\/v2\/comments?post=52169"}],"version-history":[{"count":0,"href":"https:\/\/aeronoticias.com.pe\/noticiero\/wp-json\/wp\/v2\/posts\/52169\/revisions"}],"wp:attachment":[{"href":"https:\/\/aeronoticias.com.pe\/noticiero\/wp-json\/wp\/v2\/media?parent=52169"}],"wp:term":[{"taxonomy":"category","embeddable":true,"href":"https:\/\/aeronoticias.com.pe\/noticiero\/wp-json\/wp\/v2\/categories?post=52169"},{"taxonomy":"post_tag","embeddable":true,"href":"https:\/\/aeronoticias.com.pe\/noticiero\/wp-json\/wp\/v2\/tags?post=52169"}],"curies":[{"name":"wp","href":"https:\/\/api.w.org\/{rel}","templated":true}]}}