{"id":52171,"date":"2015-04-14T06:28:21","date_gmt":"2015-04-14T06:28:21","guid":{"rendered":"http:\/\/desarrollo.mcvicious.com\/aero2020\/2015\/04\/14\/aeropuerto-en-berlin-retorna-a-la-calma-despues-de-alerta-de-seguridad\/"},"modified":"2015-04-14T06:28:21","modified_gmt":"2015-04-14T06:28:21","slug":"aeropuerto-en-berlin-retorna-a-la-calma-despues-de-alerta-de-seguridad","status":"publish","type":"post","link":"https:\/\/aeronoticias.com.pe\/noticiero\/transporte-aereo\/internacional\/aeropuerto-en-berlin-retorna-a-la-calma-despues-de-alerta-de-seguridad\/","title":{"rendered":"Aeropuerto en Berl\u00edn retorna a la calma despu\u00e9s de alerta de seguridad"},"content":{"rendered":"<p style=\"text-align: justify;\"><strong>(Aeronoticias)<\/strong>.-\u00a0El aeropuerto internacional berlin\u00e9s de Sch\u00f6nefeld fue evacuado hoy de forma temporal por la aparici\u00f3n de una maleta abandonada, inform\u00f3 un portavoz de la polic\u00eda alemana. La terminal a\u00e9rea ya fue reabierta y levanta la alerta de seguridad.<\/p>\n<p style=\"text-align: justify;\">El bolso apareci\u00f3 en un ba\u00f1o de mujeres y desencaden\u00f3 un operativo policial que incluy\u00f3 la evacuaci\u00f3n de la terminal A y los accesos al aeropuerto, situado en el sur de Berl\u00edn.<\/p>\n<p style=\"text-align: justify;\">Diversos medios informaron que se hab\u00eda producido una amenaza de bomba, pero la polic\u00eda lo neg\u00f3.<\/p>\n<p style=\"text-align: justify;\">Minutos despu\u00e9s las autoridades determinaron que no hab\u00eda peligro y reabrieron las zonas evacuadas.<\/p>\n<p style=\"text-align: justify;\">Este incidente se produjo un d\u00eda despu\u00e9s de que un avi\u00f3n de la aerol\u00ednea Germanwings tuvo que suspender su despegue en el aeropuerto de Colonia\/Bonn por una amenaza de bomba, por lo que la evacuaci\u00f3n en Berl\u00edn fue seguida hoy con especial preocupaci\u00f3n hasta que se aclararon sus motivos.<\/p>\n<p style=\"text-align: justify;\">Fuente: <span style=\"text-decoration: underline;\"><em><strong>Aviaci\u00f3n al d\u00eda.<\/strong><\/em><\/span><\/p>\n<p style=\"text-align: justify;\"><img decoding=\"async\" src=\"http:\/\/1.bp.blogspot.com\/-Q2YGNa2IsAU\/VSv-HVIw4vI\/AAAAAAAAl8s\/zSBP_qaQIHE\/s1600\/aeropuerto%2BSch%C3%B6nefeld.png\" border=\"0\" \/><\/p>\n","protected":false},"excerpt":{"rendered":"<p>(Aeronoticias).-\u00a0El aeropuerto internacional berlin\u00e9s de Sch\u00f6nefeld fue evacuado hoy de forma temporal por la aparici\u00f3n de una maleta abandonada, inform\u00f3 un portavoz de la polic\u00eda alemana. La terminal a\u00e9rea ya fue reabierta y levanta la alerta de seguridad. El bolso apareci\u00f3 en un ba\u00f1o de mujeres y desencaden\u00f3 un operativo policial que incluy\u00f3 la evacuaci\u00f3n [&hellip;]<\/p>\n","protected":false},"author":1,"featured_media":0,"comment_status":"open","ping_status":"open","sticky":false,"template":"","format":"standard","meta":{"tdm_status":"","tdm_grid_status":"","footnotes":""},"categories":[32],"tags":[],"class_list":{"0":"post-52171","1":"post","2":"type-post","3":"status-publish","4":"format-standard","6":"category-internacional"},"yoast_head":"<!-- This site is optimized with the Yoast SEO plugin v25.1 - https:\/\/yoast.com\/wordpress\/plugins\/seo\/ -->\n<title>Aeropuerto en Berl\u00edn retorna a la calma despu\u00e9s de alerta de seguridad<\/title>\n<meta name=\"description\" content=\"Portal de noticias del Per\u00fa sobre el transporte a\u00e9reo, aviaci\u00f3n, turismo, hoteleria, actualidad.\" \/>\n<meta name=\"robots\" content=\"index, follow, max-snippet:-1, max-image-preview:large, max-video-preview:-1\" \/>\n<link rel=\"canonical\" href=\"https:\/\/aeronoticias.com.pe\/noticiero\/transporte-aereo\/internacional\/aeropuerto-en-berlin-retorna-a-la-calma-despues-de-alerta-de-seguridad\/\" \/>\n<meta property=\"og:locale\" content=\"es_ES\" \/>\n<meta property=\"og:type\" content=\"article\" \/>\n<meta property=\"og:title\" content=\"Aeropuerto en Berl\u00edn retorna a la calma despu\u00e9s de alerta de seguridad\" \/>\n<meta property=\"og:description\" content=\"Portal de noticias del Per\u00fa sobre el transporte a\u00e9reo, aviaci\u00f3n, turismo, hoteleria, actualidad.\" \/>\n<meta property=\"og:url\" content=\"https:\/\/aeronoticias.com.pe\/noticiero\/transporte-aereo\/internacional\/aeropuerto-en-berlin-retorna-a-la-calma-despues-de-alerta-de-seguridad\/\" \/>\n<meta property=\"og:site_name\" content=\"Aeronoticias.com.pe\" \/>\n<meta property=\"article:publisher\" content=\"https:\/\/www.facebook.com\/Aeronoticias.com.pe\/\" \/>\n<meta property=\"article:published_time\" content=\"2015-04-14T06:28:21+00:00\" \/>\n<meta property=\"og:image\" content=\"http:\/\/1.bp.blogspot.com\/-Q2YGNa2IsAU\/VSv-HVIw4vI\/AAAAAAAAl8s\/zSBP_qaQIHE\/s1600\/aeropuerto%2BSch%C3%B6nefeld.png\" \/>\n<meta name=\"author\" content=\"Redacci\u00f3n Aeronoticias\" \/>\n<meta name=\"twitter:card\" content=\"summary_large_image\" \/>\n<meta name=\"twitter:creator\" content=\"@aeronoticias\" \/>\n<meta name=\"twitter:site\" content=\"@aeronoticias\" \/>\n<meta name=\"twitter:label1\" content=\"Escrito por\" \/>\n\t<meta name=\"twitter:data1\" content=\"Redacci\u00f3n Aeronoticias\" \/>\n\t<meta name=\"twitter:label2\" content=\"Tiempo de lectura\" \/>\n\t<meta name=\"twitter:data2\" content=\"1 minuto\" \/>\n<script type=\"application\/ld+json\" class=\"yoast-schema-graph\">{\"@context\":\"https:\/\/schema.org\",\"@graph\":[{\"@type\":\"WebPage\",\"@id\":\"https:\/\/aeronoticias.com.pe\/noticiero\/transporte-aereo\/internacional\/aeropuerto-en-berlin-retorna-a-la-calma-despues-de-alerta-de-seguridad\/\",\"url\":\"https:\/\/aeronoticias.com.pe\/noticiero\/transporte-aereo\/internacional\/aeropuerto-en-berlin-retorna-a-la-calma-despues-de-alerta-de-seguridad\/\",\"name\":\"Aeropuerto en Berl\u00edn retorna a la calma despu\u00e9s de alerta de seguridad\",\"isPartOf\":{\"@id\":\"https:\/\/aeronoticias.com.pe\/noticiero\/#website\"},\"primaryImageOfPage\":{\"@id\":\"https:\/\/aeronoticias.com.pe\/noticiero\/transporte-aereo\/internacional\/aeropuerto-en-berlin-retorna-a-la-calma-despues-de-alerta-de-seguridad\/#primaryimage\"},\"image\":{\"@id\":\"https:\/\/aeronoticias.com.pe\/noticiero\/transporte-aereo\/internacional\/aeropuerto-en-berlin-retorna-a-la-calma-despues-de-alerta-de-seguridad\/#primaryimage\"},\"thumbnailUrl\":\"http:\/\/1.bp.blogspot.com\/-Q2YGNa2IsAU\/VSv-HVIw4vI\/AAAAAAAAl8s\/zSBP_qaQIHE\/s1600\/aeropuerto%2BSch%C3%B6nefeld.png\",\"datePublished\":\"2015-04-14T06:28:21+00:00\",\"author\":{\"@id\":\"https:\/\/aeronoticias.com.pe\/noticiero\/#\/schema\/person\/fc1e5d578f4b62ba1cf7ac2bba1170a0\"},\"description\":\"Portal de noticias del Per\u00fa sobre el transporte a\u00e9reo, aviaci\u00f3n, turismo, hoteleria, actualidad.\",\"breadcrumb\":{\"@id\":\"https:\/\/aeronoticias.com.pe\/noticiero\/transporte-aereo\/internacional\/aeropuerto-en-berlin-retorna-a-la-calma-despues-de-alerta-de-seguridad\/#breadcrumb\"},\"inLanguage\":\"es\",\"potentialAction\":[{\"@type\":\"ReadAction\",\"target\":[\"https:\/\/aeronoticias.com.pe\/noticiero\/transporte-aereo\/internacional\/aeropuerto-en-berlin-retorna-a-la-calma-despues-de-alerta-de-seguridad\/\"]}]},{\"@type\":\"ImageObject\",\"inLanguage\":\"es\",\"@id\":\"https:\/\/aeronoticias.com.pe\/noticiero\/transporte-aereo\/internacional\/aeropuerto-en-berlin-retorna-a-la-calma-despues-de-alerta-de-seguridad\/#primaryimage\",\"url\":\"http:\/\/1.bp.blogspot.com\/-Q2YGNa2IsAU\/VSv-HVIw4vI\/AAAAAAAAl8s\/zSBP_qaQIHE\/s1600\/aeropuerto%2BSch%C3%B6nefeld.png\",\"contentUrl\":\"http:\/\/1.bp.blogspot.com\/-Q2YGNa2IsAU\/VSv-HVIw4vI\/AAAAAAAAl8s\/zSBP_qaQIHE\/s1600\/aeropuerto%2BSch%C3%B6nefeld.png\"},{\"@type\":\"BreadcrumbList\",\"@id\":\"https:\/\/aeronoticias.com.pe\/noticiero\/transporte-aereo\/internacional\/aeropuerto-en-berlin-retorna-a-la-calma-despues-de-alerta-de-seguridad\/#breadcrumb\",\"itemListElement\":[{\"@type\":\"ListItem\",\"position\":1,\"name\":\"Portada\",\"item\":\"https:\/\/aeronoticias.com.pe\/noticiero\/\"},{\"@type\":\"ListItem\",\"position\":2,\"name\":\"Aeropuerto en Berl\u00edn retorna a la calma despu\u00e9s de alerta de seguridad\"}]},{\"@type\":\"WebSite\",\"@id\":\"https:\/\/aeronoticias.com.pe\/noticiero\/#website\",\"url\":\"https:\/\/aeronoticias.com.pe\/noticiero\/\",\"name\":\"Aeronoticias.com.pe\",\"description\":\"Noticias de tranporte aereo, turismo, hoteles, gastronomia, actualidad, internacional\",\"potentialAction\":[{\"@type\":\"SearchAction\",\"target\":{\"@type\":\"EntryPoint\",\"urlTemplate\":\"https:\/\/aeronoticias.com.pe\/noticiero\/?s={search_term_string}\"},\"query-input\":{\"@type\":\"PropertyValueSpecification\",\"valueRequired\":true,\"valueName\":\"search_term_string\"}}],\"inLanguage\":\"es\"},{\"@type\":\"Person\",\"@id\":\"https:\/\/aeronoticias.com.pe\/noticiero\/#\/schema\/person\/fc1e5d578f4b62ba1cf7ac2bba1170a0\",\"name\":\"Redacci\u00f3n Aeronoticias\",\"url\":\"https:\/\/aeronoticias.com.pe\/noticiero\/author\/piloto\/\"}]}<\/script>\n<!-- \/ Yoast SEO plugin. -->","yoast_head_json":{"title":"Aeropuerto en Berl\u00edn retorna a la calma despu\u00e9s de alerta de seguridad","description":"Portal de noticias del Per\u00fa sobre el transporte a\u00e9reo, aviaci\u00f3n, turismo, hoteleria, actualidad.","robots":{"index":"index","follow":"follow","max-snippet":"max-snippet:-1","max-image-preview":"max-image-preview:large","max-video-preview":"max-video-preview:-1"},"canonical":"https:\/\/aeronoticias.com.pe\/noticiero\/transporte-aereo\/internacional\/aeropuerto-en-berlin-retorna-a-la-calma-despues-de-alerta-de-seguridad\/","og_locale":"es_ES","og_type":"article","og_title":"Aeropuerto en Berl\u00edn retorna a la calma despu\u00e9s de alerta de seguridad","og_description":"Portal de noticias del Per\u00fa sobre el transporte a\u00e9reo, aviaci\u00f3n, turismo, hoteleria, actualidad.","og_url":"https:\/\/aeronoticias.com.pe\/noticiero\/transporte-aereo\/internacional\/aeropuerto-en-berlin-retorna-a-la-calma-despues-de-alerta-de-seguridad\/","og_site_name":"Aeronoticias.com.pe","article_publisher":"https:\/\/www.facebook.com\/Aeronoticias.com.pe\/","article_published_time":"2015-04-14T06:28:21+00:00","og_image":[{"url":"http:\/\/1.bp.blogspot.com\/-Q2YGNa2IsAU\/VSv-HVIw4vI\/AAAAAAAAl8s\/zSBP_qaQIHE\/s1600\/aeropuerto%2BSch%C3%B6nefeld.png","type":"","width":"","height":""}],"author":"Redacci\u00f3n Aeronoticias","twitter_card":"summary_large_image","twitter_creator":"@aeronoticias","twitter_site":"@aeronoticias","twitter_misc":{"Escrito por":"Redacci\u00f3n Aeronoticias","Tiempo de lectura":"1 minuto"},"schema":{"@context":"https:\/\/schema.org","@graph":[{"@type":"WebPage","@id":"https:\/\/aeronoticias.com.pe\/noticiero\/transporte-aereo\/internacional\/aeropuerto-en-berlin-retorna-a-la-calma-despues-de-alerta-de-seguridad\/","url":"https:\/\/aeronoticias.com.pe\/noticiero\/transporte-aereo\/internacional\/aeropuerto-en-berlin-retorna-a-la-calma-despues-de-alerta-de-seguridad\/","name":"Aeropuerto en Berl\u00edn retorna a la calma despu\u00e9s de alerta de seguridad","isPartOf":{"@id":"https:\/\/aeronoticias.com.pe\/noticiero\/#website"},"primaryImageOfPage":{"@id":"https:\/\/aeronoticias.com.pe\/noticiero\/transporte-aereo\/internacional\/aeropuerto-en-berlin-retorna-a-la-calma-despues-de-alerta-de-seguridad\/#primaryimage"},"image":{"@id":"https:\/\/aeronoticias.com.pe\/noticiero\/transporte-aereo\/internacional\/aeropuerto-en-berlin-retorna-a-la-calma-despues-de-alerta-de-seguridad\/#primaryimage"},"thumbnailUrl":"http:\/\/1.bp.blogspot.com\/-Q2YGNa2IsAU\/VSv-HVIw4vI\/AAAAAAAAl8s\/zSBP_qaQIHE\/s1600\/aeropuerto%2BSch%C3%B6nefeld.png","datePublished":"2015-04-14T06:28:21+00:00","author":{"@id":"https:\/\/aeronoticias.com.pe\/noticiero\/#\/schema\/person\/fc1e5d578f4b62ba1cf7ac2bba1170a0"},"description":"Portal de noticias del Per\u00fa sobre el transporte a\u00e9reo, aviaci\u00f3n, turismo, hoteleria, actualidad.","breadcrumb":{"@id":"https:\/\/aeronoticias.com.pe\/noticiero\/transporte-aereo\/internacional\/aeropuerto-en-berlin-retorna-a-la-calma-despues-de-alerta-de-seguridad\/#breadcrumb"},"inLanguage":"es","potentialAction":[{"@type":"ReadAction","target":["https:\/\/aeronoticias.com.pe\/noticiero\/transporte-aereo\/internacional\/aeropuerto-en-berlin-retorna-a-la-calma-despues-de-alerta-de-seguridad\/"]}]},{"@type":"ImageObject","inLanguage":"es","@id":"https:\/\/aeronoticias.com.pe\/noticiero\/transporte-aereo\/internacional\/aeropuerto-en-berlin-retorna-a-la-calma-despues-de-alerta-de-seguridad\/#primaryimage","url":"http:\/\/1.bp.blogspot.com\/-Q2YGNa2IsAU\/VSv-HVIw4vI\/AAAAAAAAl8s\/zSBP_qaQIHE\/s1600\/aeropuerto%2BSch%C3%B6nefeld.png","contentUrl":"http:\/\/1.bp.blogspot.com\/-Q2YGNa2IsAU\/VSv-HVIw4vI\/AAAAAAAAl8s\/zSBP_qaQIHE\/s1600\/aeropuerto%2BSch%C3%B6nefeld.png"},{"@type":"BreadcrumbList","@id":"https:\/\/aeronoticias.com.pe\/noticiero\/transporte-aereo\/internacional\/aeropuerto-en-berlin-retorna-a-la-calma-despues-de-alerta-de-seguridad\/#breadcrumb","itemListElement":[{"@type":"ListItem","position":1,"name":"Portada","item":"https:\/\/aeronoticias.com.pe\/noticiero\/"},{"@type":"ListItem","position":2,"name":"Aeropuerto en Berl\u00edn retorna a la calma despu\u00e9s de alerta de seguridad"}]},{"@type":"WebSite","@id":"https:\/\/aeronoticias.com.pe\/noticiero\/#website","url":"https:\/\/aeronoticias.com.pe\/noticiero\/","name":"Aeronoticias.com.pe","description":"Noticias de tranporte aereo, turismo, hoteles, gastronomia, actualidad, internacional","potentialAction":[{"@type":"SearchAction","target":{"@type":"EntryPoint","urlTemplate":"https:\/\/aeronoticias.com.pe\/noticiero\/?s={search_term_string}"},"query-input":{"@type":"PropertyValueSpecification","valueRequired":true,"valueName":"search_term_string"}}],"inLanguage":"es"},{"@type":"Person","@id":"https:\/\/aeronoticias.com.pe\/noticiero\/#\/schema\/person\/fc1e5d578f4b62ba1cf7ac2bba1170a0","name":"Redacci\u00f3n Aeronoticias","url":"https:\/\/aeronoticias.com.pe\/noticiero\/author\/piloto\/"}]}},"_links":{"self":[{"href":"https:\/\/aeronoticias.com.pe\/noticiero\/wp-json\/wp\/v2\/posts\/52171","targetHints":{"allow":["GET"]}}],"collection":[{"href":"https:\/\/aeronoticias.com.pe\/noticiero\/wp-json\/wp\/v2\/posts"}],"about":[{"href":"https:\/\/aeronoticias.com.pe\/noticiero\/wp-json\/wp\/v2\/types\/post"}],"author":[{"embeddable":true,"href":"https:\/\/aeronoticias.com.pe\/noticiero\/wp-json\/wp\/v2\/users\/1"}],"replies":[{"embeddable":true,"href":"https:\/\/aeronoticias.com.pe\/noticiero\/wp-json\/wp\/v2\/comments?post=52171"}],"version-history":[{"count":0,"href":"https:\/\/aeronoticias.com.pe\/noticiero\/wp-json\/wp\/v2\/posts\/52171\/revisions"}],"wp:attachment":[{"href":"https:\/\/aeronoticias.com.pe\/noticiero\/wp-json\/wp\/v2\/media?parent=52171"}],"wp:term":[{"taxonomy":"category","embeddable":true,"href":"https:\/\/aeronoticias.com.pe\/noticiero\/wp-json\/wp\/v2\/categories?post=52171"},{"taxonomy":"post_tag","embeddable":true,"href":"https:\/\/aeronoticias.com.pe\/noticiero\/wp-json\/wp\/v2\/tags?post=52171"}],"curies":[{"name":"wp","href":"https:\/\/api.w.org\/{rel}","templated":true}]}}