{"id":52172,"date":"2015-04-14T06:32:08","date_gmt":"2015-04-14T06:32:08","guid":{"rendered":"http:\/\/desarrollo.mcvicious.com\/aero2020\/2015\/04\/14\/boeing-estudia-poner-asientos-para-dormir-hacia-adelante\/"},"modified":"2015-04-14T06:32:08","modified_gmt":"2015-04-14T06:32:08","slug":"boeing-estudia-poner-asientos-para-dormir-hacia-adelante","status":"publish","type":"post","link":"https:\/\/aeronoticias.com.pe\/noticiero\/transporte-aereo\/internacional\/boeing-estudia-poner-asientos-para-dormir-hacia-adelante\/","title":{"rendered":"Boeing estudia poner asientos para dormir hacia adelante"},"content":{"rendered":"<p style=\"text-align: justify;\"><strong>(Aeronoticias)<\/strong>.-\u00a0Boeing est\u00e1 estudiando implantar un nuevo sistema de asientos para acabar con las incomodidades de dormir en las sillas de clase turista, seg\u00fan informan medios internacionales. Una patente reciente de la empresa estadounidense de aviaci\u00f3n revela un \u00absistema de apoyo del sue\u00f1o\u00bb que se despliega en una mesa de &#8216;masaje&#8217;.<\/p>\n<p style=\"text-align: justify;\">El dispositivo est\u00e1 integrado en una \u00abmochila\u00bb que se puede guardar bajo el asiento del avi\u00f3n. Cuando se saca la mochila, se abre y se despliega el reposacabezas. Unas correas de sujeci\u00f3n se conectan a la parte superior del asiento, por lo que puede inclinarse hacia adelante, con el peso de pasajero apoyado en el sistema.<\/p>\n<p style=\"text-align: justify;\">Boeing habla de un \u00absistema de apoyo para dormir en posici\u00f3n vertical\u00bb. La cabeza debe descansar sobre un colch\u00f3n con bisagras con una gran abertura para la cara, m\u00e1s o menos comparable al agujero oval de una cama de masaje.<\/p>\n<p style=\"text-align: justify;\">El \u00e1ngulo de los soportes del reposacabezas y el torso son ajustables, de acuerdo con el registro de patentes. La idea, sin embargo, tiene algunos problemas como la reducci\u00f3n del espacio de las piernas para poder almacenar los dispositivos o la necesidad de utilizar fundas desechables en el reposacabezas.<\/p>\n<p style=\"text-align: justify;\">Los fabricantes como Airbus y Boeing hace tiempo que buscan soluciones diversas para mejorar la comodidad de sus aviones, princialmente de la clase econ\u00f3mica.<\/p>\n<p style=\"text-align: justify;\">Fuente: <span style=\"text-decoration: underline;\"><em><strong>Aviaci\u00f3n al d\u00eda.<\/strong><\/em><\/span><\/p>\n<p style=\"text-align: justify;\"><img decoding=\"async\" src=\"http:\/\/2.bp.blogspot.com\/-choWh3MHM38\/VSvufn80_wI\/AAAAAAAAl8U\/ciN3dK3g1fQ\/s1600\/Boeing.png\" border=\"0\" \/><\/p>\n","protected":false},"excerpt":{"rendered":"<p>(Aeronoticias).-\u00a0Boeing est\u00e1 estudiando implantar un nuevo sistema de asientos para acabar con las incomodidades de dormir en las sillas de clase turista, seg\u00fan informan medios internacionales. Una patente reciente de la empresa estadounidense de aviaci\u00f3n revela un \u00absistema de apoyo del sue\u00f1o\u00bb que se despliega en una mesa de &#8216;masaje&#8217;. El dispositivo est\u00e1 integrado en [&hellip;]<\/p>\n","protected":false},"author":1,"featured_media":0,"comment_status":"open","ping_status":"open","sticky":false,"template":"","format":"standard","meta":{"tdm_status":"","tdm_grid_status":"","footnotes":""},"categories":[32],"tags":[],"class_list":{"0":"post-52172","1":"post","2":"type-post","3":"status-publish","4":"format-standard","6":"category-internacional"},"yoast_head":"<!-- This site is optimized with the Yoast SEO plugin v25.1 - https:\/\/yoast.com\/wordpress\/plugins\/seo\/ -->\n<title>Boeing estudia poner asientos para dormir hacia adelante<\/title>\n<meta name=\"description\" content=\"Portal de noticias del Per\u00fa sobre el transporte a\u00e9reo, aviaci\u00f3n, turismo, hoteleria, actualidad.\" \/>\n<meta name=\"robots\" content=\"index, follow, max-snippet:-1, max-image-preview:large, max-video-preview:-1\" \/>\n<link rel=\"canonical\" href=\"https:\/\/aeronoticias.com.pe\/noticiero\/transporte-aereo\/internacional\/boeing-estudia-poner-asientos-para-dormir-hacia-adelante\/\" \/>\n<meta property=\"og:locale\" content=\"es_ES\" \/>\n<meta property=\"og:type\" content=\"article\" \/>\n<meta property=\"og:title\" content=\"Boeing estudia poner asientos para dormir hacia adelante\" \/>\n<meta property=\"og:description\" content=\"Portal de noticias del Per\u00fa sobre el transporte a\u00e9reo, aviaci\u00f3n, turismo, hoteleria, actualidad.\" \/>\n<meta property=\"og:url\" content=\"https:\/\/aeronoticias.com.pe\/noticiero\/transporte-aereo\/internacional\/boeing-estudia-poner-asientos-para-dormir-hacia-adelante\/\" \/>\n<meta property=\"og:site_name\" content=\"Aeronoticias.com.pe\" \/>\n<meta property=\"article:publisher\" content=\"https:\/\/www.facebook.com\/Aeronoticias.com.pe\/\" \/>\n<meta property=\"article:published_time\" content=\"2015-04-14T06:32:08+00:00\" \/>\n<meta property=\"og:image\" content=\"http:\/\/2.bp.blogspot.com\/-choWh3MHM38\/VSvufn80_wI\/AAAAAAAAl8U\/ciN3dK3g1fQ\/s1600\/Boeing.png\" \/>\n<meta name=\"author\" content=\"Redacci\u00f3n Aeronoticias\" \/>\n<meta name=\"twitter:card\" content=\"summary_large_image\" \/>\n<meta name=\"twitter:creator\" content=\"@aeronoticias\" \/>\n<meta name=\"twitter:site\" content=\"@aeronoticias\" \/>\n<meta name=\"twitter:label1\" content=\"Escrito por\" \/>\n\t<meta name=\"twitter:data1\" content=\"Redacci\u00f3n Aeronoticias\" \/>\n\t<meta name=\"twitter:label2\" content=\"Tiempo de lectura\" \/>\n\t<meta name=\"twitter:data2\" content=\"1 minuto\" \/>\n<script type=\"application\/ld+json\" class=\"yoast-schema-graph\">{\"@context\":\"https:\/\/schema.org\",\"@graph\":[{\"@type\":\"WebPage\",\"@id\":\"https:\/\/aeronoticias.com.pe\/noticiero\/transporte-aereo\/internacional\/boeing-estudia-poner-asientos-para-dormir-hacia-adelante\/\",\"url\":\"https:\/\/aeronoticias.com.pe\/noticiero\/transporte-aereo\/internacional\/boeing-estudia-poner-asientos-para-dormir-hacia-adelante\/\",\"name\":\"Boeing estudia poner asientos para dormir hacia adelante\",\"isPartOf\":{\"@id\":\"https:\/\/aeronoticias.com.pe\/noticiero\/#website\"},\"primaryImageOfPage\":{\"@id\":\"https:\/\/aeronoticias.com.pe\/noticiero\/transporte-aereo\/internacional\/boeing-estudia-poner-asientos-para-dormir-hacia-adelante\/#primaryimage\"},\"image\":{\"@id\":\"https:\/\/aeronoticias.com.pe\/noticiero\/transporte-aereo\/internacional\/boeing-estudia-poner-asientos-para-dormir-hacia-adelante\/#primaryimage\"},\"thumbnailUrl\":\"http:\/\/2.bp.blogspot.com\/-choWh3MHM38\/VSvufn80_wI\/AAAAAAAAl8U\/ciN3dK3g1fQ\/s1600\/Boeing.png\",\"datePublished\":\"2015-04-14T06:32:08+00:00\",\"author\":{\"@id\":\"https:\/\/aeronoticias.com.pe\/noticiero\/#\/schema\/person\/fc1e5d578f4b62ba1cf7ac2bba1170a0\"},\"description\":\"Portal de noticias del Per\u00fa sobre el transporte a\u00e9reo, aviaci\u00f3n, turismo, hoteleria, actualidad.\",\"breadcrumb\":{\"@id\":\"https:\/\/aeronoticias.com.pe\/noticiero\/transporte-aereo\/internacional\/boeing-estudia-poner-asientos-para-dormir-hacia-adelante\/#breadcrumb\"},\"inLanguage\":\"es\",\"potentialAction\":[{\"@type\":\"ReadAction\",\"target\":[\"https:\/\/aeronoticias.com.pe\/noticiero\/transporte-aereo\/internacional\/boeing-estudia-poner-asientos-para-dormir-hacia-adelante\/\"]}]},{\"@type\":\"ImageObject\",\"inLanguage\":\"es\",\"@id\":\"https:\/\/aeronoticias.com.pe\/noticiero\/transporte-aereo\/internacional\/boeing-estudia-poner-asientos-para-dormir-hacia-adelante\/#primaryimage\",\"url\":\"http:\/\/2.bp.blogspot.com\/-choWh3MHM38\/VSvufn80_wI\/AAAAAAAAl8U\/ciN3dK3g1fQ\/s1600\/Boeing.png\",\"contentUrl\":\"http:\/\/2.bp.blogspot.com\/-choWh3MHM38\/VSvufn80_wI\/AAAAAAAAl8U\/ciN3dK3g1fQ\/s1600\/Boeing.png\"},{\"@type\":\"BreadcrumbList\",\"@id\":\"https:\/\/aeronoticias.com.pe\/noticiero\/transporte-aereo\/internacional\/boeing-estudia-poner-asientos-para-dormir-hacia-adelante\/#breadcrumb\",\"itemListElement\":[{\"@type\":\"ListItem\",\"position\":1,\"name\":\"Portada\",\"item\":\"https:\/\/aeronoticias.com.pe\/noticiero\/\"},{\"@type\":\"ListItem\",\"position\":2,\"name\":\"Boeing estudia poner asientos para dormir hacia adelante\"}]},{\"@type\":\"WebSite\",\"@id\":\"https:\/\/aeronoticias.com.pe\/noticiero\/#website\",\"url\":\"https:\/\/aeronoticias.com.pe\/noticiero\/\",\"name\":\"Aeronoticias.com.pe\",\"description\":\"Noticias de tranporte aereo, turismo, hoteles, gastronomia, actualidad, internacional\",\"potentialAction\":[{\"@type\":\"SearchAction\",\"target\":{\"@type\":\"EntryPoint\",\"urlTemplate\":\"https:\/\/aeronoticias.com.pe\/noticiero\/?s={search_term_string}\"},\"query-input\":{\"@type\":\"PropertyValueSpecification\",\"valueRequired\":true,\"valueName\":\"search_term_string\"}}],\"inLanguage\":\"es\"},{\"@type\":\"Person\",\"@id\":\"https:\/\/aeronoticias.com.pe\/noticiero\/#\/schema\/person\/fc1e5d578f4b62ba1cf7ac2bba1170a0\",\"name\":\"Redacci\u00f3n Aeronoticias\",\"url\":\"https:\/\/aeronoticias.com.pe\/noticiero\/author\/piloto\/\"}]}<\/script>\n<!-- \/ Yoast SEO plugin. -->","yoast_head_json":{"title":"Boeing estudia poner asientos para dormir hacia adelante","description":"Portal de noticias del Per\u00fa sobre el transporte a\u00e9reo, aviaci\u00f3n, turismo, hoteleria, actualidad.","robots":{"index":"index","follow":"follow","max-snippet":"max-snippet:-1","max-image-preview":"max-image-preview:large","max-video-preview":"max-video-preview:-1"},"canonical":"https:\/\/aeronoticias.com.pe\/noticiero\/transporte-aereo\/internacional\/boeing-estudia-poner-asientos-para-dormir-hacia-adelante\/","og_locale":"es_ES","og_type":"article","og_title":"Boeing estudia poner asientos para dormir hacia adelante","og_description":"Portal de noticias del Per\u00fa sobre el transporte a\u00e9reo, aviaci\u00f3n, turismo, hoteleria, actualidad.","og_url":"https:\/\/aeronoticias.com.pe\/noticiero\/transporte-aereo\/internacional\/boeing-estudia-poner-asientos-para-dormir-hacia-adelante\/","og_site_name":"Aeronoticias.com.pe","article_publisher":"https:\/\/www.facebook.com\/Aeronoticias.com.pe\/","article_published_time":"2015-04-14T06:32:08+00:00","og_image":[{"url":"http:\/\/2.bp.blogspot.com\/-choWh3MHM38\/VSvufn80_wI\/AAAAAAAAl8U\/ciN3dK3g1fQ\/s1600\/Boeing.png","type":"","width":"","height":""}],"author":"Redacci\u00f3n Aeronoticias","twitter_card":"summary_large_image","twitter_creator":"@aeronoticias","twitter_site":"@aeronoticias","twitter_misc":{"Escrito por":"Redacci\u00f3n Aeronoticias","Tiempo de lectura":"1 minuto"},"schema":{"@context":"https:\/\/schema.org","@graph":[{"@type":"WebPage","@id":"https:\/\/aeronoticias.com.pe\/noticiero\/transporte-aereo\/internacional\/boeing-estudia-poner-asientos-para-dormir-hacia-adelante\/","url":"https:\/\/aeronoticias.com.pe\/noticiero\/transporte-aereo\/internacional\/boeing-estudia-poner-asientos-para-dormir-hacia-adelante\/","name":"Boeing estudia poner asientos para dormir hacia adelante","isPartOf":{"@id":"https:\/\/aeronoticias.com.pe\/noticiero\/#website"},"primaryImageOfPage":{"@id":"https:\/\/aeronoticias.com.pe\/noticiero\/transporte-aereo\/internacional\/boeing-estudia-poner-asientos-para-dormir-hacia-adelante\/#primaryimage"},"image":{"@id":"https:\/\/aeronoticias.com.pe\/noticiero\/transporte-aereo\/internacional\/boeing-estudia-poner-asientos-para-dormir-hacia-adelante\/#primaryimage"},"thumbnailUrl":"http:\/\/2.bp.blogspot.com\/-choWh3MHM38\/VSvufn80_wI\/AAAAAAAAl8U\/ciN3dK3g1fQ\/s1600\/Boeing.png","datePublished":"2015-04-14T06:32:08+00:00","author":{"@id":"https:\/\/aeronoticias.com.pe\/noticiero\/#\/schema\/person\/fc1e5d578f4b62ba1cf7ac2bba1170a0"},"description":"Portal de noticias del Per\u00fa sobre el transporte a\u00e9reo, aviaci\u00f3n, turismo, hoteleria, actualidad.","breadcrumb":{"@id":"https:\/\/aeronoticias.com.pe\/noticiero\/transporte-aereo\/internacional\/boeing-estudia-poner-asientos-para-dormir-hacia-adelante\/#breadcrumb"},"inLanguage":"es","potentialAction":[{"@type":"ReadAction","target":["https:\/\/aeronoticias.com.pe\/noticiero\/transporte-aereo\/internacional\/boeing-estudia-poner-asientos-para-dormir-hacia-adelante\/"]}]},{"@type":"ImageObject","inLanguage":"es","@id":"https:\/\/aeronoticias.com.pe\/noticiero\/transporte-aereo\/internacional\/boeing-estudia-poner-asientos-para-dormir-hacia-adelante\/#primaryimage","url":"http:\/\/2.bp.blogspot.com\/-choWh3MHM38\/VSvufn80_wI\/AAAAAAAAl8U\/ciN3dK3g1fQ\/s1600\/Boeing.png","contentUrl":"http:\/\/2.bp.blogspot.com\/-choWh3MHM38\/VSvufn80_wI\/AAAAAAAAl8U\/ciN3dK3g1fQ\/s1600\/Boeing.png"},{"@type":"BreadcrumbList","@id":"https:\/\/aeronoticias.com.pe\/noticiero\/transporte-aereo\/internacional\/boeing-estudia-poner-asientos-para-dormir-hacia-adelante\/#breadcrumb","itemListElement":[{"@type":"ListItem","position":1,"name":"Portada","item":"https:\/\/aeronoticias.com.pe\/noticiero\/"},{"@type":"ListItem","position":2,"name":"Boeing estudia poner asientos para dormir hacia adelante"}]},{"@type":"WebSite","@id":"https:\/\/aeronoticias.com.pe\/noticiero\/#website","url":"https:\/\/aeronoticias.com.pe\/noticiero\/","name":"Aeronoticias.com.pe","description":"Noticias de tranporte aereo, turismo, hoteles, gastronomia, actualidad, internacional","potentialAction":[{"@type":"SearchAction","target":{"@type":"EntryPoint","urlTemplate":"https:\/\/aeronoticias.com.pe\/noticiero\/?s={search_term_string}"},"query-input":{"@type":"PropertyValueSpecification","valueRequired":true,"valueName":"search_term_string"}}],"inLanguage":"es"},{"@type":"Person","@id":"https:\/\/aeronoticias.com.pe\/noticiero\/#\/schema\/person\/fc1e5d578f4b62ba1cf7ac2bba1170a0","name":"Redacci\u00f3n Aeronoticias","url":"https:\/\/aeronoticias.com.pe\/noticiero\/author\/piloto\/"}]}},"_links":{"self":[{"href":"https:\/\/aeronoticias.com.pe\/noticiero\/wp-json\/wp\/v2\/posts\/52172","targetHints":{"allow":["GET"]}}],"collection":[{"href":"https:\/\/aeronoticias.com.pe\/noticiero\/wp-json\/wp\/v2\/posts"}],"about":[{"href":"https:\/\/aeronoticias.com.pe\/noticiero\/wp-json\/wp\/v2\/types\/post"}],"author":[{"embeddable":true,"href":"https:\/\/aeronoticias.com.pe\/noticiero\/wp-json\/wp\/v2\/users\/1"}],"replies":[{"embeddable":true,"href":"https:\/\/aeronoticias.com.pe\/noticiero\/wp-json\/wp\/v2\/comments?post=52172"}],"version-history":[{"count":0,"href":"https:\/\/aeronoticias.com.pe\/noticiero\/wp-json\/wp\/v2\/posts\/52172\/revisions"}],"wp:attachment":[{"href":"https:\/\/aeronoticias.com.pe\/noticiero\/wp-json\/wp\/v2\/media?parent=52172"}],"wp:term":[{"taxonomy":"category","embeddable":true,"href":"https:\/\/aeronoticias.com.pe\/noticiero\/wp-json\/wp\/v2\/categories?post=52172"},{"taxonomy":"post_tag","embeddable":true,"href":"https:\/\/aeronoticias.com.pe\/noticiero\/wp-json\/wp\/v2\/tags?post=52172"}],"curies":[{"name":"wp","href":"https:\/\/api.w.org\/{rel}","templated":true}]}}