{"id":5218,"date":"2009-09-18T14:17:52","date_gmt":"2009-09-18T14:17:52","guid":{"rendered":"http:\/\/desarrollo.mcvicious.com\/aero2020\/2009\/09\/18\/sostienen-lideres-de-ue-reunion-especial-para-acordar-posicion-en-g-20\/"},"modified":"2009-09-18T14:17:52","modified_gmt":"2009-09-18T14:17:52","slug":"sostienen-lideres-de-ue-reunion-especial-para-acordar-posicion-en-g-20","status":"publish","type":"post","link":"https:\/\/aeronoticias.com.pe\/noticiero\/internacionales\/sostienen-lideres-de-ue-reunion-especial-para-acordar-posicion-en-g-20\/","title":{"rendered":"SOSTIENEN L\u00cdDERES DE UE REUNI\u00d3N ESPECIAL PARA ACORDAR POSICI\u00d3N EN G-20"},"content":{"rendered":"<div align=\"justify\">Los l\u00edderes de la Uni\u00f3n Europea (UE) sostuvieron hoy en Bruselas una reuni\u00f3n especial para preparar la posici\u00f3n que asumir\u00e1n de manera com\u00fan en la cumbre del Grupo de los 20 (G-20) la pr\u00f3xima semana. Los l\u00edderes de la UE abordar\u00e1n \u00aben particular las se\u00f1ales de recuperaci\u00f3n econ\u00f3mica, el dise\u00f1o de las futuras estrategias de salida, los modelos de crecimiento futuro, la aplicaci\u00f3n de las reformas al mercado financiero, incluidas pr\u00e1cticas de remuneraci\u00f3n en bancos, empleo, el fortalecimiento y reforma de las instituciones financieras internacionales, el comercio mundial y la asistencia a los pa\u00edses en desarrollo, as\u00ed como el combate al cambio clim\u00e1tico\u00bb, dijo el primer ministro de Suecia, Fredrik Reinfeldt, antes de la reuni\u00f3n.<\/p>\n<p>Suecia ocupa la presidencia alterna de seis meses de la UE. La cumbre informal de la UE ser\u00e1 en la forma de una cena de discusiones. Reinfeldt dijo que el primer ministro brit\u00e1nico, Gordon Brown, en su calidad de presidente de este a\u00f1o del G-20 de principales econom\u00edas del mundo, informar\u00e1 a sus colegas de la UE sobre los acontecimientos m\u00e1s recientes desde la cumbre del G-20 en Londres a principios de abril.<\/p>\n<div style=\"text-align: center\"><img decoding=\"async\" src=\"images\/stories\/09\/09\/180909\/lideres.jpg\" border=\"0\" alt=\"SOSTIENEN L\u00cdDERES DE UE REUNI\u00d3N ESPECIAL PARA ACORDAR POSICI\u00d3N EN G-20  \" title=\"SOSTIENEN L\u00cdDERES DE UE REUNI\u00d3N ESPECIAL PARA ACORDAR POSICI\u00d3N EN G-20  \" \/><\/div>\n<p>Con una lista bastante larga de asuntos en la agenda, se espera que los l\u00edderes de la UE den un nuevo impulso a la reforma de la arquitectura financiera mundial, busquen una estrategia coordinada para eliminar gradualmente las medidas de est\u00edmulo y decidan su contribuci\u00f3n al combate mundial contra el cambio clim\u00e1tico. Con respecto a la reforma financiera, es posible que presionen a sus socios del G-20 para que apliquen sanciones contra los bancos que tengan un mal desempe\u00f1o pero que contin\u00faen entregando bonos excesivos a sus altos ejecutivos.<\/p>\n<p>\u00abEl G-20 debe comprometerse a acordar reglas obligatorias para las instituciones financieras sobre remuneraciones variables apoyadas en la amenaza de sanciones a nivel nacional\u00bb, dice una propuesta que ser\u00e1 discutira por los l\u00edderes de la UE. Los l\u00edderes de la UE demandar\u00e1n que los bonos de los banqueros est\u00e9n vinculados al \u00abdesempe\u00f1o de largo plazo\u00bb de los bancos y que las opciones burs\u00e1tiles s\u00f3lo ser\u00e1n ejercidas despu\u00e9s de cierto periodo de tiempo.<\/p>\n<p>Ellos tambi\u00e9n desean que la cumbre del G-20 \u00abexplore formas de limitar\u00bb los bonos a cierta proporci\u00f3n del pago total o de los ingresos o ganancias de los bancos. Sin embargo, un funcionario de alto nivel del gobierno estadounidense dijo el mi\u00e9rcoles que el presidente Barack Obama no desea establecer l\u00edmites a los bonos de los banqueros y que la cumbre del G-20 debe acordar una serie de principios.<\/p>\n<p>Estados Unidos y Reino Unido est\u00e1n renuentes a aceptar cualquier l\u00edmite espec\u00edfico a los bonos de los banqueros por temor a que una fuerte regulaci\u00f3n socave la competitividad de sus sectores financieros. Cuando los l\u00edderes del G-20 se re\u00fanan en la ciudad estadounidense de Pittsburgh el 24 y 25 de setiembre, la econom\u00eda empieza a dar muestras de que est\u00e1 saliendo de una recesi\u00f3n resultado de la crisis financiera, gracias a las medidas de est\u00edmulo adoptadas por los gobiernos.<\/p>\n<p>En medio de se\u00f1ales tempranas de recuperaci\u00f3n y de abundante incertidumbre, es posible que los l\u00edderes de la UE acuerden una l\u00ednea com\u00fan de que las medidas de est\u00edmulo deben mantenerse en la etapa actual, en tanto que los gobiernos del mundo deben preparar estrategias de salida para retirarlas en una forma coordinada.<\/div>\n","protected":false},"excerpt":{"rendered":"<p>Los l\u00edderes de la Uni\u00f3n Europea (UE) sostuvieron hoy en Bruselas una reuni\u00f3n especial para preparar la posici\u00f3n que asumir\u00e1n de manera com\u00fan en la cumbre del Grupo de los 20 (G-20) la pr\u00f3xima semana. Los l\u00edderes de la UE abordar\u00e1n \u00aben particular las se\u00f1ales de recuperaci\u00f3n econ\u00f3mica, el dise\u00f1o de las futuras estrategias de [&hellip;]<\/p>\n","protected":false},"author":1,"featured_media":0,"comment_status":"open","ping_status":"open","sticky":false,"template":"","format":"standard","meta":{"tdm_status":"","tdm_grid_status":"","footnotes":""},"categories":[34],"tags":[],"class_list":{"0":"post-5218","1":"post","2":"type-post","3":"status-publish","4":"format-standard","6":"category-internacionales"},"yoast_head":"<!-- This site is optimized with the Yoast SEO plugin v25.1 - https:\/\/yoast.com\/wordpress\/plugins\/seo\/ -->\n<title>SOSTIENEN L\u00cdDERES DE UE REUNI\u00d3N ESPECIAL PARA ACORDAR POSICI\u00d3N EN G-20<\/title>\n<meta name=\"description\" content=\"Portal de noticias del Per\u00fa sobre el transporte a\u00e9reo, aviaci\u00f3n, turismo, hoteleria, actualidad.\" \/>\n<meta name=\"robots\" content=\"index, follow, max-snippet:-1, max-image-preview:large, max-video-preview:-1\" \/>\n<link rel=\"canonical\" href=\"https:\/\/aeronoticias.com.pe\/noticiero\/internacionales\/sostienen-lideres-de-ue-reunion-especial-para-acordar-posicion-en-g-20\/\" \/>\n<meta property=\"og:locale\" content=\"es_ES\" \/>\n<meta property=\"og:type\" content=\"article\" \/>\n<meta property=\"og:title\" content=\"SOSTIENEN L\u00cdDERES DE UE REUNI\u00d3N ESPECIAL PARA ACORDAR POSICI\u00d3N EN G-20\" \/>\n<meta property=\"og:description\" content=\"Portal de noticias del Per\u00fa sobre el transporte a\u00e9reo, aviaci\u00f3n, turismo, hoteleria, actualidad.\" \/>\n<meta property=\"og:url\" content=\"https:\/\/aeronoticias.com.pe\/noticiero\/internacionales\/sostienen-lideres-de-ue-reunion-especial-para-acordar-posicion-en-g-20\/\" \/>\n<meta property=\"og:site_name\" content=\"Aeronoticias.com.pe\" \/>\n<meta property=\"article:publisher\" content=\"https:\/\/www.facebook.com\/Aeronoticias.com.pe\/\" \/>\n<meta property=\"article:published_time\" content=\"2009-09-18T14:17:52+00:00\" \/>\n<meta name=\"author\" content=\"Redacci\u00f3n Aeronoticias\" \/>\n<meta name=\"twitter:card\" content=\"summary_large_image\" \/>\n<meta name=\"twitter:creator\" content=\"@aeronoticias\" \/>\n<meta name=\"twitter:site\" content=\"@aeronoticias\" \/>\n<meta name=\"twitter:label1\" content=\"Escrito por\" \/>\n\t<meta name=\"twitter:data1\" content=\"Redacci\u00f3n Aeronoticias\" \/>\n\t<meta name=\"twitter:label2\" content=\"Tiempo de lectura\" \/>\n\t<meta name=\"twitter:data2\" content=\"3 minutos\" \/>\n<script type=\"application\/ld+json\" class=\"yoast-schema-graph\">{\"@context\":\"https:\/\/schema.org\",\"@graph\":[{\"@type\":\"WebPage\",\"@id\":\"https:\/\/aeronoticias.com.pe\/noticiero\/internacionales\/sostienen-lideres-de-ue-reunion-especial-para-acordar-posicion-en-g-20\/\",\"url\":\"https:\/\/aeronoticias.com.pe\/noticiero\/internacionales\/sostienen-lideres-de-ue-reunion-especial-para-acordar-posicion-en-g-20\/\",\"name\":\"SOSTIENEN L\u00cdDERES DE UE REUNI\u00d3N ESPECIAL PARA ACORDAR POSICI\u00d3N EN G-20\",\"isPartOf\":{\"@id\":\"https:\/\/aeronoticias.com.pe\/noticiero\/#website\"},\"datePublished\":\"2009-09-18T14:17:52+00:00\",\"author\":{\"@id\":\"https:\/\/aeronoticias.com.pe\/noticiero\/#\/schema\/person\/fc1e5d578f4b62ba1cf7ac2bba1170a0\"},\"description\":\"Portal de noticias del Per\u00fa sobre el transporte a\u00e9reo, aviaci\u00f3n, turismo, hoteleria, actualidad.\",\"breadcrumb\":{\"@id\":\"https:\/\/aeronoticias.com.pe\/noticiero\/internacionales\/sostienen-lideres-de-ue-reunion-especial-para-acordar-posicion-en-g-20\/#breadcrumb\"},\"inLanguage\":\"es\",\"potentialAction\":[{\"@type\":\"ReadAction\",\"target\":[\"https:\/\/aeronoticias.com.pe\/noticiero\/internacionales\/sostienen-lideres-de-ue-reunion-especial-para-acordar-posicion-en-g-20\/\"]}]},{\"@type\":\"BreadcrumbList\",\"@id\":\"https:\/\/aeronoticias.com.pe\/noticiero\/internacionales\/sostienen-lideres-de-ue-reunion-especial-para-acordar-posicion-en-g-20\/#breadcrumb\",\"itemListElement\":[{\"@type\":\"ListItem\",\"position\":1,\"name\":\"Portada\",\"item\":\"https:\/\/aeronoticias.com.pe\/noticiero\/\"},{\"@type\":\"ListItem\",\"position\":2,\"name\":\"SOSTIENEN L\u00cdDERES DE UE REUNI\u00d3N ESPECIAL PARA ACORDAR POSICI\u00d3N EN G-20\"}]},{\"@type\":\"WebSite\",\"@id\":\"https:\/\/aeronoticias.com.pe\/noticiero\/#website\",\"url\":\"https:\/\/aeronoticias.com.pe\/noticiero\/\",\"name\":\"Aeronoticias.com.pe\",\"description\":\"Noticias de tranporte aereo, turismo, hoteles, gastronomia, actualidad, internacional\",\"potentialAction\":[{\"@type\":\"SearchAction\",\"target\":{\"@type\":\"EntryPoint\",\"urlTemplate\":\"https:\/\/aeronoticias.com.pe\/noticiero\/?s={search_term_string}\"},\"query-input\":{\"@type\":\"PropertyValueSpecification\",\"valueRequired\":true,\"valueName\":\"search_term_string\"}}],\"inLanguage\":\"es\"},{\"@type\":\"Person\",\"@id\":\"https:\/\/aeronoticias.com.pe\/noticiero\/#\/schema\/person\/fc1e5d578f4b62ba1cf7ac2bba1170a0\",\"name\":\"Redacci\u00f3n Aeronoticias\",\"url\":\"https:\/\/aeronoticias.com.pe\/noticiero\/author\/piloto\/\"}]}<\/script>\n<!-- \/ Yoast SEO plugin. -->","yoast_head_json":{"title":"SOSTIENEN L\u00cdDERES DE UE REUNI\u00d3N ESPECIAL PARA ACORDAR POSICI\u00d3N EN G-20","description":"Portal de noticias del Per\u00fa sobre el transporte a\u00e9reo, aviaci\u00f3n, turismo, hoteleria, actualidad.","robots":{"index":"index","follow":"follow","max-snippet":"max-snippet:-1","max-image-preview":"max-image-preview:large","max-video-preview":"max-video-preview:-1"},"canonical":"https:\/\/aeronoticias.com.pe\/noticiero\/internacionales\/sostienen-lideres-de-ue-reunion-especial-para-acordar-posicion-en-g-20\/","og_locale":"es_ES","og_type":"article","og_title":"SOSTIENEN L\u00cdDERES DE UE REUNI\u00d3N ESPECIAL PARA ACORDAR POSICI\u00d3N EN G-20","og_description":"Portal de noticias del Per\u00fa sobre el transporte a\u00e9reo, aviaci\u00f3n, turismo, hoteleria, actualidad.","og_url":"https:\/\/aeronoticias.com.pe\/noticiero\/internacionales\/sostienen-lideres-de-ue-reunion-especial-para-acordar-posicion-en-g-20\/","og_site_name":"Aeronoticias.com.pe","article_publisher":"https:\/\/www.facebook.com\/Aeronoticias.com.pe\/","article_published_time":"2009-09-18T14:17:52+00:00","author":"Redacci\u00f3n Aeronoticias","twitter_card":"summary_large_image","twitter_creator":"@aeronoticias","twitter_site":"@aeronoticias","twitter_misc":{"Escrito por":"Redacci\u00f3n Aeronoticias","Tiempo de lectura":"3 minutos"},"schema":{"@context":"https:\/\/schema.org","@graph":[{"@type":"WebPage","@id":"https:\/\/aeronoticias.com.pe\/noticiero\/internacionales\/sostienen-lideres-de-ue-reunion-especial-para-acordar-posicion-en-g-20\/","url":"https:\/\/aeronoticias.com.pe\/noticiero\/internacionales\/sostienen-lideres-de-ue-reunion-especial-para-acordar-posicion-en-g-20\/","name":"SOSTIENEN L\u00cdDERES DE UE REUNI\u00d3N ESPECIAL PARA ACORDAR POSICI\u00d3N EN G-20","isPartOf":{"@id":"https:\/\/aeronoticias.com.pe\/noticiero\/#website"},"datePublished":"2009-09-18T14:17:52+00:00","author":{"@id":"https:\/\/aeronoticias.com.pe\/noticiero\/#\/schema\/person\/fc1e5d578f4b62ba1cf7ac2bba1170a0"},"description":"Portal de noticias del Per\u00fa sobre el transporte a\u00e9reo, aviaci\u00f3n, turismo, hoteleria, actualidad.","breadcrumb":{"@id":"https:\/\/aeronoticias.com.pe\/noticiero\/internacionales\/sostienen-lideres-de-ue-reunion-especial-para-acordar-posicion-en-g-20\/#breadcrumb"},"inLanguage":"es","potentialAction":[{"@type":"ReadAction","target":["https:\/\/aeronoticias.com.pe\/noticiero\/internacionales\/sostienen-lideres-de-ue-reunion-especial-para-acordar-posicion-en-g-20\/"]}]},{"@type":"BreadcrumbList","@id":"https:\/\/aeronoticias.com.pe\/noticiero\/internacionales\/sostienen-lideres-de-ue-reunion-especial-para-acordar-posicion-en-g-20\/#breadcrumb","itemListElement":[{"@type":"ListItem","position":1,"name":"Portada","item":"https:\/\/aeronoticias.com.pe\/noticiero\/"},{"@type":"ListItem","position":2,"name":"SOSTIENEN L\u00cdDERES DE UE REUNI\u00d3N ESPECIAL PARA ACORDAR POSICI\u00d3N EN G-20"}]},{"@type":"WebSite","@id":"https:\/\/aeronoticias.com.pe\/noticiero\/#website","url":"https:\/\/aeronoticias.com.pe\/noticiero\/","name":"Aeronoticias.com.pe","description":"Noticias de tranporte aereo, turismo, hoteles, gastronomia, actualidad, internacional","potentialAction":[{"@type":"SearchAction","target":{"@type":"EntryPoint","urlTemplate":"https:\/\/aeronoticias.com.pe\/noticiero\/?s={search_term_string}"},"query-input":{"@type":"PropertyValueSpecification","valueRequired":true,"valueName":"search_term_string"}}],"inLanguage":"es"},{"@type":"Person","@id":"https:\/\/aeronoticias.com.pe\/noticiero\/#\/schema\/person\/fc1e5d578f4b62ba1cf7ac2bba1170a0","name":"Redacci\u00f3n Aeronoticias","url":"https:\/\/aeronoticias.com.pe\/noticiero\/author\/piloto\/"}]}},"_links":{"self":[{"href":"https:\/\/aeronoticias.com.pe\/noticiero\/wp-json\/wp\/v2\/posts\/5218","targetHints":{"allow":["GET"]}}],"collection":[{"href":"https:\/\/aeronoticias.com.pe\/noticiero\/wp-json\/wp\/v2\/posts"}],"about":[{"href":"https:\/\/aeronoticias.com.pe\/noticiero\/wp-json\/wp\/v2\/types\/post"}],"author":[{"embeddable":true,"href":"https:\/\/aeronoticias.com.pe\/noticiero\/wp-json\/wp\/v2\/users\/1"}],"replies":[{"embeddable":true,"href":"https:\/\/aeronoticias.com.pe\/noticiero\/wp-json\/wp\/v2\/comments?post=5218"}],"version-history":[{"count":0,"href":"https:\/\/aeronoticias.com.pe\/noticiero\/wp-json\/wp\/v2\/posts\/5218\/revisions"}],"wp:attachment":[{"href":"https:\/\/aeronoticias.com.pe\/noticiero\/wp-json\/wp\/v2\/media?parent=5218"}],"wp:term":[{"taxonomy":"category","embeddable":true,"href":"https:\/\/aeronoticias.com.pe\/noticiero\/wp-json\/wp\/v2\/categories?post=5218"},{"taxonomy":"post_tag","embeddable":true,"href":"https:\/\/aeronoticias.com.pe\/noticiero\/wp-json\/wp\/v2\/tags?post=5218"}],"curies":[{"name":"wp","href":"https:\/\/api.w.org\/{rel}","templated":true}]}}