{"id":5220,"date":"2009-09-18T14:45:55","date_gmt":"2009-09-18T14:45:55","guid":{"rendered":"http:\/\/desarrollo.mcvicious.com\/aero2020\/2009\/09\/18\/china-ensayo-general-del-desfile-del-60-aniversario\/"},"modified":"2009-09-18T14:45:55","modified_gmt":"2009-09-18T14:45:55","slug":"china-ensayo-general-del-desfile-del-60-aniversario","status":"publish","type":"post","link":"https:\/\/aeronoticias.com.pe\/noticiero\/internacionales\/china-ensayo-general-del-desfile-del-60-aniversario\/","title":{"rendered":"CHINA: ENSAYO GENERAL DEL DESFILE DEL 60 ANIVERSARIO"},"content":{"rendered":"<div align=\"justify\">Sectores de la capital china cerraron temprano el viernes para permitir el ensayo general de un desfile con que las autoridades celebrar\u00e1n los 60 a\u00f1os de r\u00e9gimen comunista. La polic\u00eda bloque\u00f3 primero el centro de Beijing en torno de la Plaza Tiananmen, escenario de la pr\u00e1ctica y de las festividades formales el 1 de octubre. Poco m\u00e1s tarde los efectivos de seguridad, algunos de ellos con fusiles autom\u00e1ticos, ampliaron la zona restringida para el uso de convoyes militares y carrozas procedentes de distintos puntos de los suburbios.<\/p>\n<p>Notificados el martes sobre el plan de cerrar el \u00e1rea, los responsables de edificios de oficinas, restaurantes y comercios cerraron poco despu\u00e9s del mediod\u00eda. A esa hora empezaron a retirarse del lugar. Algunos estaban encantados de prolongar el fin de semana. Otros se mostraron decepcionados. \u00abNo he tenido un cliente en todo el d\u00eda\u00bb, se quej\u00f3 la comerciante Li Hongxia, que tuvo que cerrar a las 3 de la tarde. Pero dijo que \u00abaunque nos afecte a los negocios, vale la pena porque el desfile ser\u00e1 un gran \u00e9xito\u00bb.<\/p>\n<div style=\"text-align: center\"><img decoding=\"async\" src=\"images\/stories\/09\/09\/180909\/china.jpg\" border=\"0\" alt=\"CHINA: ENSAYO GENERAL DEL DESFILE DEL 60 ANIVERSARIO\" title=\"CHINA: ENSAYO GENERAL DEL DESFILE DEL 60 ANIVERSARIO\" \/><\/div>\n<p>La intensa seguridad es un intento por mantener en secreto algunos detalles del desfile y a la vez impedir cualquier interrupci\u00f3n. Es el cuarto ensayo hasta ahora. Tanques modelo 99, camiones con misiles intercontinentales DF-31 que pueden alcanzar Estados Unidos y veh\u00edculos que transportaban aviones no tripulados pasaron camino de la Avenida de la Paz Eterna, pr\u00e1cticamente vac\u00eda de espectadores.<\/p>\n<p>Los volantes distribuidos el jueves ordenaron a la gente que vive cerca de las rutas del desfile que se quede en sus casas y no mire por la ventana.<\/div>\n","protected":false},"excerpt":{"rendered":"<p>Sectores de la capital china cerraron temprano el viernes para permitir el ensayo general de un desfile con que las autoridades celebrar\u00e1n los 60 a\u00f1os de r\u00e9gimen comunista. La polic\u00eda bloque\u00f3 primero el centro de Beijing en torno de la Plaza Tiananmen, escenario de la pr\u00e1ctica y de las festividades formales el 1 de octubre. [&hellip;]<\/p>\n","protected":false},"author":1,"featured_media":0,"comment_status":"open","ping_status":"open","sticky":false,"template":"","format":"standard","meta":{"tdm_status":"","tdm_grid_status":"","footnotes":""},"categories":[34],"tags":[],"class_list":{"0":"post-5220","1":"post","2":"type-post","3":"status-publish","4":"format-standard","6":"category-internacionales"},"yoast_head":"<!-- This site is optimized with the Yoast SEO plugin v25.1 - https:\/\/yoast.com\/wordpress\/plugins\/seo\/ -->\n<title>CHINA: ENSAYO GENERAL DEL DESFILE DEL 60 ANIVERSARIO<\/title>\n<meta name=\"description\" content=\"Portal de noticias del Per\u00fa sobre el transporte a\u00e9reo, aviaci\u00f3n, turismo, hoteleria, actualidad.\" \/>\n<meta name=\"robots\" content=\"index, follow, max-snippet:-1, max-image-preview:large, max-video-preview:-1\" \/>\n<link rel=\"canonical\" href=\"https:\/\/aeronoticias.com.pe\/noticiero\/internacionales\/china-ensayo-general-del-desfile-del-60-aniversario\/\" \/>\n<meta property=\"og:locale\" content=\"es_ES\" \/>\n<meta property=\"og:type\" content=\"article\" \/>\n<meta property=\"og:title\" content=\"CHINA: ENSAYO GENERAL DEL DESFILE DEL 60 ANIVERSARIO\" \/>\n<meta property=\"og:description\" content=\"Portal de noticias del Per\u00fa sobre el transporte a\u00e9reo, aviaci\u00f3n, turismo, hoteleria, actualidad.\" \/>\n<meta property=\"og:url\" content=\"https:\/\/aeronoticias.com.pe\/noticiero\/internacionales\/china-ensayo-general-del-desfile-del-60-aniversario\/\" \/>\n<meta property=\"og:site_name\" content=\"Aeronoticias.com.pe\" \/>\n<meta property=\"article:publisher\" content=\"https:\/\/www.facebook.com\/Aeronoticias.com.pe\/\" \/>\n<meta property=\"article:published_time\" content=\"2009-09-18T14:45:55+00:00\" \/>\n<meta name=\"author\" content=\"Redacci\u00f3n Aeronoticias\" \/>\n<meta name=\"twitter:card\" content=\"summary_large_image\" \/>\n<meta name=\"twitter:creator\" content=\"@aeronoticias\" \/>\n<meta name=\"twitter:site\" content=\"@aeronoticias\" \/>\n<meta name=\"twitter:label1\" content=\"Escrito por\" \/>\n\t<meta name=\"twitter:data1\" content=\"Redacci\u00f3n Aeronoticias\" \/>\n\t<meta name=\"twitter:label2\" content=\"Tiempo de lectura\" \/>\n\t<meta name=\"twitter:data2\" content=\"1 minuto\" \/>\n<script type=\"application\/ld+json\" class=\"yoast-schema-graph\">{\"@context\":\"https:\/\/schema.org\",\"@graph\":[{\"@type\":\"WebPage\",\"@id\":\"https:\/\/aeronoticias.com.pe\/noticiero\/internacionales\/china-ensayo-general-del-desfile-del-60-aniversario\/\",\"url\":\"https:\/\/aeronoticias.com.pe\/noticiero\/internacionales\/china-ensayo-general-del-desfile-del-60-aniversario\/\",\"name\":\"CHINA: ENSAYO GENERAL DEL DESFILE DEL 60 ANIVERSARIO\",\"isPartOf\":{\"@id\":\"https:\/\/aeronoticias.com.pe\/noticiero\/#website\"},\"datePublished\":\"2009-09-18T14:45:55+00:00\",\"author\":{\"@id\":\"https:\/\/aeronoticias.com.pe\/noticiero\/#\/schema\/person\/fc1e5d578f4b62ba1cf7ac2bba1170a0\"},\"description\":\"Portal de noticias del Per\u00fa sobre el transporte a\u00e9reo, aviaci\u00f3n, turismo, hoteleria, actualidad.\",\"breadcrumb\":{\"@id\":\"https:\/\/aeronoticias.com.pe\/noticiero\/internacionales\/china-ensayo-general-del-desfile-del-60-aniversario\/#breadcrumb\"},\"inLanguage\":\"es\",\"potentialAction\":[{\"@type\":\"ReadAction\",\"target\":[\"https:\/\/aeronoticias.com.pe\/noticiero\/internacionales\/china-ensayo-general-del-desfile-del-60-aniversario\/\"]}]},{\"@type\":\"BreadcrumbList\",\"@id\":\"https:\/\/aeronoticias.com.pe\/noticiero\/internacionales\/china-ensayo-general-del-desfile-del-60-aniversario\/#breadcrumb\",\"itemListElement\":[{\"@type\":\"ListItem\",\"position\":1,\"name\":\"Portada\",\"item\":\"https:\/\/aeronoticias.com.pe\/noticiero\/\"},{\"@type\":\"ListItem\",\"position\":2,\"name\":\"CHINA: ENSAYO GENERAL DEL DESFILE DEL 60 ANIVERSARIO\"}]},{\"@type\":\"WebSite\",\"@id\":\"https:\/\/aeronoticias.com.pe\/noticiero\/#website\",\"url\":\"https:\/\/aeronoticias.com.pe\/noticiero\/\",\"name\":\"Aeronoticias.com.pe\",\"description\":\"Noticias de tranporte aereo, turismo, hoteles, gastronomia, actualidad, internacional\",\"potentialAction\":[{\"@type\":\"SearchAction\",\"target\":{\"@type\":\"EntryPoint\",\"urlTemplate\":\"https:\/\/aeronoticias.com.pe\/noticiero\/?s={search_term_string}\"},\"query-input\":{\"@type\":\"PropertyValueSpecification\",\"valueRequired\":true,\"valueName\":\"search_term_string\"}}],\"inLanguage\":\"es\"},{\"@type\":\"Person\",\"@id\":\"https:\/\/aeronoticias.com.pe\/noticiero\/#\/schema\/person\/fc1e5d578f4b62ba1cf7ac2bba1170a0\",\"name\":\"Redacci\u00f3n Aeronoticias\",\"url\":\"https:\/\/aeronoticias.com.pe\/noticiero\/author\/piloto\/\"}]}<\/script>\n<!-- \/ Yoast SEO plugin. -->","yoast_head_json":{"title":"CHINA: ENSAYO GENERAL DEL DESFILE DEL 60 ANIVERSARIO","description":"Portal de noticias del Per\u00fa sobre el transporte a\u00e9reo, aviaci\u00f3n, turismo, hoteleria, actualidad.","robots":{"index":"index","follow":"follow","max-snippet":"max-snippet:-1","max-image-preview":"max-image-preview:large","max-video-preview":"max-video-preview:-1"},"canonical":"https:\/\/aeronoticias.com.pe\/noticiero\/internacionales\/china-ensayo-general-del-desfile-del-60-aniversario\/","og_locale":"es_ES","og_type":"article","og_title":"CHINA: ENSAYO GENERAL DEL DESFILE DEL 60 ANIVERSARIO","og_description":"Portal de noticias del Per\u00fa sobre el transporte a\u00e9reo, aviaci\u00f3n, turismo, hoteleria, actualidad.","og_url":"https:\/\/aeronoticias.com.pe\/noticiero\/internacionales\/china-ensayo-general-del-desfile-del-60-aniversario\/","og_site_name":"Aeronoticias.com.pe","article_publisher":"https:\/\/www.facebook.com\/Aeronoticias.com.pe\/","article_published_time":"2009-09-18T14:45:55+00:00","author":"Redacci\u00f3n Aeronoticias","twitter_card":"summary_large_image","twitter_creator":"@aeronoticias","twitter_site":"@aeronoticias","twitter_misc":{"Escrito por":"Redacci\u00f3n Aeronoticias","Tiempo de lectura":"1 minuto"},"schema":{"@context":"https:\/\/schema.org","@graph":[{"@type":"WebPage","@id":"https:\/\/aeronoticias.com.pe\/noticiero\/internacionales\/china-ensayo-general-del-desfile-del-60-aniversario\/","url":"https:\/\/aeronoticias.com.pe\/noticiero\/internacionales\/china-ensayo-general-del-desfile-del-60-aniversario\/","name":"CHINA: ENSAYO GENERAL DEL DESFILE DEL 60 ANIVERSARIO","isPartOf":{"@id":"https:\/\/aeronoticias.com.pe\/noticiero\/#website"},"datePublished":"2009-09-18T14:45:55+00:00","author":{"@id":"https:\/\/aeronoticias.com.pe\/noticiero\/#\/schema\/person\/fc1e5d578f4b62ba1cf7ac2bba1170a0"},"description":"Portal de noticias del Per\u00fa sobre el transporte a\u00e9reo, aviaci\u00f3n, turismo, hoteleria, actualidad.","breadcrumb":{"@id":"https:\/\/aeronoticias.com.pe\/noticiero\/internacionales\/china-ensayo-general-del-desfile-del-60-aniversario\/#breadcrumb"},"inLanguage":"es","potentialAction":[{"@type":"ReadAction","target":["https:\/\/aeronoticias.com.pe\/noticiero\/internacionales\/china-ensayo-general-del-desfile-del-60-aniversario\/"]}]},{"@type":"BreadcrumbList","@id":"https:\/\/aeronoticias.com.pe\/noticiero\/internacionales\/china-ensayo-general-del-desfile-del-60-aniversario\/#breadcrumb","itemListElement":[{"@type":"ListItem","position":1,"name":"Portada","item":"https:\/\/aeronoticias.com.pe\/noticiero\/"},{"@type":"ListItem","position":2,"name":"CHINA: ENSAYO GENERAL DEL DESFILE DEL 60 ANIVERSARIO"}]},{"@type":"WebSite","@id":"https:\/\/aeronoticias.com.pe\/noticiero\/#website","url":"https:\/\/aeronoticias.com.pe\/noticiero\/","name":"Aeronoticias.com.pe","description":"Noticias de tranporte aereo, turismo, hoteles, gastronomia, actualidad, internacional","potentialAction":[{"@type":"SearchAction","target":{"@type":"EntryPoint","urlTemplate":"https:\/\/aeronoticias.com.pe\/noticiero\/?s={search_term_string}"},"query-input":{"@type":"PropertyValueSpecification","valueRequired":true,"valueName":"search_term_string"}}],"inLanguage":"es"},{"@type":"Person","@id":"https:\/\/aeronoticias.com.pe\/noticiero\/#\/schema\/person\/fc1e5d578f4b62ba1cf7ac2bba1170a0","name":"Redacci\u00f3n Aeronoticias","url":"https:\/\/aeronoticias.com.pe\/noticiero\/author\/piloto\/"}]}},"_links":{"self":[{"href":"https:\/\/aeronoticias.com.pe\/noticiero\/wp-json\/wp\/v2\/posts\/5220","targetHints":{"allow":["GET"]}}],"collection":[{"href":"https:\/\/aeronoticias.com.pe\/noticiero\/wp-json\/wp\/v2\/posts"}],"about":[{"href":"https:\/\/aeronoticias.com.pe\/noticiero\/wp-json\/wp\/v2\/types\/post"}],"author":[{"embeddable":true,"href":"https:\/\/aeronoticias.com.pe\/noticiero\/wp-json\/wp\/v2\/users\/1"}],"replies":[{"embeddable":true,"href":"https:\/\/aeronoticias.com.pe\/noticiero\/wp-json\/wp\/v2\/comments?post=5220"}],"version-history":[{"count":0,"href":"https:\/\/aeronoticias.com.pe\/noticiero\/wp-json\/wp\/v2\/posts\/5220\/revisions"}],"wp:attachment":[{"href":"https:\/\/aeronoticias.com.pe\/noticiero\/wp-json\/wp\/v2\/media?parent=5220"}],"wp:term":[{"taxonomy":"category","embeddable":true,"href":"https:\/\/aeronoticias.com.pe\/noticiero\/wp-json\/wp\/v2\/categories?post=5220"},{"taxonomy":"post_tag","embeddable":true,"href":"https:\/\/aeronoticias.com.pe\/noticiero\/wp-json\/wp\/v2\/tags?post=5220"}],"curies":[{"name":"wp","href":"https:\/\/api.w.org\/{rel}","templated":true}]}}