{"id":5222,"date":"2009-09-18T14:51:08","date_gmt":"2009-09-18T14:51:08","guid":{"rendered":"http:\/\/desarrollo.mcvicious.com\/aero2020\/2009\/09\/18\/opositor-de-hugo-chavez-solicita-asilo-a-peru\/"},"modified":"2009-09-18T14:51:08","modified_gmt":"2009-09-18T14:51:08","slug":"opositor-de-hugo-chavez-solicita-asilo-a-peru","status":"publish","type":"post","link":"https:\/\/aeronoticias.com.pe\/noticiero\/internacionales\/opositor-de-hugo-chavez-solicita-asilo-a-peru\/","title":{"rendered":"OPOSITOR DE HUGO CH\u00c1VEZ SOLICITA ASILO A PER\u00da"},"content":{"rendered":"<div align=\"justify\">El abogado Angel Delgado dijo que \u00d3scar P\u00e9rez ingres\u00f3 a Per\u00fa hace unos d\u00edas como turista, y el jueves formaliz\u00f3 su pedido de asilo territorial pol\u00edtico en un escrito presentado a la canciller\u00eda peruana, la cual no confirm\u00f3 de inmediato la recepci\u00f3n de la solicitud. El dirigente opositor venezolano Oscar P\u00e9rez solicit\u00f3 el jueves asilo a Per\u00fa por considerarse v\u00edctima de una \u00abferoz persecuci\u00f3n\u00bb del gobierno de Hugo Ch\u00e1vez en Venezuela, inform\u00f3 su abogado.<\/p>\n<p>La esposa de P\u00e9rez, Marta Molina, dijo en una entrevista telef\u00f3nica con la AP que su esposo solicit\u00f3 asilo \u00abporque no hay posibilidad de un juicio justo en Venezuela\u00bb, ya que, el sistema judicial \u00abest\u00e1 controlado por el gobierno, y los jueces hacen lo que manda el presidente (Ch\u00e1vez)\u00bb. Molina se\u00f1al\u00f3 que su esposo no le comunic\u00f3 su decisi\u00f3n ni a ella ni a sus hijas y que lloraron por horas cuando se enteraron por los medios de comunicaci\u00f3n. Le pidi\u00f3 a Ch\u00e1vez \u00abpensar en todas las familias que est\u00e1 destruyendo\u00bb.<\/p>\n<div style=\"text-align: center\"><img decoding=\"async\" src=\"images\/stories\/09\/09\/180909\/oscar_perez.jpg\" border=\"0\" alt=\"OPOSITOR DE HUGO CH\u00c1VEZ SOLICITA ASILO A PER\u00da \" title=\"OPOSITOR DE HUGO CH\u00c1VEZ SOLICITA ASILO A PER\u00da \" \/><\/div>\n<p>P\u00e9rez, asesor principal del alcalde metropolitano de Caracas, Antonio Ledezma, y miembro de la Direcci\u00f3n Nacional del partido opositor Alianza Bravo Pueblo (ABP), es el cuarto venezolano que solicita asilo a Per\u00fa. El gobierno peruano concedi\u00f3 ese beneficio al ex alcalde de la ciudad de Maracaibo, Manuel Rosales, en abril. Tambi\u00e9n eval\u00faa los pedidos del l\u00edder estudiantil Nix\u00f3n Moreno y de Didalco Bol\u00edvar, disidente del oficialismo. P\u00e9rez es acusado en Venezuela por los desmanes ocurridos durante una marcha c\u00edvica el 22 de agosto que la polic\u00eda reprimi\u00f3 duramente. El 27 de ese mes, un tribunal dict\u00f3 una orden de detenci\u00f3n en su contra por delitos de instigaci\u00f3n a delinquir y asociaci\u00f3n para delinquir.<\/p>\n<p>\u00abSe trata de un pretexto porque estamos ante un dirigente pol\u00edtico, un adversario del r\u00e9gimen (de Ch\u00e1vez) en la arena democr\u00e1tica\u00bb, afirm\u00f3 Delgado. \u00abEstamos convencidos que el gobierno peruano, honrando su tradici\u00f3n continental de apego a la defensa de los luchadores por la libertad democr\u00e1tica, acoger\u00e1 el asilo toda vez que se trata con toda claridad de un caso de persecuci\u00f3n pol\u00edtica\u00bb, agreg\u00f3.<\/p><\/div>\n<div align=\"justify\">Per\u00fa ha concedido asilo adem\u00e1s a tres ex ministros bolivianos acusados de genocidio en su pa\u00eds, lo que ha provocado un resquebrajamiento de sus relaciones con el gobierno del presidente de Bolivia, Evo Morales.<\/p>\n<\/div>\n","protected":false},"excerpt":{"rendered":"<p>El abogado Angel Delgado dijo que \u00d3scar P\u00e9rez ingres\u00f3 a Per\u00fa hace unos d\u00edas como turista, y el jueves formaliz\u00f3 su pedido de asilo territorial pol\u00edtico en un escrito presentado a la canciller\u00eda peruana, la cual no confirm\u00f3 de inmediato la recepci\u00f3n de la solicitud. El dirigente opositor venezolano Oscar P\u00e9rez solicit\u00f3 el jueves asilo [&hellip;]<\/p>\n","protected":false},"author":1,"featured_media":0,"comment_status":"open","ping_status":"open","sticky":false,"template":"","format":"standard","meta":{"tdm_status":"","tdm_grid_status":"","footnotes":""},"categories":[34],"tags":[],"class_list":{"0":"post-5222","1":"post","2":"type-post","3":"status-publish","4":"format-standard","6":"category-internacionales"},"yoast_head":"<!-- This site is optimized with the Yoast SEO plugin v25.1 - https:\/\/yoast.com\/wordpress\/plugins\/seo\/ -->\n<title>OPOSITOR DE HUGO CH\u00c1VEZ SOLICITA ASILO A PER\u00da<\/title>\n<meta name=\"description\" content=\"Portal de noticias del Per\u00fa sobre el transporte a\u00e9reo, aviaci\u00f3n, turismo, hoteleria, actualidad.\" \/>\n<meta name=\"robots\" content=\"index, follow, max-snippet:-1, max-image-preview:large, max-video-preview:-1\" \/>\n<link rel=\"canonical\" href=\"https:\/\/aeronoticias.com.pe\/noticiero\/internacionales\/opositor-de-hugo-chavez-solicita-asilo-a-peru\/\" \/>\n<meta property=\"og:locale\" content=\"es_ES\" \/>\n<meta property=\"og:type\" content=\"article\" \/>\n<meta property=\"og:title\" content=\"OPOSITOR DE HUGO CH\u00c1VEZ SOLICITA ASILO A PER\u00da\" \/>\n<meta property=\"og:description\" content=\"Portal de noticias del Per\u00fa sobre el transporte a\u00e9reo, aviaci\u00f3n, turismo, hoteleria, actualidad.\" \/>\n<meta property=\"og:url\" content=\"https:\/\/aeronoticias.com.pe\/noticiero\/internacionales\/opositor-de-hugo-chavez-solicita-asilo-a-peru\/\" \/>\n<meta property=\"og:site_name\" content=\"Aeronoticias.com.pe\" \/>\n<meta property=\"article:publisher\" content=\"https:\/\/www.facebook.com\/Aeronoticias.com.pe\/\" \/>\n<meta property=\"article:published_time\" content=\"2009-09-18T14:51:08+00:00\" \/>\n<meta name=\"author\" content=\"Redacci\u00f3n Aeronoticias\" \/>\n<meta name=\"twitter:card\" content=\"summary_large_image\" \/>\n<meta name=\"twitter:creator\" content=\"@aeronoticias\" \/>\n<meta name=\"twitter:site\" content=\"@aeronoticias\" \/>\n<meta name=\"twitter:label1\" content=\"Escrito por\" \/>\n\t<meta name=\"twitter:data1\" content=\"Redacci\u00f3n Aeronoticias\" \/>\n\t<meta name=\"twitter:label2\" content=\"Tiempo de lectura\" \/>\n\t<meta name=\"twitter:data2\" content=\"2 minutos\" \/>\n<script type=\"application\/ld+json\" class=\"yoast-schema-graph\">{\"@context\":\"https:\/\/schema.org\",\"@graph\":[{\"@type\":\"WebPage\",\"@id\":\"https:\/\/aeronoticias.com.pe\/noticiero\/internacionales\/opositor-de-hugo-chavez-solicita-asilo-a-peru\/\",\"url\":\"https:\/\/aeronoticias.com.pe\/noticiero\/internacionales\/opositor-de-hugo-chavez-solicita-asilo-a-peru\/\",\"name\":\"OPOSITOR DE HUGO CH\u00c1VEZ SOLICITA ASILO A PER\u00da\",\"isPartOf\":{\"@id\":\"https:\/\/aeronoticias.com.pe\/noticiero\/#website\"},\"datePublished\":\"2009-09-18T14:51:08+00:00\",\"author\":{\"@id\":\"https:\/\/aeronoticias.com.pe\/noticiero\/#\/schema\/person\/fc1e5d578f4b62ba1cf7ac2bba1170a0\"},\"description\":\"Portal de noticias del Per\u00fa sobre el transporte a\u00e9reo, aviaci\u00f3n, turismo, hoteleria, actualidad.\",\"breadcrumb\":{\"@id\":\"https:\/\/aeronoticias.com.pe\/noticiero\/internacionales\/opositor-de-hugo-chavez-solicita-asilo-a-peru\/#breadcrumb\"},\"inLanguage\":\"es\",\"potentialAction\":[{\"@type\":\"ReadAction\",\"target\":[\"https:\/\/aeronoticias.com.pe\/noticiero\/internacionales\/opositor-de-hugo-chavez-solicita-asilo-a-peru\/\"]}]},{\"@type\":\"BreadcrumbList\",\"@id\":\"https:\/\/aeronoticias.com.pe\/noticiero\/internacionales\/opositor-de-hugo-chavez-solicita-asilo-a-peru\/#breadcrumb\",\"itemListElement\":[{\"@type\":\"ListItem\",\"position\":1,\"name\":\"Portada\",\"item\":\"https:\/\/aeronoticias.com.pe\/noticiero\/\"},{\"@type\":\"ListItem\",\"position\":2,\"name\":\"OPOSITOR DE HUGO CH\u00c1VEZ SOLICITA ASILO A PER\u00da\"}]},{\"@type\":\"WebSite\",\"@id\":\"https:\/\/aeronoticias.com.pe\/noticiero\/#website\",\"url\":\"https:\/\/aeronoticias.com.pe\/noticiero\/\",\"name\":\"Aeronoticias.com.pe\",\"description\":\"Noticias de tranporte aereo, turismo, hoteles, gastronomia, actualidad, internacional\",\"potentialAction\":[{\"@type\":\"SearchAction\",\"target\":{\"@type\":\"EntryPoint\",\"urlTemplate\":\"https:\/\/aeronoticias.com.pe\/noticiero\/?s={search_term_string}\"},\"query-input\":{\"@type\":\"PropertyValueSpecification\",\"valueRequired\":true,\"valueName\":\"search_term_string\"}}],\"inLanguage\":\"es\"},{\"@type\":\"Person\",\"@id\":\"https:\/\/aeronoticias.com.pe\/noticiero\/#\/schema\/person\/fc1e5d578f4b62ba1cf7ac2bba1170a0\",\"name\":\"Redacci\u00f3n Aeronoticias\",\"url\":\"https:\/\/aeronoticias.com.pe\/noticiero\/author\/piloto\/\"}]}<\/script>\n<!-- \/ Yoast SEO plugin. -->","yoast_head_json":{"title":"OPOSITOR DE HUGO CH\u00c1VEZ SOLICITA ASILO A PER\u00da","description":"Portal de noticias del Per\u00fa sobre el transporte a\u00e9reo, aviaci\u00f3n, turismo, hoteleria, actualidad.","robots":{"index":"index","follow":"follow","max-snippet":"max-snippet:-1","max-image-preview":"max-image-preview:large","max-video-preview":"max-video-preview:-1"},"canonical":"https:\/\/aeronoticias.com.pe\/noticiero\/internacionales\/opositor-de-hugo-chavez-solicita-asilo-a-peru\/","og_locale":"es_ES","og_type":"article","og_title":"OPOSITOR DE HUGO CH\u00c1VEZ SOLICITA ASILO A PER\u00da","og_description":"Portal de noticias del Per\u00fa sobre el transporte a\u00e9reo, aviaci\u00f3n, turismo, hoteleria, actualidad.","og_url":"https:\/\/aeronoticias.com.pe\/noticiero\/internacionales\/opositor-de-hugo-chavez-solicita-asilo-a-peru\/","og_site_name":"Aeronoticias.com.pe","article_publisher":"https:\/\/www.facebook.com\/Aeronoticias.com.pe\/","article_published_time":"2009-09-18T14:51:08+00:00","author":"Redacci\u00f3n Aeronoticias","twitter_card":"summary_large_image","twitter_creator":"@aeronoticias","twitter_site":"@aeronoticias","twitter_misc":{"Escrito por":"Redacci\u00f3n Aeronoticias","Tiempo de lectura":"2 minutos"},"schema":{"@context":"https:\/\/schema.org","@graph":[{"@type":"WebPage","@id":"https:\/\/aeronoticias.com.pe\/noticiero\/internacionales\/opositor-de-hugo-chavez-solicita-asilo-a-peru\/","url":"https:\/\/aeronoticias.com.pe\/noticiero\/internacionales\/opositor-de-hugo-chavez-solicita-asilo-a-peru\/","name":"OPOSITOR DE HUGO CH\u00c1VEZ SOLICITA ASILO A PER\u00da","isPartOf":{"@id":"https:\/\/aeronoticias.com.pe\/noticiero\/#website"},"datePublished":"2009-09-18T14:51:08+00:00","author":{"@id":"https:\/\/aeronoticias.com.pe\/noticiero\/#\/schema\/person\/fc1e5d578f4b62ba1cf7ac2bba1170a0"},"description":"Portal de noticias del Per\u00fa sobre el transporte a\u00e9reo, aviaci\u00f3n, turismo, hoteleria, actualidad.","breadcrumb":{"@id":"https:\/\/aeronoticias.com.pe\/noticiero\/internacionales\/opositor-de-hugo-chavez-solicita-asilo-a-peru\/#breadcrumb"},"inLanguage":"es","potentialAction":[{"@type":"ReadAction","target":["https:\/\/aeronoticias.com.pe\/noticiero\/internacionales\/opositor-de-hugo-chavez-solicita-asilo-a-peru\/"]}]},{"@type":"BreadcrumbList","@id":"https:\/\/aeronoticias.com.pe\/noticiero\/internacionales\/opositor-de-hugo-chavez-solicita-asilo-a-peru\/#breadcrumb","itemListElement":[{"@type":"ListItem","position":1,"name":"Portada","item":"https:\/\/aeronoticias.com.pe\/noticiero\/"},{"@type":"ListItem","position":2,"name":"OPOSITOR DE HUGO CH\u00c1VEZ SOLICITA ASILO A PER\u00da"}]},{"@type":"WebSite","@id":"https:\/\/aeronoticias.com.pe\/noticiero\/#website","url":"https:\/\/aeronoticias.com.pe\/noticiero\/","name":"Aeronoticias.com.pe","description":"Noticias de tranporte aereo, turismo, hoteles, gastronomia, actualidad, internacional","potentialAction":[{"@type":"SearchAction","target":{"@type":"EntryPoint","urlTemplate":"https:\/\/aeronoticias.com.pe\/noticiero\/?s={search_term_string}"},"query-input":{"@type":"PropertyValueSpecification","valueRequired":true,"valueName":"search_term_string"}}],"inLanguage":"es"},{"@type":"Person","@id":"https:\/\/aeronoticias.com.pe\/noticiero\/#\/schema\/person\/fc1e5d578f4b62ba1cf7ac2bba1170a0","name":"Redacci\u00f3n Aeronoticias","url":"https:\/\/aeronoticias.com.pe\/noticiero\/author\/piloto\/"}]}},"_links":{"self":[{"href":"https:\/\/aeronoticias.com.pe\/noticiero\/wp-json\/wp\/v2\/posts\/5222","targetHints":{"allow":["GET"]}}],"collection":[{"href":"https:\/\/aeronoticias.com.pe\/noticiero\/wp-json\/wp\/v2\/posts"}],"about":[{"href":"https:\/\/aeronoticias.com.pe\/noticiero\/wp-json\/wp\/v2\/types\/post"}],"author":[{"embeddable":true,"href":"https:\/\/aeronoticias.com.pe\/noticiero\/wp-json\/wp\/v2\/users\/1"}],"replies":[{"embeddable":true,"href":"https:\/\/aeronoticias.com.pe\/noticiero\/wp-json\/wp\/v2\/comments?post=5222"}],"version-history":[{"count":0,"href":"https:\/\/aeronoticias.com.pe\/noticiero\/wp-json\/wp\/v2\/posts\/5222\/revisions"}],"wp:attachment":[{"href":"https:\/\/aeronoticias.com.pe\/noticiero\/wp-json\/wp\/v2\/media?parent=5222"}],"wp:term":[{"taxonomy":"category","embeddable":true,"href":"https:\/\/aeronoticias.com.pe\/noticiero\/wp-json\/wp\/v2\/categories?post=5222"},{"taxonomy":"post_tag","embeddable":true,"href":"https:\/\/aeronoticias.com.pe\/noticiero\/wp-json\/wp\/v2\/tags?post=5222"}],"curies":[{"name":"wp","href":"https:\/\/api.w.org\/{rel}","templated":true}]}}