{"id":5224,"date":"2009-09-18T14:33:24","date_gmt":"2009-09-18T14:33:24","guid":{"rendered":"http:\/\/desarrollo.mcvicious.com\/aero2020\/2009\/09\/18\/el-25-de-septiembre-se-realizara-el-primer-latin-fest-2009-en-lima\/"},"modified":"2009-09-18T14:33:24","modified_gmt":"2009-09-18T14:33:24","slug":"el-25-de-septiembre-se-realizara-el-primer-latin-fest-2009-en-lima","status":"publish","type":"post","link":"https:\/\/aeronoticias.com.pe\/noticiero\/espectaculos\/el-25-de-septiembre-se-realizara-el-primer-latin-fest-2009-en-lima\/","title":{"rendered":"EL 25 DE SEPTIEMBRE SE REALIZAR\u00c1 EL PRIMER LATIN FEST 2009 EN LIMA"},"content":{"rendered":"<div align=\"justify\">Tras la fuerte posici\u00f3n que sigue teniendo el latin pop en nuestro p\u00fablico juvenil, se dar\u00e1 en Lima el Primer Latin Fest 2009, el 25 de setiembre en Scencia, que trae por primera vez desde Venezuela al cantante V\u00edctor Mu\u00f1oz quien suena en las radios peruanas con sus temas \u201cMinutos\u201d y \u201cEl que manda soy yo\u201d, que pertenecen a se segundo alb\u00fam hecho en Miami por el reconocido Yasmil Marrufo.<\/p>\n<p>Mu\u00f1oz alcanz\u00f3 en su pa\u00eds el N\u00ba1 de las lista del Record Report y otras de sus canciones como \u00abTu guardi\u00e1n\u00bb y \u00abCalle luna calle sol\u00bb son los soundtracks de la telenovela \u00abCalle Luna Calle Sol\u00bb que se transmite en Ecuador.\u00a0 <\/div>\n<div align=\"justify\">\u00a0 <\/p>\n<div style=\"text-align: center\"><img loading=\"lazy\" decoding=\"async\" src=\"images\/stories\/09\/09\/180909\/renzoyrodrigo.jpg\" border=\"0\" alt=\"EL 25 DE SEPTIEMBRE SE REALIZAR\u00c1 EL PRIMER LATIN FEST 2009 EN LIMA\" title=\"EL 25 DE SEPTIEMBRE SE REALIZAR\u00c1 EL PRIMER LATIN FEST 2009 EN LIMA\" width=\"400\" height=\"268\" \/><\/div>\n<\/div>\n<div align=\"justify\">Representando nuestro pa\u00eds, se presentar\u00e1 el conocido Renzo Guerrero quien hace poco retorn\u00f3 a los escenarios con su nuevo \u00e9xito \u00abEres t\u00fa\u00bb del cual ya prepara nuevo video clip y ha logrado un sitial dentro la m\u00fasica por sus \u00e9xitos \u00abQuiero tenerte\u00bb, \u00abVuelvo a buscarte\u00bb y \u00abYo solo pretendo olvidarte\u00bb, asimismo fue nominado el a\u00f1o pasado en tres categor\u00edas a los Premios Ritmo Son Latino.\u00a0 <\/p>\n<p>Adem\u00e1s, se presentar\u00e1 el talentoso Rodrigo Ugarte que poco a poco viene situ\u00e1ndose en el mercado discogr\u00e1fico con su disco \u00abQuiero\u00bb del cual ya tiene dos temas en cartelera como \u00abQuiero\u00bb y \u00abDame\u00bb.\u00a0 <\/p>\n<p>Las entradas para el Latin Fest 2009 se pueden adquirir en Puerto Madero de Miraflores. \u00a0<br \/>\u00a0<br \/><strong>Aeronoticias<\/strong> considera que debemos apoyar al talento 100 por\u00a0ciento\u00a0nacional, asistiendo a festivales como a estos, donde los talentos juveniles del Per\u00fa dan todo de s\u00ed para su p\u00fablico y demuestran que podr\u00edan llegar a ser unos grandes maestros de la m\u00fasica. <\/div>\n","protected":false},"excerpt":{"rendered":"<p>Tras la fuerte posici\u00f3n que sigue teniendo el latin pop en nuestro p\u00fablico juvenil, se dar\u00e1 en Lima el Primer Latin Fest 2009, el 25 de setiembre en Scencia, que trae por primera vez desde Venezuela al cantante V\u00edctor Mu\u00f1oz quien suena en las radios peruanas con sus temas \u201cMinutos\u201d y \u201cEl que manda soy [&hellip;]<\/p>\n","protected":false},"author":1,"featured_media":0,"comment_status":"open","ping_status":"open","sticky":false,"template":"","format":"standard","meta":{"tdm_status":"","tdm_grid_status":"","footnotes":""},"categories":[41],"tags":[],"class_list":{"0":"post-5224","1":"post","2":"type-post","3":"status-publish","4":"format-standard","6":"category-espectaculos"},"yoast_head":"<!-- This site is optimized with the Yoast SEO plugin v25.1 - https:\/\/yoast.com\/wordpress\/plugins\/seo\/ -->\n<title>EL 25 DE SEPTIEMBRE SE REALIZAR\u00c1 EL PRIMER LATIN FEST 2009 EN LIMA<\/title>\n<meta name=\"description\" content=\"Portal de noticias del Per\u00fa sobre el transporte a\u00e9reo, aviaci\u00f3n, turismo, hoteleria, actualidad.\" \/>\n<meta name=\"robots\" content=\"index, follow, max-snippet:-1, max-image-preview:large, max-video-preview:-1\" \/>\n<link rel=\"canonical\" href=\"https:\/\/aeronoticias.com.pe\/noticiero\/espectaculos\/el-25-de-septiembre-se-realizara-el-primer-latin-fest-2009-en-lima\/\" \/>\n<meta property=\"og:locale\" content=\"es_ES\" \/>\n<meta property=\"og:type\" content=\"article\" \/>\n<meta property=\"og:title\" content=\"EL 25 DE SEPTIEMBRE SE REALIZAR\u00c1 EL PRIMER LATIN FEST 2009 EN LIMA\" \/>\n<meta property=\"og:description\" content=\"Portal de noticias del Per\u00fa sobre el transporte a\u00e9reo, aviaci\u00f3n, turismo, hoteleria, actualidad.\" \/>\n<meta property=\"og:url\" content=\"https:\/\/aeronoticias.com.pe\/noticiero\/espectaculos\/el-25-de-septiembre-se-realizara-el-primer-latin-fest-2009-en-lima\/\" \/>\n<meta property=\"og:site_name\" content=\"Aeronoticias.com.pe\" \/>\n<meta property=\"article:publisher\" content=\"https:\/\/www.facebook.com\/Aeronoticias.com.pe\/\" \/>\n<meta property=\"article:published_time\" content=\"2009-09-18T14:33:24+00:00\" \/>\n<meta name=\"author\" content=\"Redacci\u00f3n Aeronoticias\" \/>\n<meta name=\"twitter:card\" content=\"summary_large_image\" \/>\n<meta name=\"twitter:creator\" content=\"@aeronoticias\" \/>\n<meta name=\"twitter:site\" content=\"@aeronoticias\" \/>\n<meta name=\"twitter:label1\" content=\"Escrito por\" \/>\n\t<meta name=\"twitter:data1\" content=\"Redacci\u00f3n Aeronoticias\" \/>\n\t<meta name=\"twitter:label2\" content=\"Tiempo de lectura\" \/>\n\t<meta name=\"twitter:data2\" content=\"1 minuto\" \/>\n<script type=\"application\/ld+json\" class=\"yoast-schema-graph\">{\"@context\":\"https:\/\/schema.org\",\"@graph\":[{\"@type\":\"WebPage\",\"@id\":\"https:\/\/aeronoticias.com.pe\/noticiero\/espectaculos\/el-25-de-septiembre-se-realizara-el-primer-latin-fest-2009-en-lima\/\",\"url\":\"https:\/\/aeronoticias.com.pe\/noticiero\/espectaculos\/el-25-de-septiembre-se-realizara-el-primer-latin-fest-2009-en-lima\/\",\"name\":\"EL 25 DE SEPTIEMBRE SE REALIZAR\u00c1 EL PRIMER LATIN FEST 2009 EN LIMA\",\"isPartOf\":{\"@id\":\"https:\/\/aeronoticias.com.pe\/noticiero\/#website\"},\"datePublished\":\"2009-09-18T14:33:24+00:00\",\"author\":{\"@id\":\"https:\/\/aeronoticias.com.pe\/noticiero\/#\/schema\/person\/fc1e5d578f4b62ba1cf7ac2bba1170a0\"},\"description\":\"Portal de noticias del Per\u00fa sobre el transporte a\u00e9reo, aviaci\u00f3n, turismo, hoteleria, actualidad.\",\"breadcrumb\":{\"@id\":\"https:\/\/aeronoticias.com.pe\/noticiero\/espectaculos\/el-25-de-septiembre-se-realizara-el-primer-latin-fest-2009-en-lima\/#breadcrumb\"},\"inLanguage\":\"es\",\"potentialAction\":[{\"@type\":\"ReadAction\",\"target\":[\"https:\/\/aeronoticias.com.pe\/noticiero\/espectaculos\/el-25-de-septiembre-se-realizara-el-primer-latin-fest-2009-en-lima\/\"]}]},{\"@type\":\"BreadcrumbList\",\"@id\":\"https:\/\/aeronoticias.com.pe\/noticiero\/espectaculos\/el-25-de-septiembre-se-realizara-el-primer-latin-fest-2009-en-lima\/#breadcrumb\",\"itemListElement\":[{\"@type\":\"ListItem\",\"position\":1,\"name\":\"Portada\",\"item\":\"https:\/\/aeronoticias.com.pe\/noticiero\/\"},{\"@type\":\"ListItem\",\"position\":2,\"name\":\"EL 25 DE SEPTIEMBRE SE REALIZAR\u00c1 EL PRIMER LATIN FEST 2009 EN LIMA\"}]},{\"@type\":\"WebSite\",\"@id\":\"https:\/\/aeronoticias.com.pe\/noticiero\/#website\",\"url\":\"https:\/\/aeronoticias.com.pe\/noticiero\/\",\"name\":\"Aeronoticias.com.pe\",\"description\":\"Noticias de tranporte aereo, turismo, hoteles, gastronomia, actualidad, internacional\",\"potentialAction\":[{\"@type\":\"SearchAction\",\"target\":{\"@type\":\"EntryPoint\",\"urlTemplate\":\"https:\/\/aeronoticias.com.pe\/noticiero\/?s={search_term_string}\"},\"query-input\":{\"@type\":\"PropertyValueSpecification\",\"valueRequired\":true,\"valueName\":\"search_term_string\"}}],\"inLanguage\":\"es\"},{\"@type\":\"Person\",\"@id\":\"https:\/\/aeronoticias.com.pe\/noticiero\/#\/schema\/person\/fc1e5d578f4b62ba1cf7ac2bba1170a0\",\"name\":\"Redacci\u00f3n Aeronoticias\",\"url\":\"https:\/\/aeronoticias.com.pe\/noticiero\/author\/piloto\/\"}]}<\/script>\n<!-- \/ Yoast SEO plugin. -->","yoast_head_json":{"title":"EL 25 DE SEPTIEMBRE SE REALIZAR\u00c1 EL PRIMER LATIN FEST 2009 EN LIMA","description":"Portal de noticias del Per\u00fa sobre el transporte a\u00e9reo, aviaci\u00f3n, turismo, hoteleria, actualidad.","robots":{"index":"index","follow":"follow","max-snippet":"max-snippet:-1","max-image-preview":"max-image-preview:large","max-video-preview":"max-video-preview:-1"},"canonical":"https:\/\/aeronoticias.com.pe\/noticiero\/espectaculos\/el-25-de-septiembre-se-realizara-el-primer-latin-fest-2009-en-lima\/","og_locale":"es_ES","og_type":"article","og_title":"EL 25 DE SEPTIEMBRE SE REALIZAR\u00c1 EL PRIMER LATIN FEST 2009 EN LIMA","og_description":"Portal de noticias del Per\u00fa sobre el transporte a\u00e9reo, aviaci\u00f3n, turismo, hoteleria, actualidad.","og_url":"https:\/\/aeronoticias.com.pe\/noticiero\/espectaculos\/el-25-de-septiembre-se-realizara-el-primer-latin-fest-2009-en-lima\/","og_site_name":"Aeronoticias.com.pe","article_publisher":"https:\/\/www.facebook.com\/Aeronoticias.com.pe\/","article_published_time":"2009-09-18T14:33:24+00:00","author":"Redacci\u00f3n Aeronoticias","twitter_card":"summary_large_image","twitter_creator":"@aeronoticias","twitter_site":"@aeronoticias","twitter_misc":{"Escrito por":"Redacci\u00f3n Aeronoticias","Tiempo de lectura":"1 minuto"},"schema":{"@context":"https:\/\/schema.org","@graph":[{"@type":"WebPage","@id":"https:\/\/aeronoticias.com.pe\/noticiero\/espectaculos\/el-25-de-septiembre-se-realizara-el-primer-latin-fest-2009-en-lima\/","url":"https:\/\/aeronoticias.com.pe\/noticiero\/espectaculos\/el-25-de-septiembre-se-realizara-el-primer-latin-fest-2009-en-lima\/","name":"EL 25 DE SEPTIEMBRE SE REALIZAR\u00c1 EL PRIMER LATIN FEST 2009 EN LIMA","isPartOf":{"@id":"https:\/\/aeronoticias.com.pe\/noticiero\/#website"},"datePublished":"2009-09-18T14:33:24+00:00","author":{"@id":"https:\/\/aeronoticias.com.pe\/noticiero\/#\/schema\/person\/fc1e5d578f4b62ba1cf7ac2bba1170a0"},"description":"Portal de noticias del Per\u00fa sobre el transporte a\u00e9reo, aviaci\u00f3n, turismo, hoteleria, actualidad.","breadcrumb":{"@id":"https:\/\/aeronoticias.com.pe\/noticiero\/espectaculos\/el-25-de-septiembre-se-realizara-el-primer-latin-fest-2009-en-lima\/#breadcrumb"},"inLanguage":"es","potentialAction":[{"@type":"ReadAction","target":["https:\/\/aeronoticias.com.pe\/noticiero\/espectaculos\/el-25-de-septiembre-se-realizara-el-primer-latin-fest-2009-en-lima\/"]}]},{"@type":"BreadcrumbList","@id":"https:\/\/aeronoticias.com.pe\/noticiero\/espectaculos\/el-25-de-septiembre-se-realizara-el-primer-latin-fest-2009-en-lima\/#breadcrumb","itemListElement":[{"@type":"ListItem","position":1,"name":"Portada","item":"https:\/\/aeronoticias.com.pe\/noticiero\/"},{"@type":"ListItem","position":2,"name":"EL 25 DE SEPTIEMBRE SE REALIZAR\u00c1 EL PRIMER LATIN FEST 2009 EN LIMA"}]},{"@type":"WebSite","@id":"https:\/\/aeronoticias.com.pe\/noticiero\/#website","url":"https:\/\/aeronoticias.com.pe\/noticiero\/","name":"Aeronoticias.com.pe","description":"Noticias de tranporte aereo, turismo, hoteles, gastronomia, actualidad, internacional","potentialAction":[{"@type":"SearchAction","target":{"@type":"EntryPoint","urlTemplate":"https:\/\/aeronoticias.com.pe\/noticiero\/?s={search_term_string}"},"query-input":{"@type":"PropertyValueSpecification","valueRequired":true,"valueName":"search_term_string"}}],"inLanguage":"es"},{"@type":"Person","@id":"https:\/\/aeronoticias.com.pe\/noticiero\/#\/schema\/person\/fc1e5d578f4b62ba1cf7ac2bba1170a0","name":"Redacci\u00f3n Aeronoticias","url":"https:\/\/aeronoticias.com.pe\/noticiero\/author\/piloto\/"}]}},"_links":{"self":[{"href":"https:\/\/aeronoticias.com.pe\/noticiero\/wp-json\/wp\/v2\/posts\/5224","targetHints":{"allow":["GET"]}}],"collection":[{"href":"https:\/\/aeronoticias.com.pe\/noticiero\/wp-json\/wp\/v2\/posts"}],"about":[{"href":"https:\/\/aeronoticias.com.pe\/noticiero\/wp-json\/wp\/v2\/types\/post"}],"author":[{"embeddable":true,"href":"https:\/\/aeronoticias.com.pe\/noticiero\/wp-json\/wp\/v2\/users\/1"}],"replies":[{"embeddable":true,"href":"https:\/\/aeronoticias.com.pe\/noticiero\/wp-json\/wp\/v2\/comments?post=5224"}],"version-history":[{"count":0,"href":"https:\/\/aeronoticias.com.pe\/noticiero\/wp-json\/wp\/v2\/posts\/5224\/revisions"}],"wp:attachment":[{"href":"https:\/\/aeronoticias.com.pe\/noticiero\/wp-json\/wp\/v2\/media?parent=5224"}],"wp:term":[{"taxonomy":"category","embeddable":true,"href":"https:\/\/aeronoticias.com.pe\/noticiero\/wp-json\/wp\/v2\/categories?post=5224"},{"taxonomy":"post_tag","embeddable":true,"href":"https:\/\/aeronoticias.com.pe\/noticiero\/wp-json\/wp\/v2\/tags?post=5224"}],"curies":[{"name":"wp","href":"https:\/\/api.w.org\/{rel}","templated":true}]}}