{"id":5226,"date":"2009-09-18T14:56:39","date_gmt":"2009-09-18T14:56:39","guid":{"rendered":"http:\/\/desarrollo.mcvicious.com\/aero2020\/2009\/09\/18\/cuba-y-eeuu-avanzan-en-reanudacion-de-correo-interrumpido-hace-46-anos\/"},"modified":"2009-09-18T14:56:39","modified_gmt":"2009-09-18T14:56:39","slug":"cuba-y-eeuu-avanzan-en-reanudacion-de-correo-interrumpido-hace-46-anos","status":"publish","type":"post","link":"https:\/\/aeronoticias.com.pe\/noticiero\/ultimas\/1\/cuba-y-eeuu-avanzan-en-reanudacion-de-correo-interrumpido-hace-46-anos\/","title":{"rendered":"CUBA Y EE.UU. AVANZAN EN REANUDACI\u00d3N DE CORREO INTERRUMPIDO HACE 46 A\u00d1OS"},"content":{"rendered":"<div align=\"justify\">Cuba y Estados Unidos avanzaron el jueves en v\u00edas para reanudar el servicio de correo directo, interrumpido desde 1963, y acordaron seguir la negociaci\u00f3n en pr\u00f3ximos meses, como parte del cauteloso acercamiento entre los gobiernos de Barack Obama y Ra\u00fal Castro. \u00abEstamos satisfechos con el desarrollo de esta primera reuni\u00f3n, que permiti\u00f3 examinar los temas que dificultan la normalizaci\u00f3n del intercambio postal entre Cuba y los Estados Unidos, y valorar un conjunto de propuestas espec\u00edficas dirigidas a superar estos obst\u00e1culos\u00bb, afirm\u00f3 Josefina Vidal, quien encabez\u00f3 la delegaci\u00f3n de Cuba.<\/p>\n<p>Vidal, directora de Am\u00e9rica del Norte de la canciller\u00eda, calific\u00f3 de \u00abamplio y \u00fatil\u00bb el di\u00e1logo con la subsecretaria adjunta de Asuntos Hemisf\u00e9ricos del Departamento de Estado, Bisa Williams, primera funcionaria de ese \u00f3rgano de gobierno que visita Cuba desde 2002 y la de mayor rango enviada por Obama.La comisi\u00f3n de Cuba abord\u00f3 los temas que deben tenerse en cuenta para el restablecimiento de ese servicio como el transporte \u00abdel correo, la seguridad postal y los m\u00e9todos de pago por ese servicio\u00bb, destac\u00f3 un comunicado de prensa de la canciller\u00eda.<\/p>\n<div style=\"text-align: center\"><img decoding=\"async\" src=\"images\/stories\/09\/09\/180909\/cuba.jpg\" border=\"0\" alt=\"CUBA Y EE.UU. AVANZAN EN REANUDACI\u00d3N DE CORREO INTERRUMPIDO HACE 46 A\u00d1OS \" title=\"CUBA Y EE.UU. AVANZAN EN REANUDACI\u00d3N DE CORREO INTERRUMPIDO HACE 46 A\u00d1OS \" \/><\/div>\n<p>Ambas delegaciones trataron de \u00abidentificar las \u00e1reas en que se deber\u00e1 trabajar para adoptar acuerdos bilaterales en materia de servicio postal\u00bb y decidieron seguir las pl\u00e1ticas en los pr\u00f3ximos meses, agreg\u00f3. Cuba pidi\u00f3 eliminar \u00ablas restricciones discriminatorias\u00bb del embargo que le aplica Estados Unidos desde hace 47 a\u00f1os, a fin de permitir la reanudaci\u00f3n del correo conforme a normas internacionales.<\/p>\n<p>En la reuni\u00f3n participaron funcionarios del Servicio Postal de Estados Unidos (USPS) y, por Cuba, la viceministra de Inform\u00e1tica y Comunicaciones, Silvia Mun\u00e1rriz Mon, y el presidente de la Empresa de Correos de Cuba, Eli\u00e9cer Blanco. El mi\u00e9rcoles en Washington, el vocero del Departamento de Estado, Ian Kelly, dijo que son \u00abconversaciones exploratorias, muy t\u00e9cnicas\u00bb, parte de los \u00abesfuerzos para incrementar la comunicaci\u00f3n con el pueblo cubano\u00bb.<\/p>\n<p>El servicio de correo directo entre Cuba y Estados Unidos, donde vive cerca de mill\u00f3n y medio de cubanos -la mayor\u00eda en Miami-, se interrumpi\u00f3 en 1963, dos a\u00f1os despu\u00e9s de la ruptura de relaciones diplom\u00e1ticas tras el triunfo de la revoluci\u00f3n socialista de Fidel Castro. Desde entonces, el intercambio de correos se efect\u00faa por terceros pa\u00edses y una carta puede tardar m\u00e1s de un mes e incluso tres meses en llegar a manos del destinatario.<\/p>\n<p>\u00abYo utilizo mejor a una persona que vaya a Estados Unidos, a otro pa\u00eds o incluso de Europa. All\u00e1 van a su correo, le ponen los sellos y llega en tres d\u00edas. Aqu\u00ed se demora una pila (mucho) de tiempo\u00bb, dijo Gloria, una jubilada de 71 a\u00f1os quien tiene una hermana y amigas de juventud en Miami. Las pl\u00e1ticas del servicio postal ocurren luego de que en julio se restableci\u00f3 el di\u00e1logo migratorio, suspendidos desde 2003, y dos semanas despu\u00e9s de que entraron en vigor las medidas que anunci\u00f3 Obama en abril, quien liber\u00f3 los viajes y remesas de cubanoestadounidenses a la isla y autoriz\u00f3 negocios en telecomunicaciones.<\/p>\n<p>El canciller cubano Bruno Rodr\u00edguez estim\u00f3 el mi\u00e9rcoles esas medidas \u00ablimitadas\u00bb y afirm\u00f3 que con la llegada de Obama a la Casa Blanca \u00abno hay ning\u00fan cambio\u00bb, pues mantiene \u00abintacto\u00bb el embargo. Aunque reconoci\u00f3 el \u00abfracaso\u00bb de la pol\u00edtica hacia Cuba, Obama renov\u00f3 el lunes la ley en que se amparan las sanciones del embargo, que rechaza levantar mientras el gobierno cubano no avance en derechos humanos.<\/p>\n<p>El presidente Ra\u00fal Castro, quien relev\u00f3 a su hermano Fidel Castro cuando enferm\u00f3 hace tres a\u00f1os, reiter\u00f3 en agosto la disposici\u00f3n de dialogar pero \u00abentre iguales\u00bb y sin el m\u00ednimo cuestionamiento al sistema socialista. Aunque prevalece la desconfianza, analistas estiman que una reanudaci\u00f3n del correo directo ser\u00eda un paso m\u00e1s en un lento deshielo de las relaciones.<\/div>\n","protected":false},"excerpt":{"rendered":"<p>Cuba y Estados Unidos avanzaron el jueves en v\u00edas para reanudar el servicio de correo directo, interrumpido desde 1963, y acordaron seguir la negociaci\u00f3n en pr\u00f3ximos meses, como parte del cauteloso acercamiento entre los gobiernos de Barack Obama y Ra\u00fal Castro. \u00abEstamos satisfechos con el desarrollo de esta primera reuni\u00f3n, que permiti\u00f3 examinar los temas [&hellip;]<\/p>\n","protected":false},"author":1,"featured_media":0,"comment_status":"open","ping_status":"open","sticky":false,"template":"","format":"standard","meta":{"tdm_status":"","tdm_grid_status":"","footnotes":""},"categories":[30],"tags":[],"class_list":{"0":"post-5226","1":"post","2":"type-post","3":"status-publish","4":"format-standard","6":"category-30"},"yoast_head":"<!-- This site is optimized with the Yoast SEO plugin v25.1 - https:\/\/yoast.com\/wordpress\/plugins\/seo\/ -->\n<title>CUBA Y EE.UU. AVANZAN EN REANUDACI\u00d3N DE CORREO INTERRUMPIDO HACE 46 A\u00d1OS<\/title>\n<meta name=\"description\" content=\"Portal de noticias del Per\u00fa sobre el transporte a\u00e9reo, aviaci\u00f3n, turismo, hoteleria, actualidad.\" \/>\n<meta name=\"robots\" content=\"index, follow, max-snippet:-1, max-image-preview:large, max-video-preview:-1\" \/>\n<link rel=\"canonical\" href=\"https:\/\/aeronoticias.com.pe\/noticiero\/ultimas\/1\/cuba-y-eeuu-avanzan-en-reanudacion-de-correo-interrumpido-hace-46-anos\/\" \/>\n<meta property=\"og:locale\" content=\"es_ES\" \/>\n<meta property=\"og:type\" content=\"article\" \/>\n<meta property=\"og:title\" content=\"CUBA Y EE.UU. AVANZAN EN REANUDACI\u00d3N DE CORREO INTERRUMPIDO HACE 46 A\u00d1OS\" \/>\n<meta property=\"og:description\" content=\"Portal de noticias del Per\u00fa sobre el transporte a\u00e9reo, aviaci\u00f3n, turismo, hoteleria, actualidad.\" \/>\n<meta property=\"og:url\" content=\"https:\/\/aeronoticias.com.pe\/noticiero\/ultimas\/1\/cuba-y-eeuu-avanzan-en-reanudacion-de-correo-interrumpido-hace-46-anos\/\" \/>\n<meta property=\"og:site_name\" content=\"Aeronoticias.com.pe\" \/>\n<meta property=\"article:publisher\" content=\"https:\/\/www.facebook.com\/Aeronoticias.com.pe\/\" \/>\n<meta property=\"article:published_time\" content=\"2009-09-18T14:56:39+00:00\" \/>\n<meta name=\"author\" content=\"Redacci\u00f3n Aeronoticias\" \/>\n<meta name=\"twitter:card\" content=\"summary_large_image\" \/>\n<meta name=\"twitter:creator\" content=\"@aeronoticias\" \/>\n<meta name=\"twitter:site\" content=\"@aeronoticias\" \/>\n<meta name=\"twitter:label1\" content=\"Escrito por\" \/>\n\t<meta name=\"twitter:data1\" content=\"Redacci\u00f3n Aeronoticias\" \/>\n\t<meta name=\"twitter:label2\" content=\"Tiempo de lectura\" \/>\n\t<meta name=\"twitter:data2\" content=\"3 minutos\" \/>\n<script type=\"application\/ld+json\" class=\"yoast-schema-graph\">{\"@context\":\"https:\/\/schema.org\",\"@graph\":[{\"@type\":\"WebPage\",\"@id\":\"https:\/\/aeronoticias.com.pe\/noticiero\/ultimas\/1\/cuba-y-eeuu-avanzan-en-reanudacion-de-correo-interrumpido-hace-46-anos\/\",\"url\":\"https:\/\/aeronoticias.com.pe\/noticiero\/ultimas\/1\/cuba-y-eeuu-avanzan-en-reanudacion-de-correo-interrumpido-hace-46-anos\/\",\"name\":\"CUBA Y EE.UU. AVANZAN EN REANUDACI\u00d3N DE CORREO INTERRUMPIDO HACE 46 A\u00d1OS\",\"isPartOf\":{\"@id\":\"https:\/\/aeronoticias.com.pe\/noticiero\/#website\"},\"datePublished\":\"2009-09-18T14:56:39+00:00\",\"author\":{\"@id\":\"https:\/\/aeronoticias.com.pe\/noticiero\/#\/schema\/person\/fc1e5d578f4b62ba1cf7ac2bba1170a0\"},\"description\":\"Portal de noticias del Per\u00fa sobre el transporte a\u00e9reo, aviaci\u00f3n, turismo, hoteleria, actualidad.\",\"breadcrumb\":{\"@id\":\"https:\/\/aeronoticias.com.pe\/noticiero\/ultimas\/1\/cuba-y-eeuu-avanzan-en-reanudacion-de-correo-interrumpido-hace-46-anos\/#breadcrumb\"},\"inLanguage\":\"es\",\"potentialAction\":[{\"@type\":\"ReadAction\",\"target\":[\"https:\/\/aeronoticias.com.pe\/noticiero\/ultimas\/1\/cuba-y-eeuu-avanzan-en-reanudacion-de-correo-interrumpido-hace-46-anos\/\"]}]},{\"@type\":\"BreadcrumbList\",\"@id\":\"https:\/\/aeronoticias.com.pe\/noticiero\/ultimas\/1\/cuba-y-eeuu-avanzan-en-reanudacion-de-correo-interrumpido-hace-46-anos\/#breadcrumb\",\"itemListElement\":[{\"@type\":\"ListItem\",\"position\":1,\"name\":\"Portada\",\"item\":\"https:\/\/aeronoticias.com.pe\/noticiero\/\"},{\"@type\":\"ListItem\",\"position\":2,\"name\":\"CUBA Y EE.UU. AVANZAN EN REANUDACI\u00d3N DE CORREO INTERRUMPIDO HACE 46 A\u00d1OS\"}]},{\"@type\":\"WebSite\",\"@id\":\"https:\/\/aeronoticias.com.pe\/noticiero\/#website\",\"url\":\"https:\/\/aeronoticias.com.pe\/noticiero\/\",\"name\":\"Aeronoticias.com.pe\",\"description\":\"Noticias de tranporte aereo, turismo, hoteles, gastronomia, actualidad, internacional\",\"potentialAction\":[{\"@type\":\"SearchAction\",\"target\":{\"@type\":\"EntryPoint\",\"urlTemplate\":\"https:\/\/aeronoticias.com.pe\/noticiero\/?s={search_term_string}\"},\"query-input\":{\"@type\":\"PropertyValueSpecification\",\"valueRequired\":true,\"valueName\":\"search_term_string\"}}],\"inLanguage\":\"es\"},{\"@type\":\"Person\",\"@id\":\"https:\/\/aeronoticias.com.pe\/noticiero\/#\/schema\/person\/fc1e5d578f4b62ba1cf7ac2bba1170a0\",\"name\":\"Redacci\u00f3n Aeronoticias\",\"url\":\"https:\/\/aeronoticias.com.pe\/noticiero\/author\/piloto\/\"}]}<\/script>\n<!-- \/ Yoast SEO plugin. -->","yoast_head_json":{"title":"CUBA Y EE.UU. AVANZAN EN REANUDACI\u00d3N DE CORREO INTERRUMPIDO HACE 46 A\u00d1OS","description":"Portal de noticias del Per\u00fa sobre el transporte a\u00e9reo, aviaci\u00f3n, turismo, hoteleria, actualidad.","robots":{"index":"index","follow":"follow","max-snippet":"max-snippet:-1","max-image-preview":"max-image-preview:large","max-video-preview":"max-video-preview:-1"},"canonical":"https:\/\/aeronoticias.com.pe\/noticiero\/ultimas\/1\/cuba-y-eeuu-avanzan-en-reanudacion-de-correo-interrumpido-hace-46-anos\/","og_locale":"es_ES","og_type":"article","og_title":"CUBA Y EE.UU. AVANZAN EN REANUDACI\u00d3N DE CORREO INTERRUMPIDO HACE 46 A\u00d1OS","og_description":"Portal de noticias del Per\u00fa sobre el transporte a\u00e9reo, aviaci\u00f3n, turismo, hoteleria, actualidad.","og_url":"https:\/\/aeronoticias.com.pe\/noticiero\/ultimas\/1\/cuba-y-eeuu-avanzan-en-reanudacion-de-correo-interrumpido-hace-46-anos\/","og_site_name":"Aeronoticias.com.pe","article_publisher":"https:\/\/www.facebook.com\/Aeronoticias.com.pe\/","article_published_time":"2009-09-18T14:56:39+00:00","author":"Redacci\u00f3n Aeronoticias","twitter_card":"summary_large_image","twitter_creator":"@aeronoticias","twitter_site":"@aeronoticias","twitter_misc":{"Escrito por":"Redacci\u00f3n Aeronoticias","Tiempo de lectura":"3 minutos"},"schema":{"@context":"https:\/\/schema.org","@graph":[{"@type":"WebPage","@id":"https:\/\/aeronoticias.com.pe\/noticiero\/ultimas\/1\/cuba-y-eeuu-avanzan-en-reanudacion-de-correo-interrumpido-hace-46-anos\/","url":"https:\/\/aeronoticias.com.pe\/noticiero\/ultimas\/1\/cuba-y-eeuu-avanzan-en-reanudacion-de-correo-interrumpido-hace-46-anos\/","name":"CUBA Y EE.UU. AVANZAN EN REANUDACI\u00d3N DE CORREO INTERRUMPIDO HACE 46 A\u00d1OS","isPartOf":{"@id":"https:\/\/aeronoticias.com.pe\/noticiero\/#website"},"datePublished":"2009-09-18T14:56:39+00:00","author":{"@id":"https:\/\/aeronoticias.com.pe\/noticiero\/#\/schema\/person\/fc1e5d578f4b62ba1cf7ac2bba1170a0"},"description":"Portal de noticias del Per\u00fa sobre el transporte a\u00e9reo, aviaci\u00f3n, turismo, hoteleria, actualidad.","breadcrumb":{"@id":"https:\/\/aeronoticias.com.pe\/noticiero\/ultimas\/1\/cuba-y-eeuu-avanzan-en-reanudacion-de-correo-interrumpido-hace-46-anos\/#breadcrumb"},"inLanguage":"es","potentialAction":[{"@type":"ReadAction","target":["https:\/\/aeronoticias.com.pe\/noticiero\/ultimas\/1\/cuba-y-eeuu-avanzan-en-reanudacion-de-correo-interrumpido-hace-46-anos\/"]}]},{"@type":"BreadcrumbList","@id":"https:\/\/aeronoticias.com.pe\/noticiero\/ultimas\/1\/cuba-y-eeuu-avanzan-en-reanudacion-de-correo-interrumpido-hace-46-anos\/#breadcrumb","itemListElement":[{"@type":"ListItem","position":1,"name":"Portada","item":"https:\/\/aeronoticias.com.pe\/noticiero\/"},{"@type":"ListItem","position":2,"name":"CUBA Y EE.UU. AVANZAN EN REANUDACI\u00d3N DE CORREO INTERRUMPIDO HACE 46 A\u00d1OS"}]},{"@type":"WebSite","@id":"https:\/\/aeronoticias.com.pe\/noticiero\/#website","url":"https:\/\/aeronoticias.com.pe\/noticiero\/","name":"Aeronoticias.com.pe","description":"Noticias de tranporte aereo, turismo, hoteles, gastronomia, actualidad, internacional","potentialAction":[{"@type":"SearchAction","target":{"@type":"EntryPoint","urlTemplate":"https:\/\/aeronoticias.com.pe\/noticiero\/?s={search_term_string}"},"query-input":{"@type":"PropertyValueSpecification","valueRequired":true,"valueName":"search_term_string"}}],"inLanguage":"es"},{"@type":"Person","@id":"https:\/\/aeronoticias.com.pe\/noticiero\/#\/schema\/person\/fc1e5d578f4b62ba1cf7ac2bba1170a0","name":"Redacci\u00f3n Aeronoticias","url":"https:\/\/aeronoticias.com.pe\/noticiero\/author\/piloto\/"}]}},"_links":{"self":[{"href":"https:\/\/aeronoticias.com.pe\/noticiero\/wp-json\/wp\/v2\/posts\/5226","targetHints":{"allow":["GET"]}}],"collection":[{"href":"https:\/\/aeronoticias.com.pe\/noticiero\/wp-json\/wp\/v2\/posts"}],"about":[{"href":"https:\/\/aeronoticias.com.pe\/noticiero\/wp-json\/wp\/v2\/types\/post"}],"author":[{"embeddable":true,"href":"https:\/\/aeronoticias.com.pe\/noticiero\/wp-json\/wp\/v2\/users\/1"}],"replies":[{"embeddable":true,"href":"https:\/\/aeronoticias.com.pe\/noticiero\/wp-json\/wp\/v2\/comments?post=5226"}],"version-history":[{"count":0,"href":"https:\/\/aeronoticias.com.pe\/noticiero\/wp-json\/wp\/v2\/posts\/5226\/revisions"}],"wp:attachment":[{"href":"https:\/\/aeronoticias.com.pe\/noticiero\/wp-json\/wp\/v2\/media?parent=5226"}],"wp:term":[{"taxonomy":"category","embeddable":true,"href":"https:\/\/aeronoticias.com.pe\/noticiero\/wp-json\/wp\/v2\/categories?post=5226"},{"taxonomy":"post_tag","embeddable":true,"href":"https:\/\/aeronoticias.com.pe\/noticiero\/wp-json\/wp\/v2\/tags?post=5226"}],"curies":[{"name":"wp","href":"https:\/\/api.w.org\/{rel}","templated":true}]}}