{"id":5227,"date":"2009-09-18T14:58:53","date_gmt":"2009-09-18T14:58:53","guid":{"rendered":"http:\/\/desarrollo.mcvicious.com\/aero2020\/2009\/09\/18\/aumenta-el-proteccionismo-pese-a-medidas-del-g-20\/"},"modified":"2009-09-18T14:58:53","modified_gmt":"2009-09-18T14:58:53","slug":"aumenta-el-proteccionismo-pese-a-medidas-del-g-20","status":"publish","type":"post","link":"https:\/\/aeronoticias.com.pe\/noticiero\/politica\/aumenta-el-proteccionismo-pese-a-medidas-del-g-20\/","title":{"rendered":"AUMENTA EL PROTECCIONISMO PESE A MEDIDAS DEL G-20"},"content":{"rendered":"<div align=\"justify\">Los l\u00edderes de los 20 pa\u00edses con las econom\u00edas m\u00e1s fuertes prometieron en noviembre resistir el proteccionismo y lo volvieron a hacer en abril en medio de la peor crisis ocurrida en generaciones. En su pr\u00f3xima reuni\u00f3n comprobar\u00e1n que la mayor parte de sus econom\u00edas ha iniciado un repunte, al mismo tiempo que aumentan las disputas comerciales y el proteccionismo. Las diferencias entre Estados Unidos y China en torno a los neum\u00e1ticos baratos y las exportaciones de carne de pollo son apenas el ejemplo m\u00e1s reciente de lo dif\u00edcil que es cumplir esas nobles promesas. Casi todas las 20 naciones cuyos dirigentes se reunir\u00e1n la pr\u00f3xima semana en Pittsburgh violaron la promesa de no recurrir al proteccionismo, formulada con anterioridad en Washington y Londres, seg\u00fan los informes de los grupos internacionales de seguimiento.<\/p>\n<p>A medida que las econom\u00edas salen de la recesi\u00f3n, disminuye la presi\u00f3n para colaborar.mHa reaparecido el deseo de proteger las industrias nacionales de la competencia extranjera a medida que los gobiernos empiezan a considerar el cese de los planes de gastos extraordinarios y las bajas tasas de inter\u00e9s. Adem\u00e1s, los congregados en Pittsburgh discuten temas como limitar las compensaciones de los banqueros, el alcance de los mecanismos reguladores de las finanzas internacionales y los crecientes y preocupantes d\u00e9ficit alimentados por la recesi\u00f3n, especialmente en EE.UU.<\/p>\n<div style=\"text-align: center\"><img decoding=\"async\" src=\"images\/stories\/09\/09\/180909\/proteccionismo.jpg\" border=\"0\" alt=\"AUMENTA EL PROTECCIONISMO PESE A MEDIDAS DEL G-20 \" title=\"AUMENTA EL PROTECCIONISMO PESE A MEDIDAS DEL G-20 \" \/><\/div>\n<p>\u00abLa guerra de palabras ha comenzado a recalentarse, Creo que los pa\u00edses han comenzado a frustrarse un tanto ante el abandono de la urgencia ahora que ha empezado a ceder la crisis\u00bb, dijo Heather Conley, subsecretario de estado adjunto para Europa en el gobierno de George W. Bush y becado ahora del Centro de Estudios Estrat\u00e9gicos e Internacionales. Empero, la Organizaci\u00f3n Mundial de Comercio, con sede en Ginebra, emiti\u00f3 esta semana un informe que mencion\u00f3 \u00abla continuada tendencia hacia m\u00e1s restricciones comerciales y pol\u00edticas distorsionadoras\u00bb.<\/p>\n<p>Global Trade Alert, un grupo de seguimiento ligado al Banco Mundial, dijo por separado que m\u00e1s de 100 \u00abmedidas descaradamente discriminatorias\u00bb est\u00e1n a punto de ser adoptadas por las naciones del G-20. El presidente Barack Obama prometi\u00f3 evitar el \u00abproteccionismo autoderrotista\u00bb en sus gestiones para lograr la recuperaci\u00f3n de la econom\u00eda estadounidense y otras entre las m\u00e1s importantes del mundo. Empero, dijo el lunes ante una audiencia de Wall Street que \u00abning\u00fan sistema comercial funcionar\u00e1 si no hacemos cumplir nuestros acuerdos comerciales\u00bb.<\/p>\n<p>Entre las medidas adoptadas por Estados Unidos que otros pa\u00edses consideran proteccionistas figuran las previsiones de \u00abcompre estadounidense\u00bb dentro del plan de gastos extraordinarios de 787.000 millones de d\u00f3lares adoptado por la Casa Blanca, impedir que los camiones mexicanos circulen por la mayor parte de las carreteras estadounidenses y las exigencias incluidas en el rescate de la industria automovil\u00edstica de Detroit para que los veh\u00edculos beneficiados con ese programa sean construidos en Estados Unidos.<\/p>\n<p>Por otra parte, Estados Unidos sigue afirmando que los pa\u00edses europeos subvencionan ilegalmente al consorcio aeron\u00e1utico Airbus, y obtuvo un fallo preliminar en ese sentido de la OCM a principios de este mes. Los pa\u00edses europeos respondieron que el Pent\u00e1gono y la NASA subvencionan ilegalmente a Boeing, y el fallo es esperado a principios del pr\u00f3ximo a\u00f1o. Con todo, no todas las noticias son negativas. El asesor de la Casa Blanca en econom\u00eda internacional Mike Froman cree que no hay duda alguna que desde el encuentro del G-20 de abril en Londres que \u00abla situaci\u00f3n ha cambiado dram\u00e1ticamente. &#8230; Entonces la gente crey\u00f3 que est\u00e1bamos quiz\u00e1 al borde de la depresi\u00f3n. Y ahora creo que debatimos el ritmo de la recuperaci\u00f3n\u00bb.<\/div>\n","protected":false},"excerpt":{"rendered":"<p>Los l\u00edderes de los 20 pa\u00edses con las econom\u00edas m\u00e1s fuertes prometieron en noviembre resistir el proteccionismo y lo volvieron a hacer en abril en medio de la peor crisis ocurrida en generaciones. En su pr\u00f3xima reuni\u00f3n comprobar\u00e1n que la mayor parte de sus econom\u00edas ha iniciado un repunte, al mismo tiempo que aumentan las [&hellip;]<\/p>\n","protected":false},"author":1,"featured_media":0,"comment_status":"open","ping_status":"open","sticky":false,"template":"","format":"standard","meta":{"tdm_status":"","tdm_grid_status":"","footnotes":""},"categories":[36],"tags":[],"class_list":{"0":"post-5227","1":"post","2":"type-post","3":"status-publish","4":"format-standard","6":"category-politica"},"yoast_head":"<!-- This site is optimized with the Yoast SEO plugin v25.1 - https:\/\/yoast.com\/wordpress\/plugins\/seo\/ -->\n<title>AUMENTA EL PROTECCIONISMO PESE A MEDIDAS DEL G-20<\/title>\n<meta name=\"description\" content=\"Portal de noticias del Per\u00fa sobre el transporte a\u00e9reo, aviaci\u00f3n, turismo, hoteleria, actualidad.\" \/>\n<meta name=\"robots\" content=\"index, follow, max-snippet:-1, max-image-preview:large, max-video-preview:-1\" \/>\n<link rel=\"canonical\" href=\"https:\/\/aeronoticias.com.pe\/noticiero\/politica\/aumenta-el-proteccionismo-pese-a-medidas-del-g-20\/\" \/>\n<meta property=\"og:locale\" content=\"es_ES\" \/>\n<meta property=\"og:type\" content=\"article\" \/>\n<meta property=\"og:title\" content=\"AUMENTA EL PROTECCIONISMO PESE A MEDIDAS DEL G-20\" \/>\n<meta property=\"og:description\" content=\"Portal de noticias del Per\u00fa sobre el transporte a\u00e9reo, aviaci\u00f3n, turismo, hoteleria, actualidad.\" \/>\n<meta property=\"og:url\" content=\"https:\/\/aeronoticias.com.pe\/noticiero\/politica\/aumenta-el-proteccionismo-pese-a-medidas-del-g-20\/\" \/>\n<meta property=\"og:site_name\" content=\"Aeronoticias.com.pe\" \/>\n<meta property=\"article:publisher\" content=\"https:\/\/www.facebook.com\/Aeronoticias.com.pe\/\" \/>\n<meta property=\"article:published_time\" content=\"2009-09-18T14:58:53+00:00\" \/>\n<meta name=\"author\" content=\"Redacci\u00f3n Aeronoticias\" \/>\n<meta name=\"twitter:card\" content=\"summary_large_image\" \/>\n<meta name=\"twitter:creator\" content=\"@aeronoticias\" \/>\n<meta name=\"twitter:site\" content=\"@aeronoticias\" \/>\n<meta name=\"twitter:label1\" content=\"Escrito por\" \/>\n\t<meta name=\"twitter:data1\" content=\"Redacci\u00f3n Aeronoticias\" \/>\n\t<meta name=\"twitter:label2\" content=\"Tiempo de lectura\" \/>\n\t<meta name=\"twitter:data2\" content=\"3 minutos\" \/>\n<script type=\"application\/ld+json\" class=\"yoast-schema-graph\">{\"@context\":\"https:\/\/schema.org\",\"@graph\":[{\"@type\":\"WebPage\",\"@id\":\"https:\/\/aeronoticias.com.pe\/noticiero\/politica\/aumenta-el-proteccionismo-pese-a-medidas-del-g-20\/\",\"url\":\"https:\/\/aeronoticias.com.pe\/noticiero\/politica\/aumenta-el-proteccionismo-pese-a-medidas-del-g-20\/\",\"name\":\"AUMENTA EL PROTECCIONISMO PESE A MEDIDAS DEL G-20\",\"isPartOf\":{\"@id\":\"https:\/\/aeronoticias.com.pe\/noticiero\/#website\"},\"datePublished\":\"2009-09-18T14:58:53+00:00\",\"author\":{\"@id\":\"https:\/\/aeronoticias.com.pe\/noticiero\/#\/schema\/person\/fc1e5d578f4b62ba1cf7ac2bba1170a0\"},\"description\":\"Portal de noticias del Per\u00fa sobre el transporte a\u00e9reo, aviaci\u00f3n, turismo, hoteleria, actualidad.\",\"breadcrumb\":{\"@id\":\"https:\/\/aeronoticias.com.pe\/noticiero\/politica\/aumenta-el-proteccionismo-pese-a-medidas-del-g-20\/#breadcrumb\"},\"inLanguage\":\"es\",\"potentialAction\":[{\"@type\":\"ReadAction\",\"target\":[\"https:\/\/aeronoticias.com.pe\/noticiero\/politica\/aumenta-el-proteccionismo-pese-a-medidas-del-g-20\/\"]}]},{\"@type\":\"BreadcrumbList\",\"@id\":\"https:\/\/aeronoticias.com.pe\/noticiero\/politica\/aumenta-el-proteccionismo-pese-a-medidas-del-g-20\/#breadcrumb\",\"itemListElement\":[{\"@type\":\"ListItem\",\"position\":1,\"name\":\"Portada\",\"item\":\"https:\/\/aeronoticias.com.pe\/noticiero\/\"},{\"@type\":\"ListItem\",\"position\":2,\"name\":\"AUMENTA EL PROTECCIONISMO PESE A MEDIDAS DEL G-20\"}]},{\"@type\":\"WebSite\",\"@id\":\"https:\/\/aeronoticias.com.pe\/noticiero\/#website\",\"url\":\"https:\/\/aeronoticias.com.pe\/noticiero\/\",\"name\":\"Aeronoticias.com.pe\",\"description\":\"Noticias de tranporte aereo, turismo, hoteles, gastronomia, actualidad, internacional\",\"potentialAction\":[{\"@type\":\"SearchAction\",\"target\":{\"@type\":\"EntryPoint\",\"urlTemplate\":\"https:\/\/aeronoticias.com.pe\/noticiero\/?s={search_term_string}\"},\"query-input\":{\"@type\":\"PropertyValueSpecification\",\"valueRequired\":true,\"valueName\":\"search_term_string\"}}],\"inLanguage\":\"es\"},{\"@type\":\"Person\",\"@id\":\"https:\/\/aeronoticias.com.pe\/noticiero\/#\/schema\/person\/fc1e5d578f4b62ba1cf7ac2bba1170a0\",\"name\":\"Redacci\u00f3n Aeronoticias\",\"url\":\"https:\/\/aeronoticias.com.pe\/noticiero\/author\/piloto\/\"}]}<\/script>\n<!-- \/ Yoast SEO plugin. -->","yoast_head_json":{"title":"AUMENTA EL PROTECCIONISMO PESE A MEDIDAS DEL G-20","description":"Portal de noticias del Per\u00fa sobre el transporte a\u00e9reo, aviaci\u00f3n, turismo, hoteleria, actualidad.","robots":{"index":"index","follow":"follow","max-snippet":"max-snippet:-1","max-image-preview":"max-image-preview:large","max-video-preview":"max-video-preview:-1"},"canonical":"https:\/\/aeronoticias.com.pe\/noticiero\/politica\/aumenta-el-proteccionismo-pese-a-medidas-del-g-20\/","og_locale":"es_ES","og_type":"article","og_title":"AUMENTA EL PROTECCIONISMO PESE A MEDIDAS DEL G-20","og_description":"Portal de noticias del Per\u00fa sobre el transporte a\u00e9reo, aviaci\u00f3n, turismo, hoteleria, actualidad.","og_url":"https:\/\/aeronoticias.com.pe\/noticiero\/politica\/aumenta-el-proteccionismo-pese-a-medidas-del-g-20\/","og_site_name":"Aeronoticias.com.pe","article_publisher":"https:\/\/www.facebook.com\/Aeronoticias.com.pe\/","article_published_time":"2009-09-18T14:58:53+00:00","author":"Redacci\u00f3n Aeronoticias","twitter_card":"summary_large_image","twitter_creator":"@aeronoticias","twitter_site":"@aeronoticias","twitter_misc":{"Escrito por":"Redacci\u00f3n Aeronoticias","Tiempo de lectura":"3 minutos"},"schema":{"@context":"https:\/\/schema.org","@graph":[{"@type":"WebPage","@id":"https:\/\/aeronoticias.com.pe\/noticiero\/politica\/aumenta-el-proteccionismo-pese-a-medidas-del-g-20\/","url":"https:\/\/aeronoticias.com.pe\/noticiero\/politica\/aumenta-el-proteccionismo-pese-a-medidas-del-g-20\/","name":"AUMENTA EL PROTECCIONISMO PESE A MEDIDAS DEL G-20","isPartOf":{"@id":"https:\/\/aeronoticias.com.pe\/noticiero\/#website"},"datePublished":"2009-09-18T14:58:53+00:00","author":{"@id":"https:\/\/aeronoticias.com.pe\/noticiero\/#\/schema\/person\/fc1e5d578f4b62ba1cf7ac2bba1170a0"},"description":"Portal de noticias del Per\u00fa sobre el transporte a\u00e9reo, aviaci\u00f3n, turismo, hoteleria, actualidad.","breadcrumb":{"@id":"https:\/\/aeronoticias.com.pe\/noticiero\/politica\/aumenta-el-proteccionismo-pese-a-medidas-del-g-20\/#breadcrumb"},"inLanguage":"es","potentialAction":[{"@type":"ReadAction","target":["https:\/\/aeronoticias.com.pe\/noticiero\/politica\/aumenta-el-proteccionismo-pese-a-medidas-del-g-20\/"]}]},{"@type":"BreadcrumbList","@id":"https:\/\/aeronoticias.com.pe\/noticiero\/politica\/aumenta-el-proteccionismo-pese-a-medidas-del-g-20\/#breadcrumb","itemListElement":[{"@type":"ListItem","position":1,"name":"Portada","item":"https:\/\/aeronoticias.com.pe\/noticiero\/"},{"@type":"ListItem","position":2,"name":"AUMENTA EL PROTECCIONISMO PESE A MEDIDAS DEL G-20"}]},{"@type":"WebSite","@id":"https:\/\/aeronoticias.com.pe\/noticiero\/#website","url":"https:\/\/aeronoticias.com.pe\/noticiero\/","name":"Aeronoticias.com.pe","description":"Noticias de tranporte aereo, turismo, hoteles, gastronomia, actualidad, internacional","potentialAction":[{"@type":"SearchAction","target":{"@type":"EntryPoint","urlTemplate":"https:\/\/aeronoticias.com.pe\/noticiero\/?s={search_term_string}"},"query-input":{"@type":"PropertyValueSpecification","valueRequired":true,"valueName":"search_term_string"}}],"inLanguage":"es"},{"@type":"Person","@id":"https:\/\/aeronoticias.com.pe\/noticiero\/#\/schema\/person\/fc1e5d578f4b62ba1cf7ac2bba1170a0","name":"Redacci\u00f3n Aeronoticias","url":"https:\/\/aeronoticias.com.pe\/noticiero\/author\/piloto\/"}]}},"_links":{"self":[{"href":"https:\/\/aeronoticias.com.pe\/noticiero\/wp-json\/wp\/v2\/posts\/5227","targetHints":{"allow":["GET"]}}],"collection":[{"href":"https:\/\/aeronoticias.com.pe\/noticiero\/wp-json\/wp\/v2\/posts"}],"about":[{"href":"https:\/\/aeronoticias.com.pe\/noticiero\/wp-json\/wp\/v2\/types\/post"}],"author":[{"embeddable":true,"href":"https:\/\/aeronoticias.com.pe\/noticiero\/wp-json\/wp\/v2\/users\/1"}],"replies":[{"embeddable":true,"href":"https:\/\/aeronoticias.com.pe\/noticiero\/wp-json\/wp\/v2\/comments?post=5227"}],"version-history":[{"count":0,"href":"https:\/\/aeronoticias.com.pe\/noticiero\/wp-json\/wp\/v2\/posts\/5227\/revisions"}],"wp:attachment":[{"href":"https:\/\/aeronoticias.com.pe\/noticiero\/wp-json\/wp\/v2\/media?parent=5227"}],"wp:term":[{"taxonomy":"category","embeddable":true,"href":"https:\/\/aeronoticias.com.pe\/noticiero\/wp-json\/wp\/v2\/categories?post=5227"},{"taxonomy":"post_tag","embeddable":true,"href":"https:\/\/aeronoticias.com.pe\/noticiero\/wp-json\/wp\/v2\/tags?post=5227"}],"curies":[{"name":"wp","href":"https:\/\/api.w.org\/{rel}","templated":true}]}}