{"id":52347,"date":"2015-05-01T15:12:23","date_gmt":"2015-05-01T15:12:23","guid":{"rendered":"http:\/\/desarrollo.mcvicious.com\/aero2020\/2015\/05\/01\/ryanair-se-asocia-con-adobe-para-mejorar-su-app-y-pagina-web\/"},"modified":"2015-05-01T15:12:23","modified_gmt":"2015-05-01T15:12:23","slug":"ryanair-se-asocia-con-adobe-para-mejorar-su-app-y-pagina-web","status":"publish","type":"post","link":"https:\/\/aeronoticias.com.pe\/noticiero\/transporte-aereo\/internacional\/ryanair-se-asocia-con-adobe-para-mejorar-su-app-y-pagina-web\/","title":{"rendered":"Ryanair se asocia con Adobe para mejorar su app y p\u00e1gina web"},"content":{"rendered":"<p style=\"text-align: justify;\"><strong>(Aeronoticias)<\/strong>.-\u00a0Ryanair ha anunciado hoy un nuevo acuerdo de colaboraci\u00f3n con Adobe, que permitir\u00e1 a la compa\u00f1\u00eda mejorar a\u00fan m\u00e1s su aplicaci\u00f3n m\u00f3vil y su p\u00e1gina web, ofreciendo una infraestructura digital de primer orden mediante la utilizaci\u00f3n del software de Adobe.<\/p>\n<p style=\"text-align: justify;\">Se trata de un acuerdo muy significativo en la aviaci\u00f3n europea por el que Ryanair ha invertido en una serie de productos de la compa\u00f1\u00eda estadounidense, como Adobe Experience Manager, Adobe Target, Adobe Analytics y Adobe Campaign, que permitir\u00e1n mejorar tanto la parte de IT (Tecnolog\u00edas de la Informaci\u00f3n) como la gesti\u00f3n digital de la compa\u00f1\u00eda.<\/p>\n<p style=\"text-align: justify;\">Esta iniciativa forma parte de la segunda parte del programa \u201cSiempre mejorando\u201d que ha puesto en marcha la compa\u00f1\u00eda para mejorar la experiencia de sus clientes.<\/p>\n<p style=\"text-align: justify;\">Este oto\u00f1o se lanzar\u00e1 la nueva p\u00e1gina web Ryanair.com, con p\u00e1ginas de inicio personalizadas, opciones de \u201cmantener la tarifa\u201d y herramientas para comparar precios, as\u00ed como una nueva aplicaci\u00f3n m\u00f3vil.<\/p>\n<p style=\"text-align: justify;\">En paralelo la compa\u00f1\u00eda contin\u00faa trabajando en el desarrollo de Ryanair Labs, un nuevo y revolucionario centro de innovaci\u00f3n destinado al desarrollo de pr\u00e1cticas digitales y tecnolog\u00edas de la informaci\u00f3n, basado en el Campus de la Oficina de Ryanair en Dubl\u00edn (Swords), que ha generado hasta el momento m\u00e1s de 200 puestos de trabajo nuevos.<\/p>\n<p style=\"text-align: justify;\">Kenny Jacobs, Chief Marketing Officer de Ryanair ha comentado durante su intervenci\u00f3n en la cumbre que ha celebrado Adobe en Londres: \u201cSer l\u00edderes digitales en la categor\u00eda de viajes es un pilar fundamental en el programa \u201cSiempre Mejorando\u201d de Ryanair.<\/p>\n<p style=\"text-align: justify;\">Este acuerdo de colaboraci\u00f3n con Adobe nos permitir\u00e1 tener acceso a mejores soluciones de marketing digital para nuestra p\u00e1gina web y nuestra aplicaci\u00f3n m\u00f3vil, as\u00ed como nuestro CRM y nuestros estudios para conocer a los clientes.<\/p>\n<p style=\"text-align: justify;\">Todos nuestros clientes pueden disfrutar de las mejoras que estamos llevando a cabo en las plataformas digitales si bien lo mejor est\u00e1 todav\u00eda por llegar. Y es que este a\u00f1o tendremos m\u00e1s de 100 millones de clientes en 30 pa\u00edses europeos, lo que la hacen de este proyecto la mayor transformaci\u00f3n digital y de datos que se ha llevado a cabo en la industria europea\u201d.<\/p>\n<p style=\"text-align: justify;\">Fuente: <span style=\"text-decoration: underline;\"><em><strong>Aviaci\u00f3n al d\u00eda.<\/strong><\/em><\/span><\/p>\n<p><img decoding=\"async\" src=\"http:\/\/2.bp.blogspot.com\/-Xd335LKFFys\/VUJQ_XSR2cI\/AAAAAAAAmUs\/7I-b7eDysxA\/s1600\/Ryanair%2B-%2BAdobe.png\" border=\"0\" \/><\/p>\n","protected":false},"excerpt":{"rendered":"<p>(Aeronoticias).-\u00a0Ryanair ha anunciado hoy un nuevo acuerdo de colaboraci\u00f3n con Adobe, que permitir\u00e1 a la compa\u00f1\u00eda mejorar a\u00fan m\u00e1s su aplicaci\u00f3n m\u00f3vil y su p\u00e1gina web, ofreciendo una infraestructura digital de primer orden mediante la utilizaci\u00f3n del software de Adobe. Se trata de un acuerdo muy significativo en la aviaci\u00f3n europea por el que Ryanair [&hellip;]<\/p>\n","protected":false},"author":1,"featured_media":0,"comment_status":"open","ping_status":"open","sticky":false,"template":"","format":"standard","meta":{"tdm_status":"","tdm_grid_status":"","footnotes":""},"categories":[32],"tags":[],"class_list":{"0":"post-52347","1":"post","2":"type-post","3":"status-publish","4":"format-standard","6":"category-internacional"},"yoast_head":"<!-- This site is optimized with the Yoast SEO plugin v25.1 - https:\/\/yoast.com\/wordpress\/plugins\/seo\/ -->\n<title>Ryanair se asocia con Adobe para mejorar su app y p\u00e1gina web<\/title>\n<meta name=\"description\" content=\"Portal de noticias del Per\u00fa sobre el transporte a\u00e9reo, aviaci\u00f3n, turismo, hoteleria, actualidad.\" \/>\n<meta name=\"robots\" content=\"index, follow, max-snippet:-1, max-image-preview:large, max-video-preview:-1\" \/>\n<link rel=\"canonical\" href=\"https:\/\/aeronoticias.com.pe\/noticiero\/transporte-aereo\/internacional\/ryanair-se-asocia-con-adobe-para-mejorar-su-app-y-pagina-web\/\" \/>\n<meta property=\"og:locale\" content=\"es_ES\" \/>\n<meta property=\"og:type\" content=\"article\" \/>\n<meta property=\"og:title\" content=\"Ryanair se asocia con Adobe para mejorar su app y p\u00e1gina web\" \/>\n<meta property=\"og:description\" content=\"Portal de noticias del Per\u00fa sobre el transporte a\u00e9reo, aviaci\u00f3n, turismo, hoteleria, actualidad.\" \/>\n<meta property=\"og:url\" content=\"https:\/\/aeronoticias.com.pe\/noticiero\/transporte-aereo\/internacional\/ryanair-se-asocia-con-adobe-para-mejorar-su-app-y-pagina-web\/\" \/>\n<meta property=\"og:site_name\" content=\"Aeronoticias.com.pe\" \/>\n<meta property=\"article:publisher\" content=\"https:\/\/www.facebook.com\/Aeronoticias.com.pe\/\" \/>\n<meta property=\"article:published_time\" content=\"2015-05-01T15:12:23+00:00\" \/>\n<meta property=\"og:image\" content=\"http:\/\/2.bp.blogspot.com\/-Xd335LKFFys\/VUJQ_XSR2cI\/AAAAAAAAmUs\/7I-b7eDysxA\/s1600\/Ryanair%2B-%2BAdobe.png\" \/>\n<meta name=\"author\" content=\"Redacci\u00f3n Aeronoticias\" \/>\n<meta name=\"twitter:card\" content=\"summary_large_image\" \/>\n<meta name=\"twitter:creator\" content=\"@aeronoticias\" \/>\n<meta name=\"twitter:site\" content=\"@aeronoticias\" \/>\n<meta name=\"twitter:label1\" content=\"Escrito por\" \/>\n\t<meta name=\"twitter:data1\" content=\"Redacci\u00f3n Aeronoticias\" \/>\n\t<meta name=\"twitter:label2\" content=\"Tiempo de lectura\" \/>\n\t<meta name=\"twitter:data2\" content=\"2 minutos\" \/>\n<script type=\"application\/ld+json\" class=\"yoast-schema-graph\">{\"@context\":\"https:\/\/schema.org\",\"@graph\":[{\"@type\":\"WebPage\",\"@id\":\"https:\/\/aeronoticias.com.pe\/noticiero\/transporte-aereo\/internacional\/ryanair-se-asocia-con-adobe-para-mejorar-su-app-y-pagina-web\/\",\"url\":\"https:\/\/aeronoticias.com.pe\/noticiero\/transporte-aereo\/internacional\/ryanair-se-asocia-con-adobe-para-mejorar-su-app-y-pagina-web\/\",\"name\":\"Ryanair se asocia con Adobe para mejorar su app y p\u00e1gina web\",\"isPartOf\":{\"@id\":\"https:\/\/aeronoticias.com.pe\/noticiero\/#website\"},\"primaryImageOfPage\":{\"@id\":\"https:\/\/aeronoticias.com.pe\/noticiero\/transporte-aereo\/internacional\/ryanair-se-asocia-con-adobe-para-mejorar-su-app-y-pagina-web\/#primaryimage\"},\"image\":{\"@id\":\"https:\/\/aeronoticias.com.pe\/noticiero\/transporte-aereo\/internacional\/ryanair-se-asocia-con-adobe-para-mejorar-su-app-y-pagina-web\/#primaryimage\"},\"thumbnailUrl\":\"http:\/\/2.bp.blogspot.com\/-Xd335LKFFys\/VUJQ_XSR2cI\/AAAAAAAAmUs\/7I-b7eDysxA\/s1600\/Ryanair%2B-%2BAdobe.png\",\"datePublished\":\"2015-05-01T15:12:23+00:00\",\"author\":{\"@id\":\"https:\/\/aeronoticias.com.pe\/noticiero\/#\/schema\/person\/fc1e5d578f4b62ba1cf7ac2bba1170a0\"},\"description\":\"Portal de noticias del Per\u00fa sobre el transporte a\u00e9reo, aviaci\u00f3n, turismo, hoteleria, actualidad.\",\"breadcrumb\":{\"@id\":\"https:\/\/aeronoticias.com.pe\/noticiero\/transporte-aereo\/internacional\/ryanair-se-asocia-con-adobe-para-mejorar-su-app-y-pagina-web\/#breadcrumb\"},\"inLanguage\":\"es\",\"potentialAction\":[{\"@type\":\"ReadAction\",\"target\":[\"https:\/\/aeronoticias.com.pe\/noticiero\/transporte-aereo\/internacional\/ryanair-se-asocia-con-adobe-para-mejorar-su-app-y-pagina-web\/\"]}]},{\"@type\":\"ImageObject\",\"inLanguage\":\"es\",\"@id\":\"https:\/\/aeronoticias.com.pe\/noticiero\/transporte-aereo\/internacional\/ryanair-se-asocia-con-adobe-para-mejorar-su-app-y-pagina-web\/#primaryimage\",\"url\":\"http:\/\/2.bp.blogspot.com\/-Xd335LKFFys\/VUJQ_XSR2cI\/AAAAAAAAmUs\/7I-b7eDysxA\/s1600\/Ryanair%2B-%2BAdobe.png\",\"contentUrl\":\"http:\/\/2.bp.blogspot.com\/-Xd335LKFFys\/VUJQ_XSR2cI\/AAAAAAAAmUs\/7I-b7eDysxA\/s1600\/Ryanair%2B-%2BAdobe.png\"},{\"@type\":\"BreadcrumbList\",\"@id\":\"https:\/\/aeronoticias.com.pe\/noticiero\/transporte-aereo\/internacional\/ryanair-se-asocia-con-adobe-para-mejorar-su-app-y-pagina-web\/#breadcrumb\",\"itemListElement\":[{\"@type\":\"ListItem\",\"position\":1,\"name\":\"Portada\",\"item\":\"https:\/\/aeronoticias.com.pe\/noticiero\/\"},{\"@type\":\"ListItem\",\"position\":2,\"name\":\"Ryanair se asocia con Adobe para mejorar su app y p\u00e1gina web\"}]},{\"@type\":\"WebSite\",\"@id\":\"https:\/\/aeronoticias.com.pe\/noticiero\/#website\",\"url\":\"https:\/\/aeronoticias.com.pe\/noticiero\/\",\"name\":\"Aeronoticias.com.pe\",\"description\":\"Noticias de tranporte aereo, turismo, hoteles, gastronomia, actualidad, internacional\",\"potentialAction\":[{\"@type\":\"SearchAction\",\"target\":{\"@type\":\"EntryPoint\",\"urlTemplate\":\"https:\/\/aeronoticias.com.pe\/noticiero\/?s={search_term_string}\"},\"query-input\":{\"@type\":\"PropertyValueSpecification\",\"valueRequired\":true,\"valueName\":\"search_term_string\"}}],\"inLanguage\":\"es\"},{\"@type\":\"Person\",\"@id\":\"https:\/\/aeronoticias.com.pe\/noticiero\/#\/schema\/person\/fc1e5d578f4b62ba1cf7ac2bba1170a0\",\"name\":\"Redacci\u00f3n Aeronoticias\",\"url\":\"https:\/\/aeronoticias.com.pe\/noticiero\/author\/piloto\/\"}]}<\/script>\n<!-- \/ Yoast SEO plugin. -->","yoast_head_json":{"title":"Ryanair se asocia con Adobe para mejorar su app y p\u00e1gina web","description":"Portal de noticias del Per\u00fa sobre el transporte a\u00e9reo, aviaci\u00f3n, turismo, hoteleria, actualidad.","robots":{"index":"index","follow":"follow","max-snippet":"max-snippet:-1","max-image-preview":"max-image-preview:large","max-video-preview":"max-video-preview:-1"},"canonical":"https:\/\/aeronoticias.com.pe\/noticiero\/transporte-aereo\/internacional\/ryanair-se-asocia-con-adobe-para-mejorar-su-app-y-pagina-web\/","og_locale":"es_ES","og_type":"article","og_title":"Ryanair se asocia con Adobe para mejorar su app y p\u00e1gina web","og_description":"Portal de noticias del Per\u00fa sobre el transporte a\u00e9reo, aviaci\u00f3n, turismo, hoteleria, actualidad.","og_url":"https:\/\/aeronoticias.com.pe\/noticiero\/transporte-aereo\/internacional\/ryanair-se-asocia-con-adobe-para-mejorar-su-app-y-pagina-web\/","og_site_name":"Aeronoticias.com.pe","article_publisher":"https:\/\/www.facebook.com\/Aeronoticias.com.pe\/","article_published_time":"2015-05-01T15:12:23+00:00","og_image":[{"url":"http:\/\/2.bp.blogspot.com\/-Xd335LKFFys\/VUJQ_XSR2cI\/AAAAAAAAmUs\/7I-b7eDysxA\/s1600\/Ryanair%2B-%2BAdobe.png","type":"","width":"","height":""}],"author":"Redacci\u00f3n Aeronoticias","twitter_card":"summary_large_image","twitter_creator":"@aeronoticias","twitter_site":"@aeronoticias","twitter_misc":{"Escrito por":"Redacci\u00f3n Aeronoticias","Tiempo de lectura":"2 minutos"},"schema":{"@context":"https:\/\/schema.org","@graph":[{"@type":"WebPage","@id":"https:\/\/aeronoticias.com.pe\/noticiero\/transporte-aereo\/internacional\/ryanair-se-asocia-con-adobe-para-mejorar-su-app-y-pagina-web\/","url":"https:\/\/aeronoticias.com.pe\/noticiero\/transporte-aereo\/internacional\/ryanair-se-asocia-con-adobe-para-mejorar-su-app-y-pagina-web\/","name":"Ryanair se asocia con Adobe para mejorar su app y p\u00e1gina web","isPartOf":{"@id":"https:\/\/aeronoticias.com.pe\/noticiero\/#website"},"primaryImageOfPage":{"@id":"https:\/\/aeronoticias.com.pe\/noticiero\/transporte-aereo\/internacional\/ryanair-se-asocia-con-adobe-para-mejorar-su-app-y-pagina-web\/#primaryimage"},"image":{"@id":"https:\/\/aeronoticias.com.pe\/noticiero\/transporte-aereo\/internacional\/ryanair-se-asocia-con-adobe-para-mejorar-su-app-y-pagina-web\/#primaryimage"},"thumbnailUrl":"http:\/\/2.bp.blogspot.com\/-Xd335LKFFys\/VUJQ_XSR2cI\/AAAAAAAAmUs\/7I-b7eDysxA\/s1600\/Ryanair%2B-%2BAdobe.png","datePublished":"2015-05-01T15:12:23+00:00","author":{"@id":"https:\/\/aeronoticias.com.pe\/noticiero\/#\/schema\/person\/fc1e5d578f4b62ba1cf7ac2bba1170a0"},"description":"Portal de noticias del Per\u00fa sobre el transporte a\u00e9reo, aviaci\u00f3n, turismo, hoteleria, actualidad.","breadcrumb":{"@id":"https:\/\/aeronoticias.com.pe\/noticiero\/transporte-aereo\/internacional\/ryanair-se-asocia-con-adobe-para-mejorar-su-app-y-pagina-web\/#breadcrumb"},"inLanguage":"es","potentialAction":[{"@type":"ReadAction","target":["https:\/\/aeronoticias.com.pe\/noticiero\/transporte-aereo\/internacional\/ryanair-se-asocia-con-adobe-para-mejorar-su-app-y-pagina-web\/"]}]},{"@type":"ImageObject","inLanguage":"es","@id":"https:\/\/aeronoticias.com.pe\/noticiero\/transporte-aereo\/internacional\/ryanair-se-asocia-con-adobe-para-mejorar-su-app-y-pagina-web\/#primaryimage","url":"http:\/\/2.bp.blogspot.com\/-Xd335LKFFys\/VUJQ_XSR2cI\/AAAAAAAAmUs\/7I-b7eDysxA\/s1600\/Ryanair%2B-%2BAdobe.png","contentUrl":"http:\/\/2.bp.blogspot.com\/-Xd335LKFFys\/VUJQ_XSR2cI\/AAAAAAAAmUs\/7I-b7eDysxA\/s1600\/Ryanair%2B-%2BAdobe.png"},{"@type":"BreadcrumbList","@id":"https:\/\/aeronoticias.com.pe\/noticiero\/transporte-aereo\/internacional\/ryanair-se-asocia-con-adobe-para-mejorar-su-app-y-pagina-web\/#breadcrumb","itemListElement":[{"@type":"ListItem","position":1,"name":"Portada","item":"https:\/\/aeronoticias.com.pe\/noticiero\/"},{"@type":"ListItem","position":2,"name":"Ryanair se asocia con Adobe para mejorar su app y p\u00e1gina web"}]},{"@type":"WebSite","@id":"https:\/\/aeronoticias.com.pe\/noticiero\/#website","url":"https:\/\/aeronoticias.com.pe\/noticiero\/","name":"Aeronoticias.com.pe","description":"Noticias de tranporte aereo, turismo, hoteles, gastronomia, actualidad, internacional","potentialAction":[{"@type":"SearchAction","target":{"@type":"EntryPoint","urlTemplate":"https:\/\/aeronoticias.com.pe\/noticiero\/?s={search_term_string}"},"query-input":{"@type":"PropertyValueSpecification","valueRequired":true,"valueName":"search_term_string"}}],"inLanguage":"es"},{"@type":"Person","@id":"https:\/\/aeronoticias.com.pe\/noticiero\/#\/schema\/person\/fc1e5d578f4b62ba1cf7ac2bba1170a0","name":"Redacci\u00f3n Aeronoticias","url":"https:\/\/aeronoticias.com.pe\/noticiero\/author\/piloto\/"}]}},"_links":{"self":[{"href":"https:\/\/aeronoticias.com.pe\/noticiero\/wp-json\/wp\/v2\/posts\/52347","targetHints":{"allow":["GET"]}}],"collection":[{"href":"https:\/\/aeronoticias.com.pe\/noticiero\/wp-json\/wp\/v2\/posts"}],"about":[{"href":"https:\/\/aeronoticias.com.pe\/noticiero\/wp-json\/wp\/v2\/types\/post"}],"author":[{"embeddable":true,"href":"https:\/\/aeronoticias.com.pe\/noticiero\/wp-json\/wp\/v2\/users\/1"}],"replies":[{"embeddable":true,"href":"https:\/\/aeronoticias.com.pe\/noticiero\/wp-json\/wp\/v2\/comments?post=52347"}],"version-history":[{"count":0,"href":"https:\/\/aeronoticias.com.pe\/noticiero\/wp-json\/wp\/v2\/posts\/52347\/revisions"}],"wp:attachment":[{"href":"https:\/\/aeronoticias.com.pe\/noticiero\/wp-json\/wp\/v2\/media?parent=52347"}],"wp:term":[{"taxonomy":"category","embeddable":true,"href":"https:\/\/aeronoticias.com.pe\/noticiero\/wp-json\/wp\/v2\/categories?post=52347"},{"taxonomy":"post_tag","embeddable":true,"href":"https:\/\/aeronoticias.com.pe\/noticiero\/wp-json\/wp\/v2\/tags?post=52347"}],"curies":[{"name":"wp","href":"https:\/\/api.w.org\/{rel}","templated":true}]}}