{"id":52349,"date":"2015-05-01T15:16:11","date_gmt":"2015-05-01T15:16:11","guid":{"rendered":"http:\/\/desarrollo.mcvicious.com\/aero2020\/2015\/05\/01\/emirates-estrenara-su-segundo-vuelo-diario-entre-barcelona-y-dubai\/"},"modified":"2015-05-01T15:16:11","modified_gmt":"2015-05-01T15:16:11","slug":"emirates-estrenara-su-segundo-vuelo-diario-entre-barcelona-y-dubai","status":"publish","type":"post","link":"https:\/\/aeronoticias.com.pe\/noticiero\/transporte-aereo\/internacional\/emirates-estrenara-su-segundo-vuelo-diario-entre-barcelona-y-dubai\/","title":{"rendered":"Emirates estrenar\u00e1 su segundo vuelo diario entre Barcelona y Dub\u00e1i"},"content":{"rendered":"<p style=\"text-align: justify;\"><strong>(Aeronoticias)<\/strong>.-\u00a0Emirates estrenar\u00e1 el pr\u00f3ximo s\u00e1bado 2 de mayo su segundo vuelo diario entre Barcelona y Dub\u00e1i, que se suma a la conexi\u00f3n diaria ya existente que desde febrero del pasado a\u00f1o se realiza con un A380.<\/p>\n<p style=\"text-align: justify;\">La aerol\u00ednea segura que las operaciones de Emirates en Espa\u00f1a han propiciado m\u00e1s de 4.030 empleos directos, indirectos o inducidos y tuvieron un impacto econ\u00f3mico de 325 millones de euros en el a\u00f1o financiero 2013\/14.<\/p>\n<p style=\"text-align: justify;\">En este contexto conf\u00edan en que este segundo servicio diario desde Barcelona contribuir\u00e1 a incrementar a\u00fan m\u00e1s este positivo impacto econ\u00f3mico.<\/p>\n<p style=\"text-align: justify;\">\u00abBarcelona es una historia de enorme \u00e9xito para Emirates: en menos de tres a\u00f1os hemos inaugurado un servicio diario cuya capacidad hemos tenido que aumentar significativamente para satisfacer la demanda de los clientes, y ahora estrenamos tambi\u00e9n este segundo vuelo diario que supone un gran impulso a nuestras operaciones\u00bb, asegur\u00f3 el director general de Emirates para Espa\u00f1a, Fern\u00e1ndo Su\u00e1rez de G\u00f3ngora.<\/p>\n<p style=\"text-align: justify;\">Fuente: <span style=\"text-decoration: underline;\"><em><strong>Aviaci\u00f3n al d\u00eda<\/strong><\/em><\/span>.<\/p>\n<p style=\"text-align: justify;\"><img decoding=\"async\" src=\"http:\/\/4.bp.blogspot.com\/-8NqODbDc2gA\/VUJhXB8K8GI\/AAAAAAAAmVI\/BmaQQpele3Q\/s1600\/Emirates.png\" border=\"0\" \/><\/p>\n","protected":false},"excerpt":{"rendered":"<p>(Aeronoticias).-\u00a0Emirates estrenar\u00e1 el pr\u00f3ximo s\u00e1bado 2 de mayo su segundo vuelo diario entre Barcelona y Dub\u00e1i, que se suma a la conexi\u00f3n diaria ya existente que desde febrero del pasado a\u00f1o se realiza con un A380. La aerol\u00ednea segura que las operaciones de Emirates en Espa\u00f1a han propiciado m\u00e1s de 4.030 empleos directos, indirectos o [&hellip;]<\/p>\n","protected":false},"author":1,"featured_media":0,"comment_status":"open","ping_status":"open","sticky":false,"template":"","format":"standard","meta":{"tdm_status":"","tdm_grid_status":"","footnotes":""},"categories":[32],"tags":[],"class_list":{"0":"post-52349","1":"post","2":"type-post","3":"status-publish","4":"format-standard","6":"category-internacional"},"yoast_head":"<!-- This site is optimized with the Yoast SEO plugin v25.1 - https:\/\/yoast.com\/wordpress\/plugins\/seo\/ -->\n<title>Emirates estrenar\u00e1 su segundo vuelo diario entre Barcelona y Dub\u00e1i<\/title>\n<meta name=\"description\" content=\"Portal de noticias del Per\u00fa sobre el transporte a\u00e9reo, aviaci\u00f3n, turismo, hoteleria, actualidad.\" \/>\n<meta name=\"robots\" content=\"index, follow, max-snippet:-1, max-image-preview:large, max-video-preview:-1\" \/>\n<link rel=\"canonical\" href=\"https:\/\/aeronoticias.com.pe\/noticiero\/transporte-aereo\/internacional\/emirates-estrenara-su-segundo-vuelo-diario-entre-barcelona-y-dubai\/\" \/>\n<meta property=\"og:locale\" content=\"es_ES\" \/>\n<meta property=\"og:type\" content=\"article\" \/>\n<meta property=\"og:title\" content=\"Emirates estrenar\u00e1 su segundo vuelo diario entre Barcelona y Dub\u00e1i\" \/>\n<meta property=\"og:description\" content=\"Portal de noticias del Per\u00fa sobre el transporte a\u00e9reo, aviaci\u00f3n, turismo, hoteleria, actualidad.\" \/>\n<meta property=\"og:url\" content=\"https:\/\/aeronoticias.com.pe\/noticiero\/transporte-aereo\/internacional\/emirates-estrenara-su-segundo-vuelo-diario-entre-barcelona-y-dubai\/\" \/>\n<meta property=\"og:site_name\" content=\"Aeronoticias.com.pe\" \/>\n<meta property=\"article:publisher\" content=\"https:\/\/www.facebook.com\/Aeronoticias.com.pe\/\" \/>\n<meta property=\"article:published_time\" content=\"2015-05-01T15:16:11+00:00\" \/>\n<meta property=\"og:image\" content=\"http:\/\/4.bp.blogspot.com\/-8NqODbDc2gA\/VUJhXB8K8GI\/AAAAAAAAmVI\/BmaQQpele3Q\/s1600\/Emirates.png\" \/>\n<meta name=\"author\" content=\"Redacci\u00f3n Aeronoticias\" \/>\n<meta name=\"twitter:card\" content=\"summary_large_image\" \/>\n<meta name=\"twitter:creator\" content=\"@aeronoticias\" \/>\n<meta name=\"twitter:site\" content=\"@aeronoticias\" \/>\n<meta name=\"twitter:label1\" content=\"Escrito por\" \/>\n\t<meta name=\"twitter:data1\" content=\"Redacci\u00f3n Aeronoticias\" \/>\n\t<meta name=\"twitter:label2\" content=\"Tiempo de lectura\" \/>\n\t<meta name=\"twitter:data2\" content=\"1 minuto\" \/>\n<script type=\"application\/ld+json\" class=\"yoast-schema-graph\">{\"@context\":\"https:\/\/schema.org\",\"@graph\":[{\"@type\":\"WebPage\",\"@id\":\"https:\/\/aeronoticias.com.pe\/noticiero\/transporte-aereo\/internacional\/emirates-estrenara-su-segundo-vuelo-diario-entre-barcelona-y-dubai\/\",\"url\":\"https:\/\/aeronoticias.com.pe\/noticiero\/transporte-aereo\/internacional\/emirates-estrenara-su-segundo-vuelo-diario-entre-barcelona-y-dubai\/\",\"name\":\"Emirates estrenar\u00e1 su segundo vuelo diario entre Barcelona y Dub\u00e1i\",\"isPartOf\":{\"@id\":\"https:\/\/aeronoticias.com.pe\/noticiero\/#website\"},\"primaryImageOfPage\":{\"@id\":\"https:\/\/aeronoticias.com.pe\/noticiero\/transporte-aereo\/internacional\/emirates-estrenara-su-segundo-vuelo-diario-entre-barcelona-y-dubai\/#primaryimage\"},\"image\":{\"@id\":\"https:\/\/aeronoticias.com.pe\/noticiero\/transporte-aereo\/internacional\/emirates-estrenara-su-segundo-vuelo-diario-entre-barcelona-y-dubai\/#primaryimage\"},\"thumbnailUrl\":\"http:\/\/4.bp.blogspot.com\/-8NqODbDc2gA\/VUJhXB8K8GI\/AAAAAAAAmVI\/BmaQQpele3Q\/s1600\/Emirates.png\",\"datePublished\":\"2015-05-01T15:16:11+00:00\",\"author\":{\"@id\":\"https:\/\/aeronoticias.com.pe\/noticiero\/#\/schema\/person\/fc1e5d578f4b62ba1cf7ac2bba1170a0\"},\"description\":\"Portal de noticias del Per\u00fa sobre el transporte a\u00e9reo, aviaci\u00f3n, turismo, hoteleria, actualidad.\",\"breadcrumb\":{\"@id\":\"https:\/\/aeronoticias.com.pe\/noticiero\/transporte-aereo\/internacional\/emirates-estrenara-su-segundo-vuelo-diario-entre-barcelona-y-dubai\/#breadcrumb\"},\"inLanguage\":\"es\",\"potentialAction\":[{\"@type\":\"ReadAction\",\"target\":[\"https:\/\/aeronoticias.com.pe\/noticiero\/transporte-aereo\/internacional\/emirates-estrenara-su-segundo-vuelo-diario-entre-barcelona-y-dubai\/\"]}]},{\"@type\":\"ImageObject\",\"inLanguage\":\"es\",\"@id\":\"https:\/\/aeronoticias.com.pe\/noticiero\/transporte-aereo\/internacional\/emirates-estrenara-su-segundo-vuelo-diario-entre-barcelona-y-dubai\/#primaryimage\",\"url\":\"http:\/\/4.bp.blogspot.com\/-8NqODbDc2gA\/VUJhXB8K8GI\/AAAAAAAAmVI\/BmaQQpele3Q\/s1600\/Emirates.png\",\"contentUrl\":\"http:\/\/4.bp.blogspot.com\/-8NqODbDc2gA\/VUJhXB8K8GI\/AAAAAAAAmVI\/BmaQQpele3Q\/s1600\/Emirates.png\"},{\"@type\":\"BreadcrumbList\",\"@id\":\"https:\/\/aeronoticias.com.pe\/noticiero\/transporte-aereo\/internacional\/emirates-estrenara-su-segundo-vuelo-diario-entre-barcelona-y-dubai\/#breadcrumb\",\"itemListElement\":[{\"@type\":\"ListItem\",\"position\":1,\"name\":\"Portada\",\"item\":\"https:\/\/aeronoticias.com.pe\/noticiero\/\"},{\"@type\":\"ListItem\",\"position\":2,\"name\":\"Emirates estrenar\u00e1 su segundo vuelo diario entre Barcelona y Dub\u00e1i\"}]},{\"@type\":\"WebSite\",\"@id\":\"https:\/\/aeronoticias.com.pe\/noticiero\/#website\",\"url\":\"https:\/\/aeronoticias.com.pe\/noticiero\/\",\"name\":\"Aeronoticias.com.pe\",\"description\":\"Noticias de tranporte aereo, turismo, hoteles, gastronomia, actualidad, internacional\",\"potentialAction\":[{\"@type\":\"SearchAction\",\"target\":{\"@type\":\"EntryPoint\",\"urlTemplate\":\"https:\/\/aeronoticias.com.pe\/noticiero\/?s={search_term_string}\"},\"query-input\":{\"@type\":\"PropertyValueSpecification\",\"valueRequired\":true,\"valueName\":\"search_term_string\"}}],\"inLanguage\":\"es\"},{\"@type\":\"Person\",\"@id\":\"https:\/\/aeronoticias.com.pe\/noticiero\/#\/schema\/person\/fc1e5d578f4b62ba1cf7ac2bba1170a0\",\"name\":\"Redacci\u00f3n Aeronoticias\",\"url\":\"https:\/\/aeronoticias.com.pe\/noticiero\/author\/piloto\/\"}]}<\/script>\n<!-- \/ Yoast SEO plugin. -->","yoast_head_json":{"title":"Emirates estrenar\u00e1 su segundo vuelo diario entre Barcelona y Dub\u00e1i","description":"Portal de noticias del Per\u00fa sobre el transporte a\u00e9reo, aviaci\u00f3n, turismo, hoteleria, actualidad.","robots":{"index":"index","follow":"follow","max-snippet":"max-snippet:-1","max-image-preview":"max-image-preview:large","max-video-preview":"max-video-preview:-1"},"canonical":"https:\/\/aeronoticias.com.pe\/noticiero\/transporte-aereo\/internacional\/emirates-estrenara-su-segundo-vuelo-diario-entre-barcelona-y-dubai\/","og_locale":"es_ES","og_type":"article","og_title":"Emirates estrenar\u00e1 su segundo vuelo diario entre Barcelona y Dub\u00e1i","og_description":"Portal de noticias del Per\u00fa sobre el transporte a\u00e9reo, aviaci\u00f3n, turismo, hoteleria, actualidad.","og_url":"https:\/\/aeronoticias.com.pe\/noticiero\/transporte-aereo\/internacional\/emirates-estrenara-su-segundo-vuelo-diario-entre-barcelona-y-dubai\/","og_site_name":"Aeronoticias.com.pe","article_publisher":"https:\/\/www.facebook.com\/Aeronoticias.com.pe\/","article_published_time":"2015-05-01T15:16:11+00:00","og_image":[{"url":"http:\/\/4.bp.blogspot.com\/-8NqODbDc2gA\/VUJhXB8K8GI\/AAAAAAAAmVI\/BmaQQpele3Q\/s1600\/Emirates.png","type":"","width":"","height":""}],"author":"Redacci\u00f3n Aeronoticias","twitter_card":"summary_large_image","twitter_creator":"@aeronoticias","twitter_site":"@aeronoticias","twitter_misc":{"Escrito por":"Redacci\u00f3n Aeronoticias","Tiempo de lectura":"1 minuto"},"schema":{"@context":"https:\/\/schema.org","@graph":[{"@type":"WebPage","@id":"https:\/\/aeronoticias.com.pe\/noticiero\/transporte-aereo\/internacional\/emirates-estrenara-su-segundo-vuelo-diario-entre-barcelona-y-dubai\/","url":"https:\/\/aeronoticias.com.pe\/noticiero\/transporte-aereo\/internacional\/emirates-estrenara-su-segundo-vuelo-diario-entre-barcelona-y-dubai\/","name":"Emirates estrenar\u00e1 su segundo vuelo diario entre Barcelona y Dub\u00e1i","isPartOf":{"@id":"https:\/\/aeronoticias.com.pe\/noticiero\/#website"},"primaryImageOfPage":{"@id":"https:\/\/aeronoticias.com.pe\/noticiero\/transporte-aereo\/internacional\/emirates-estrenara-su-segundo-vuelo-diario-entre-barcelona-y-dubai\/#primaryimage"},"image":{"@id":"https:\/\/aeronoticias.com.pe\/noticiero\/transporte-aereo\/internacional\/emirates-estrenara-su-segundo-vuelo-diario-entre-barcelona-y-dubai\/#primaryimage"},"thumbnailUrl":"http:\/\/4.bp.blogspot.com\/-8NqODbDc2gA\/VUJhXB8K8GI\/AAAAAAAAmVI\/BmaQQpele3Q\/s1600\/Emirates.png","datePublished":"2015-05-01T15:16:11+00:00","author":{"@id":"https:\/\/aeronoticias.com.pe\/noticiero\/#\/schema\/person\/fc1e5d578f4b62ba1cf7ac2bba1170a0"},"description":"Portal de noticias del Per\u00fa sobre el transporte a\u00e9reo, aviaci\u00f3n, turismo, hoteleria, actualidad.","breadcrumb":{"@id":"https:\/\/aeronoticias.com.pe\/noticiero\/transporte-aereo\/internacional\/emirates-estrenara-su-segundo-vuelo-diario-entre-barcelona-y-dubai\/#breadcrumb"},"inLanguage":"es","potentialAction":[{"@type":"ReadAction","target":["https:\/\/aeronoticias.com.pe\/noticiero\/transporte-aereo\/internacional\/emirates-estrenara-su-segundo-vuelo-diario-entre-barcelona-y-dubai\/"]}]},{"@type":"ImageObject","inLanguage":"es","@id":"https:\/\/aeronoticias.com.pe\/noticiero\/transporte-aereo\/internacional\/emirates-estrenara-su-segundo-vuelo-diario-entre-barcelona-y-dubai\/#primaryimage","url":"http:\/\/4.bp.blogspot.com\/-8NqODbDc2gA\/VUJhXB8K8GI\/AAAAAAAAmVI\/BmaQQpele3Q\/s1600\/Emirates.png","contentUrl":"http:\/\/4.bp.blogspot.com\/-8NqODbDc2gA\/VUJhXB8K8GI\/AAAAAAAAmVI\/BmaQQpele3Q\/s1600\/Emirates.png"},{"@type":"BreadcrumbList","@id":"https:\/\/aeronoticias.com.pe\/noticiero\/transporte-aereo\/internacional\/emirates-estrenara-su-segundo-vuelo-diario-entre-barcelona-y-dubai\/#breadcrumb","itemListElement":[{"@type":"ListItem","position":1,"name":"Portada","item":"https:\/\/aeronoticias.com.pe\/noticiero\/"},{"@type":"ListItem","position":2,"name":"Emirates estrenar\u00e1 su segundo vuelo diario entre Barcelona y Dub\u00e1i"}]},{"@type":"WebSite","@id":"https:\/\/aeronoticias.com.pe\/noticiero\/#website","url":"https:\/\/aeronoticias.com.pe\/noticiero\/","name":"Aeronoticias.com.pe","description":"Noticias de tranporte aereo, turismo, hoteles, gastronomia, actualidad, internacional","potentialAction":[{"@type":"SearchAction","target":{"@type":"EntryPoint","urlTemplate":"https:\/\/aeronoticias.com.pe\/noticiero\/?s={search_term_string}"},"query-input":{"@type":"PropertyValueSpecification","valueRequired":true,"valueName":"search_term_string"}}],"inLanguage":"es"},{"@type":"Person","@id":"https:\/\/aeronoticias.com.pe\/noticiero\/#\/schema\/person\/fc1e5d578f4b62ba1cf7ac2bba1170a0","name":"Redacci\u00f3n Aeronoticias","url":"https:\/\/aeronoticias.com.pe\/noticiero\/author\/piloto\/"}]}},"_links":{"self":[{"href":"https:\/\/aeronoticias.com.pe\/noticiero\/wp-json\/wp\/v2\/posts\/52349","targetHints":{"allow":["GET"]}}],"collection":[{"href":"https:\/\/aeronoticias.com.pe\/noticiero\/wp-json\/wp\/v2\/posts"}],"about":[{"href":"https:\/\/aeronoticias.com.pe\/noticiero\/wp-json\/wp\/v2\/types\/post"}],"author":[{"embeddable":true,"href":"https:\/\/aeronoticias.com.pe\/noticiero\/wp-json\/wp\/v2\/users\/1"}],"replies":[{"embeddable":true,"href":"https:\/\/aeronoticias.com.pe\/noticiero\/wp-json\/wp\/v2\/comments?post=52349"}],"version-history":[{"count":0,"href":"https:\/\/aeronoticias.com.pe\/noticiero\/wp-json\/wp\/v2\/posts\/52349\/revisions"}],"wp:attachment":[{"href":"https:\/\/aeronoticias.com.pe\/noticiero\/wp-json\/wp\/v2\/media?parent=52349"}],"wp:term":[{"taxonomy":"category","embeddable":true,"href":"https:\/\/aeronoticias.com.pe\/noticiero\/wp-json\/wp\/v2\/categories?post=52349"},{"taxonomy":"post_tag","embeddable":true,"href":"https:\/\/aeronoticias.com.pe\/noticiero\/wp-json\/wp\/v2\/tags?post=52349"}],"curies":[{"name":"wp","href":"https:\/\/api.w.org\/{rel}","templated":true}]}}