{"id":5235,"date":"2009-09-18T15:32:15","date_gmt":"2009-09-18T15:32:15","guid":{"rendered":"http:\/\/desarrollo.mcvicious.com\/aero2020\/2009\/09\/18\/la-empleada-de-france-telecom-que-se-suicido-envio-un-email-a-su-padre\/"},"modified":"2009-09-18T15:32:15","modified_gmt":"2009-09-18T15:32:15","slug":"la-empleada-de-france-telecom-que-se-suicido-envio-un-email-a-su-padre","status":"publish","type":"post","link":"https:\/\/aeronoticias.com.pe\/noticiero\/ultimas\/1\/la-empleada-de-france-telecom-que-se-suicido-envio-un-email-a-su-padre\/","title":{"rendered":"LA EMPLEADA DE TELECOM QUE SE SUICID\u00d3 ENVI\u00d3 UN EMAIL A SU PADRE"},"content":{"rendered":"<div align=\"justify\">\u00abEsta noche ser\u00e1 la empleada n\u00famero 23 que se suicida\u00bb, escribi\u00f3 Stephanie, de 32 a\u00f1os, que trabajaba en el gigante franc\u00e9s de las telecomunicaciones, France Telecom, y que el pasado viernes se arroj\u00f3 por la ventana de su oficina parisina. Esa es una de las frases de un correo electr\u00f3nico que minutos antes de pasar al acto le envi\u00f3 a su padre y que este jueves revel\u00f3 la revista francesa Par\u00eds Match.<\/p>\n<p>\u00abCuando hablamos por tel\u00e9fono esta ma\u00f1ana y me dijiste que te parec\u00eda que no estaba bien de \u00e1nimo, ten\u00edas raz\u00f3n. Mis pulsiones suicidas han vuelto y he decidido hacerlo esta noche\u00bb, escribi\u00f3 la muchacha que se arroj\u00f3 desde un cuarto piso. Veintitr\u00e9s empleados de France Telecom se suicidaron desde febrero de 2008. Los sindicatos lo atribuyen al estr\u00e9s del trabajo y los planes de reestructuraci\u00f3n.<\/p>\n<div style=\"text-align: center\"><img decoding=\"async\" src=\"images\/stories\/09\/09\/180909\/francetelecom.jpg\" border=\"0\" alt=\"france telecom\" title=\"france telecom\" \/><\/div>\n<p>\u00abPor supuesto, mi jefe no sabe nada pero ser\u00e9 la empleada n\u00famero 23 que se suicida. No acepto la nueva reorganizaci\u00f3n del servicio. Van a cambiar a mi jefe y para tener al que voy a tener, prefiero morirme\u00bb, agrega. \u00abDejo mi bolso con los tel\u00e9fonos y las llaves en mi oficina. S\u00f3lo me llevar\u00e9 conmigo mi tarjeta de donante de \u00f3rganos&#8230;nunca se sabe\u00bb, escribi\u00f3.<\/p>\n<p>Este mensaje electr\u00f3nico, que el padre de Stephanie entreg\u00f3 a Par\u00eds Match, fue enviado a las 17H10 del viernes pasado. Minutos despu\u00e9s, la joven pas\u00f3 al acto. Gravemente herida, muri\u00f3 tras dos horas de agon\u00eda seg\u00fan sus colegas que fueron testigos de la tragedia. El martes pasado, presionado por el gobierno franc\u00e9s, France Telecom prometi\u00f3 cambiar sus m\u00e9todos de gesti\u00f3n para frenar esta \u00abespiral terrible\u00bb de suicidios.<\/div>\n","protected":false},"excerpt":{"rendered":"<p>\u00abEsta noche ser\u00e1 la empleada n\u00famero 23 que se suicida\u00bb, escribi\u00f3 Stephanie, de 32 a\u00f1os, que trabajaba en el gigante franc\u00e9s de las telecomunicaciones, France Telecom, y que el pasado viernes se arroj\u00f3 por la ventana de su oficina parisina. Esa es una de las frases de un correo electr\u00f3nico que minutos antes de pasar [&hellip;]<\/p>\n","protected":false},"author":1,"featured_media":0,"comment_status":"open","ping_status":"open","sticky":false,"template":"","format":"standard","meta":{"tdm_status":"","tdm_grid_status":"","footnotes":""},"categories":[30],"tags":[],"class_list":{"0":"post-5235","1":"post","2":"type-post","3":"status-publish","4":"format-standard","6":"category-30"},"yoast_head":"<!-- This site is optimized with the Yoast SEO plugin v25.1 - https:\/\/yoast.com\/wordpress\/plugins\/seo\/ -->\n<title>LA EMPLEADA DE TELECOM QUE SE SUICID\u00d3 ENVI\u00d3 UN EMAIL A SU PADRE<\/title>\n<meta name=\"description\" content=\"Portal de noticias del Per\u00fa sobre el transporte a\u00e9reo, aviaci\u00f3n, turismo, hoteleria, actualidad.\" \/>\n<meta name=\"robots\" content=\"index, follow, max-snippet:-1, max-image-preview:large, max-video-preview:-1\" \/>\n<link rel=\"canonical\" href=\"https:\/\/aeronoticias.com.pe\/noticiero\/ultimas\/1\/la-empleada-de-france-telecom-que-se-suicido-envio-un-email-a-su-padre\/\" \/>\n<meta property=\"og:locale\" content=\"es_ES\" \/>\n<meta property=\"og:type\" content=\"article\" \/>\n<meta property=\"og:title\" content=\"LA EMPLEADA DE TELECOM QUE SE SUICID\u00d3 ENVI\u00d3 UN EMAIL A SU PADRE\" \/>\n<meta property=\"og:description\" content=\"Portal de noticias del Per\u00fa sobre el transporte a\u00e9reo, aviaci\u00f3n, turismo, hoteleria, actualidad.\" \/>\n<meta property=\"og:url\" content=\"https:\/\/aeronoticias.com.pe\/noticiero\/ultimas\/1\/la-empleada-de-france-telecom-que-se-suicido-envio-un-email-a-su-padre\/\" \/>\n<meta property=\"og:site_name\" content=\"Aeronoticias.com.pe\" \/>\n<meta property=\"article:publisher\" content=\"https:\/\/www.facebook.com\/Aeronoticias.com.pe\/\" \/>\n<meta property=\"article:published_time\" content=\"2009-09-18T15:32:15+00:00\" \/>\n<meta name=\"author\" content=\"Redacci\u00f3n Aeronoticias\" \/>\n<meta name=\"twitter:card\" content=\"summary_large_image\" \/>\n<meta name=\"twitter:creator\" content=\"@aeronoticias\" \/>\n<meta name=\"twitter:site\" content=\"@aeronoticias\" \/>\n<meta name=\"twitter:label1\" content=\"Escrito por\" \/>\n\t<meta name=\"twitter:data1\" content=\"Redacci\u00f3n Aeronoticias\" \/>\n\t<meta name=\"twitter:label2\" content=\"Tiempo de lectura\" \/>\n\t<meta name=\"twitter:data2\" content=\"1 minuto\" \/>\n<script type=\"application\/ld+json\" class=\"yoast-schema-graph\">{\"@context\":\"https:\/\/schema.org\",\"@graph\":[{\"@type\":\"WebPage\",\"@id\":\"https:\/\/aeronoticias.com.pe\/noticiero\/ultimas\/1\/la-empleada-de-france-telecom-que-se-suicido-envio-un-email-a-su-padre\/\",\"url\":\"https:\/\/aeronoticias.com.pe\/noticiero\/ultimas\/1\/la-empleada-de-france-telecom-que-se-suicido-envio-un-email-a-su-padre\/\",\"name\":\"LA EMPLEADA DE TELECOM QUE SE SUICID\u00d3 ENVI\u00d3 UN EMAIL A SU PADRE\",\"isPartOf\":{\"@id\":\"https:\/\/aeronoticias.com.pe\/noticiero\/#website\"},\"datePublished\":\"2009-09-18T15:32:15+00:00\",\"author\":{\"@id\":\"https:\/\/aeronoticias.com.pe\/noticiero\/#\/schema\/person\/fc1e5d578f4b62ba1cf7ac2bba1170a0\"},\"description\":\"Portal de noticias del Per\u00fa sobre el transporte a\u00e9reo, aviaci\u00f3n, turismo, hoteleria, actualidad.\",\"breadcrumb\":{\"@id\":\"https:\/\/aeronoticias.com.pe\/noticiero\/ultimas\/1\/la-empleada-de-france-telecom-que-se-suicido-envio-un-email-a-su-padre\/#breadcrumb\"},\"inLanguage\":\"es\",\"potentialAction\":[{\"@type\":\"ReadAction\",\"target\":[\"https:\/\/aeronoticias.com.pe\/noticiero\/ultimas\/1\/la-empleada-de-france-telecom-que-se-suicido-envio-un-email-a-su-padre\/\"]}]},{\"@type\":\"BreadcrumbList\",\"@id\":\"https:\/\/aeronoticias.com.pe\/noticiero\/ultimas\/1\/la-empleada-de-france-telecom-que-se-suicido-envio-un-email-a-su-padre\/#breadcrumb\",\"itemListElement\":[{\"@type\":\"ListItem\",\"position\":1,\"name\":\"Portada\",\"item\":\"https:\/\/aeronoticias.com.pe\/noticiero\/\"},{\"@type\":\"ListItem\",\"position\":2,\"name\":\"LA EMPLEADA DE TELECOM QUE SE SUICID\u00d3 ENVI\u00d3 UN EMAIL A SU PADRE\"}]},{\"@type\":\"WebSite\",\"@id\":\"https:\/\/aeronoticias.com.pe\/noticiero\/#website\",\"url\":\"https:\/\/aeronoticias.com.pe\/noticiero\/\",\"name\":\"Aeronoticias.com.pe\",\"description\":\"Noticias de tranporte aereo, turismo, hoteles, gastronomia, actualidad, internacional\",\"potentialAction\":[{\"@type\":\"SearchAction\",\"target\":{\"@type\":\"EntryPoint\",\"urlTemplate\":\"https:\/\/aeronoticias.com.pe\/noticiero\/?s={search_term_string}\"},\"query-input\":{\"@type\":\"PropertyValueSpecification\",\"valueRequired\":true,\"valueName\":\"search_term_string\"}}],\"inLanguage\":\"es\"},{\"@type\":\"Person\",\"@id\":\"https:\/\/aeronoticias.com.pe\/noticiero\/#\/schema\/person\/fc1e5d578f4b62ba1cf7ac2bba1170a0\",\"name\":\"Redacci\u00f3n Aeronoticias\",\"url\":\"https:\/\/aeronoticias.com.pe\/noticiero\/author\/piloto\/\"}]}<\/script>\n<!-- \/ Yoast SEO plugin. -->","yoast_head_json":{"title":"LA EMPLEADA DE TELECOM QUE SE SUICID\u00d3 ENVI\u00d3 UN EMAIL A SU PADRE","description":"Portal de noticias del Per\u00fa sobre el transporte a\u00e9reo, aviaci\u00f3n, turismo, hoteleria, actualidad.","robots":{"index":"index","follow":"follow","max-snippet":"max-snippet:-1","max-image-preview":"max-image-preview:large","max-video-preview":"max-video-preview:-1"},"canonical":"https:\/\/aeronoticias.com.pe\/noticiero\/ultimas\/1\/la-empleada-de-france-telecom-que-se-suicido-envio-un-email-a-su-padre\/","og_locale":"es_ES","og_type":"article","og_title":"LA EMPLEADA DE TELECOM QUE SE SUICID\u00d3 ENVI\u00d3 UN EMAIL A SU PADRE","og_description":"Portal de noticias del Per\u00fa sobre el transporte a\u00e9reo, aviaci\u00f3n, turismo, hoteleria, actualidad.","og_url":"https:\/\/aeronoticias.com.pe\/noticiero\/ultimas\/1\/la-empleada-de-france-telecom-que-se-suicido-envio-un-email-a-su-padre\/","og_site_name":"Aeronoticias.com.pe","article_publisher":"https:\/\/www.facebook.com\/Aeronoticias.com.pe\/","article_published_time":"2009-09-18T15:32:15+00:00","author":"Redacci\u00f3n Aeronoticias","twitter_card":"summary_large_image","twitter_creator":"@aeronoticias","twitter_site":"@aeronoticias","twitter_misc":{"Escrito por":"Redacci\u00f3n Aeronoticias","Tiempo de lectura":"1 minuto"},"schema":{"@context":"https:\/\/schema.org","@graph":[{"@type":"WebPage","@id":"https:\/\/aeronoticias.com.pe\/noticiero\/ultimas\/1\/la-empleada-de-france-telecom-que-se-suicido-envio-un-email-a-su-padre\/","url":"https:\/\/aeronoticias.com.pe\/noticiero\/ultimas\/1\/la-empleada-de-france-telecom-que-se-suicido-envio-un-email-a-su-padre\/","name":"LA EMPLEADA DE TELECOM QUE SE SUICID\u00d3 ENVI\u00d3 UN EMAIL A SU PADRE","isPartOf":{"@id":"https:\/\/aeronoticias.com.pe\/noticiero\/#website"},"datePublished":"2009-09-18T15:32:15+00:00","author":{"@id":"https:\/\/aeronoticias.com.pe\/noticiero\/#\/schema\/person\/fc1e5d578f4b62ba1cf7ac2bba1170a0"},"description":"Portal de noticias del Per\u00fa sobre el transporte a\u00e9reo, aviaci\u00f3n, turismo, hoteleria, actualidad.","breadcrumb":{"@id":"https:\/\/aeronoticias.com.pe\/noticiero\/ultimas\/1\/la-empleada-de-france-telecom-que-se-suicido-envio-un-email-a-su-padre\/#breadcrumb"},"inLanguage":"es","potentialAction":[{"@type":"ReadAction","target":["https:\/\/aeronoticias.com.pe\/noticiero\/ultimas\/1\/la-empleada-de-france-telecom-que-se-suicido-envio-un-email-a-su-padre\/"]}]},{"@type":"BreadcrumbList","@id":"https:\/\/aeronoticias.com.pe\/noticiero\/ultimas\/1\/la-empleada-de-france-telecom-que-se-suicido-envio-un-email-a-su-padre\/#breadcrumb","itemListElement":[{"@type":"ListItem","position":1,"name":"Portada","item":"https:\/\/aeronoticias.com.pe\/noticiero\/"},{"@type":"ListItem","position":2,"name":"LA EMPLEADA DE TELECOM QUE SE SUICID\u00d3 ENVI\u00d3 UN EMAIL A SU PADRE"}]},{"@type":"WebSite","@id":"https:\/\/aeronoticias.com.pe\/noticiero\/#website","url":"https:\/\/aeronoticias.com.pe\/noticiero\/","name":"Aeronoticias.com.pe","description":"Noticias de tranporte aereo, turismo, hoteles, gastronomia, actualidad, internacional","potentialAction":[{"@type":"SearchAction","target":{"@type":"EntryPoint","urlTemplate":"https:\/\/aeronoticias.com.pe\/noticiero\/?s={search_term_string}"},"query-input":{"@type":"PropertyValueSpecification","valueRequired":true,"valueName":"search_term_string"}}],"inLanguage":"es"},{"@type":"Person","@id":"https:\/\/aeronoticias.com.pe\/noticiero\/#\/schema\/person\/fc1e5d578f4b62ba1cf7ac2bba1170a0","name":"Redacci\u00f3n Aeronoticias","url":"https:\/\/aeronoticias.com.pe\/noticiero\/author\/piloto\/"}]}},"_links":{"self":[{"href":"https:\/\/aeronoticias.com.pe\/noticiero\/wp-json\/wp\/v2\/posts\/5235","targetHints":{"allow":["GET"]}}],"collection":[{"href":"https:\/\/aeronoticias.com.pe\/noticiero\/wp-json\/wp\/v2\/posts"}],"about":[{"href":"https:\/\/aeronoticias.com.pe\/noticiero\/wp-json\/wp\/v2\/types\/post"}],"author":[{"embeddable":true,"href":"https:\/\/aeronoticias.com.pe\/noticiero\/wp-json\/wp\/v2\/users\/1"}],"replies":[{"embeddable":true,"href":"https:\/\/aeronoticias.com.pe\/noticiero\/wp-json\/wp\/v2\/comments?post=5235"}],"version-history":[{"count":0,"href":"https:\/\/aeronoticias.com.pe\/noticiero\/wp-json\/wp\/v2\/posts\/5235\/revisions"}],"wp:attachment":[{"href":"https:\/\/aeronoticias.com.pe\/noticiero\/wp-json\/wp\/v2\/media?parent=5235"}],"wp:term":[{"taxonomy":"category","embeddable":true,"href":"https:\/\/aeronoticias.com.pe\/noticiero\/wp-json\/wp\/v2\/categories?post=5235"},{"taxonomy":"post_tag","embeddable":true,"href":"https:\/\/aeronoticias.com.pe\/noticiero\/wp-json\/wp\/v2\/tags?post=5235"}],"curies":[{"name":"wp","href":"https:\/\/api.w.org\/{rel}","templated":true}]}}