{"id":52350,"date":"2015-05-01T15:17:38","date_gmt":"2015-05-01T15:17:38","guid":{"rendered":"http:\/\/desarrollo.mcvicious.com\/aero2020\/2015\/05\/01\/volaris-inauguro-la-ruta-guadalajara-dallasfort-worth\/"},"modified":"2015-05-01T15:17:38","modified_gmt":"2015-05-01T15:17:38","slug":"volaris-inauguro-la-ruta-guadalajara-dallasfort-worth","status":"publish","type":"post","link":"https:\/\/aeronoticias.com.pe\/noticiero\/transporte-aereo\/internacional\/volaris-inauguro-la-ruta-guadalajara-dallasfort-worth\/","title":{"rendered":"Volaris inaugur\u00f3 la ruta Guadalajara &#8211; Dallas\/Fort Worth"},"content":{"rendered":"<address style=\"text-align: justify;\"><span style=\"font-style: normal;\"><strong>(Aeronoticias)<\/strong>.-\u00a0Volaris, la aerol\u00ednea mexicana de bajo costo, consolida su presencia en Texas con la inauguraci\u00f3n de su nueva ruta internacional que conectar\u00e1 a la ciudad de Guadalajara, Jalisco con Dallas-Fort Worth, Texas a partir del 29 de abril.<\/span><\/address>\n<address style=\"text-align: justify;\"><span style=\"font-style: normal;\"><br \/><\/span><\/address>\n<address style=\"text-align: justify;\"><span style=\"font-style: normal;\">Holger Blankenstein, Director Comercial de Volaris, mencion\u00f3 la importancia de incursionar en Dallas- Fort Worth: \u00abEstamos entusiasmados de continuar nuestra expansi\u00f3n en los Estados Unidos a trav\u00e9s de sus importantes ciudades como lo son Dallas y Fort Worth, regi\u00f3n donde ahora brindamos conectividad a todos los mexicanos que la habitan para que visiten a sus familiares y amigos en M\u00e9xico con tarifas limpias de polvo y paja\u00bb.<\/span><\/address>\n<address style=\"text-align: justify;\"><span style=\"font-style: normal;\"><br \/><\/span><\/address>\n<address style=\"text-align: justify;\"><span style=\"font-style: normal;\">\u00abDe igual modo nuestros Clientes en la Perla Tapat\u00eda contin\u00faan benefici\u00e1ndose de la conectividad que les brindamos para visitar a sus amigos y familiares en ambos lados de la frontera, ya que contamos con la mayor oferta de destinos desde esta ciudad, siendo 20 destinos internacionales y 18 nacionales y con un promedio de 525 vuelos semanales\u00bb, finaliz\u00f3 Holger Blankenstein.<\/span><\/address>\n<address style=\"text-align: justify;\"><span style=\"font-style: normal;\"><br \/><\/span><\/address>\n<address style=\"text-align: justify;\"><span style=\"font-style: normal;\">\u00abEl Aeropuerto Internacional de Dallas-Fort Worth da la bienvenida a Volaris como nuestro m\u00e1s reciente socio\u00bb, menciono John Ackerman, Vicepresidente Ejecutivo de Estrategia y Desarrollo Global del Aeropuerto Internacional de Dallas- Fort Worth.<\/span><\/address>\n<address style=\"text-align: justify;\"><span style=\"font-style: normal;\"><br \/><\/span><\/address>\n<address style=\"text-align: justify;\"><span style=\"font-style: normal;\">\u00abM\u00e9xico es un socio comercial vital para Texas, con m\u00e1s de 190 mil millones de d\u00f3lares combinados en exportaciones e importaciones. Texas genera m\u00e1s comercio con M\u00e9xico que cualquier otro estado de Estados Unidos, y representa el 40 por ciento del tr\u00e1fico internacional del Aeropuerto Internacional de Dallas-Fort Worth. Esta nueva ruta aumenta la oferta de viaje para todos los clientes de M\u00e9xico y aportar\u00e1 mayor crecimiento del mercado de viajeros de placer entre Guadalajara y el Norte de Texas\u00bb.<\/span><\/address>\n<address style=\"text-align: justify;\"><span style=\"font-style: normal;\"><br \/><\/span><\/address>\n<address style=\"text-align: justify;\"><span style=\"font-style: normal;\">Los interesados en volar en la nueva ruta, podr\u00e1n hacerlo en los siguientes horarios y frecuencias, a partir de la fecha de inicio de operaci\u00f3n.<\/span><\/address>\n<address style=\"text-align: justify;\"><span style=\"font-style: normal;\"><br \/><\/span><\/address>\n<address style=\"text-align: justify;\"><span style=\"font-style: normal;\">Fuente: <\/span><span style=\"text-decoration: underline;\"><strong>Aviaci\u00f3n al d\u00eda<\/strong><\/span><span style=\"font-style: normal;\">.<\/span><\/address>\n<address style=\"text-align: justify;\"><img decoding=\"async\" src=\"http:\/\/1.bp.blogspot.com\/-1x7MADKLi4E\/VADf03Vq4EI\/AAAAAAAAh5E\/QQDUSr_vlA4\/s1600\/Volaris.png\" border=\"0\" \/><\/address>\n","protected":false},"excerpt":{"rendered":"<p>(Aeronoticias).-\u00a0Volaris, la aerol\u00ednea mexicana de bajo costo, consolida su presencia en Texas con la inauguraci\u00f3n de su nueva ruta internacional que conectar\u00e1 a la ciudad de Guadalajara, Jalisco con Dallas-Fort Worth, Texas a partir del 29 de abril. Holger Blankenstein, Director Comercial de Volaris, mencion\u00f3 la importancia de incursionar en Dallas- Fort Worth: \u00abEstamos entusiasmados [&hellip;]<\/p>\n","protected":false},"author":1,"featured_media":0,"comment_status":"open","ping_status":"open","sticky":false,"template":"","format":"standard","meta":{"tdm_status":"","tdm_grid_status":"","footnotes":""},"categories":[32],"tags":[],"class_list":{"0":"post-52350","1":"post","2":"type-post","3":"status-publish","4":"format-standard","6":"category-internacional"},"yoast_head":"<!-- This site is optimized with the Yoast SEO plugin v25.1 - https:\/\/yoast.com\/wordpress\/plugins\/seo\/ -->\n<title>Volaris inaugur\u00f3 la ruta Guadalajara - Dallas\/Fort Worth<\/title>\n<meta name=\"description\" content=\"Portal de noticias del Per\u00fa sobre el transporte a\u00e9reo, aviaci\u00f3n, turismo, hoteleria, actualidad.\" \/>\n<meta name=\"robots\" content=\"index, follow, max-snippet:-1, max-image-preview:large, max-video-preview:-1\" \/>\n<link rel=\"canonical\" href=\"https:\/\/aeronoticias.com.pe\/noticiero\/transporte-aereo\/internacional\/volaris-inauguro-la-ruta-guadalajara-dallasfort-worth\/\" \/>\n<meta property=\"og:locale\" content=\"es_ES\" \/>\n<meta property=\"og:type\" content=\"article\" \/>\n<meta property=\"og:title\" content=\"Volaris inaugur\u00f3 la ruta Guadalajara - Dallas\/Fort Worth\" \/>\n<meta property=\"og:description\" content=\"Portal de noticias del Per\u00fa sobre el transporte a\u00e9reo, aviaci\u00f3n, turismo, hoteleria, actualidad.\" \/>\n<meta property=\"og:url\" content=\"https:\/\/aeronoticias.com.pe\/noticiero\/transporte-aereo\/internacional\/volaris-inauguro-la-ruta-guadalajara-dallasfort-worth\/\" \/>\n<meta property=\"og:site_name\" content=\"Aeronoticias.com.pe\" \/>\n<meta property=\"article:publisher\" content=\"https:\/\/www.facebook.com\/Aeronoticias.com.pe\/\" \/>\n<meta property=\"article:published_time\" content=\"2015-05-01T15:17:38+00:00\" \/>\n<meta property=\"og:image\" content=\"http:\/\/1.bp.blogspot.com\/-1x7MADKLi4E\/VADf03Vq4EI\/AAAAAAAAh5E\/QQDUSr_vlA4\/s1600\/Volaris.png\" \/>\n<meta name=\"author\" content=\"Redacci\u00f3n Aeronoticias\" \/>\n<meta name=\"twitter:card\" content=\"summary_large_image\" \/>\n<meta name=\"twitter:creator\" content=\"@aeronoticias\" \/>\n<meta name=\"twitter:site\" content=\"@aeronoticias\" \/>\n<meta name=\"twitter:label1\" content=\"Escrito por\" \/>\n\t<meta name=\"twitter:data1\" content=\"Redacci\u00f3n Aeronoticias\" \/>\n\t<meta name=\"twitter:label2\" content=\"Tiempo de lectura\" \/>\n\t<meta name=\"twitter:data2\" content=\"2 minutos\" \/>\n<script type=\"application\/ld+json\" class=\"yoast-schema-graph\">{\"@context\":\"https:\/\/schema.org\",\"@graph\":[{\"@type\":\"WebPage\",\"@id\":\"https:\/\/aeronoticias.com.pe\/noticiero\/transporte-aereo\/internacional\/volaris-inauguro-la-ruta-guadalajara-dallasfort-worth\/\",\"url\":\"https:\/\/aeronoticias.com.pe\/noticiero\/transporte-aereo\/internacional\/volaris-inauguro-la-ruta-guadalajara-dallasfort-worth\/\",\"name\":\"Volaris inaugur\u00f3 la ruta Guadalajara - Dallas\/Fort Worth\",\"isPartOf\":{\"@id\":\"https:\/\/aeronoticias.com.pe\/noticiero\/#website\"},\"primaryImageOfPage\":{\"@id\":\"https:\/\/aeronoticias.com.pe\/noticiero\/transporte-aereo\/internacional\/volaris-inauguro-la-ruta-guadalajara-dallasfort-worth\/#primaryimage\"},\"image\":{\"@id\":\"https:\/\/aeronoticias.com.pe\/noticiero\/transporte-aereo\/internacional\/volaris-inauguro-la-ruta-guadalajara-dallasfort-worth\/#primaryimage\"},\"thumbnailUrl\":\"http:\/\/1.bp.blogspot.com\/-1x7MADKLi4E\/VADf03Vq4EI\/AAAAAAAAh5E\/QQDUSr_vlA4\/s1600\/Volaris.png\",\"datePublished\":\"2015-05-01T15:17:38+00:00\",\"author\":{\"@id\":\"https:\/\/aeronoticias.com.pe\/noticiero\/#\/schema\/person\/fc1e5d578f4b62ba1cf7ac2bba1170a0\"},\"description\":\"Portal de noticias del Per\u00fa sobre el transporte a\u00e9reo, aviaci\u00f3n, turismo, hoteleria, actualidad.\",\"breadcrumb\":{\"@id\":\"https:\/\/aeronoticias.com.pe\/noticiero\/transporte-aereo\/internacional\/volaris-inauguro-la-ruta-guadalajara-dallasfort-worth\/#breadcrumb\"},\"inLanguage\":\"es\",\"potentialAction\":[{\"@type\":\"ReadAction\",\"target\":[\"https:\/\/aeronoticias.com.pe\/noticiero\/transporte-aereo\/internacional\/volaris-inauguro-la-ruta-guadalajara-dallasfort-worth\/\"]}]},{\"@type\":\"ImageObject\",\"inLanguage\":\"es\",\"@id\":\"https:\/\/aeronoticias.com.pe\/noticiero\/transporte-aereo\/internacional\/volaris-inauguro-la-ruta-guadalajara-dallasfort-worth\/#primaryimage\",\"url\":\"http:\/\/1.bp.blogspot.com\/-1x7MADKLi4E\/VADf03Vq4EI\/AAAAAAAAh5E\/QQDUSr_vlA4\/s1600\/Volaris.png\",\"contentUrl\":\"http:\/\/1.bp.blogspot.com\/-1x7MADKLi4E\/VADf03Vq4EI\/AAAAAAAAh5E\/QQDUSr_vlA4\/s1600\/Volaris.png\"},{\"@type\":\"BreadcrumbList\",\"@id\":\"https:\/\/aeronoticias.com.pe\/noticiero\/transporte-aereo\/internacional\/volaris-inauguro-la-ruta-guadalajara-dallasfort-worth\/#breadcrumb\",\"itemListElement\":[{\"@type\":\"ListItem\",\"position\":1,\"name\":\"Portada\",\"item\":\"https:\/\/aeronoticias.com.pe\/noticiero\/\"},{\"@type\":\"ListItem\",\"position\":2,\"name\":\"Volaris inaugur\u00f3 la ruta Guadalajara &#8211; Dallas\/Fort Worth\"}]},{\"@type\":\"WebSite\",\"@id\":\"https:\/\/aeronoticias.com.pe\/noticiero\/#website\",\"url\":\"https:\/\/aeronoticias.com.pe\/noticiero\/\",\"name\":\"Aeronoticias.com.pe\",\"description\":\"Noticias de tranporte aereo, turismo, hoteles, gastronomia, actualidad, internacional\",\"potentialAction\":[{\"@type\":\"SearchAction\",\"target\":{\"@type\":\"EntryPoint\",\"urlTemplate\":\"https:\/\/aeronoticias.com.pe\/noticiero\/?s={search_term_string}\"},\"query-input\":{\"@type\":\"PropertyValueSpecification\",\"valueRequired\":true,\"valueName\":\"search_term_string\"}}],\"inLanguage\":\"es\"},{\"@type\":\"Person\",\"@id\":\"https:\/\/aeronoticias.com.pe\/noticiero\/#\/schema\/person\/fc1e5d578f4b62ba1cf7ac2bba1170a0\",\"name\":\"Redacci\u00f3n Aeronoticias\",\"url\":\"https:\/\/aeronoticias.com.pe\/noticiero\/author\/piloto\/\"}]}<\/script>\n<!-- \/ Yoast SEO plugin. -->","yoast_head_json":{"title":"Volaris inaugur\u00f3 la ruta Guadalajara - Dallas\/Fort Worth","description":"Portal de noticias del Per\u00fa sobre el transporte a\u00e9reo, aviaci\u00f3n, turismo, hoteleria, actualidad.","robots":{"index":"index","follow":"follow","max-snippet":"max-snippet:-1","max-image-preview":"max-image-preview:large","max-video-preview":"max-video-preview:-1"},"canonical":"https:\/\/aeronoticias.com.pe\/noticiero\/transporte-aereo\/internacional\/volaris-inauguro-la-ruta-guadalajara-dallasfort-worth\/","og_locale":"es_ES","og_type":"article","og_title":"Volaris inaugur\u00f3 la ruta Guadalajara - Dallas\/Fort Worth","og_description":"Portal de noticias del Per\u00fa sobre el transporte a\u00e9reo, aviaci\u00f3n, turismo, hoteleria, actualidad.","og_url":"https:\/\/aeronoticias.com.pe\/noticiero\/transporte-aereo\/internacional\/volaris-inauguro-la-ruta-guadalajara-dallasfort-worth\/","og_site_name":"Aeronoticias.com.pe","article_publisher":"https:\/\/www.facebook.com\/Aeronoticias.com.pe\/","article_published_time":"2015-05-01T15:17:38+00:00","og_image":[{"url":"http:\/\/1.bp.blogspot.com\/-1x7MADKLi4E\/VADf03Vq4EI\/AAAAAAAAh5E\/QQDUSr_vlA4\/s1600\/Volaris.png","type":"","width":"","height":""}],"author":"Redacci\u00f3n Aeronoticias","twitter_card":"summary_large_image","twitter_creator":"@aeronoticias","twitter_site":"@aeronoticias","twitter_misc":{"Escrito por":"Redacci\u00f3n Aeronoticias","Tiempo de lectura":"2 minutos"},"schema":{"@context":"https:\/\/schema.org","@graph":[{"@type":"WebPage","@id":"https:\/\/aeronoticias.com.pe\/noticiero\/transporte-aereo\/internacional\/volaris-inauguro-la-ruta-guadalajara-dallasfort-worth\/","url":"https:\/\/aeronoticias.com.pe\/noticiero\/transporte-aereo\/internacional\/volaris-inauguro-la-ruta-guadalajara-dallasfort-worth\/","name":"Volaris inaugur\u00f3 la ruta Guadalajara - Dallas\/Fort Worth","isPartOf":{"@id":"https:\/\/aeronoticias.com.pe\/noticiero\/#website"},"primaryImageOfPage":{"@id":"https:\/\/aeronoticias.com.pe\/noticiero\/transporte-aereo\/internacional\/volaris-inauguro-la-ruta-guadalajara-dallasfort-worth\/#primaryimage"},"image":{"@id":"https:\/\/aeronoticias.com.pe\/noticiero\/transporte-aereo\/internacional\/volaris-inauguro-la-ruta-guadalajara-dallasfort-worth\/#primaryimage"},"thumbnailUrl":"http:\/\/1.bp.blogspot.com\/-1x7MADKLi4E\/VADf03Vq4EI\/AAAAAAAAh5E\/QQDUSr_vlA4\/s1600\/Volaris.png","datePublished":"2015-05-01T15:17:38+00:00","author":{"@id":"https:\/\/aeronoticias.com.pe\/noticiero\/#\/schema\/person\/fc1e5d578f4b62ba1cf7ac2bba1170a0"},"description":"Portal de noticias del Per\u00fa sobre el transporte a\u00e9reo, aviaci\u00f3n, turismo, hoteleria, actualidad.","breadcrumb":{"@id":"https:\/\/aeronoticias.com.pe\/noticiero\/transporte-aereo\/internacional\/volaris-inauguro-la-ruta-guadalajara-dallasfort-worth\/#breadcrumb"},"inLanguage":"es","potentialAction":[{"@type":"ReadAction","target":["https:\/\/aeronoticias.com.pe\/noticiero\/transporte-aereo\/internacional\/volaris-inauguro-la-ruta-guadalajara-dallasfort-worth\/"]}]},{"@type":"ImageObject","inLanguage":"es","@id":"https:\/\/aeronoticias.com.pe\/noticiero\/transporte-aereo\/internacional\/volaris-inauguro-la-ruta-guadalajara-dallasfort-worth\/#primaryimage","url":"http:\/\/1.bp.blogspot.com\/-1x7MADKLi4E\/VADf03Vq4EI\/AAAAAAAAh5E\/QQDUSr_vlA4\/s1600\/Volaris.png","contentUrl":"http:\/\/1.bp.blogspot.com\/-1x7MADKLi4E\/VADf03Vq4EI\/AAAAAAAAh5E\/QQDUSr_vlA4\/s1600\/Volaris.png"},{"@type":"BreadcrumbList","@id":"https:\/\/aeronoticias.com.pe\/noticiero\/transporte-aereo\/internacional\/volaris-inauguro-la-ruta-guadalajara-dallasfort-worth\/#breadcrumb","itemListElement":[{"@type":"ListItem","position":1,"name":"Portada","item":"https:\/\/aeronoticias.com.pe\/noticiero\/"},{"@type":"ListItem","position":2,"name":"Volaris inaugur\u00f3 la ruta Guadalajara &#8211; Dallas\/Fort Worth"}]},{"@type":"WebSite","@id":"https:\/\/aeronoticias.com.pe\/noticiero\/#website","url":"https:\/\/aeronoticias.com.pe\/noticiero\/","name":"Aeronoticias.com.pe","description":"Noticias de tranporte aereo, turismo, hoteles, gastronomia, actualidad, internacional","potentialAction":[{"@type":"SearchAction","target":{"@type":"EntryPoint","urlTemplate":"https:\/\/aeronoticias.com.pe\/noticiero\/?s={search_term_string}"},"query-input":{"@type":"PropertyValueSpecification","valueRequired":true,"valueName":"search_term_string"}}],"inLanguage":"es"},{"@type":"Person","@id":"https:\/\/aeronoticias.com.pe\/noticiero\/#\/schema\/person\/fc1e5d578f4b62ba1cf7ac2bba1170a0","name":"Redacci\u00f3n Aeronoticias","url":"https:\/\/aeronoticias.com.pe\/noticiero\/author\/piloto\/"}]}},"_links":{"self":[{"href":"https:\/\/aeronoticias.com.pe\/noticiero\/wp-json\/wp\/v2\/posts\/52350","targetHints":{"allow":["GET"]}}],"collection":[{"href":"https:\/\/aeronoticias.com.pe\/noticiero\/wp-json\/wp\/v2\/posts"}],"about":[{"href":"https:\/\/aeronoticias.com.pe\/noticiero\/wp-json\/wp\/v2\/types\/post"}],"author":[{"embeddable":true,"href":"https:\/\/aeronoticias.com.pe\/noticiero\/wp-json\/wp\/v2\/users\/1"}],"replies":[{"embeddable":true,"href":"https:\/\/aeronoticias.com.pe\/noticiero\/wp-json\/wp\/v2\/comments?post=52350"}],"version-history":[{"count":0,"href":"https:\/\/aeronoticias.com.pe\/noticiero\/wp-json\/wp\/v2\/posts\/52350\/revisions"}],"wp:attachment":[{"href":"https:\/\/aeronoticias.com.pe\/noticiero\/wp-json\/wp\/v2\/media?parent=52350"}],"wp:term":[{"taxonomy":"category","embeddable":true,"href":"https:\/\/aeronoticias.com.pe\/noticiero\/wp-json\/wp\/v2\/categories?post=52350"},{"taxonomy":"post_tag","embeddable":true,"href":"https:\/\/aeronoticias.com.pe\/noticiero\/wp-json\/wp\/v2\/tags?post=52350"}],"curies":[{"name":"wp","href":"https:\/\/api.w.org\/{rel}","templated":true}]}}