{"id":52352,"date":"2015-05-01T15:31:55","date_gmt":"2015-05-01T15:31:55","guid":{"rendered":"http:\/\/desarrollo.mcvicious.com\/aero2020\/2015\/05\/01\/icomo-ven-los-jovenes-limenos-el-mercado-de-trabajo-hoy-en-dia\/"},"modified":"2015-05-01T15:31:55","modified_gmt":"2015-05-01T15:31:55","slug":"icomo-ven-los-jovenes-limenos-el-mercado-de-trabajo-hoy-en-dia","status":"publish","type":"post","link":"https:\/\/aeronoticias.com.pe\/noticiero\/economia\/icomo-ven-los-jovenes-limenos-el-mercado-de-trabajo-hoy-en-dia\/","title":{"rendered":"\u00bfC\u00f3mo ven los j\u00f3venes lime\u00f1os el mercado de trabajo hoy en d\u00eda?"},"content":{"rendered":"<p style=\"text-align: justify;\"><strong>(Aeronoticias)<\/strong>.-\u00a0Los j\u00f3venes lime\u00f1os, algunos de los cuales trabajan hoy, tienen en general una mirada positiva de su situaci\u00f3n laboral actual y una moderada expectativa de mejora para su futuro inmediato respecto al trabajo en lo que resta del a\u00f1o y todo el 2016.<\/p>\n<p style=\"text-align: justify;\">As\u00ed lo reporta el estudio que la consultora TNS ha elaborado para McDonald&#8217;s sobre el mercado laboral juvenil en la capital del pa\u00eds. Esto con base en una encuesta realizada con miras al D\u00eda del Trabajo a 400 lime\u00f1os de 16 a 22 a\u00f1os entre el 15 y el 23 de abril.<\/p>\n<p style=\"text-align: justify;\">Como se puede colegir de la infograf\u00eda que acompa\u00f1a esta nota, el 38% de los j\u00f3venes capitalinos tienen trabajo en la actualidad, y la mayor\u00eda de ellos [el 65%] por m\u00e1s de 20 horas a la semana. As\u00ed, la situaci\u00f3n les permite estar satisfechos, o al menos a buena parte de ellos: el 60%, por ahora.<\/p>\n<p style=\"text-align: justify;\"><em><strong>\u00bfC\u00f3mo ven los j\u00f3venes lime\u00f1os el mercado de trabajo hoy en d\u00eda?<\/strong><\/em><\/p>\n<p style=\"text-align: justify;\">El hecho es que, con relaci\u00f3n a lo que esperan respecto al trabajo para los pr\u00f3ximos dos a\u00f1os, el crecimiento profesional, una mejora en la condici\u00f3n de vida y el desarrollo acad\u00e9mico son las prioridades de este segmento de la poblaci\u00f3n, objetivos que podr\u00e1n conseguir siempre que superen la falta de experiencia, la dificultad de combinar horarios [con los estudios, por ejemplo] y la a\u00fan deficitaria formaci\u00f3n en conocimientos espec\u00edficos, como la inform\u00e1tica y los idiomas.<\/p>\n<p style=\"text-align: justify;\">Respecto a los aspectos que buscan los j\u00f3venes en un empleo, el 60% considera que lo m\u00e1s importante es que sea econ\u00f3micamente beneficioso, el 36% prioriza que tenga un horario reducido o flexible y el 31%, que le d\u00e9 la posibilidad de desarrollar una carrera.<\/p>\n<p style=\"text-align: justify;\">Pese a ello, un 43% cree que habr\u00e1 m\u00e1s puestos de trabajo en el 2016. Hay fe.<\/p>\n<p style=\"text-align: justify;\">Fuente: <span style=\"text-decoration: underline;\"><em><strong>El Comercio<\/strong><\/em><\/span>.<\/p>\n<p style=\"text-align: justify;\"><img decoding=\"async\" src=\"http:\/\/cde.3.elcomercio.pe\/ima\/0\/0\/9\/7\/3\/973140\/base_image.jpg\" border=\"0\" alt=\"\u00bfC\u00f3mo ven los j\u00f3venes lime\u00f1os el mercado de trabajo hoy en d\u00eda?\" \/><\/p>\n","protected":false},"excerpt":{"rendered":"<p>(Aeronoticias).-\u00a0Los j\u00f3venes lime\u00f1os, algunos de los cuales trabajan hoy, tienen en general una mirada positiva de su situaci\u00f3n laboral actual y una moderada expectativa de mejora para su futuro inmediato respecto al trabajo en lo que resta del a\u00f1o y todo el 2016. As\u00ed lo reporta el estudio que la consultora TNS ha elaborado para [&hellip;]<\/p>\n","protected":false},"author":1,"featured_media":0,"comment_status":"open","ping_status":"open","sticky":false,"template":"","format":"standard","meta":{"tdm_status":"","tdm_grid_status":"","footnotes":""},"categories":[33],"tags":[],"class_list":{"0":"post-52352","1":"post","2":"type-post","3":"status-publish","4":"format-standard","6":"category-economia"},"yoast_head":"<!-- This site is optimized with the Yoast SEO plugin v25.1 - https:\/\/yoast.com\/wordpress\/plugins\/seo\/ -->\n<title>\u00bfC\u00f3mo ven los j\u00f3venes lime\u00f1os el mercado de trabajo hoy en d\u00eda?<\/title>\n<meta name=\"description\" content=\"Portal de noticias del Per\u00fa sobre el transporte a\u00e9reo, aviaci\u00f3n, turismo, hoteleria, actualidad.\" \/>\n<meta name=\"robots\" content=\"index, follow, max-snippet:-1, max-image-preview:large, max-video-preview:-1\" \/>\n<link rel=\"canonical\" href=\"https:\/\/aeronoticias.com.pe\/noticiero\/economia\/icomo-ven-los-jovenes-limenos-el-mercado-de-trabajo-hoy-en-dia\/\" \/>\n<meta property=\"og:locale\" content=\"es_ES\" \/>\n<meta property=\"og:type\" content=\"article\" \/>\n<meta property=\"og:title\" content=\"\u00bfC\u00f3mo ven los j\u00f3venes lime\u00f1os el mercado de trabajo hoy en d\u00eda?\" \/>\n<meta property=\"og:description\" content=\"Portal de noticias del Per\u00fa sobre el transporte a\u00e9reo, aviaci\u00f3n, turismo, hoteleria, actualidad.\" \/>\n<meta property=\"og:url\" content=\"https:\/\/aeronoticias.com.pe\/noticiero\/economia\/icomo-ven-los-jovenes-limenos-el-mercado-de-trabajo-hoy-en-dia\/\" \/>\n<meta property=\"og:site_name\" content=\"Aeronoticias.com.pe\" \/>\n<meta property=\"article:publisher\" content=\"https:\/\/www.facebook.com\/Aeronoticias.com.pe\/\" \/>\n<meta property=\"article:published_time\" content=\"2015-05-01T15:31:55+00:00\" \/>\n<meta property=\"og:image\" content=\"http:\/\/cde.3.elcomercio.pe\/ima\/0\/0\/9\/7\/3\/973140\/base_image.jpg\" \/>\n<meta name=\"author\" content=\"Redacci\u00f3n Aeronoticias\" \/>\n<meta name=\"twitter:card\" content=\"summary_large_image\" \/>\n<meta name=\"twitter:creator\" content=\"@aeronoticias\" \/>\n<meta name=\"twitter:site\" content=\"@aeronoticias\" \/>\n<meta name=\"twitter:label1\" content=\"Escrito por\" \/>\n\t<meta name=\"twitter:data1\" content=\"Redacci\u00f3n Aeronoticias\" \/>\n\t<meta name=\"twitter:label2\" content=\"Tiempo de lectura\" \/>\n\t<meta name=\"twitter:data2\" content=\"2 minutos\" \/>\n<script type=\"application\/ld+json\" class=\"yoast-schema-graph\">{\"@context\":\"https:\/\/schema.org\",\"@graph\":[{\"@type\":\"WebPage\",\"@id\":\"https:\/\/aeronoticias.com.pe\/noticiero\/economia\/icomo-ven-los-jovenes-limenos-el-mercado-de-trabajo-hoy-en-dia\/\",\"url\":\"https:\/\/aeronoticias.com.pe\/noticiero\/economia\/icomo-ven-los-jovenes-limenos-el-mercado-de-trabajo-hoy-en-dia\/\",\"name\":\"\u00bfC\u00f3mo ven los j\u00f3venes lime\u00f1os el mercado de trabajo hoy en d\u00eda?\",\"isPartOf\":{\"@id\":\"https:\/\/aeronoticias.com.pe\/noticiero\/#website\"},\"primaryImageOfPage\":{\"@id\":\"https:\/\/aeronoticias.com.pe\/noticiero\/economia\/icomo-ven-los-jovenes-limenos-el-mercado-de-trabajo-hoy-en-dia\/#primaryimage\"},\"image\":{\"@id\":\"https:\/\/aeronoticias.com.pe\/noticiero\/economia\/icomo-ven-los-jovenes-limenos-el-mercado-de-trabajo-hoy-en-dia\/#primaryimage\"},\"thumbnailUrl\":\"http:\/\/cde.3.elcomercio.pe\/ima\/0\/0\/9\/7\/3\/973140\/base_image.jpg\",\"datePublished\":\"2015-05-01T15:31:55+00:00\",\"author\":{\"@id\":\"https:\/\/aeronoticias.com.pe\/noticiero\/#\/schema\/person\/fc1e5d578f4b62ba1cf7ac2bba1170a0\"},\"description\":\"Portal de noticias del Per\u00fa sobre el transporte a\u00e9reo, aviaci\u00f3n, turismo, hoteleria, actualidad.\",\"breadcrumb\":{\"@id\":\"https:\/\/aeronoticias.com.pe\/noticiero\/economia\/icomo-ven-los-jovenes-limenos-el-mercado-de-trabajo-hoy-en-dia\/#breadcrumb\"},\"inLanguage\":\"es\",\"potentialAction\":[{\"@type\":\"ReadAction\",\"target\":[\"https:\/\/aeronoticias.com.pe\/noticiero\/economia\/icomo-ven-los-jovenes-limenos-el-mercado-de-trabajo-hoy-en-dia\/\"]}]},{\"@type\":\"ImageObject\",\"inLanguage\":\"es\",\"@id\":\"https:\/\/aeronoticias.com.pe\/noticiero\/economia\/icomo-ven-los-jovenes-limenos-el-mercado-de-trabajo-hoy-en-dia\/#primaryimage\",\"url\":\"http:\/\/cde.3.elcomercio.pe\/ima\/0\/0\/9\/7\/3\/973140\/base_image.jpg\",\"contentUrl\":\"http:\/\/cde.3.elcomercio.pe\/ima\/0\/0\/9\/7\/3\/973140\/base_image.jpg\"},{\"@type\":\"BreadcrumbList\",\"@id\":\"https:\/\/aeronoticias.com.pe\/noticiero\/economia\/icomo-ven-los-jovenes-limenos-el-mercado-de-trabajo-hoy-en-dia\/#breadcrumb\",\"itemListElement\":[{\"@type\":\"ListItem\",\"position\":1,\"name\":\"Portada\",\"item\":\"https:\/\/aeronoticias.com.pe\/noticiero\/\"},{\"@type\":\"ListItem\",\"position\":2,\"name\":\"\u00bfC\u00f3mo ven los j\u00f3venes lime\u00f1os el mercado de trabajo hoy en d\u00eda?\"}]},{\"@type\":\"WebSite\",\"@id\":\"https:\/\/aeronoticias.com.pe\/noticiero\/#website\",\"url\":\"https:\/\/aeronoticias.com.pe\/noticiero\/\",\"name\":\"Aeronoticias.com.pe\",\"description\":\"Noticias de tranporte aereo, turismo, hoteles, gastronomia, actualidad, internacional\",\"potentialAction\":[{\"@type\":\"SearchAction\",\"target\":{\"@type\":\"EntryPoint\",\"urlTemplate\":\"https:\/\/aeronoticias.com.pe\/noticiero\/?s={search_term_string}\"},\"query-input\":{\"@type\":\"PropertyValueSpecification\",\"valueRequired\":true,\"valueName\":\"search_term_string\"}}],\"inLanguage\":\"es\"},{\"@type\":\"Person\",\"@id\":\"https:\/\/aeronoticias.com.pe\/noticiero\/#\/schema\/person\/fc1e5d578f4b62ba1cf7ac2bba1170a0\",\"name\":\"Redacci\u00f3n Aeronoticias\",\"url\":\"https:\/\/aeronoticias.com.pe\/noticiero\/author\/piloto\/\"}]}<\/script>\n<!-- \/ Yoast SEO plugin. -->","yoast_head_json":{"title":"\u00bfC\u00f3mo ven los j\u00f3venes lime\u00f1os el mercado de trabajo hoy en d\u00eda?","description":"Portal de noticias del Per\u00fa sobre el transporte a\u00e9reo, aviaci\u00f3n, turismo, hoteleria, actualidad.","robots":{"index":"index","follow":"follow","max-snippet":"max-snippet:-1","max-image-preview":"max-image-preview:large","max-video-preview":"max-video-preview:-1"},"canonical":"https:\/\/aeronoticias.com.pe\/noticiero\/economia\/icomo-ven-los-jovenes-limenos-el-mercado-de-trabajo-hoy-en-dia\/","og_locale":"es_ES","og_type":"article","og_title":"\u00bfC\u00f3mo ven los j\u00f3venes lime\u00f1os el mercado de trabajo hoy en d\u00eda?","og_description":"Portal de noticias del Per\u00fa sobre el transporte a\u00e9reo, aviaci\u00f3n, turismo, hoteleria, actualidad.","og_url":"https:\/\/aeronoticias.com.pe\/noticiero\/economia\/icomo-ven-los-jovenes-limenos-el-mercado-de-trabajo-hoy-en-dia\/","og_site_name":"Aeronoticias.com.pe","article_publisher":"https:\/\/www.facebook.com\/Aeronoticias.com.pe\/","article_published_time":"2015-05-01T15:31:55+00:00","og_image":[{"url":"http:\/\/cde.3.elcomercio.pe\/ima\/0\/0\/9\/7\/3\/973140\/base_image.jpg","type":"","width":"","height":""}],"author":"Redacci\u00f3n Aeronoticias","twitter_card":"summary_large_image","twitter_creator":"@aeronoticias","twitter_site":"@aeronoticias","twitter_misc":{"Escrito por":"Redacci\u00f3n Aeronoticias","Tiempo de lectura":"2 minutos"},"schema":{"@context":"https:\/\/schema.org","@graph":[{"@type":"WebPage","@id":"https:\/\/aeronoticias.com.pe\/noticiero\/economia\/icomo-ven-los-jovenes-limenos-el-mercado-de-trabajo-hoy-en-dia\/","url":"https:\/\/aeronoticias.com.pe\/noticiero\/economia\/icomo-ven-los-jovenes-limenos-el-mercado-de-trabajo-hoy-en-dia\/","name":"\u00bfC\u00f3mo ven los j\u00f3venes lime\u00f1os el mercado de trabajo hoy en d\u00eda?","isPartOf":{"@id":"https:\/\/aeronoticias.com.pe\/noticiero\/#website"},"primaryImageOfPage":{"@id":"https:\/\/aeronoticias.com.pe\/noticiero\/economia\/icomo-ven-los-jovenes-limenos-el-mercado-de-trabajo-hoy-en-dia\/#primaryimage"},"image":{"@id":"https:\/\/aeronoticias.com.pe\/noticiero\/economia\/icomo-ven-los-jovenes-limenos-el-mercado-de-trabajo-hoy-en-dia\/#primaryimage"},"thumbnailUrl":"http:\/\/cde.3.elcomercio.pe\/ima\/0\/0\/9\/7\/3\/973140\/base_image.jpg","datePublished":"2015-05-01T15:31:55+00:00","author":{"@id":"https:\/\/aeronoticias.com.pe\/noticiero\/#\/schema\/person\/fc1e5d578f4b62ba1cf7ac2bba1170a0"},"description":"Portal de noticias del Per\u00fa sobre el transporte a\u00e9reo, aviaci\u00f3n, turismo, hoteleria, actualidad.","breadcrumb":{"@id":"https:\/\/aeronoticias.com.pe\/noticiero\/economia\/icomo-ven-los-jovenes-limenos-el-mercado-de-trabajo-hoy-en-dia\/#breadcrumb"},"inLanguage":"es","potentialAction":[{"@type":"ReadAction","target":["https:\/\/aeronoticias.com.pe\/noticiero\/economia\/icomo-ven-los-jovenes-limenos-el-mercado-de-trabajo-hoy-en-dia\/"]}]},{"@type":"ImageObject","inLanguage":"es","@id":"https:\/\/aeronoticias.com.pe\/noticiero\/economia\/icomo-ven-los-jovenes-limenos-el-mercado-de-trabajo-hoy-en-dia\/#primaryimage","url":"http:\/\/cde.3.elcomercio.pe\/ima\/0\/0\/9\/7\/3\/973140\/base_image.jpg","contentUrl":"http:\/\/cde.3.elcomercio.pe\/ima\/0\/0\/9\/7\/3\/973140\/base_image.jpg"},{"@type":"BreadcrumbList","@id":"https:\/\/aeronoticias.com.pe\/noticiero\/economia\/icomo-ven-los-jovenes-limenos-el-mercado-de-trabajo-hoy-en-dia\/#breadcrumb","itemListElement":[{"@type":"ListItem","position":1,"name":"Portada","item":"https:\/\/aeronoticias.com.pe\/noticiero\/"},{"@type":"ListItem","position":2,"name":"\u00bfC\u00f3mo ven los j\u00f3venes lime\u00f1os el mercado de trabajo hoy en d\u00eda?"}]},{"@type":"WebSite","@id":"https:\/\/aeronoticias.com.pe\/noticiero\/#website","url":"https:\/\/aeronoticias.com.pe\/noticiero\/","name":"Aeronoticias.com.pe","description":"Noticias de tranporte aereo, turismo, hoteles, gastronomia, actualidad, internacional","potentialAction":[{"@type":"SearchAction","target":{"@type":"EntryPoint","urlTemplate":"https:\/\/aeronoticias.com.pe\/noticiero\/?s={search_term_string}"},"query-input":{"@type":"PropertyValueSpecification","valueRequired":true,"valueName":"search_term_string"}}],"inLanguage":"es"},{"@type":"Person","@id":"https:\/\/aeronoticias.com.pe\/noticiero\/#\/schema\/person\/fc1e5d578f4b62ba1cf7ac2bba1170a0","name":"Redacci\u00f3n Aeronoticias","url":"https:\/\/aeronoticias.com.pe\/noticiero\/author\/piloto\/"}]}},"_links":{"self":[{"href":"https:\/\/aeronoticias.com.pe\/noticiero\/wp-json\/wp\/v2\/posts\/52352","targetHints":{"allow":["GET"]}}],"collection":[{"href":"https:\/\/aeronoticias.com.pe\/noticiero\/wp-json\/wp\/v2\/posts"}],"about":[{"href":"https:\/\/aeronoticias.com.pe\/noticiero\/wp-json\/wp\/v2\/types\/post"}],"author":[{"embeddable":true,"href":"https:\/\/aeronoticias.com.pe\/noticiero\/wp-json\/wp\/v2\/users\/1"}],"replies":[{"embeddable":true,"href":"https:\/\/aeronoticias.com.pe\/noticiero\/wp-json\/wp\/v2\/comments?post=52352"}],"version-history":[{"count":0,"href":"https:\/\/aeronoticias.com.pe\/noticiero\/wp-json\/wp\/v2\/posts\/52352\/revisions"}],"wp:attachment":[{"href":"https:\/\/aeronoticias.com.pe\/noticiero\/wp-json\/wp\/v2\/media?parent=52352"}],"wp:term":[{"taxonomy":"category","embeddable":true,"href":"https:\/\/aeronoticias.com.pe\/noticiero\/wp-json\/wp\/v2\/categories?post=52352"},{"taxonomy":"post_tag","embeddable":true,"href":"https:\/\/aeronoticias.com.pe\/noticiero\/wp-json\/wp\/v2\/tags?post=52352"}],"curies":[{"name":"wp","href":"https:\/\/api.w.org\/{rel}","templated":true}]}}