{"id":5236,"date":"2009-09-18T15:34:34","date_gmt":"2009-09-18T15:34:34","guid":{"rendered":"http:\/\/desarrollo.mcvicious.com\/aero2020\/2009\/09\/18\/falta-de-informacion-hace-retroceder-mercados-mundiales\/"},"modified":"2009-09-18T15:34:34","modified_gmt":"2009-09-18T15:34:34","slug":"falta-de-informacion-hace-retroceder-mercados-mundiales","status":"publish","type":"post","link":"https:\/\/aeronoticias.com.pe\/noticiero\/economia\/falta-de-informacion-hace-retroceder-mercados-mundiales\/","title":{"rendered":"FALTA DE INFORMACI\u00d3N HACE RETROCEDER MERCADOS MUNDIALES"},"content":{"rendered":"<div align=\"justify\">Los mercados de europa y Asia tuvieron principalmente p\u00e9rdidas el viernes ante la falta de datos econ\u00f3micos que llev\u00f3 a los inversionistas a retirar algo de las ganancias obtenidas ante el s\u00f3lido avance del resto de la semana, creado por la esperanza del posible fin de la recesi\u00f3n en Estados Unidos. La informaci\u00f3n econ\u00f3mica ha sido mejor de lo esperada esta semana, particularmente en Estados Unidos. Esto ha respaldado las declaraciones del presidente de la Reserva Federal, Ben Bernanke, sobre que la recesi\u00f3n muy posiblemente se acab\u00f3 en Estados Unidos. Como resultado la mayor\u00eda de los \u00edndices mundiales han registrado ganancias.<\/p>\n<p>Pero la falta de alg\u00fan indicador econ\u00f3mico de relevancia dej\u00f3 a los inversionistas con \u00abmuy poco para considerar antes de llevarse las ganancias antes del fin de semana\u00bb, informaron analistas del banco franc\u00e9s Calyon. El \u00edndice DAX de Alemania retroced\u00eda 0,2 por ciento\u00a0a 5.720,40, el FTSE 100 de Gran Breta\u00f1a ced\u00eda 0,1 por ciento\u00a0a 5.157,86 y el CAC-40 de Francia perd\u00eda 0,3% a 3.825,52.<\/p>\n<div style=\"text-align: center\"><img decoding=\"async\" src=\"images\/stories\/09\/09\/180909\/mercados.jpg\" border=\"0\" alt=\" RETROCEDER MERCADOS MUNDIALES \" title=\" RETROCEDER MERCADOS MUNDIALES \" \/><\/div>\n<p>En europa los \u00fanicos datos relevantes fueron las cifras de las finanzas p\u00fablicas de Gran Breta\u00f1a, que mostraron que el gobierno pidi\u00f3 prestados otros 16.100 millones de libras (26.300 millones de d\u00f3lares) en agosto, una cifra sin precedentes para el mes. El costo de los planes de est\u00edmulo econ\u00f3mico y los ingresos fiscales menores son los principales responsables de este pr\u00e9stamo. En Asia el \u00edndice Nikkei 225 de Jap\u00f3n retrocedi\u00f3 0,7 por ciento\u00a0a 10.370,54, luego de que el prestamista para consumidores Aiful Corp. le solicitar\u00e1 a sus acredores el retrasos para el pago de 3.100 millones de d\u00f3lares en deudas.<\/div>\n<div align=\"justify\">El Hang Seng de Hong Kong perdi\u00f3 0,7 por ciento\u00a0a 21.623,45 y el Shanghai de China retrocedi\u00f3 3,2 por ciento\u00a0a 2.962,67. Los precios del petr\u00f3leo tambi\u00e9n se debilitaron, el crudo de referencia para entrega en octubre cedi\u00f3 86 centavos a 71,63 d\u00f3lares el barril en el intercambio electr\u00f3nico de la Bolsa Mercantil de Nueva York.<\/div>\n","protected":false},"excerpt":{"rendered":"<p>Los mercados de europa y Asia tuvieron principalmente p\u00e9rdidas el viernes ante la falta de datos econ\u00f3micos que llev\u00f3 a los inversionistas a retirar algo de las ganancias obtenidas ante el s\u00f3lido avance del resto de la semana, creado por la esperanza del posible fin de la recesi\u00f3n en Estados Unidos. La informaci\u00f3n econ\u00f3mica ha [&hellip;]<\/p>\n","protected":false},"author":1,"featured_media":0,"comment_status":"open","ping_status":"open","sticky":false,"template":"","format":"standard","meta":{"tdm_status":"","tdm_grid_status":"","footnotes":""},"categories":[33],"tags":[],"class_list":{"0":"post-5236","1":"post","2":"type-post","3":"status-publish","4":"format-standard","6":"category-economia"},"yoast_head":"<!-- This site is optimized with the Yoast SEO plugin v25.1 - https:\/\/yoast.com\/wordpress\/plugins\/seo\/ -->\n<title>FALTA DE INFORMACI\u00d3N HACE RETROCEDER MERCADOS MUNDIALES<\/title>\n<meta name=\"description\" content=\"Portal de noticias del Per\u00fa sobre el transporte a\u00e9reo, aviaci\u00f3n, turismo, hoteleria, actualidad.\" \/>\n<meta name=\"robots\" content=\"index, follow, max-snippet:-1, max-image-preview:large, max-video-preview:-1\" \/>\n<link rel=\"canonical\" href=\"https:\/\/aeronoticias.com.pe\/noticiero\/economia\/falta-de-informacion-hace-retroceder-mercados-mundiales\/\" \/>\n<meta property=\"og:locale\" content=\"es_ES\" \/>\n<meta property=\"og:type\" content=\"article\" \/>\n<meta property=\"og:title\" content=\"FALTA DE INFORMACI\u00d3N HACE RETROCEDER MERCADOS MUNDIALES\" \/>\n<meta property=\"og:description\" content=\"Portal de noticias del Per\u00fa sobre el transporte a\u00e9reo, aviaci\u00f3n, turismo, hoteleria, actualidad.\" \/>\n<meta property=\"og:url\" content=\"https:\/\/aeronoticias.com.pe\/noticiero\/economia\/falta-de-informacion-hace-retroceder-mercados-mundiales\/\" \/>\n<meta property=\"og:site_name\" content=\"Aeronoticias.com.pe\" \/>\n<meta property=\"article:publisher\" content=\"https:\/\/www.facebook.com\/Aeronoticias.com.pe\/\" \/>\n<meta property=\"article:published_time\" content=\"2009-09-18T15:34:34+00:00\" \/>\n<meta name=\"author\" content=\"Redacci\u00f3n Aeronoticias\" \/>\n<meta name=\"twitter:card\" content=\"summary_large_image\" \/>\n<meta name=\"twitter:creator\" content=\"@aeronoticias\" \/>\n<meta name=\"twitter:site\" content=\"@aeronoticias\" \/>\n<meta name=\"twitter:label1\" content=\"Escrito por\" \/>\n\t<meta name=\"twitter:data1\" content=\"Redacci\u00f3n Aeronoticias\" \/>\n\t<meta name=\"twitter:label2\" content=\"Tiempo de lectura\" \/>\n\t<meta name=\"twitter:data2\" content=\"2 minutos\" \/>\n<script type=\"application\/ld+json\" class=\"yoast-schema-graph\">{\"@context\":\"https:\/\/schema.org\",\"@graph\":[{\"@type\":\"WebPage\",\"@id\":\"https:\/\/aeronoticias.com.pe\/noticiero\/economia\/falta-de-informacion-hace-retroceder-mercados-mundiales\/\",\"url\":\"https:\/\/aeronoticias.com.pe\/noticiero\/economia\/falta-de-informacion-hace-retroceder-mercados-mundiales\/\",\"name\":\"FALTA DE INFORMACI\u00d3N HACE RETROCEDER MERCADOS MUNDIALES\",\"isPartOf\":{\"@id\":\"https:\/\/aeronoticias.com.pe\/noticiero\/#website\"},\"datePublished\":\"2009-09-18T15:34:34+00:00\",\"author\":{\"@id\":\"https:\/\/aeronoticias.com.pe\/noticiero\/#\/schema\/person\/fc1e5d578f4b62ba1cf7ac2bba1170a0\"},\"description\":\"Portal de noticias del Per\u00fa sobre el transporte a\u00e9reo, aviaci\u00f3n, turismo, hoteleria, actualidad.\",\"breadcrumb\":{\"@id\":\"https:\/\/aeronoticias.com.pe\/noticiero\/economia\/falta-de-informacion-hace-retroceder-mercados-mundiales\/#breadcrumb\"},\"inLanguage\":\"es\",\"potentialAction\":[{\"@type\":\"ReadAction\",\"target\":[\"https:\/\/aeronoticias.com.pe\/noticiero\/economia\/falta-de-informacion-hace-retroceder-mercados-mundiales\/\"]}]},{\"@type\":\"BreadcrumbList\",\"@id\":\"https:\/\/aeronoticias.com.pe\/noticiero\/economia\/falta-de-informacion-hace-retroceder-mercados-mundiales\/#breadcrumb\",\"itemListElement\":[{\"@type\":\"ListItem\",\"position\":1,\"name\":\"Portada\",\"item\":\"https:\/\/aeronoticias.com.pe\/noticiero\/\"},{\"@type\":\"ListItem\",\"position\":2,\"name\":\"FALTA DE INFORMACI\u00d3N HACE RETROCEDER MERCADOS MUNDIALES\"}]},{\"@type\":\"WebSite\",\"@id\":\"https:\/\/aeronoticias.com.pe\/noticiero\/#website\",\"url\":\"https:\/\/aeronoticias.com.pe\/noticiero\/\",\"name\":\"Aeronoticias.com.pe\",\"description\":\"Noticias de tranporte aereo, turismo, hoteles, gastronomia, actualidad, internacional\",\"potentialAction\":[{\"@type\":\"SearchAction\",\"target\":{\"@type\":\"EntryPoint\",\"urlTemplate\":\"https:\/\/aeronoticias.com.pe\/noticiero\/?s={search_term_string}\"},\"query-input\":{\"@type\":\"PropertyValueSpecification\",\"valueRequired\":true,\"valueName\":\"search_term_string\"}}],\"inLanguage\":\"es\"},{\"@type\":\"Person\",\"@id\":\"https:\/\/aeronoticias.com.pe\/noticiero\/#\/schema\/person\/fc1e5d578f4b62ba1cf7ac2bba1170a0\",\"name\":\"Redacci\u00f3n Aeronoticias\",\"url\":\"https:\/\/aeronoticias.com.pe\/noticiero\/author\/piloto\/\"}]}<\/script>\n<!-- \/ Yoast SEO plugin. -->","yoast_head_json":{"title":"FALTA DE INFORMACI\u00d3N HACE RETROCEDER MERCADOS MUNDIALES","description":"Portal de noticias del Per\u00fa sobre el transporte a\u00e9reo, aviaci\u00f3n, turismo, hoteleria, actualidad.","robots":{"index":"index","follow":"follow","max-snippet":"max-snippet:-1","max-image-preview":"max-image-preview:large","max-video-preview":"max-video-preview:-1"},"canonical":"https:\/\/aeronoticias.com.pe\/noticiero\/economia\/falta-de-informacion-hace-retroceder-mercados-mundiales\/","og_locale":"es_ES","og_type":"article","og_title":"FALTA DE INFORMACI\u00d3N HACE RETROCEDER MERCADOS MUNDIALES","og_description":"Portal de noticias del Per\u00fa sobre el transporte a\u00e9reo, aviaci\u00f3n, turismo, hoteleria, actualidad.","og_url":"https:\/\/aeronoticias.com.pe\/noticiero\/economia\/falta-de-informacion-hace-retroceder-mercados-mundiales\/","og_site_name":"Aeronoticias.com.pe","article_publisher":"https:\/\/www.facebook.com\/Aeronoticias.com.pe\/","article_published_time":"2009-09-18T15:34:34+00:00","author":"Redacci\u00f3n Aeronoticias","twitter_card":"summary_large_image","twitter_creator":"@aeronoticias","twitter_site":"@aeronoticias","twitter_misc":{"Escrito por":"Redacci\u00f3n Aeronoticias","Tiempo de lectura":"2 minutos"},"schema":{"@context":"https:\/\/schema.org","@graph":[{"@type":"WebPage","@id":"https:\/\/aeronoticias.com.pe\/noticiero\/economia\/falta-de-informacion-hace-retroceder-mercados-mundiales\/","url":"https:\/\/aeronoticias.com.pe\/noticiero\/economia\/falta-de-informacion-hace-retroceder-mercados-mundiales\/","name":"FALTA DE INFORMACI\u00d3N HACE RETROCEDER MERCADOS MUNDIALES","isPartOf":{"@id":"https:\/\/aeronoticias.com.pe\/noticiero\/#website"},"datePublished":"2009-09-18T15:34:34+00:00","author":{"@id":"https:\/\/aeronoticias.com.pe\/noticiero\/#\/schema\/person\/fc1e5d578f4b62ba1cf7ac2bba1170a0"},"description":"Portal de noticias del Per\u00fa sobre el transporte a\u00e9reo, aviaci\u00f3n, turismo, hoteleria, actualidad.","breadcrumb":{"@id":"https:\/\/aeronoticias.com.pe\/noticiero\/economia\/falta-de-informacion-hace-retroceder-mercados-mundiales\/#breadcrumb"},"inLanguage":"es","potentialAction":[{"@type":"ReadAction","target":["https:\/\/aeronoticias.com.pe\/noticiero\/economia\/falta-de-informacion-hace-retroceder-mercados-mundiales\/"]}]},{"@type":"BreadcrumbList","@id":"https:\/\/aeronoticias.com.pe\/noticiero\/economia\/falta-de-informacion-hace-retroceder-mercados-mundiales\/#breadcrumb","itemListElement":[{"@type":"ListItem","position":1,"name":"Portada","item":"https:\/\/aeronoticias.com.pe\/noticiero\/"},{"@type":"ListItem","position":2,"name":"FALTA DE INFORMACI\u00d3N HACE RETROCEDER MERCADOS MUNDIALES"}]},{"@type":"WebSite","@id":"https:\/\/aeronoticias.com.pe\/noticiero\/#website","url":"https:\/\/aeronoticias.com.pe\/noticiero\/","name":"Aeronoticias.com.pe","description":"Noticias de tranporte aereo, turismo, hoteles, gastronomia, actualidad, internacional","potentialAction":[{"@type":"SearchAction","target":{"@type":"EntryPoint","urlTemplate":"https:\/\/aeronoticias.com.pe\/noticiero\/?s={search_term_string}"},"query-input":{"@type":"PropertyValueSpecification","valueRequired":true,"valueName":"search_term_string"}}],"inLanguage":"es"},{"@type":"Person","@id":"https:\/\/aeronoticias.com.pe\/noticiero\/#\/schema\/person\/fc1e5d578f4b62ba1cf7ac2bba1170a0","name":"Redacci\u00f3n Aeronoticias","url":"https:\/\/aeronoticias.com.pe\/noticiero\/author\/piloto\/"}]}},"_links":{"self":[{"href":"https:\/\/aeronoticias.com.pe\/noticiero\/wp-json\/wp\/v2\/posts\/5236","targetHints":{"allow":["GET"]}}],"collection":[{"href":"https:\/\/aeronoticias.com.pe\/noticiero\/wp-json\/wp\/v2\/posts"}],"about":[{"href":"https:\/\/aeronoticias.com.pe\/noticiero\/wp-json\/wp\/v2\/types\/post"}],"author":[{"embeddable":true,"href":"https:\/\/aeronoticias.com.pe\/noticiero\/wp-json\/wp\/v2\/users\/1"}],"replies":[{"embeddable":true,"href":"https:\/\/aeronoticias.com.pe\/noticiero\/wp-json\/wp\/v2\/comments?post=5236"}],"version-history":[{"count":0,"href":"https:\/\/aeronoticias.com.pe\/noticiero\/wp-json\/wp\/v2\/posts\/5236\/revisions"}],"wp:attachment":[{"href":"https:\/\/aeronoticias.com.pe\/noticiero\/wp-json\/wp\/v2\/media?parent=5236"}],"wp:term":[{"taxonomy":"category","embeddable":true,"href":"https:\/\/aeronoticias.com.pe\/noticiero\/wp-json\/wp\/v2\/categories?post=5236"},{"taxonomy":"post_tag","embeddable":true,"href":"https:\/\/aeronoticias.com.pe\/noticiero\/wp-json\/wp\/v2\/tags?post=5236"}],"curies":[{"name":"wp","href":"https:\/\/api.w.org\/{rel}","templated":true}]}}