{"id":5238,"date":"2009-09-18T17:20:24","date_gmt":"2009-09-18T17:20:24","guid":{"rendered":"http:\/\/desarrollo.mcvicious.com\/aero2020\/2009\/09\/18\/diario-gestion-cita-articulo-de-aeronoticias\/"},"modified":"2009-09-18T17:20:24","modified_gmt":"2009-09-18T17:20:24","slug":"diario-gestion-cita-articulo-de-aeronoticias","status":"publish","type":"post","link":"https:\/\/aeronoticias.com.pe\/noticiero\/ultimas\/1\/diario-gestion-cita-articulo-de-aeronoticias\/","title":{"rendered":"DIARIO GESTI\u00d3N CITA ART\u00cdCULO DE AERONOTICIAS"},"content":{"rendered":"<div align=\"justify\">Nuevamente nuestro diario digital Aeronoticias.com.pe destaca al salir en defensa de los usuarios del transporte a\u00e9reo, al informar el d\u00eda 16 de setiembre respecto al precio que compa\u00f1\u00edas a\u00e9reas estar\u00edan ofertando por la ruta Lima \u2013 Cusco \u2013 Lima, tarifa a\u00e9rea que es similar a lo que ofertan las l\u00edneas a\u00e9reas internacionales en la ruta Lima \u2013 Bogota \u2013 Lima, as\u00ed como en la ruta Lima \u2013 Santiago de Chile \u2013 Lima.<\/p>\n<p>En este sentido nuestro diario se convierte actualmente en el baluarte en la defensa de los derechos de los usuarios y consumidores del transporte a\u00e9reo nacional, que debido a la existencia de un monopolio, genera que estas cargas se transmitan hacia los usuarios afectando a su econom\u00eda.<\/p>\n<div style=\"text-align: center\"><img decoding=\"async\" src=\"images\/stories\/09\/09\/180909\/gestion.jpg\" border=\"0\" alt=\"gestion\" title=\"gestion\" \/><\/div>\n<p><strong>Aeronoticias<\/strong> est\u00e1 y estar\u00e1 siempre atenta a los abusos que se cometan contra los usuarios del transporte a\u00e9reo, as\u00ed como contra aquellos que sufran alg\u00fan maltrato al solicitar el servicio de una empresa a\u00e9rea, buscando la regulaci\u00f3n del mercado justa y adecuada, as\u00ed como que los precios de los pasajes a\u00e9reos no sean exorbitantes, ampar\u00e1ndose en la existencia del monopolio a\u00e9reo vigente, as\u00ed como en un mal manejo de la pol\u00edtica a\u00e9rea peruana.<\/div>\n<div align=\"justify\">\u00a0<\/div>\n<div align=\"justify\">\n<ul>\n<li><a href=\"index.php?option=com_content&#038;task=view&#038;id=5581&#038;Itemid=1\" target=\"_blank\" rel=\"noopener noreferrer\">Hacer click para el art\u00edculo de Aeronoticias \u00abTarifas a\u00e9reas Lima &#8211; Cusco &#8211; Lima sabotean el turismo receptivo\u00bb.<\/a><\/li>\n<\/ul>\n<\/div>\n","protected":false},"excerpt":{"rendered":"<p>Nuevamente nuestro diario digital Aeronoticias.com.pe destaca al salir en defensa de los usuarios del transporte a\u00e9reo, al informar el d\u00eda 16 de setiembre respecto al precio que compa\u00f1\u00edas a\u00e9reas estar\u00edan ofertando por la ruta Lima \u2013 Cusco \u2013 Lima, tarifa a\u00e9rea que es similar a lo que ofertan las l\u00edneas a\u00e9reas internacionales en la ruta [&hellip;]<\/p>\n","protected":false},"author":1,"featured_media":0,"comment_status":"open","ping_status":"open","sticky":false,"template":"","format":"standard","meta":{"tdm_status":"","tdm_grid_status":"","footnotes":""},"categories":[30],"tags":[],"class_list":{"0":"post-5238","1":"post","2":"type-post","3":"status-publish","4":"format-standard","6":"category-30"},"yoast_head":"<!-- This site is optimized with the Yoast SEO plugin v25.1 - https:\/\/yoast.com\/wordpress\/plugins\/seo\/ -->\n<title>DIARIO GESTI\u00d3N CITA ART\u00cdCULO DE AERONOTICIAS<\/title>\n<meta name=\"description\" content=\"Portal de noticias del Per\u00fa sobre el transporte a\u00e9reo, aviaci\u00f3n, turismo, hoteleria, actualidad.\" \/>\n<meta name=\"robots\" content=\"index, follow, max-snippet:-1, max-image-preview:large, max-video-preview:-1\" \/>\n<link rel=\"canonical\" href=\"https:\/\/aeronoticias.com.pe\/noticiero\/ultimas\/1\/diario-gestion-cita-articulo-de-aeronoticias\/\" \/>\n<meta property=\"og:locale\" content=\"es_ES\" \/>\n<meta property=\"og:type\" content=\"article\" \/>\n<meta property=\"og:title\" content=\"DIARIO GESTI\u00d3N CITA ART\u00cdCULO DE AERONOTICIAS\" \/>\n<meta property=\"og:description\" content=\"Portal de noticias del Per\u00fa sobre el transporte a\u00e9reo, aviaci\u00f3n, turismo, hoteleria, actualidad.\" \/>\n<meta property=\"og:url\" content=\"https:\/\/aeronoticias.com.pe\/noticiero\/ultimas\/1\/diario-gestion-cita-articulo-de-aeronoticias\/\" \/>\n<meta property=\"og:site_name\" content=\"Aeronoticias.com.pe\" \/>\n<meta property=\"article:publisher\" content=\"https:\/\/www.facebook.com\/Aeronoticias.com.pe\/\" \/>\n<meta property=\"article:published_time\" content=\"2009-09-18T17:20:24+00:00\" \/>\n<meta name=\"author\" content=\"Redacci\u00f3n Aeronoticias\" \/>\n<meta name=\"twitter:card\" content=\"summary_large_image\" \/>\n<meta name=\"twitter:creator\" content=\"@aeronoticias\" \/>\n<meta name=\"twitter:site\" content=\"@aeronoticias\" \/>\n<meta name=\"twitter:label1\" content=\"Escrito por\" \/>\n\t<meta name=\"twitter:data1\" content=\"Redacci\u00f3n Aeronoticias\" \/>\n\t<meta name=\"twitter:label2\" content=\"Tiempo de lectura\" \/>\n\t<meta name=\"twitter:data2\" content=\"1 minuto\" \/>\n<script type=\"application\/ld+json\" class=\"yoast-schema-graph\">{\"@context\":\"https:\/\/schema.org\",\"@graph\":[{\"@type\":\"WebPage\",\"@id\":\"https:\/\/aeronoticias.com.pe\/noticiero\/ultimas\/1\/diario-gestion-cita-articulo-de-aeronoticias\/\",\"url\":\"https:\/\/aeronoticias.com.pe\/noticiero\/ultimas\/1\/diario-gestion-cita-articulo-de-aeronoticias\/\",\"name\":\"DIARIO GESTI\u00d3N CITA ART\u00cdCULO DE AERONOTICIAS\",\"isPartOf\":{\"@id\":\"https:\/\/aeronoticias.com.pe\/noticiero\/#website\"},\"datePublished\":\"2009-09-18T17:20:24+00:00\",\"author\":{\"@id\":\"https:\/\/aeronoticias.com.pe\/noticiero\/#\/schema\/person\/fc1e5d578f4b62ba1cf7ac2bba1170a0\"},\"description\":\"Portal de noticias del Per\u00fa sobre el transporte a\u00e9reo, aviaci\u00f3n, turismo, hoteleria, actualidad.\",\"breadcrumb\":{\"@id\":\"https:\/\/aeronoticias.com.pe\/noticiero\/ultimas\/1\/diario-gestion-cita-articulo-de-aeronoticias\/#breadcrumb\"},\"inLanguage\":\"es\",\"potentialAction\":[{\"@type\":\"ReadAction\",\"target\":[\"https:\/\/aeronoticias.com.pe\/noticiero\/ultimas\/1\/diario-gestion-cita-articulo-de-aeronoticias\/\"]}]},{\"@type\":\"BreadcrumbList\",\"@id\":\"https:\/\/aeronoticias.com.pe\/noticiero\/ultimas\/1\/diario-gestion-cita-articulo-de-aeronoticias\/#breadcrumb\",\"itemListElement\":[{\"@type\":\"ListItem\",\"position\":1,\"name\":\"Portada\",\"item\":\"https:\/\/aeronoticias.com.pe\/noticiero\/\"},{\"@type\":\"ListItem\",\"position\":2,\"name\":\"DIARIO GESTI\u00d3N CITA ART\u00cdCULO DE AERONOTICIAS\"}]},{\"@type\":\"WebSite\",\"@id\":\"https:\/\/aeronoticias.com.pe\/noticiero\/#website\",\"url\":\"https:\/\/aeronoticias.com.pe\/noticiero\/\",\"name\":\"Aeronoticias.com.pe\",\"description\":\"Noticias de tranporte aereo, turismo, hoteles, gastronomia, actualidad, internacional\",\"potentialAction\":[{\"@type\":\"SearchAction\",\"target\":{\"@type\":\"EntryPoint\",\"urlTemplate\":\"https:\/\/aeronoticias.com.pe\/noticiero\/?s={search_term_string}\"},\"query-input\":{\"@type\":\"PropertyValueSpecification\",\"valueRequired\":true,\"valueName\":\"search_term_string\"}}],\"inLanguage\":\"es\"},{\"@type\":\"Person\",\"@id\":\"https:\/\/aeronoticias.com.pe\/noticiero\/#\/schema\/person\/fc1e5d578f4b62ba1cf7ac2bba1170a0\",\"name\":\"Redacci\u00f3n Aeronoticias\",\"url\":\"https:\/\/aeronoticias.com.pe\/noticiero\/author\/piloto\/\"}]}<\/script>\n<!-- \/ Yoast SEO plugin. -->","yoast_head_json":{"title":"DIARIO GESTI\u00d3N CITA ART\u00cdCULO DE AERONOTICIAS","description":"Portal de noticias del Per\u00fa sobre el transporte a\u00e9reo, aviaci\u00f3n, turismo, hoteleria, actualidad.","robots":{"index":"index","follow":"follow","max-snippet":"max-snippet:-1","max-image-preview":"max-image-preview:large","max-video-preview":"max-video-preview:-1"},"canonical":"https:\/\/aeronoticias.com.pe\/noticiero\/ultimas\/1\/diario-gestion-cita-articulo-de-aeronoticias\/","og_locale":"es_ES","og_type":"article","og_title":"DIARIO GESTI\u00d3N CITA ART\u00cdCULO DE AERONOTICIAS","og_description":"Portal de noticias del Per\u00fa sobre el transporte a\u00e9reo, aviaci\u00f3n, turismo, hoteleria, actualidad.","og_url":"https:\/\/aeronoticias.com.pe\/noticiero\/ultimas\/1\/diario-gestion-cita-articulo-de-aeronoticias\/","og_site_name":"Aeronoticias.com.pe","article_publisher":"https:\/\/www.facebook.com\/Aeronoticias.com.pe\/","article_published_time":"2009-09-18T17:20:24+00:00","author":"Redacci\u00f3n Aeronoticias","twitter_card":"summary_large_image","twitter_creator":"@aeronoticias","twitter_site":"@aeronoticias","twitter_misc":{"Escrito por":"Redacci\u00f3n Aeronoticias","Tiempo de lectura":"1 minuto"},"schema":{"@context":"https:\/\/schema.org","@graph":[{"@type":"WebPage","@id":"https:\/\/aeronoticias.com.pe\/noticiero\/ultimas\/1\/diario-gestion-cita-articulo-de-aeronoticias\/","url":"https:\/\/aeronoticias.com.pe\/noticiero\/ultimas\/1\/diario-gestion-cita-articulo-de-aeronoticias\/","name":"DIARIO GESTI\u00d3N CITA ART\u00cdCULO DE AERONOTICIAS","isPartOf":{"@id":"https:\/\/aeronoticias.com.pe\/noticiero\/#website"},"datePublished":"2009-09-18T17:20:24+00:00","author":{"@id":"https:\/\/aeronoticias.com.pe\/noticiero\/#\/schema\/person\/fc1e5d578f4b62ba1cf7ac2bba1170a0"},"description":"Portal de noticias del Per\u00fa sobre el transporte a\u00e9reo, aviaci\u00f3n, turismo, hoteleria, actualidad.","breadcrumb":{"@id":"https:\/\/aeronoticias.com.pe\/noticiero\/ultimas\/1\/diario-gestion-cita-articulo-de-aeronoticias\/#breadcrumb"},"inLanguage":"es","potentialAction":[{"@type":"ReadAction","target":["https:\/\/aeronoticias.com.pe\/noticiero\/ultimas\/1\/diario-gestion-cita-articulo-de-aeronoticias\/"]}]},{"@type":"BreadcrumbList","@id":"https:\/\/aeronoticias.com.pe\/noticiero\/ultimas\/1\/diario-gestion-cita-articulo-de-aeronoticias\/#breadcrumb","itemListElement":[{"@type":"ListItem","position":1,"name":"Portada","item":"https:\/\/aeronoticias.com.pe\/noticiero\/"},{"@type":"ListItem","position":2,"name":"DIARIO GESTI\u00d3N CITA ART\u00cdCULO DE AERONOTICIAS"}]},{"@type":"WebSite","@id":"https:\/\/aeronoticias.com.pe\/noticiero\/#website","url":"https:\/\/aeronoticias.com.pe\/noticiero\/","name":"Aeronoticias.com.pe","description":"Noticias de tranporte aereo, turismo, hoteles, gastronomia, actualidad, internacional","potentialAction":[{"@type":"SearchAction","target":{"@type":"EntryPoint","urlTemplate":"https:\/\/aeronoticias.com.pe\/noticiero\/?s={search_term_string}"},"query-input":{"@type":"PropertyValueSpecification","valueRequired":true,"valueName":"search_term_string"}}],"inLanguage":"es"},{"@type":"Person","@id":"https:\/\/aeronoticias.com.pe\/noticiero\/#\/schema\/person\/fc1e5d578f4b62ba1cf7ac2bba1170a0","name":"Redacci\u00f3n Aeronoticias","url":"https:\/\/aeronoticias.com.pe\/noticiero\/author\/piloto\/"}]}},"_links":{"self":[{"href":"https:\/\/aeronoticias.com.pe\/noticiero\/wp-json\/wp\/v2\/posts\/5238","targetHints":{"allow":["GET"]}}],"collection":[{"href":"https:\/\/aeronoticias.com.pe\/noticiero\/wp-json\/wp\/v2\/posts"}],"about":[{"href":"https:\/\/aeronoticias.com.pe\/noticiero\/wp-json\/wp\/v2\/types\/post"}],"author":[{"embeddable":true,"href":"https:\/\/aeronoticias.com.pe\/noticiero\/wp-json\/wp\/v2\/users\/1"}],"replies":[{"embeddable":true,"href":"https:\/\/aeronoticias.com.pe\/noticiero\/wp-json\/wp\/v2\/comments?post=5238"}],"version-history":[{"count":0,"href":"https:\/\/aeronoticias.com.pe\/noticiero\/wp-json\/wp\/v2\/posts\/5238\/revisions"}],"wp:attachment":[{"href":"https:\/\/aeronoticias.com.pe\/noticiero\/wp-json\/wp\/v2\/media?parent=5238"}],"wp:term":[{"taxonomy":"category","embeddable":true,"href":"https:\/\/aeronoticias.com.pe\/noticiero\/wp-json\/wp\/v2\/categories?post=5238"},{"taxonomy":"post_tag","embeddable":true,"href":"https:\/\/aeronoticias.com.pe\/noticiero\/wp-json\/wp\/v2\/tags?post=5238"}],"curies":[{"name":"wp","href":"https:\/\/api.w.org\/{rel}","templated":true}]}}