{"id":52393,"date":"2015-05-06T16:00:48","date_gmt":"2015-05-06T16:00:48","guid":{"rendered":"http:\/\/desarrollo.mcvicious.com\/aero2020\/2015\/05\/06\/anuncian-pronto-inicio-de-negociacion-tecnica-para-eliminar-visa-schengen\/"},"modified":"2015-05-06T16:00:48","modified_gmt":"2015-05-06T16:00:48","slug":"anuncian-pronto-inicio-de-negociacion-tecnica-para-eliminar-visa-schengen","status":"publish","type":"post","link":"https:\/\/aeronoticias.com.pe\/noticiero\/politica\/anuncian-pronto-inicio-de-negociacion-tecnica-para-eliminar-visa-schengen\/","title":{"rendered":"Anuncian pronto inicio de negociaci\u00f3n t\u00e9cnica para eliminar visa Schengen"},"content":{"rendered":"<p style=\"text-align: justify;\"><strong>(Aeronoticias) <\/strong><span style=\"font-size: 12.1599998474121px; line-height: 1.3em;\">La embajadora de la Uni\u00f3n Europea (UE) en el Per\u00fa, Irene Horejs, estim\u00f3 hoy que \u201cmuy pronto\u201d se iniciar\u00e1 la etapa de negociaci\u00f3n del acuerdo t\u00e9cnico para la exoneraci\u00f3n de la visa Schengen a los peruanos que deseen viajar en calidad de turistas al espacio europeo.<\/span><\/p>\n<p style=\"text-align: justify;\"><span style=\"font-size: 12.1599998474121px; line-height: 1.3em;\">Destac\u00f3 que la eliminaci\u00f3n de dicho requisito es una decisi\u00f3n pol\u00edtica ya tomada, raz\u00f3n por la cual se mostr\u00f3 optimista en que la medida podr\u00e1 concretarse y hacerse efectiva si las gestiones contin\u00faan avanzando de acuerdo con lo previsto.<\/span><\/p>\n<p style=\"text-align: justify;\"><span style=\"font-size: 12.1599998474121px; line-height: 1.3em;\">\u201cNecesitamos negociar el acuerdo t\u00e9cnico para que la exoneraci\u00f3n de la visa pueda ser efectiva. Pensamos que esa negociaci\u00f3n va a empezar muy pronto, no puedo decir el d\u00eda (\u2026) La decisi\u00f3n pol\u00edtica de exonerar la visa a los peruanos se ha tomado\u201d, refiri\u00f3 Horejs.<\/span><\/p>\n<p style=\"text-align: justify;\"><span style=\"font-size: 12.1599998474121px; line-height: 1.3em;\">Incuso adelant\u00f3 que autoridades europeas sostendr\u00e1n hoy una reuni\u00f3n en Bruselas (B\u00e9lgica) para decidir la posible fecha de inicio de esas negociaciones.<\/span><\/p>\n<p style=\"text-align: justify;\"><span style=\"font-size: 12.1599998474121px; line-height: 1.3em;\">\u201cPero somos concluyentes en que si todo sigue como lo previsto, esa exoneraci\u00f3n de la visa podr\u00e1 ser efectiva. Sabr\u00e9 seguramente un poquito m\u00e1s al t\u00e9rmino del d\u00eda\u201d, coment\u00f3 la representante europea en di\u00e1logo con RPP.<\/span><\/p>\n<p style=\"text-align: justify;\"><span style=\"font-size: 12.1599998474121px; line-height: 1.3em;\">El Per\u00fa y la Uni\u00f3n Europea (UE) siguen los tr\u00e1mites para prescindir de la visa Schengen para que los peruanos puedan ingresar a Europa.<\/span><\/p>\n<p style=\"text-align: justify;\"><span style=\"font-size: 12.1599998474121px; line-height: 1.3em;\">La Uni\u00f3n Europea, desde el a\u00f1o pasado, confirm\u00f3 su voluntad pol\u00edtica para la eliminaci\u00f3n de la visa para los peruanos y colombianos que quieran ingresar a los 26 pa\u00edses que forman parte del espacio Schengen.<\/span><\/p>\n<p style=\"text-align: justify;\"><span style=\"font-size: 12.1599998474121px; line-height: 1.3em;\">Seg\u00fan la canciller Ana Mar\u00eda S\u00e1nchez, el proceso de exoneraci\u00f3n de la visa Schengen avanza con celeridad y, de obtener resultados positivos, los peruanos ya no necesitar\u00e1n este requisito para viajar a los pa\u00edses de la Uni\u00f3n Europea el pr\u00f3ximo a\u00f1o.<\/span><\/p>\n<p style=\"text-align: justify;\"><span style=\"font-size: 12.1599998474121px; line-height: 1.3em;\">\u201cLa Canciller\u00eda estima que para el a\u00f1o 2016 podr\u00eda culminar el proceso de exenci\u00f3n de visados que permitan viajar al Viejo Continente\u201d, precis\u00f3 la titular de Torre Tagle.<\/span><\/p>\n<p style=\"text-align: justify;\"><span style=\"font-size: 12.1599998474121px; line-height: 1.3em;\">Luego de concluir la etapa pol\u00edtica con la aprobaci\u00f3n del Parlamento Europeo, que incluy\u00f3 al Per\u00fa en la lista positiva de los pa\u00edses exonerados de visa de corta duraci\u00f3n, la canciller dijo que se est\u00e1 la espera la decisi\u00f3n del Consejo de la Uni\u00f3n Europea.<\/span><\/p>\n<p style=\"text-align: justify;\"><span style=\"font-size: 12.1599998474121px; line-height: 1.3em;\">De aprobarse la eliminaci\u00f3n de esta exigencia, los peruanos podr\u00e1n viajar libremente a Espa\u00f1a, Alemania, Austria, B\u00e9lgica, Dinamarca, Eslovaquia, Eslovenia, Estonia, Finlandia, Francia, Grecia. Hungr\u00eda, Islandia, Italia, Letonia, Lituania, Luxemburgo, Malta, Noruega, Holanda, Polonia, Portugal, Rep\u00fablica Checa, Suecia, Suiza y Liechtenstein.<\/span><\/p>\n<p><strong><em>Fuente: Andina<\/em><\/strong><\/p>\n<p><strong><em><img decoding=\"async\" src=\"images\/stories\/15\/05\/060515\/embajadoraue.jpg\" border=\"0\" \/><br \/><\/em><\/strong><\/p>\n","protected":false},"excerpt":{"rendered":"<p>(Aeronoticias) La embajadora de la Uni\u00f3n Europea (UE) en el Per\u00fa, Irene Horejs, estim\u00f3 hoy que \u201cmuy pronto\u201d se iniciar\u00e1 la etapa de negociaci\u00f3n del acuerdo t\u00e9cnico para la exoneraci\u00f3n de la visa Schengen a los peruanos que deseen viajar en calidad de turistas al espacio europeo. Destac\u00f3 que la eliminaci\u00f3n de dicho requisito es [&hellip;]<\/p>\n","protected":false},"author":1,"featured_media":0,"comment_status":"open","ping_status":"open","sticky":false,"template":"","format":"standard","meta":{"tdm_status":"","tdm_grid_status":"","footnotes":""},"categories":[36],"tags":[],"class_list":{"0":"post-52393","1":"post","2":"type-post","3":"status-publish","4":"format-standard","6":"category-politica"},"yoast_head":"<!-- This site is optimized with the Yoast SEO plugin v25.1 - https:\/\/yoast.com\/wordpress\/plugins\/seo\/ -->\n<title>Anuncian pronto inicio de negociaci\u00f3n t\u00e9cnica para eliminar visa Schengen<\/title>\n<meta name=\"description\" content=\"Portal de noticias del Per\u00fa sobre el transporte a\u00e9reo, aviaci\u00f3n, turismo, hoteleria, actualidad.\" \/>\n<meta name=\"robots\" content=\"index, follow, max-snippet:-1, max-image-preview:large, max-video-preview:-1\" \/>\n<link rel=\"canonical\" href=\"https:\/\/aeronoticias.com.pe\/noticiero\/politica\/anuncian-pronto-inicio-de-negociacion-tecnica-para-eliminar-visa-schengen\/\" \/>\n<meta property=\"og:locale\" content=\"es_ES\" \/>\n<meta property=\"og:type\" content=\"article\" \/>\n<meta property=\"og:title\" content=\"Anuncian pronto inicio de negociaci\u00f3n t\u00e9cnica para eliminar visa Schengen\" \/>\n<meta property=\"og:description\" content=\"Portal de noticias del Per\u00fa sobre el transporte a\u00e9reo, aviaci\u00f3n, turismo, hoteleria, actualidad.\" \/>\n<meta property=\"og:url\" content=\"https:\/\/aeronoticias.com.pe\/noticiero\/politica\/anuncian-pronto-inicio-de-negociacion-tecnica-para-eliminar-visa-schengen\/\" \/>\n<meta property=\"og:site_name\" content=\"Aeronoticias.com.pe\" \/>\n<meta property=\"article:publisher\" content=\"https:\/\/www.facebook.com\/Aeronoticias.com.pe\/\" \/>\n<meta property=\"article:published_time\" content=\"2015-05-06T16:00:48+00:00\" \/>\n<meta name=\"author\" content=\"Redacci\u00f3n Aeronoticias\" \/>\n<meta name=\"twitter:card\" content=\"summary_large_image\" \/>\n<meta name=\"twitter:creator\" content=\"@aeronoticias\" \/>\n<meta name=\"twitter:site\" content=\"@aeronoticias\" \/>\n<meta name=\"twitter:label1\" content=\"Escrito por\" \/>\n\t<meta name=\"twitter:data1\" content=\"Redacci\u00f3n Aeronoticias\" \/>\n\t<meta name=\"twitter:label2\" content=\"Tiempo de lectura\" \/>\n\t<meta name=\"twitter:data2\" content=\"2 minutos\" \/>\n<script type=\"application\/ld+json\" class=\"yoast-schema-graph\">{\"@context\":\"https:\/\/schema.org\",\"@graph\":[{\"@type\":\"WebPage\",\"@id\":\"https:\/\/aeronoticias.com.pe\/noticiero\/politica\/anuncian-pronto-inicio-de-negociacion-tecnica-para-eliminar-visa-schengen\/\",\"url\":\"https:\/\/aeronoticias.com.pe\/noticiero\/politica\/anuncian-pronto-inicio-de-negociacion-tecnica-para-eliminar-visa-schengen\/\",\"name\":\"Anuncian pronto inicio de negociaci\u00f3n t\u00e9cnica para eliminar visa Schengen\",\"isPartOf\":{\"@id\":\"https:\/\/aeronoticias.com.pe\/noticiero\/#website\"},\"datePublished\":\"2015-05-06T16:00:48+00:00\",\"author\":{\"@id\":\"https:\/\/aeronoticias.com.pe\/noticiero\/#\/schema\/person\/fc1e5d578f4b62ba1cf7ac2bba1170a0\"},\"description\":\"Portal de noticias del Per\u00fa sobre el transporte a\u00e9reo, aviaci\u00f3n, turismo, hoteleria, actualidad.\",\"breadcrumb\":{\"@id\":\"https:\/\/aeronoticias.com.pe\/noticiero\/politica\/anuncian-pronto-inicio-de-negociacion-tecnica-para-eliminar-visa-schengen\/#breadcrumb\"},\"inLanguage\":\"es\",\"potentialAction\":[{\"@type\":\"ReadAction\",\"target\":[\"https:\/\/aeronoticias.com.pe\/noticiero\/politica\/anuncian-pronto-inicio-de-negociacion-tecnica-para-eliminar-visa-schengen\/\"]}]},{\"@type\":\"BreadcrumbList\",\"@id\":\"https:\/\/aeronoticias.com.pe\/noticiero\/politica\/anuncian-pronto-inicio-de-negociacion-tecnica-para-eliminar-visa-schengen\/#breadcrumb\",\"itemListElement\":[{\"@type\":\"ListItem\",\"position\":1,\"name\":\"Portada\",\"item\":\"https:\/\/aeronoticias.com.pe\/noticiero\/\"},{\"@type\":\"ListItem\",\"position\":2,\"name\":\"Anuncian pronto inicio de negociaci\u00f3n t\u00e9cnica para eliminar visa Schengen\"}]},{\"@type\":\"WebSite\",\"@id\":\"https:\/\/aeronoticias.com.pe\/noticiero\/#website\",\"url\":\"https:\/\/aeronoticias.com.pe\/noticiero\/\",\"name\":\"Aeronoticias.com.pe\",\"description\":\"Noticias de tranporte aereo, turismo, hoteles, gastronomia, actualidad, internacional\",\"potentialAction\":[{\"@type\":\"SearchAction\",\"target\":{\"@type\":\"EntryPoint\",\"urlTemplate\":\"https:\/\/aeronoticias.com.pe\/noticiero\/?s={search_term_string}\"},\"query-input\":{\"@type\":\"PropertyValueSpecification\",\"valueRequired\":true,\"valueName\":\"search_term_string\"}}],\"inLanguage\":\"es\"},{\"@type\":\"Person\",\"@id\":\"https:\/\/aeronoticias.com.pe\/noticiero\/#\/schema\/person\/fc1e5d578f4b62ba1cf7ac2bba1170a0\",\"name\":\"Redacci\u00f3n Aeronoticias\",\"url\":\"https:\/\/aeronoticias.com.pe\/noticiero\/author\/piloto\/\"}]}<\/script>\n<!-- \/ Yoast SEO plugin. -->","yoast_head_json":{"title":"Anuncian pronto inicio de negociaci\u00f3n t\u00e9cnica para eliminar visa Schengen","description":"Portal de noticias del Per\u00fa sobre el transporte a\u00e9reo, aviaci\u00f3n, turismo, hoteleria, actualidad.","robots":{"index":"index","follow":"follow","max-snippet":"max-snippet:-1","max-image-preview":"max-image-preview:large","max-video-preview":"max-video-preview:-1"},"canonical":"https:\/\/aeronoticias.com.pe\/noticiero\/politica\/anuncian-pronto-inicio-de-negociacion-tecnica-para-eliminar-visa-schengen\/","og_locale":"es_ES","og_type":"article","og_title":"Anuncian pronto inicio de negociaci\u00f3n t\u00e9cnica para eliminar visa Schengen","og_description":"Portal de noticias del Per\u00fa sobre el transporte a\u00e9reo, aviaci\u00f3n, turismo, hoteleria, actualidad.","og_url":"https:\/\/aeronoticias.com.pe\/noticiero\/politica\/anuncian-pronto-inicio-de-negociacion-tecnica-para-eliminar-visa-schengen\/","og_site_name":"Aeronoticias.com.pe","article_publisher":"https:\/\/www.facebook.com\/Aeronoticias.com.pe\/","article_published_time":"2015-05-06T16:00:48+00:00","author":"Redacci\u00f3n Aeronoticias","twitter_card":"summary_large_image","twitter_creator":"@aeronoticias","twitter_site":"@aeronoticias","twitter_misc":{"Escrito por":"Redacci\u00f3n Aeronoticias","Tiempo de lectura":"2 minutos"},"schema":{"@context":"https:\/\/schema.org","@graph":[{"@type":"WebPage","@id":"https:\/\/aeronoticias.com.pe\/noticiero\/politica\/anuncian-pronto-inicio-de-negociacion-tecnica-para-eliminar-visa-schengen\/","url":"https:\/\/aeronoticias.com.pe\/noticiero\/politica\/anuncian-pronto-inicio-de-negociacion-tecnica-para-eliminar-visa-schengen\/","name":"Anuncian pronto inicio de negociaci\u00f3n t\u00e9cnica para eliminar visa Schengen","isPartOf":{"@id":"https:\/\/aeronoticias.com.pe\/noticiero\/#website"},"datePublished":"2015-05-06T16:00:48+00:00","author":{"@id":"https:\/\/aeronoticias.com.pe\/noticiero\/#\/schema\/person\/fc1e5d578f4b62ba1cf7ac2bba1170a0"},"description":"Portal de noticias del Per\u00fa sobre el transporte a\u00e9reo, aviaci\u00f3n, turismo, hoteleria, actualidad.","breadcrumb":{"@id":"https:\/\/aeronoticias.com.pe\/noticiero\/politica\/anuncian-pronto-inicio-de-negociacion-tecnica-para-eliminar-visa-schengen\/#breadcrumb"},"inLanguage":"es","potentialAction":[{"@type":"ReadAction","target":["https:\/\/aeronoticias.com.pe\/noticiero\/politica\/anuncian-pronto-inicio-de-negociacion-tecnica-para-eliminar-visa-schengen\/"]}]},{"@type":"BreadcrumbList","@id":"https:\/\/aeronoticias.com.pe\/noticiero\/politica\/anuncian-pronto-inicio-de-negociacion-tecnica-para-eliminar-visa-schengen\/#breadcrumb","itemListElement":[{"@type":"ListItem","position":1,"name":"Portada","item":"https:\/\/aeronoticias.com.pe\/noticiero\/"},{"@type":"ListItem","position":2,"name":"Anuncian pronto inicio de negociaci\u00f3n t\u00e9cnica para eliminar visa Schengen"}]},{"@type":"WebSite","@id":"https:\/\/aeronoticias.com.pe\/noticiero\/#website","url":"https:\/\/aeronoticias.com.pe\/noticiero\/","name":"Aeronoticias.com.pe","description":"Noticias de tranporte aereo, turismo, hoteles, gastronomia, actualidad, internacional","potentialAction":[{"@type":"SearchAction","target":{"@type":"EntryPoint","urlTemplate":"https:\/\/aeronoticias.com.pe\/noticiero\/?s={search_term_string}"},"query-input":{"@type":"PropertyValueSpecification","valueRequired":true,"valueName":"search_term_string"}}],"inLanguage":"es"},{"@type":"Person","@id":"https:\/\/aeronoticias.com.pe\/noticiero\/#\/schema\/person\/fc1e5d578f4b62ba1cf7ac2bba1170a0","name":"Redacci\u00f3n Aeronoticias","url":"https:\/\/aeronoticias.com.pe\/noticiero\/author\/piloto\/"}]}},"_links":{"self":[{"href":"https:\/\/aeronoticias.com.pe\/noticiero\/wp-json\/wp\/v2\/posts\/52393","targetHints":{"allow":["GET"]}}],"collection":[{"href":"https:\/\/aeronoticias.com.pe\/noticiero\/wp-json\/wp\/v2\/posts"}],"about":[{"href":"https:\/\/aeronoticias.com.pe\/noticiero\/wp-json\/wp\/v2\/types\/post"}],"author":[{"embeddable":true,"href":"https:\/\/aeronoticias.com.pe\/noticiero\/wp-json\/wp\/v2\/users\/1"}],"replies":[{"embeddable":true,"href":"https:\/\/aeronoticias.com.pe\/noticiero\/wp-json\/wp\/v2\/comments?post=52393"}],"version-history":[{"count":0,"href":"https:\/\/aeronoticias.com.pe\/noticiero\/wp-json\/wp\/v2\/posts\/52393\/revisions"}],"wp:attachment":[{"href":"https:\/\/aeronoticias.com.pe\/noticiero\/wp-json\/wp\/v2\/media?parent=52393"}],"wp:term":[{"taxonomy":"category","embeddable":true,"href":"https:\/\/aeronoticias.com.pe\/noticiero\/wp-json\/wp\/v2\/categories?post=52393"},{"taxonomy":"post_tag","embeddable":true,"href":"https:\/\/aeronoticias.com.pe\/noticiero\/wp-json\/wp\/v2\/tags?post=52393"}],"curies":[{"name":"wp","href":"https:\/\/api.w.org\/{rel}","templated":true}]}}