{"id":52397,"date":"2015-05-06T20:14:27","date_gmt":"2015-05-06T20:14:27","guid":{"rendered":"http:\/\/desarrollo.mcvicious.com\/aero2020\/2015\/05\/06\/instituto-peruano-de-derecho-aereo-otorgo-500-becas-de-post-grado-en-derecho-aereo-y-espacial-en-el-cal-de-1989-a-1995\/"},"modified":"2015-05-06T20:14:27","modified_gmt":"2015-05-06T20:14:27","slug":"instituto-peruano-de-derecho-aereo-otorgo-500-becas-de-post-grado-en-derecho-aereo-y-espacial-en-el-cal-de-1989-a-1995","status":"publish","type":"post","link":"https:\/\/aeronoticias.com.pe\/noticiero\/politica\/instituto-peruano-de-derecho-aereo-otorgo-500-becas-de-post-grado-en-derecho-aereo-y-espacial-en-el-cal-de-1989-a-1995\/","title":{"rendered":"Instituto Peruano de Derecho A\u00e9reo otorg\u00f3 500 becas de Post Grado en Derecho A\u00e9reo y Espacial en el CAL de 1989 a 1995"},"content":{"rendered":"<p style=\"text-align: justify;\"><strong>(Aeronoticias) <\/strong>El Instituto Peruano de Derecho A\u00e9reo (IPDA), que en el mes de marzo acaba de cumplir 35 a\u00f1os de vida institucional como instituci\u00f3n representativa de la doctrina peruana de Derecho A\u00e9reo y que fuera fundada por los patriarcas ya fallecidos, como Alfredo Gildemeister Mart\u00ednez, Guillermo Velaochaga Miranda, los embajadores del Ministerio de Relaciones Exteriores, Ren\u00e9 Hooper L\u00f3pez, Eduardo Llosa Larrabiure, V\u00edctor Marchena Errol, todos fallecidos y que preside \u00a0Juli\u00e1n Palacin Fern\u00e1ndez, hace exactamente 26 a\u00f1os firm\u00f3 un convenio con la Universidad Nacional Mayor de San Marcos que a\u00fan est\u00e1 vigente para dictar cursos de post grado en Derecho A\u00e9reo y Espacial en el tercer piso del ilustre Colegio de Abogados de Lima en la Av. Santa Cruz 255, Miraflores.<\/p>\n<p style=\"text-align: justify;\">Entre 1989 y 1995 se llevaron a cabo 6 post grados en los que egresaron aproximadamente 600 abogados de Per\u00fa, Bolivia, Colombia, Ecuador, Venezuela, Honduras, Guatemala, Cuba, Panam\u00e1 y Egipto, 500 de ellos becados por el Instituto Peruano de Derecho A\u00e9reo, los estudios duraban 1 a\u00f1o y medio y figuran como egresados juristas de la talla de Elcira V\u00e1squez Cortez, ex Vocal de la Corte Suprema de Justicia del Per\u00fa, Alfonso Sbarbaro Rivasplata, ex Fiscal Superior y Miembro del Consejo Nacional de la Magistratura, Miguel Mena Ram\u00edrez del Estudio Grau, Luz Elena Garc\u00eda Nu\u00f1ez del Estudio Garc\u00eda Nu\u00f1ez, Marilyn Florez Villaverde del Estudio Juli\u00e1n Palacin Abogados, Mar\u00eda Silva Navarro y Silvia Rosado Coronado del Instituto Peruano de Derecho A\u00e9reo, entre otros destacados egresados.<\/p>\n<p style=\"text-align: justify;\">Recordamos que el catedr\u00e1tico principal de estos 6 cursos de post grado en Derecho A\u00e9reo y Espacial fue el jurista Juli\u00e1n Palacin Fern\u00e1ndez, quien al lado de los profesores extranjeros Hector Arnaldo Peruchi, Adrian Marcial Alzueta, Mariana Donato, Mar\u00eda Delia Bueno, Nori Oshiro, Manuel Augusto Ferrer y Eduardo Cosentino de Argentina, \u00c1ngel Arango de Cuba, Alfonso Novales de Guatemala, Gloria Castro de Honduras, Aguinaldo de Mello Junqueira y Jorge Carvalho Bitencourt de Brasil, Ernesto V\u00e1squez Rocha de Colombia, Enrique Mapeli y L\u00f3pez de Espa\u00f1a y Alfredo Gildemeister Mart\u00ednez de Per\u00fa, dieron clases magistrales en este Post Grado, en las aulas del Colegio de Abogados de Lima y de la facultad de Derecho y Ciencias Pol\u00edticas de la Universidad Nacional Mayor de San Marcos.<\/p>\n<p style=\"text-align: justify;\">Los ex Decanos del CAL que apoyaron esta actividad acad\u00e9mica en beneficio de casi 500 abogados fueron Fernando Vidal Ram\u00edrez, Andr\u00e9s Arambur\u00fa Menchaca y Jorge Avenda\u00f1o Valdez y los Decanos de la facultad de Derecho y Ciencias Pol\u00edticas de la Decana de Am\u00e9rica, Jorge Carri\u00f3n Lugo y An\u00edbal Torres V\u00e1squez y el recordado Rector Wilson Reategui Chavez, que hizo historia prestigiando al Per\u00fa a trav\u00e9s de la Decana de Am\u00e9rica.<\/p>\n<p style=\"text-align: justify;\">La secretaria acad\u00e9mica hist\u00f3rica de este Post Grado fue la distinguida abogada peruana Silvia Rosado Coronado, egresada de la Universidad Inca Garcilaso de la Vega y hoy residente en Espa\u00f1a y la secretaria administrativa que impuls\u00f3 esta actividad acad\u00e9mica fue Isabel Arroyo Lostaunau de Per\u00fa.<\/p>\n<p style=\"text-align: justify;\">A ellos, nuestra unidad de investigaci\u00f3n de historia del Derecho A\u00e9reo peruano les rinde un sentido homenaje, a la plana administrativa acad\u00e9mica y docente y hoy podemos decir que los egresados del Post Grado en Derecho A\u00e9reo y Espacial de la Universidad del Per\u00fa y Decana de Am\u00e9rica, la Universidad Nacional Mayor de San Marcos desempe\u00f1an cargos p\u00fablicos en distintos pa\u00edses del mundo o son abogados connotados de estudios jur\u00eddicos de renombre internacional.<\/p>\n<p style=\"text-align: justify;\">Esta actividad acad\u00e9mica respaldada por m\u00e1s de 600 tesis de investigaci\u00f3n que est\u00e1n en la biblioteca de la facultad de Derecho y Ciencia Pol\u00edtica de la Universidad Mayor de San Marcos le deja el legado al Per\u00fa de haber logrado en las \u00faltimas d\u00e9cadas ser uno de los pa\u00edses de habla hispana m\u00e1s reconocidos, no solo por esta especialidad que fue \u00fanica en el mundo en su tiempo, sino porque la doctrina peruana de Derecho A\u00e9reo, en los libros por ejemplo de Juli\u00e1n Palacin Fern\u00e1ndez, o Alfredo Gildemeister Mart\u00ednez son citados bibliogr\u00e1ficamente por los principales tratadistas del mundo.<\/p>\n<p style=\"text-align: justify;\">Menci\u00f3n aparte tuvieron las l\u00edneas a\u00e9reas Aerol\u00edneas Argentinas, AeroPer\u00fa, Iberia, Cubana de Aviaci\u00f3n y Avianca que apoyaron con los pasajes de los profesores extranjeros que engalanaron acad\u00e9micamente con sus clases magistrales esta especialidad que ha convertido al Per\u00fa en un pa\u00eds respetado en Derecho A\u00e9reo y Espacial a nivel internacional.<\/p>\n<p style=\"text-align: justify;\"><img decoding=\"async\" src=\"images\/stories\/15\/05\/060515\/ipda.jpg\" border=\"0\" \/><\/p>\n","protected":false},"excerpt":{"rendered":"<p>(Aeronoticias) El Instituto Peruano de Derecho A\u00e9reo (IPDA), que en el mes de marzo acaba de cumplir 35 a\u00f1os de vida institucional como instituci\u00f3n representativa de la doctrina peruana de Derecho A\u00e9reo y que fuera fundada por los patriarcas ya fallecidos, como Alfredo Gildemeister Mart\u00ednez, Guillermo Velaochaga Miranda, los embajadores del Ministerio de Relaciones Exteriores, [&hellip;]<\/p>\n","protected":false},"author":1,"featured_media":0,"comment_status":"open","ping_status":"open","sticky":false,"template":"","format":"standard","meta":{"tdm_status":"","tdm_grid_status":"","footnotes":""},"categories":[36],"tags":[],"class_list":{"0":"post-52397","1":"post","2":"type-post","3":"status-publish","4":"format-standard","6":"category-politica"},"yoast_head":"<!-- This site is optimized with the Yoast SEO plugin v25.1 - https:\/\/yoast.com\/wordpress\/plugins\/seo\/ -->\n<title>Instituto Peruano de Derecho A\u00e9reo otorg\u00f3 500 becas de Post Grado en Derecho A\u00e9reo y Espacial en el CAL de 1989 a 1995<\/title>\n<meta name=\"description\" content=\"Portal de noticias del Per\u00fa sobre el transporte a\u00e9reo, aviaci\u00f3n, turismo, hoteleria, actualidad.\" \/>\n<meta name=\"robots\" content=\"index, follow, max-snippet:-1, max-image-preview:large, max-video-preview:-1\" \/>\n<link rel=\"canonical\" href=\"https:\/\/aeronoticias.com.pe\/noticiero\/politica\/instituto-peruano-de-derecho-aereo-otorgo-500-becas-de-post-grado-en-derecho-aereo-y-espacial-en-el-cal-de-1989-a-1995\/\" \/>\n<meta property=\"og:locale\" content=\"es_ES\" \/>\n<meta property=\"og:type\" content=\"article\" \/>\n<meta property=\"og:title\" content=\"Instituto Peruano de Derecho A\u00e9reo otorg\u00f3 500 becas de Post Grado en Derecho A\u00e9reo y Espacial en el CAL de 1989 a 1995\" \/>\n<meta property=\"og:description\" content=\"Portal de noticias del Per\u00fa sobre el transporte a\u00e9reo, aviaci\u00f3n, turismo, hoteleria, actualidad.\" \/>\n<meta property=\"og:url\" content=\"https:\/\/aeronoticias.com.pe\/noticiero\/politica\/instituto-peruano-de-derecho-aereo-otorgo-500-becas-de-post-grado-en-derecho-aereo-y-espacial-en-el-cal-de-1989-a-1995\/\" \/>\n<meta property=\"og:site_name\" content=\"Aeronoticias.com.pe\" \/>\n<meta property=\"article:publisher\" content=\"https:\/\/www.facebook.com\/Aeronoticias.com.pe\/\" \/>\n<meta property=\"article:published_time\" content=\"2015-05-06T20:14:27+00:00\" \/>\n<meta name=\"author\" content=\"Redacci\u00f3n Aeronoticias\" \/>\n<meta name=\"twitter:card\" content=\"summary_large_image\" \/>\n<meta name=\"twitter:creator\" content=\"@aeronoticias\" \/>\n<meta name=\"twitter:site\" content=\"@aeronoticias\" \/>\n<meta name=\"twitter:label1\" content=\"Escrito por\" \/>\n\t<meta name=\"twitter:data1\" content=\"Redacci\u00f3n Aeronoticias\" \/>\n\t<meta name=\"twitter:label2\" content=\"Tiempo de lectura\" \/>\n\t<meta name=\"twitter:data2\" content=\"4 minutos\" \/>\n<script type=\"application\/ld+json\" class=\"yoast-schema-graph\">{\"@context\":\"https:\/\/schema.org\",\"@graph\":[{\"@type\":\"WebPage\",\"@id\":\"https:\/\/aeronoticias.com.pe\/noticiero\/politica\/instituto-peruano-de-derecho-aereo-otorgo-500-becas-de-post-grado-en-derecho-aereo-y-espacial-en-el-cal-de-1989-a-1995\/\",\"url\":\"https:\/\/aeronoticias.com.pe\/noticiero\/politica\/instituto-peruano-de-derecho-aereo-otorgo-500-becas-de-post-grado-en-derecho-aereo-y-espacial-en-el-cal-de-1989-a-1995\/\",\"name\":\"Instituto Peruano de Derecho A\u00e9reo otorg\u00f3 500 becas de Post Grado en Derecho A\u00e9reo y Espacial en el CAL de 1989 a 1995\",\"isPartOf\":{\"@id\":\"https:\/\/aeronoticias.com.pe\/noticiero\/#website\"},\"datePublished\":\"2015-05-06T20:14:27+00:00\",\"author\":{\"@id\":\"https:\/\/aeronoticias.com.pe\/noticiero\/#\/schema\/person\/fc1e5d578f4b62ba1cf7ac2bba1170a0\"},\"description\":\"Portal de noticias del Per\u00fa sobre el transporte a\u00e9reo, aviaci\u00f3n, turismo, hoteleria, actualidad.\",\"breadcrumb\":{\"@id\":\"https:\/\/aeronoticias.com.pe\/noticiero\/politica\/instituto-peruano-de-derecho-aereo-otorgo-500-becas-de-post-grado-en-derecho-aereo-y-espacial-en-el-cal-de-1989-a-1995\/#breadcrumb\"},\"inLanguage\":\"es\",\"potentialAction\":[{\"@type\":\"ReadAction\",\"target\":[\"https:\/\/aeronoticias.com.pe\/noticiero\/politica\/instituto-peruano-de-derecho-aereo-otorgo-500-becas-de-post-grado-en-derecho-aereo-y-espacial-en-el-cal-de-1989-a-1995\/\"]}]},{\"@type\":\"BreadcrumbList\",\"@id\":\"https:\/\/aeronoticias.com.pe\/noticiero\/politica\/instituto-peruano-de-derecho-aereo-otorgo-500-becas-de-post-grado-en-derecho-aereo-y-espacial-en-el-cal-de-1989-a-1995\/#breadcrumb\",\"itemListElement\":[{\"@type\":\"ListItem\",\"position\":1,\"name\":\"Portada\",\"item\":\"https:\/\/aeronoticias.com.pe\/noticiero\/\"},{\"@type\":\"ListItem\",\"position\":2,\"name\":\"Instituto Peruano de Derecho A\u00e9reo otorg\u00f3 500 becas de Post Grado en Derecho A\u00e9reo y Espacial en el CAL de 1989 a 1995\"}]},{\"@type\":\"WebSite\",\"@id\":\"https:\/\/aeronoticias.com.pe\/noticiero\/#website\",\"url\":\"https:\/\/aeronoticias.com.pe\/noticiero\/\",\"name\":\"Aeronoticias.com.pe\",\"description\":\"Noticias de tranporte aereo, turismo, hoteles, gastronomia, actualidad, internacional\",\"potentialAction\":[{\"@type\":\"SearchAction\",\"target\":{\"@type\":\"EntryPoint\",\"urlTemplate\":\"https:\/\/aeronoticias.com.pe\/noticiero\/?s={search_term_string}\"},\"query-input\":{\"@type\":\"PropertyValueSpecification\",\"valueRequired\":true,\"valueName\":\"search_term_string\"}}],\"inLanguage\":\"es\"},{\"@type\":\"Person\",\"@id\":\"https:\/\/aeronoticias.com.pe\/noticiero\/#\/schema\/person\/fc1e5d578f4b62ba1cf7ac2bba1170a0\",\"name\":\"Redacci\u00f3n Aeronoticias\",\"url\":\"https:\/\/aeronoticias.com.pe\/noticiero\/author\/piloto\/\"}]}<\/script>\n<!-- \/ Yoast SEO plugin. -->","yoast_head_json":{"title":"Instituto Peruano de Derecho A\u00e9reo otorg\u00f3 500 becas de Post Grado en Derecho A\u00e9reo y Espacial en el CAL de 1989 a 1995","description":"Portal de noticias del Per\u00fa sobre el transporte a\u00e9reo, aviaci\u00f3n, turismo, hoteleria, actualidad.","robots":{"index":"index","follow":"follow","max-snippet":"max-snippet:-1","max-image-preview":"max-image-preview:large","max-video-preview":"max-video-preview:-1"},"canonical":"https:\/\/aeronoticias.com.pe\/noticiero\/politica\/instituto-peruano-de-derecho-aereo-otorgo-500-becas-de-post-grado-en-derecho-aereo-y-espacial-en-el-cal-de-1989-a-1995\/","og_locale":"es_ES","og_type":"article","og_title":"Instituto Peruano de Derecho A\u00e9reo otorg\u00f3 500 becas de Post Grado en Derecho A\u00e9reo y Espacial en el CAL de 1989 a 1995","og_description":"Portal de noticias del Per\u00fa sobre el transporte a\u00e9reo, aviaci\u00f3n, turismo, hoteleria, actualidad.","og_url":"https:\/\/aeronoticias.com.pe\/noticiero\/politica\/instituto-peruano-de-derecho-aereo-otorgo-500-becas-de-post-grado-en-derecho-aereo-y-espacial-en-el-cal-de-1989-a-1995\/","og_site_name":"Aeronoticias.com.pe","article_publisher":"https:\/\/www.facebook.com\/Aeronoticias.com.pe\/","article_published_time":"2015-05-06T20:14:27+00:00","author":"Redacci\u00f3n Aeronoticias","twitter_card":"summary_large_image","twitter_creator":"@aeronoticias","twitter_site":"@aeronoticias","twitter_misc":{"Escrito por":"Redacci\u00f3n Aeronoticias","Tiempo de lectura":"4 minutos"},"schema":{"@context":"https:\/\/schema.org","@graph":[{"@type":"WebPage","@id":"https:\/\/aeronoticias.com.pe\/noticiero\/politica\/instituto-peruano-de-derecho-aereo-otorgo-500-becas-de-post-grado-en-derecho-aereo-y-espacial-en-el-cal-de-1989-a-1995\/","url":"https:\/\/aeronoticias.com.pe\/noticiero\/politica\/instituto-peruano-de-derecho-aereo-otorgo-500-becas-de-post-grado-en-derecho-aereo-y-espacial-en-el-cal-de-1989-a-1995\/","name":"Instituto Peruano de Derecho A\u00e9reo otorg\u00f3 500 becas de Post Grado en Derecho A\u00e9reo y Espacial en el CAL de 1989 a 1995","isPartOf":{"@id":"https:\/\/aeronoticias.com.pe\/noticiero\/#website"},"datePublished":"2015-05-06T20:14:27+00:00","author":{"@id":"https:\/\/aeronoticias.com.pe\/noticiero\/#\/schema\/person\/fc1e5d578f4b62ba1cf7ac2bba1170a0"},"description":"Portal de noticias del Per\u00fa sobre el transporte a\u00e9reo, aviaci\u00f3n, turismo, hoteleria, actualidad.","breadcrumb":{"@id":"https:\/\/aeronoticias.com.pe\/noticiero\/politica\/instituto-peruano-de-derecho-aereo-otorgo-500-becas-de-post-grado-en-derecho-aereo-y-espacial-en-el-cal-de-1989-a-1995\/#breadcrumb"},"inLanguage":"es","potentialAction":[{"@type":"ReadAction","target":["https:\/\/aeronoticias.com.pe\/noticiero\/politica\/instituto-peruano-de-derecho-aereo-otorgo-500-becas-de-post-grado-en-derecho-aereo-y-espacial-en-el-cal-de-1989-a-1995\/"]}]},{"@type":"BreadcrumbList","@id":"https:\/\/aeronoticias.com.pe\/noticiero\/politica\/instituto-peruano-de-derecho-aereo-otorgo-500-becas-de-post-grado-en-derecho-aereo-y-espacial-en-el-cal-de-1989-a-1995\/#breadcrumb","itemListElement":[{"@type":"ListItem","position":1,"name":"Portada","item":"https:\/\/aeronoticias.com.pe\/noticiero\/"},{"@type":"ListItem","position":2,"name":"Instituto Peruano de Derecho A\u00e9reo otorg\u00f3 500 becas de Post Grado en Derecho A\u00e9reo y Espacial en el CAL de 1989 a 1995"}]},{"@type":"WebSite","@id":"https:\/\/aeronoticias.com.pe\/noticiero\/#website","url":"https:\/\/aeronoticias.com.pe\/noticiero\/","name":"Aeronoticias.com.pe","description":"Noticias de tranporte aereo, turismo, hoteles, gastronomia, actualidad, internacional","potentialAction":[{"@type":"SearchAction","target":{"@type":"EntryPoint","urlTemplate":"https:\/\/aeronoticias.com.pe\/noticiero\/?s={search_term_string}"},"query-input":{"@type":"PropertyValueSpecification","valueRequired":true,"valueName":"search_term_string"}}],"inLanguage":"es"},{"@type":"Person","@id":"https:\/\/aeronoticias.com.pe\/noticiero\/#\/schema\/person\/fc1e5d578f4b62ba1cf7ac2bba1170a0","name":"Redacci\u00f3n Aeronoticias","url":"https:\/\/aeronoticias.com.pe\/noticiero\/author\/piloto\/"}]}},"_links":{"self":[{"href":"https:\/\/aeronoticias.com.pe\/noticiero\/wp-json\/wp\/v2\/posts\/52397","targetHints":{"allow":["GET"]}}],"collection":[{"href":"https:\/\/aeronoticias.com.pe\/noticiero\/wp-json\/wp\/v2\/posts"}],"about":[{"href":"https:\/\/aeronoticias.com.pe\/noticiero\/wp-json\/wp\/v2\/types\/post"}],"author":[{"embeddable":true,"href":"https:\/\/aeronoticias.com.pe\/noticiero\/wp-json\/wp\/v2\/users\/1"}],"replies":[{"embeddable":true,"href":"https:\/\/aeronoticias.com.pe\/noticiero\/wp-json\/wp\/v2\/comments?post=52397"}],"version-history":[{"count":0,"href":"https:\/\/aeronoticias.com.pe\/noticiero\/wp-json\/wp\/v2\/posts\/52397\/revisions"}],"wp:attachment":[{"href":"https:\/\/aeronoticias.com.pe\/noticiero\/wp-json\/wp\/v2\/media?parent=52397"}],"wp:term":[{"taxonomy":"category","embeddable":true,"href":"https:\/\/aeronoticias.com.pe\/noticiero\/wp-json\/wp\/v2\/categories?post=52397"},{"taxonomy":"post_tag","embeddable":true,"href":"https:\/\/aeronoticias.com.pe\/noticiero\/wp-json\/wp\/v2\/tags?post=52397"}],"curies":[{"name":"wp","href":"https:\/\/api.w.org\/{rel}","templated":true}]}}