{"id":5240,"date":"2009-09-19T13:29:15","date_gmt":"2009-09-19T13:29:15","guid":{"rendered":"http:\/\/desarrollo.mcvicious.com\/aero2020\/2009\/09\/19\/se-podra-llamar-gratis-en-facebook-y-twitter\/"},"modified":"2009-09-19T13:29:15","modified_gmt":"2009-09-19T13:29:15","slug":"se-podra-llamar-gratis-en-facebook-y-twitter","status":"publish","type":"post","link":"https:\/\/aeronoticias.com.pe\/noticiero\/27\/se-podra-llamar-gratis-en-facebook-y-twitter\/","title":{"rendered":"SE PODR\u00c1 LLAMAR GRATIS EN FACEBOOK Y TWITTER"},"content":{"rendered":"<div align=\"justify\">En el caso de Twitter el servicio est\u00e1 todav\u00eda a prueba y permitir\u00e1 el intercambio de mensajes de voz para lo que bastar\u00e1 introducir @call @nombre de usuario. El servicio ser\u00e1 gratuito y funcionar\u00e1 de ordenadores a tel\u00e9fonos, informa Cnet News.<\/p>\n<p>Las dos redes sociales m\u00e1s populares ofrecer\u00e1n un servicios de llamadas a trav\u00e9s de Internet basados en la tecnolog\u00eda Voz sobre IP (VOIP) igual que el que usa el servicio Skype.<\/p>\n<div style=\"text-align: center\"><img decoding=\"async\" src=\"images\/stories\/09\/09\/190909\/facebook.jpg\" border=\"0\" alt=\"SE PODR\u00c1 LLAMAR GRATIS EN FACEBOOK Y TWITTER\" title=\"SE PODR\u00c1 LLAMAR GRATIS EN FACEBOOK Y TWITTER\" \/><\/div>\n<p>La empresa Jajah prestar\u00e1 este servicio a los usuarios de la red de microblogging que permitir\u00e1 hacer llamadas cortas a sus contactos (followers) de no m\u00e1s de dos minutos de duraci\u00f3n, siempre y cuando los dos sean tambi\u00e9n usuarios de Jajah. Esos 120 segundos equivalen a los 140 caracteres de un tweet o mensaje corto.<\/p>\n<p>Facebook, por su parte, trabajar\u00e1 con Vivox que ya es proveedor de llamadas para p\u00e1ginas web como Second Life. El sistema est\u00e1 en fase de prueba y permitir\u00e1 llamar a los amigos que est\u00e9n conectados. Vivox tiene intenci\u00f3n de ampliar el servicio a usuarios sin Facebook y permitir realizar varias llamadas a la vez para las conferencias. <\/div>\n","protected":false},"excerpt":{"rendered":"<p>En el caso de Twitter el servicio est\u00e1 todav\u00eda a prueba y permitir\u00e1 el intercambio de mensajes de voz para lo que bastar\u00e1 introducir @call @nombre de usuario. El servicio ser\u00e1 gratuito y funcionar\u00e1 de ordenadores a tel\u00e9fonos, informa Cnet News. Las dos redes sociales m\u00e1s populares ofrecer\u00e1n un servicios de llamadas a trav\u00e9s de [&hellip;]<\/p>\n","protected":false},"author":1,"featured_media":0,"comment_status":"open","ping_status":"open","sticky":false,"template":"","format":"standard","meta":{"tdm_status":"","tdm_grid_status":"","footnotes":""},"categories":[35],"tags":[],"class_list":{"0":"post-5240","1":"post","2":"type-post","3":"status-publish","4":"format-standard","6":"category-35"},"yoast_head":"<!-- This site is optimized with the Yoast SEO plugin v25.1 - https:\/\/yoast.com\/wordpress\/plugins\/seo\/ -->\n<title>SE PODR\u00c1 LLAMAR GRATIS EN FACEBOOK Y TWITTER<\/title>\n<meta name=\"description\" content=\"Portal de noticias del Per\u00fa sobre el transporte a\u00e9reo, aviaci\u00f3n, turismo, hoteleria, actualidad.\" \/>\n<meta name=\"robots\" content=\"index, follow, max-snippet:-1, max-image-preview:large, max-video-preview:-1\" \/>\n<link rel=\"canonical\" href=\"https:\/\/aeronoticias.com.pe\/noticiero\/27\/se-podra-llamar-gratis-en-facebook-y-twitter\/\" \/>\n<meta property=\"og:locale\" content=\"es_ES\" \/>\n<meta property=\"og:type\" content=\"article\" \/>\n<meta property=\"og:title\" content=\"SE PODR\u00c1 LLAMAR GRATIS EN FACEBOOK Y TWITTER\" \/>\n<meta property=\"og:description\" content=\"Portal de noticias del Per\u00fa sobre el transporte a\u00e9reo, aviaci\u00f3n, turismo, hoteleria, actualidad.\" \/>\n<meta property=\"og:url\" content=\"https:\/\/aeronoticias.com.pe\/noticiero\/27\/se-podra-llamar-gratis-en-facebook-y-twitter\/\" \/>\n<meta property=\"og:site_name\" content=\"Aeronoticias.com.pe\" \/>\n<meta property=\"article:publisher\" content=\"https:\/\/www.facebook.com\/Aeronoticias.com.pe\/\" \/>\n<meta property=\"article:published_time\" content=\"2009-09-19T13:29:15+00:00\" \/>\n<meta name=\"author\" content=\"Redacci\u00f3n Aeronoticias\" \/>\n<meta name=\"twitter:card\" content=\"summary_large_image\" \/>\n<meta name=\"twitter:creator\" content=\"@aeronoticias\" \/>\n<meta name=\"twitter:site\" content=\"@aeronoticias\" \/>\n<meta name=\"twitter:label1\" content=\"Escrito por\" \/>\n\t<meta name=\"twitter:data1\" content=\"Redacci\u00f3n Aeronoticias\" \/>\n\t<meta name=\"twitter:label2\" content=\"Tiempo de lectura\" \/>\n\t<meta name=\"twitter:data2\" content=\"1 minuto\" \/>\n<script type=\"application\/ld+json\" class=\"yoast-schema-graph\">{\"@context\":\"https:\/\/schema.org\",\"@graph\":[{\"@type\":\"WebPage\",\"@id\":\"https:\/\/aeronoticias.com.pe\/noticiero\/27\/se-podra-llamar-gratis-en-facebook-y-twitter\/\",\"url\":\"https:\/\/aeronoticias.com.pe\/noticiero\/27\/se-podra-llamar-gratis-en-facebook-y-twitter\/\",\"name\":\"SE PODR\u00c1 LLAMAR GRATIS EN FACEBOOK Y TWITTER\",\"isPartOf\":{\"@id\":\"https:\/\/aeronoticias.com.pe\/noticiero\/#website\"},\"datePublished\":\"2009-09-19T13:29:15+00:00\",\"author\":{\"@id\":\"https:\/\/aeronoticias.com.pe\/noticiero\/#\/schema\/person\/fc1e5d578f4b62ba1cf7ac2bba1170a0\"},\"description\":\"Portal de noticias del Per\u00fa sobre el transporte a\u00e9reo, aviaci\u00f3n, turismo, hoteleria, actualidad.\",\"breadcrumb\":{\"@id\":\"https:\/\/aeronoticias.com.pe\/noticiero\/27\/se-podra-llamar-gratis-en-facebook-y-twitter\/#breadcrumb\"},\"inLanguage\":\"es\",\"potentialAction\":[{\"@type\":\"ReadAction\",\"target\":[\"https:\/\/aeronoticias.com.pe\/noticiero\/27\/se-podra-llamar-gratis-en-facebook-y-twitter\/\"]}]},{\"@type\":\"BreadcrumbList\",\"@id\":\"https:\/\/aeronoticias.com.pe\/noticiero\/27\/se-podra-llamar-gratis-en-facebook-y-twitter\/#breadcrumb\",\"itemListElement\":[{\"@type\":\"ListItem\",\"position\":1,\"name\":\"Portada\",\"item\":\"https:\/\/aeronoticias.com.pe\/noticiero\/\"},{\"@type\":\"ListItem\",\"position\":2,\"name\":\"SE PODR\u00c1 LLAMAR GRATIS EN FACEBOOK Y TWITTER\"}]},{\"@type\":\"WebSite\",\"@id\":\"https:\/\/aeronoticias.com.pe\/noticiero\/#website\",\"url\":\"https:\/\/aeronoticias.com.pe\/noticiero\/\",\"name\":\"Aeronoticias.com.pe\",\"description\":\"Noticias de tranporte aereo, turismo, hoteles, gastronomia, actualidad, internacional\",\"potentialAction\":[{\"@type\":\"SearchAction\",\"target\":{\"@type\":\"EntryPoint\",\"urlTemplate\":\"https:\/\/aeronoticias.com.pe\/noticiero\/?s={search_term_string}\"},\"query-input\":{\"@type\":\"PropertyValueSpecification\",\"valueRequired\":true,\"valueName\":\"search_term_string\"}}],\"inLanguage\":\"es\"},{\"@type\":\"Person\",\"@id\":\"https:\/\/aeronoticias.com.pe\/noticiero\/#\/schema\/person\/fc1e5d578f4b62ba1cf7ac2bba1170a0\",\"name\":\"Redacci\u00f3n Aeronoticias\",\"url\":\"https:\/\/aeronoticias.com.pe\/noticiero\/author\/piloto\/\"}]}<\/script>\n<!-- \/ Yoast SEO plugin. -->","yoast_head_json":{"title":"SE PODR\u00c1 LLAMAR GRATIS EN FACEBOOK Y TWITTER","description":"Portal de noticias del Per\u00fa sobre el transporte a\u00e9reo, aviaci\u00f3n, turismo, hoteleria, actualidad.","robots":{"index":"index","follow":"follow","max-snippet":"max-snippet:-1","max-image-preview":"max-image-preview:large","max-video-preview":"max-video-preview:-1"},"canonical":"https:\/\/aeronoticias.com.pe\/noticiero\/27\/se-podra-llamar-gratis-en-facebook-y-twitter\/","og_locale":"es_ES","og_type":"article","og_title":"SE PODR\u00c1 LLAMAR GRATIS EN FACEBOOK Y TWITTER","og_description":"Portal de noticias del Per\u00fa sobre el transporte a\u00e9reo, aviaci\u00f3n, turismo, hoteleria, actualidad.","og_url":"https:\/\/aeronoticias.com.pe\/noticiero\/27\/se-podra-llamar-gratis-en-facebook-y-twitter\/","og_site_name":"Aeronoticias.com.pe","article_publisher":"https:\/\/www.facebook.com\/Aeronoticias.com.pe\/","article_published_time":"2009-09-19T13:29:15+00:00","author":"Redacci\u00f3n Aeronoticias","twitter_card":"summary_large_image","twitter_creator":"@aeronoticias","twitter_site":"@aeronoticias","twitter_misc":{"Escrito por":"Redacci\u00f3n Aeronoticias","Tiempo de lectura":"1 minuto"},"schema":{"@context":"https:\/\/schema.org","@graph":[{"@type":"WebPage","@id":"https:\/\/aeronoticias.com.pe\/noticiero\/27\/se-podra-llamar-gratis-en-facebook-y-twitter\/","url":"https:\/\/aeronoticias.com.pe\/noticiero\/27\/se-podra-llamar-gratis-en-facebook-y-twitter\/","name":"SE PODR\u00c1 LLAMAR GRATIS EN FACEBOOK Y TWITTER","isPartOf":{"@id":"https:\/\/aeronoticias.com.pe\/noticiero\/#website"},"datePublished":"2009-09-19T13:29:15+00:00","author":{"@id":"https:\/\/aeronoticias.com.pe\/noticiero\/#\/schema\/person\/fc1e5d578f4b62ba1cf7ac2bba1170a0"},"description":"Portal de noticias del Per\u00fa sobre el transporte a\u00e9reo, aviaci\u00f3n, turismo, hoteleria, actualidad.","breadcrumb":{"@id":"https:\/\/aeronoticias.com.pe\/noticiero\/27\/se-podra-llamar-gratis-en-facebook-y-twitter\/#breadcrumb"},"inLanguage":"es","potentialAction":[{"@type":"ReadAction","target":["https:\/\/aeronoticias.com.pe\/noticiero\/27\/se-podra-llamar-gratis-en-facebook-y-twitter\/"]}]},{"@type":"BreadcrumbList","@id":"https:\/\/aeronoticias.com.pe\/noticiero\/27\/se-podra-llamar-gratis-en-facebook-y-twitter\/#breadcrumb","itemListElement":[{"@type":"ListItem","position":1,"name":"Portada","item":"https:\/\/aeronoticias.com.pe\/noticiero\/"},{"@type":"ListItem","position":2,"name":"SE PODR\u00c1 LLAMAR GRATIS EN FACEBOOK Y TWITTER"}]},{"@type":"WebSite","@id":"https:\/\/aeronoticias.com.pe\/noticiero\/#website","url":"https:\/\/aeronoticias.com.pe\/noticiero\/","name":"Aeronoticias.com.pe","description":"Noticias de tranporte aereo, turismo, hoteles, gastronomia, actualidad, internacional","potentialAction":[{"@type":"SearchAction","target":{"@type":"EntryPoint","urlTemplate":"https:\/\/aeronoticias.com.pe\/noticiero\/?s={search_term_string}"},"query-input":{"@type":"PropertyValueSpecification","valueRequired":true,"valueName":"search_term_string"}}],"inLanguage":"es"},{"@type":"Person","@id":"https:\/\/aeronoticias.com.pe\/noticiero\/#\/schema\/person\/fc1e5d578f4b62ba1cf7ac2bba1170a0","name":"Redacci\u00f3n Aeronoticias","url":"https:\/\/aeronoticias.com.pe\/noticiero\/author\/piloto\/"}]}},"_links":{"self":[{"href":"https:\/\/aeronoticias.com.pe\/noticiero\/wp-json\/wp\/v2\/posts\/5240","targetHints":{"allow":["GET"]}}],"collection":[{"href":"https:\/\/aeronoticias.com.pe\/noticiero\/wp-json\/wp\/v2\/posts"}],"about":[{"href":"https:\/\/aeronoticias.com.pe\/noticiero\/wp-json\/wp\/v2\/types\/post"}],"author":[{"embeddable":true,"href":"https:\/\/aeronoticias.com.pe\/noticiero\/wp-json\/wp\/v2\/users\/1"}],"replies":[{"embeddable":true,"href":"https:\/\/aeronoticias.com.pe\/noticiero\/wp-json\/wp\/v2\/comments?post=5240"}],"version-history":[{"count":0,"href":"https:\/\/aeronoticias.com.pe\/noticiero\/wp-json\/wp\/v2\/posts\/5240\/revisions"}],"wp:attachment":[{"href":"https:\/\/aeronoticias.com.pe\/noticiero\/wp-json\/wp\/v2\/media?parent=5240"}],"wp:term":[{"taxonomy":"category","embeddable":true,"href":"https:\/\/aeronoticias.com.pe\/noticiero\/wp-json\/wp\/v2\/categories?post=5240"},{"taxonomy":"post_tag","embeddable":true,"href":"https:\/\/aeronoticias.com.pe\/noticiero\/wp-json\/wp\/v2\/tags?post=5240"}],"curies":[{"name":"wp","href":"https:\/\/api.w.org\/{rel}","templated":true}]}}