{"id":52400,"date":"2015-05-07T15:27:58","date_gmt":"2015-05-07T15:27:58","guid":{"rendered":"http:\/\/desarrollo.mcvicious.com\/aero2020\/2015\/05\/07\/qatar-airways-descarta-represalia-contra-aerolineas-de-eeuu\/"},"modified":"2015-05-07T15:27:58","modified_gmt":"2015-05-07T15:27:58","slug":"qatar-airways-descarta-represalia-contra-aerolineas-de-eeuu","status":"publish","type":"post","link":"https:\/\/aeronoticias.com.pe\/noticiero\/transporte-aereo\/internacional\/qatar-airways-descarta-represalia-contra-aerolineas-de-eeuu\/","title":{"rendered":"Qatar Airways descarta represalia contra aerol\u00edneas de EEUU"},"content":{"rendered":"<p style=\"text-align: justify;\"><strong>(Aeronoticias)<\/strong> <span style=\"font-size: 12.1599998474121px; line-height: 1.3em;\">El director general de Qatar Airways, Akbar Al Baker, dijo que la aerol\u00ednea estatal y otras dos aerol\u00edneas \u00e1rabes del Golfo no planean represalias en medio de las acusaciones de aerol\u00edneas de Estados Unidos de recibir subsidios estatales desleales.<\/span><\/p>\n<p style=\"text-align: justify;\">En una feria de turismo en la capital de los Emiratos Arabes Unidos, Dubai, Al Baker dijo que no tiene prisa para recabar datos y proporcionarlos al gobierno de Estados Unidos y a sus tres mayores aerol\u00edneas &#8211;Delta Air Lines, American Airlines y United Airlines&#8211; para demostrar que Qatar Airways no recibe combustible de aviones m\u00e1s barato de parte del gobierno de Qatar.<\/p>\n<p style=\"text-align: justify;\">A principios de este a\u00f1o, las aerol\u00edneas estadounidenses y sus sindicatos acusaron a Qatar Airways, Emirates y Etihad Airways de haber recibido m\u00e1s de 40.000 millones de d\u00f3lares en subsidios de sus gobiernos locales en la d\u00e9cada pasada.<\/p>\n<p style=\"text-align: justify;\">El director general de Qatar Airways dijo que los rivales estadounidenses lo pudieron haber consultado a \u00e9l y a las otras aerol\u00edneas del Golfo, pero recabar informaci\u00f3n y despu\u00e9s presentarla al p\u00fablico sin consultar a las aerol\u00edneas del Golfo \u00abes repugnante\u00bb.<\/p>\n<p style=\"text-align: justify;\">Al Baker tambi\u00e9n anunci\u00f3 que Qatar Airways planea expandir sus servicios a Estados Unidos, y que sus primeros vuelos directos desde Doha ser\u00e1n a Los Angeles, Boston y Atlanta.<\/p>\n<p style=\"text-align: justify;\"><strong><em>Fuente: http:\/\/spanish.china.org.cn\/economic\/txt\/2015-05\/06\/content_35505411.htm<\/em><\/strong><\/p>\n<p style=\"text-align: justify;\"><strong><em><img decoding=\"async\" src=\"images\/stories\/15\/05\/070515\/qatar1.jpg\" border=\"0\" \/><br \/><\/em><\/strong><\/p>\n","protected":false},"excerpt":{"rendered":"<p>(Aeronoticias) El director general de Qatar Airways, Akbar Al Baker, dijo que la aerol\u00ednea estatal y otras dos aerol\u00edneas \u00e1rabes del Golfo no planean represalias en medio de las acusaciones de aerol\u00edneas de Estados Unidos de recibir subsidios estatales desleales. En una feria de turismo en la capital de los Emiratos Arabes Unidos, Dubai, Al [&hellip;]<\/p>\n","protected":false},"author":1,"featured_media":0,"comment_status":"open","ping_status":"open","sticky":false,"template":"","format":"standard","meta":{"tdm_status":"","tdm_grid_status":"","footnotes":""},"categories":[32],"tags":[],"class_list":{"0":"post-52400","1":"post","2":"type-post","3":"status-publish","4":"format-standard","6":"category-internacional"},"yoast_head":"<!-- This site is optimized with the Yoast SEO plugin v25.1 - https:\/\/yoast.com\/wordpress\/plugins\/seo\/ -->\n<title>Qatar Airways descarta represalia contra aerol\u00edneas de EEUU<\/title>\n<meta name=\"description\" content=\"Portal de noticias del Per\u00fa sobre el transporte a\u00e9reo, aviaci\u00f3n, turismo, hoteleria, actualidad.\" \/>\n<meta name=\"robots\" content=\"index, follow, max-snippet:-1, max-image-preview:large, max-video-preview:-1\" \/>\n<link rel=\"canonical\" href=\"https:\/\/aeronoticias.com.pe\/noticiero\/transporte-aereo\/internacional\/qatar-airways-descarta-represalia-contra-aerolineas-de-eeuu\/\" \/>\n<meta property=\"og:locale\" content=\"es_ES\" \/>\n<meta property=\"og:type\" content=\"article\" \/>\n<meta property=\"og:title\" content=\"Qatar Airways descarta represalia contra aerol\u00edneas de EEUU\" \/>\n<meta property=\"og:description\" content=\"Portal de noticias del Per\u00fa sobre el transporte a\u00e9reo, aviaci\u00f3n, turismo, hoteleria, actualidad.\" \/>\n<meta property=\"og:url\" content=\"https:\/\/aeronoticias.com.pe\/noticiero\/transporte-aereo\/internacional\/qatar-airways-descarta-represalia-contra-aerolineas-de-eeuu\/\" \/>\n<meta property=\"og:site_name\" content=\"Aeronoticias.com.pe\" \/>\n<meta property=\"article:publisher\" content=\"https:\/\/www.facebook.com\/Aeronoticias.com.pe\/\" \/>\n<meta property=\"article:published_time\" content=\"2015-05-07T15:27:58+00:00\" \/>\n<meta name=\"author\" content=\"Redacci\u00f3n Aeronoticias\" \/>\n<meta name=\"twitter:card\" content=\"summary_large_image\" \/>\n<meta name=\"twitter:creator\" content=\"@aeronoticias\" \/>\n<meta name=\"twitter:site\" content=\"@aeronoticias\" \/>\n<meta name=\"twitter:label1\" content=\"Escrito por\" \/>\n\t<meta name=\"twitter:data1\" content=\"Redacci\u00f3n Aeronoticias\" \/>\n\t<meta name=\"twitter:label2\" content=\"Tiempo de lectura\" \/>\n\t<meta name=\"twitter:data2\" content=\"1 minuto\" \/>\n<script type=\"application\/ld+json\" class=\"yoast-schema-graph\">{\"@context\":\"https:\/\/schema.org\",\"@graph\":[{\"@type\":\"WebPage\",\"@id\":\"https:\/\/aeronoticias.com.pe\/noticiero\/transporte-aereo\/internacional\/qatar-airways-descarta-represalia-contra-aerolineas-de-eeuu\/\",\"url\":\"https:\/\/aeronoticias.com.pe\/noticiero\/transporte-aereo\/internacional\/qatar-airways-descarta-represalia-contra-aerolineas-de-eeuu\/\",\"name\":\"Qatar Airways descarta represalia contra aerol\u00edneas de EEUU\",\"isPartOf\":{\"@id\":\"https:\/\/aeronoticias.com.pe\/noticiero\/#website\"},\"datePublished\":\"2015-05-07T15:27:58+00:00\",\"author\":{\"@id\":\"https:\/\/aeronoticias.com.pe\/noticiero\/#\/schema\/person\/fc1e5d578f4b62ba1cf7ac2bba1170a0\"},\"description\":\"Portal de noticias del Per\u00fa sobre el transporte a\u00e9reo, aviaci\u00f3n, turismo, hoteleria, actualidad.\",\"breadcrumb\":{\"@id\":\"https:\/\/aeronoticias.com.pe\/noticiero\/transporte-aereo\/internacional\/qatar-airways-descarta-represalia-contra-aerolineas-de-eeuu\/#breadcrumb\"},\"inLanguage\":\"es\",\"potentialAction\":[{\"@type\":\"ReadAction\",\"target\":[\"https:\/\/aeronoticias.com.pe\/noticiero\/transporte-aereo\/internacional\/qatar-airways-descarta-represalia-contra-aerolineas-de-eeuu\/\"]}]},{\"@type\":\"BreadcrumbList\",\"@id\":\"https:\/\/aeronoticias.com.pe\/noticiero\/transporte-aereo\/internacional\/qatar-airways-descarta-represalia-contra-aerolineas-de-eeuu\/#breadcrumb\",\"itemListElement\":[{\"@type\":\"ListItem\",\"position\":1,\"name\":\"Portada\",\"item\":\"https:\/\/aeronoticias.com.pe\/noticiero\/\"},{\"@type\":\"ListItem\",\"position\":2,\"name\":\"Qatar Airways descarta represalia contra aerol\u00edneas de EEUU\"}]},{\"@type\":\"WebSite\",\"@id\":\"https:\/\/aeronoticias.com.pe\/noticiero\/#website\",\"url\":\"https:\/\/aeronoticias.com.pe\/noticiero\/\",\"name\":\"Aeronoticias.com.pe\",\"description\":\"Noticias de tranporte aereo, turismo, hoteles, gastronomia, actualidad, internacional\",\"potentialAction\":[{\"@type\":\"SearchAction\",\"target\":{\"@type\":\"EntryPoint\",\"urlTemplate\":\"https:\/\/aeronoticias.com.pe\/noticiero\/?s={search_term_string}\"},\"query-input\":{\"@type\":\"PropertyValueSpecification\",\"valueRequired\":true,\"valueName\":\"search_term_string\"}}],\"inLanguage\":\"es\"},{\"@type\":\"Person\",\"@id\":\"https:\/\/aeronoticias.com.pe\/noticiero\/#\/schema\/person\/fc1e5d578f4b62ba1cf7ac2bba1170a0\",\"name\":\"Redacci\u00f3n Aeronoticias\",\"url\":\"https:\/\/aeronoticias.com.pe\/noticiero\/author\/piloto\/\"}]}<\/script>\n<!-- \/ Yoast SEO plugin. -->","yoast_head_json":{"title":"Qatar Airways descarta represalia contra aerol\u00edneas de EEUU","description":"Portal de noticias del Per\u00fa sobre el transporte a\u00e9reo, aviaci\u00f3n, turismo, hoteleria, actualidad.","robots":{"index":"index","follow":"follow","max-snippet":"max-snippet:-1","max-image-preview":"max-image-preview:large","max-video-preview":"max-video-preview:-1"},"canonical":"https:\/\/aeronoticias.com.pe\/noticiero\/transporte-aereo\/internacional\/qatar-airways-descarta-represalia-contra-aerolineas-de-eeuu\/","og_locale":"es_ES","og_type":"article","og_title":"Qatar Airways descarta represalia contra aerol\u00edneas de EEUU","og_description":"Portal de noticias del Per\u00fa sobre el transporte a\u00e9reo, aviaci\u00f3n, turismo, hoteleria, actualidad.","og_url":"https:\/\/aeronoticias.com.pe\/noticiero\/transporte-aereo\/internacional\/qatar-airways-descarta-represalia-contra-aerolineas-de-eeuu\/","og_site_name":"Aeronoticias.com.pe","article_publisher":"https:\/\/www.facebook.com\/Aeronoticias.com.pe\/","article_published_time":"2015-05-07T15:27:58+00:00","author":"Redacci\u00f3n Aeronoticias","twitter_card":"summary_large_image","twitter_creator":"@aeronoticias","twitter_site":"@aeronoticias","twitter_misc":{"Escrito por":"Redacci\u00f3n Aeronoticias","Tiempo de lectura":"1 minuto"},"schema":{"@context":"https:\/\/schema.org","@graph":[{"@type":"WebPage","@id":"https:\/\/aeronoticias.com.pe\/noticiero\/transporte-aereo\/internacional\/qatar-airways-descarta-represalia-contra-aerolineas-de-eeuu\/","url":"https:\/\/aeronoticias.com.pe\/noticiero\/transporte-aereo\/internacional\/qatar-airways-descarta-represalia-contra-aerolineas-de-eeuu\/","name":"Qatar Airways descarta represalia contra aerol\u00edneas de EEUU","isPartOf":{"@id":"https:\/\/aeronoticias.com.pe\/noticiero\/#website"},"datePublished":"2015-05-07T15:27:58+00:00","author":{"@id":"https:\/\/aeronoticias.com.pe\/noticiero\/#\/schema\/person\/fc1e5d578f4b62ba1cf7ac2bba1170a0"},"description":"Portal de noticias del Per\u00fa sobre el transporte a\u00e9reo, aviaci\u00f3n, turismo, hoteleria, actualidad.","breadcrumb":{"@id":"https:\/\/aeronoticias.com.pe\/noticiero\/transporte-aereo\/internacional\/qatar-airways-descarta-represalia-contra-aerolineas-de-eeuu\/#breadcrumb"},"inLanguage":"es","potentialAction":[{"@type":"ReadAction","target":["https:\/\/aeronoticias.com.pe\/noticiero\/transporte-aereo\/internacional\/qatar-airways-descarta-represalia-contra-aerolineas-de-eeuu\/"]}]},{"@type":"BreadcrumbList","@id":"https:\/\/aeronoticias.com.pe\/noticiero\/transporte-aereo\/internacional\/qatar-airways-descarta-represalia-contra-aerolineas-de-eeuu\/#breadcrumb","itemListElement":[{"@type":"ListItem","position":1,"name":"Portada","item":"https:\/\/aeronoticias.com.pe\/noticiero\/"},{"@type":"ListItem","position":2,"name":"Qatar Airways descarta represalia contra aerol\u00edneas de EEUU"}]},{"@type":"WebSite","@id":"https:\/\/aeronoticias.com.pe\/noticiero\/#website","url":"https:\/\/aeronoticias.com.pe\/noticiero\/","name":"Aeronoticias.com.pe","description":"Noticias de tranporte aereo, turismo, hoteles, gastronomia, actualidad, internacional","potentialAction":[{"@type":"SearchAction","target":{"@type":"EntryPoint","urlTemplate":"https:\/\/aeronoticias.com.pe\/noticiero\/?s={search_term_string}"},"query-input":{"@type":"PropertyValueSpecification","valueRequired":true,"valueName":"search_term_string"}}],"inLanguage":"es"},{"@type":"Person","@id":"https:\/\/aeronoticias.com.pe\/noticiero\/#\/schema\/person\/fc1e5d578f4b62ba1cf7ac2bba1170a0","name":"Redacci\u00f3n Aeronoticias","url":"https:\/\/aeronoticias.com.pe\/noticiero\/author\/piloto\/"}]}},"_links":{"self":[{"href":"https:\/\/aeronoticias.com.pe\/noticiero\/wp-json\/wp\/v2\/posts\/52400","targetHints":{"allow":["GET"]}}],"collection":[{"href":"https:\/\/aeronoticias.com.pe\/noticiero\/wp-json\/wp\/v2\/posts"}],"about":[{"href":"https:\/\/aeronoticias.com.pe\/noticiero\/wp-json\/wp\/v2\/types\/post"}],"author":[{"embeddable":true,"href":"https:\/\/aeronoticias.com.pe\/noticiero\/wp-json\/wp\/v2\/users\/1"}],"replies":[{"embeddable":true,"href":"https:\/\/aeronoticias.com.pe\/noticiero\/wp-json\/wp\/v2\/comments?post=52400"}],"version-history":[{"count":0,"href":"https:\/\/aeronoticias.com.pe\/noticiero\/wp-json\/wp\/v2\/posts\/52400\/revisions"}],"wp:attachment":[{"href":"https:\/\/aeronoticias.com.pe\/noticiero\/wp-json\/wp\/v2\/media?parent=52400"}],"wp:term":[{"taxonomy":"category","embeddable":true,"href":"https:\/\/aeronoticias.com.pe\/noticiero\/wp-json\/wp\/v2\/categories?post=52400"},{"taxonomy":"post_tag","embeddable":true,"href":"https:\/\/aeronoticias.com.pe\/noticiero\/wp-json\/wp\/v2\/tags?post=52400"}],"curies":[{"name":"wp","href":"https:\/\/api.w.org\/{rel}","templated":true}]}}