{"id":52405,"date":"2015-05-07T16:17:56","date_gmt":"2015-05-07T16:17:56","guid":{"rendered":"http:\/\/desarrollo.mcvicious.com\/aero2020\/2015\/05\/07\/copiloto-lubitz-habria-ensayado-como-estrellar-el-avion-en-el-vuelo-anterior\/"},"modified":"2015-05-07T16:17:56","modified_gmt":"2015-05-07T16:17:56","slug":"copiloto-lubitz-habria-ensayado-como-estrellar-el-avion-en-el-vuelo-anterior","status":"publish","type":"post","link":"https:\/\/aeronoticias.com.pe\/noticiero\/internacionales\/copiloto-lubitz-habria-ensayado-como-estrellar-el-avion-en-el-vuelo-anterior\/","title":{"rendered":"Copiloto Lubitz habr\u00eda ensayado c\u00f3mo estrellar el avi\u00f3n en el vuelo anterior"},"content":{"rendered":"<p style=\"text-align: justify;\"><strong>(Aeronoticias) <\/strong><span style=\"font-size: 12.1599998474121px; line-height: 1.3em;\">Los investigadores de la colisi\u00f3n del vuelo de Germanwings el pasado 24 de marzo en los Alpes franceses confirmaron que el copiloto, Andreas Lubitz, ensay\u00f3 la maniobra durante el trayecto de ida de Dusseldorf a Barcelona, pero aseguraron que no pod\u00eda haber sido detectado.<\/span><\/p>\n<p style=\"text-align: justify;\"><span style=\"font-size: 12.1599998474121px; line-height: 1.3em;\">Ni el resto de los tripulantes, ni el control a\u00e9reo franc\u00e9s ni los ocupantes del avi\u00f3n pudieron darse cuenta de que Lubitz hab\u00eda programado el aparato para que bajase hasta la altura m\u00ednima posible, 100 pies, unos 30 metros, en cinco ocasiones durante el vuelo, aunque finalmente corrigi\u00f3 la maniobra, inform\u00f3 Efe.<\/span><\/p>\n<p style=\"text-align: justify;\"><span style=\"font-size: 12.1599998474121px; line-height: 1.3em;\">El director de la Oficina de Investigaci\u00f3n y An\u00e1lisis (BEA), R\u00e9mi Jouty, responsable de las pesquisas t\u00e9cnicas, indic\u00f3 a un grupo que se puede concluir que Lubitz \u00abensay\u00f3 el gesto que luego hizo en el vuelo fatal\u00bb, aunque precis\u00f3 que todav\u00eda es prematuro adelantar los motivos que llevaron a ello.<\/span><\/p>\n<p style=\"text-align: justify;\"><span style=\"font-size: 12.1599998474121px; line-height: 1.3em;\">Ante un grupo de periodistas internacionales, el responsable de esta agencia francesa detall\u00f3 los elementos del informe preliminar de la investigaci\u00f3n, publicado hoy, y anunci\u00f3 esta maniobra del trayecto de ida que hab\u00eda sido previamente revelada por el diario alem\u00e1n Bild.<\/span><\/p>\n<p style=\"text-align: justify;\"><span style=\"font-size: 12.1599998474121px; line-height: 1.3em;\">La informaci\u00f3n de las cajas negras del avi\u00f3n -encontradas en la escarpada zona alpina del choque-, cruzada con las comunicaciones con el centro de control franc\u00e9s, pusieron de manifiesto que Lubitz ensay\u00f3 el choque voluntario del avi\u00f3n que llev\u00f3 a cabo horas m\u00e1s tarde en el vuelo de retorno a D\u00fcsseldorf.<\/span><\/p>\n<p style=\"text-align: justify;\"><span style=\"font-size: 12.1599998474121px; line-height: 1.3em;\">El aparato, un A320 del fabricante europeo Airbus, hab\u00eda partido a las 06.01 hora local de la ciudad alemana con destino a Barcelona con la misma tripulaci\u00f3n que posteriormente har\u00eda la vuelta.<\/span><\/p>\n<p style=\"text-align: justify;\"><span style=\"font-size: 12.1599998474121px; line-height: 1.3em;\">A las 07.19 el piloto sali\u00f3 de la cabina y, solo en la misma, Lubitz regul\u00f3 hasta en cinco ocasiones en apenas cuatro minutos el piloto autom\u00e1tico en posici\u00f3n de 100 pies, la m\u00ednima que permite el avi\u00f3n, y la misma que unas horas m\u00e1s tarde ordenar\u00eda al aparato y que acab\u00f3 en la colisi\u00f3n.<\/span><\/p>\n<p style=\"text-align: justify;\"><span style=\"font-size: 12.1599998474121px; line-height: 1.3em;\">Esas manipulaciones pasaron desapercibidas para los pasajeros, para el resto de los miembros de la tripulaci\u00f3n y para el control a\u00e9reo franc\u00e9s, puesto que en ese momento el avi\u00f3n se encontraba ya en una fase de descenso, se\u00f1al\u00f3 Jouty.<\/span><\/p>\n<p style=\"text-align: justify;\"><span style=\"font-size: 12.1599998474121px; line-height: 1.3em;\">Los controladores de Burdeos hab\u00edan ordenado al avi\u00f3n bajar de 37.000 pies a 35.000 pies en un primer momento y a 21.000 pies posteriormente, por motivos que todav\u00eda desconocen los investigadores del BEA pero que son normales en el tr\u00e1fico a\u00e9reo.<\/span><\/p>\n<p style=\"text-align: justify;\"><span style=\"font-size: 12.1599998474121px; line-height: 1.3em;\">\u00abEsos motivos no son importantes para la investigaci\u00f3n\u00bb, indic\u00f3 el director del BEA.<\/span><\/p>\n<p style=\"text-align: justify;\"><span style=\"font-size: 12.1599998474121px; line-height: 1.3em;\">Tras los ensayos, momentos antes de que el piloto volviera a su puesto de mando, Lubitz volvi\u00f3 a situar al avi\u00f3n en su altura normal, previa al inicio de la maniobra de aterrizaje, que se produjo sin problemas a las 07.57 horas.<\/span><\/p>\n<p style=\"text-align: justify;\"><span style=\"font-size: 12.1599998474121px; line-height: 1.3em;\">A las 09.00, el avi\u00f3n despeg\u00f3 del aeropuerto de Barcelona con destino a Dusseldorf y 41 minutos m\u00e1s tarde se estrell\u00f3 en la monta\u00f1a despu\u00e9s de que el copiloto, otra vez solo en la cabina, volviera a dirigirlo a una altura de 100 pies.<\/span><\/p>\n<p style=\"text-align: justify;\"><span style=\"font-size: 12.1599998474121px; line-height: 1.3em;\">El informe preliminar publicado hoy confirma que Lubitz manipul\u00f3 de forma voluntaria el avi\u00f3n para estrellarlo y abre la puerta a la siguiente fase de las pesquisas, que pasa por \u00abexaminar el sistema de evaluaci\u00f3n de actitud de los pilotos\u00bb de l\u00edneas a\u00e9reas, seg\u00fan Jouty.<\/span><\/p>\n<p style=\"text-align: justify;\"><span style=\"font-size: 12.1599998474121px; line-height: 1.3em;\">\u00abTenemos que tratar de determinar c\u00f3mo es posible que un piloto con problemas psicol\u00f3gicos pueda estar en la cabina de mando pese a que hay todo un sistema de seguimiento\u00bb, afirm\u00f3 Jouty, quien reconoci\u00f3 que hay \u00abexigencias contradictorias dif\u00edciles de conciliar\u00bb entre los imperativos de seguridad que permiten a los pilotos aislarse en la cabina y los imprevistos psiqui\u00e1tricos.<\/span><\/p>\n<p><strong style=\"font-size: 12.1599998474121px; line-height: 1.3em;\"><em>Fuente: http:\/\/www.eluniversal.com\/<\/em><\/strong><\/p>\n<p><strong style=\"font-size: 12.1599998474121px; line-height: 1.3em;\"><em><img decoding=\"async\" src=\"images\/stories\/15\/05\/070515\/copilotogermanwings.jpg\" border=\"0\" \/><br \/><\/em><\/strong><\/p>\n","protected":false},"excerpt":{"rendered":"<p>(Aeronoticias) Los investigadores de la colisi\u00f3n del vuelo de Germanwings el pasado 24 de marzo en los Alpes franceses confirmaron que el copiloto, Andreas Lubitz, ensay\u00f3 la maniobra durante el trayecto de ida de Dusseldorf a Barcelona, pero aseguraron que no pod\u00eda haber sido detectado. Ni el resto de los tripulantes, ni el control a\u00e9reo [&hellip;]<\/p>\n","protected":false},"author":1,"featured_media":0,"comment_status":"open","ping_status":"open","sticky":false,"template":"","format":"standard","meta":{"tdm_status":"","tdm_grid_status":"","footnotes":""},"categories":[34],"tags":[],"class_list":{"0":"post-52405","1":"post","2":"type-post","3":"status-publish","4":"format-standard","6":"category-internacionales"},"yoast_head":"<!-- This site is optimized with the Yoast SEO plugin v25.1 - https:\/\/yoast.com\/wordpress\/plugins\/seo\/ -->\n<title>Copiloto Lubitz habr\u00eda ensayado c\u00f3mo estrellar el avi\u00f3n en el vuelo anterior<\/title>\n<meta name=\"description\" content=\"Portal de noticias del Per\u00fa sobre el transporte a\u00e9reo, aviaci\u00f3n, turismo, hoteleria, actualidad.\" \/>\n<meta name=\"robots\" content=\"index, follow, max-snippet:-1, max-image-preview:large, max-video-preview:-1\" \/>\n<link rel=\"canonical\" href=\"https:\/\/aeronoticias.com.pe\/noticiero\/internacionales\/copiloto-lubitz-habria-ensayado-como-estrellar-el-avion-en-el-vuelo-anterior\/\" \/>\n<meta property=\"og:locale\" content=\"es_ES\" \/>\n<meta property=\"og:type\" content=\"article\" \/>\n<meta property=\"og:title\" content=\"Copiloto Lubitz habr\u00eda ensayado c\u00f3mo estrellar el avi\u00f3n en el vuelo anterior\" \/>\n<meta property=\"og:description\" content=\"Portal de noticias del Per\u00fa sobre el transporte a\u00e9reo, aviaci\u00f3n, turismo, hoteleria, actualidad.\" \/>\n<meta property=\"og:url\" content=\"https:\/\/aeronoticias.com.pe\/noticiero\/internacionales\/copiloto-lubitz-habria-ensayado-como-estrellar-el-avion-en-el-vuelo-anterior\/\" \/>\n<meta property=\"og:site_name\" content=\"Aeronoticias.com.pe\" \/>\n<meta property=\"article:publisher\" content=\"https:\/\/www.facebook.com\/Aeronoticias.com.pe\/\" \/>\n<meta property=\"article:published_time\" content=\"2015-05-07T16:17:56+00:00\" \/>\n<meta name=\"author\" content=\"Redacci\u00f3n Aeronoticias\" \/>\n<meta name=\"twitter:card\" content=\"summary_large_image\" \/>\n<meta name=\"twitter:creator\" content=\"@aeronoticias\" \/>\n<meta name=\"twitter:site\" content=\"@aeronoticias\" \/>\n<meta name=\"twitter:label1\" content=\"Escrito por\" \/>\n\t<meta name=\"twitter:data1\" content=\"Redacci\u00f3n Aeronoticias\" \/>\n\t<meta name=\"twitter:label2\" content=\"Tiempo de lectura\" \/>\n\t<meta name=\"twitter:data2\" content=\"3 minutos\" \/>\n<script type=\"application\/ld+json\" class=\"yoast-schema-graph\">{\"@context\":\"https:\/\/schema.org\",\"@graph\":[{\"@type\":\"WebPage\",\"@id\":\"https:\/\/aeronoticias.com.pe\/noticiero\/internacionales\/copiloto-lubitz-habria-ensayado-como-estrellar-el-avion-en-el-vuelo-anterior\/\",\"url\":\"https:\/\/aeronoticias.com.pe\/noticiero\/internacionales\/copiloto-lubitz-habria-ensayado-como-estrellar-el-avion-en-el-vuelo-anterior\/\",\"name\":\"Copiloto Lubitz habr\u00eda ensayado c\u00f3mo estrellar el avi\u00f3n en el vuelo anterior\",\"isPartOf\":{\"@id\":\"https:\/\/aeronoticias.com.pe\/noticiero\/#website\"},\"datePublished\":\"2015-05-07T16:17:56+00:00\",\"author\":{\"@id\":\"https:\/\/aeronoticias.com.pe\/noticiero\/#\/schema\/person\/fc1e5d578f4b62ba1cf7ac2bba1170a0\"},\"description\":\"Portal de noticias del Per\u00fa sobre el transporte a\u00e9reo, aviaci\u00f3n, turismo, hoteleria, actualidad.\",\"breadcrumb\":{\"@id\":\"https:\/\/aeronoticias.com.pe\/noticiero\/internacionales\/copiloto-lubitz-habria-ensayado-como-estrellar-el-avion-en-el-vuelo-anterior\/#breadcrumb\"},\"inLanguage\":\"es\",\"potentialAction\":[{\"@type\":\"ReadAction\",\"target\":[\"https:\/\/aeronoticias.com.pe\/noticiero\/internacionales\/copiloto-lubitz-habria-ensayado-como-estrellar-el-avion-en-el-vuelo-anterior\/\"]}]},{\"@type\":\"BreadcrumbList\",\"@id\":\"https:\/\/aeronoticias.com.pe\/noticiero\/internacionales\/copiloto-lubitz-habria-ensayado-como-estrellar-el-avion-en-el-vuelo-anterior\/#breadcrumb\",\"itemListElement\":[{\"@type\":\"ListItem\",\"position\":1,\"name\":\"Portada\",\"item\":\"https:\/\/aeronoticias.com.pe\/noticiero\/\"},{\"@type\":\"ListItem\",\"position\":2,\"name\":\"Copiloto Lubitz habr\u00eda ensayado c\u00f3mo estrellar el avi\u00f3n en el vuelo anterior\"}]},{\"@type\":\"WebSite\",\"@id\":\"https:\/\/aeronoticias.com.pe\/noticiero\/#website\",\"url\":\"https:\/\/aeronoticias.com.pe\/noticiero\/\",\"name\":\"Aeronoticias.com.pe\",\"description\":\"Noticias de tranporte aereo, turismo, hoteles, gastronomia, actualidad, internacional\",\"potentialAction\":[{\"@type\":\"SearchAction\",\"target\":{\"@type\":\"EntryPoint\",\"urlTemplate\":\"https:\/\/aeronoticias.com.pe\/noticiero\/?s={search_term_string}\"},\"query-input\":{\"@type\":\"PropertyValueSpecification\",\"valueRequired\":true,\"valueName\":\"search_term_string\"}}],\"inLanguage\":\"es\"},{\"@type\":\"Person\",\"@id\":\"https:\/\/aeronoticias.com.pe\/noticiero\/#\/schema\/person\/fc1e5d578f4b62ba1cf7ac2bba1170a0\",\"name\":\"Redacci\u00f3n Aeronoticias\",\"url\":\"https:\/\/aeronoticias.com.pe\/noticiero\/author\/piloto\/\"}]}<\/script>\n<!-- \/ Yoast SEO plugin. -->","yoast_head_json":{"title":"Copiloto Lubitz habr\u00eda ensayado c\u00f3mo estrellar el avi\u00f3n en el vuelo anterior","description":"Portal de noticias del Per\u00fa sobre el transporte a\u00e9reo, aviaci\u00f3n, turismo, hoteleria, actualidad.","robots":{"index":"index","follow":"follow","max-snippet":"max-snippet:-1","max-image-preview":"max-image-preview:large","max-video-preview":"max-video-preview:-1"},"canonical":"https:\/\/aeronoticias.com.pe\/noticiero\/internacionales\/copiloto-lubitz-habria-ensayado-como-estrellar-el-avion-en-el-vuelo-anterior\/","og_locale":"es_ES","og_type":"article","og_title":"Copiloto Lubitz habr\u00eda ensayado c\u00f3mo estrellar el avi\u00f3n en el vuelo anterior","og_description":"Portal de noticias del Per\u00fa sobre el transporte a\u00e9reo, aviaci\u00f3n, turismo, hoteleria, actualidad.","og_url":"https:\/\/aeronoticias.com.pe\/noticiero\/internacionales\/copiloto-lubitz-habria-ensayado-como-estrellar-el-avion-en-el-vuelo-anterior\/","og_site_name":"Aeronoticias.com.pe","article_publisher":"https:\/\/www.facebook.com\/Aeronoticias.com.pe\/","article_published_time":"2015-05-07T16:17:56+00:00","author":"Redacci\u00f3n Aeronoticias","twitter_card":"summary_large_image","twitter_creator":"@aeronoticias","twitter_site":"@aeronoticias","twitter_misc":{"Escrito por":"Redacci\u00f3n Aeronoticias","Tiempo de lectura":"3 minutos"},"schema":{"@context":"https:\/\/schema.org","@graph":[{"@type":"WebPage","@id":"https:\/\/aeronoticias.com.pe\/noticiero\/internacionales\/copiloto-lubitz-habria-ensayado-como-estrellar-el-avion-en-el-vuelo-anterior\/","url":"https:\/\/aeronoticias.com.pe\/noticiero\/internacionales\/copiloto-lubitz-habria-ensayado-como-estrellar-el-avion-en-el-vuelo-anterior\/","name":"Copiloto Lubitz habr\u00eda ensayado c\u00f3mo estrellar el avi\u00f3n en el vuelo anterior","isPartOf":{"@id":"https:\/\/aeronoticias.com.pe\/noticiero\/#website"},"datePublished":"2015-05-07T16:17:56+00:00","author":{"@id":"https:\/\/aeronoticias.com.pe\/noticiero\/#\/schema\/person\/fc1e5d578f4b62ba1cf7ac2bba1170a0"},"description":"Portal de noticias del Per\u00fa sobre el transporte a\u00e9reo, aviaci\u00f3n, turismo, hoteleria, actualidad.","breadcrumb":{"@id":"https:\/\/aeronoticias.com.pe\/noticiero\/internacionales\/copiloto-lubitz-habria-ensayado-como-estrellar-el-avion-en-el-vuelo-anterior\/#breadcrumb"},"inLanguage":"es","potentialAction":[{"@type":"ReadAction","target":["https:\/\/aeronoticias.com.pe\/noticiero\/internacionales\/copiloto-lubitz-habria-ensayado-como-estrellar-el-avion-en-el-vuelo-anterior\/"]}]},{"@type":"BreadcrumbList","@id":"https:\/\/aeronoticias.com.pe\/noticiero\/internacionales\/copiloto-lubitz-habria-ensayado-como-estrellar-el-avion-en-el-vuelo-anterior\/#breadcrumb","itemListElement":[{"@type":"ListItem","position":1,"name":"Portada","item":"https:\/\/aeronoticias.com.pe\/noticiero\/"},{"@type":"ListItem","position":2,"name":"Copiloto Lubitz habr\u00eda ensayado c\u00f3mo estrellar el avi\u00f3n en el vuelo anterior"}]},{"@type":"WebSite","@id":"https:\/\/aeronoticias.com.pe\/noticiero\/#website","url":"https:\/\/aeronoticias.com.pe\/noticiero\/","name":"Aeronoticias.com.pe","description":"Noticias de tranporte aereo, turismo, hoteles, gastronomia, actualidad, internacional","potentialAction":[{"@type":"SearchAction","target":{"@type":"EntryPoint","urlTemplate":"https:\/\/aeronoticias.com.pe\/noticiero\/?s={search_term_string}"},"query-input":{"@type":"PropertyValueSpecification","valueRequired":true,"valueName":"search_term_string"}}],"inLanguage":"es"},{"@type":"Person","@id":"https:\/\/aeronoticias.com.pe\/noticiero\/#\/schema\/person\/fc1e5d578f4b62ba1cf7ac2bba1170a0","name":"Redacci\u00f3n Aeronoticias","url":"https:\/\/aeronoticias.com.pe\/noticiero\/author\/piloto\/"}]}},"_links":{"self":[{"href":"https:\/\/aeronoticias.com.pe\/noticiero\/wp-json\/wp\/v2\/posts\/52405","targetHints":{"allow":["GET"]}}],"collection":[{"href":"https:\/\/aeronoticias.com.pe\/noticiero\/wp-json\/wp\/v2\/posts"}],"about":[{"href":"https:\/\/aeronoticias.com.pe\/noticiero\/wp-json\/wp\/v2\/types\/post"}],"author":[{"embeddable":true,"href":"https:\/\/aeronoticias.com.pe\/noticiero\/wp-json\/wp\/v2\/users\/1"}],"replies":[{"embeddable":true,"href":"https:\/\/aeronoticias.com.pe\/noticiero\/wp-json\/wp\/v2\/comments?post=52405"}],"version-history":[{"count":0,"href":"https:\/\/aeronoticias.com.pe\/noticiero\/wp-json\/wp\/v2\/posts\/52405\/revisions"}],"wp:attachment":[{"href":"https:\/\/aeronoticias.com.pe\/noticiero\/wp-json\/wp\/v2\/media?parent=52405"}],"wp:term":[{"taxonomy":"category","embeddable":true,"href":"https:\/\/aeronoticias.com.pe\/noticiero\/wp-json\/wp\/v2\/categories?post=52405"},{"taxonomy":"post_tag","embeddable":true,"href":"https:\/\/aeronoticias.com.pe\/noticiero\/wp-json\/wp\/v2\/tags?post=52405"}],"curies":[{"name":"wp","href":"https:\/\/api.w.org\/{rel}","templated":true}]}}