{"id":52406,"date":"2015-05-07T19:03:46","date_gmt":"2015-05-07T19:03:46","guid":{"rendered":"http:\/\/desarrollo.mcvicious.com\/aero2020\/2015\/05\/07\/piden-a-fiscal-de-campanilla-espinoza-lastra-exhorto-a-lima\/"},"modified":"2015-05-07T19:03:46","modified_gmt":"2015-05-07T19:03:46","slug":"piden-a-fiscal-de-campanilla-espinoza-lastra-exhorto-a-lima","status":"publish","type":"post","link":"https:\/\/aeronoticias.com.pe\/noticiero\/nacionales\/piden-a-fiscal-de-campanilla-espinoza-lastra-exhorto-a-lima\/","title":{"rendered":"Piden a Fiscal de Campanilla, Espinoza Lastra, exhorto a Lima"},"content":{"rendered":"<p style=\"text-align: justify;\"><strong>(Aeronoticias)<\/strong> El ex Fiscal Superior del Callao, Luis Espinoza Malqui, abogado de la destacada pol\u00edtica chalaca Bertha Natalia Chavarry Seminario, que en las \u00faltimas elecciones presidenciales sac\u00f3 m\u00e1s de 20,000 votos al Congreso, en su candidatura a Congresista por Lima, solicit\u00f3 a trav\u00e9s de Olva Courrier que el Fiscal de Campanilla Eder Melchor Espinoza Lastra, de conformidad al Art\u00edculo 21 inciso 5 del C\u00f3digo Procesal Penal, le tome declaraci\u00f3n a su patrocinada ante un Fiscal del Callao en reciprocidad, en raz\u00f3n a que su patrocinada radica en el Callao, seg\u00fan ficha RENIEC y copia legalizada de su DNI.<\/p>\n<p style=\"text-align: justify;\">La distinguida pol\u00edtica Bertha Natalia Chavarry Seminario tuvo la mala suerte de tener un trato pol\u00edtico con el Sr. Jos\u00e9 de la Vega Bocanegra, \u00a0responsable de una serie de hechos que tiene que esclarecerse y que han originado que se le involucre a la Sra. Chavarry, quien por razones de la seguridad y la distancia no puede trasladarse al peligroso distrito de Campanilla.<\/p>\n<p style=\"text-align: justify;\">La Sra. Chavarry nunca visit\u00f3 Campanilla, nunca conoci\u00f3 a ninguna de las personas denunciantes, ni convers\u00f3 con ellos y los responsables de los hechos investigados en este caso Jos\u00e9 de la Vega Bocanegra y Guzm\u00e1n Rodrigo Gonzales Rivadeneira y Edgar Portalanza Vicu\u00f1a \u00a0que es el due\u00f1o del proyecto y que si visitaron Campanilla con el Ing. Moises Pineda Calvo han sido exonerados de la investigaci\u00f3n, inform\u00f3 la Sra. Bertha Natalia Chavarry Seminario, mostrando su extra\u00f1eza por estar involucrada en un caso en el que no tiene absolutamente nada que ver.<\/p>\n<p style=\"text-align: justify;\">La unidad de investigaci\u00f3n de Aeronoticias estar\u00e1 siguiendo este caso e informar\u00e1 a nuestros lectores de las facilidades, que estamos seguros, que el Fiscal de Campanilla le otorgar\u00e1 a la Sra. Chavarry para que v\u00eda exhorto pueda cumplir con lo ordenado por el Ministerio P\u00fablico en la investigaci\u00f3n preparatoria.<\/p>\n<p style=\"text-align: justify;\"><img decoding=\"async\" src=\"images\/stories\/15\/05\/070515\/espinozamalqui-espinozalastra1.jpg\" border=\"0\" \/><\/p>\n<p style=\"text-align: justify;\">\u00a0<\/p>\n<p style=\"text-align: justify;\">\u00a0<\/p>\n","protected":false},"excerpt":{"rendered":"<p>(Aeronoticias) El ex Fiscal Superior del Callao, Luis Espinoza Malqui, abogado de la destacada pol\u00edtica chalaca Bertha Natalia Chavarry Seminario, que en las \u00faltimas elecciones presidenciales sac\u00f3 m\u00e1s de 20,000 votos al Congreso, en su candidatura a Congresista por Lima, solicit\u00f3 a trav\u00e9s de Olva Courrier que el Fiscal de Campanilla Eder Melchor Espinoza Lastra, [&hellip;]<\/p>\n","protected":false},"author":1,"featured_media":0,"comment_status":"open","ping_status":"open","sticky":false,"template":"","format":"standard","meta":{"tdm_status":"","tdm_grid_status":"","footnotes":""},"categories":[38],"tags":[],"class_list":{"0":"post-52406","1":"post","2":"type-post","3":"status-publish","4":"format-standard","6":"category-nacionales"},"yoast_head":"<!-- This site is optimized with the Yoast SEO plugin v25.1 - https:\/\/yoast.com\/wordpress\/plugins\/seo\/ -->\n<title>Piden a Fiscal de Campanilla, Espinoza Lastra, exhorto a Lima<\/title>\n<meta name=\"description\" content=\"Portal de noticias del Per\u00fa sobre el transporte a\u00e9reo, aviaci\u00f3n, turismo, hoteleria, actualidad.\" \/>\n<meta name=\"robots\" content=\"index, follow, max-snippet:-1, max-image-preview:large, max-video-preview:-1\" \/>\n<link rel=\"canonical\" href=\"https:\/\/aeronoticias.com.pe\/noticiero\/nacionales\/piden-a-fiscal-de-campanilla-espinoza-lastra-exhorto-a-lima\/\" \/>\n<meta property=\"og:locale\" content=\"es_ES\" \/>\n<meta property=\"og:type\" content=\"article\" \/>\n<meta property=\"og:title\" content=\"Piden a Fiscal de Campanilla, Espinoza Lastra, exhorto a Lima\" \/>\n<meta property=\"og:description\" content=\"Portal de noticias del Per\u00fa sobre el transporte a\u00e9reo, aviaci\u00f3n, turismo, hoteleria, actualidad.\" \/>\n<meta property=\"og:url\" content=\"https:\/\/aeronoticias.com.pe\/noticiero\/nacionales\/piden-a-fiscal-de-campanilla-espinoza-lastra-exhorto-a-lima\/\" \/>\n<meta property=\"og:site_name\" content=\"Aeronoticias.com.pe\" \/>\n<meta property=\"article:publisher\" content=\"https:\/\/www.facebook.com\/Aeronoticias.com.pe\/\" \/>\n<meta property=\"article:published_time\" content=\"2015-05-07T19:03:46+00:00\" \/>\n<meta name=\"author\" content=\"Redacci\u00f3n Aeronoticias\" \/>\n<meta name=\"twitter:card\" content=\"summary_large_image\" \/>\n<meta name=\"twitter:creator\" content=\"@aeronoticias\" \/>\n<meta name=\"twitter:site\" content=\"@aeronoticias\" \/>\n<meta name=\"twitter:label1\" content=\"Escrito por\" \/>\n\t<meta name=\"twitter:data1\" content=\"Redacci\u00f3n Aeronoticias\" \/>\n\t<meta name=\"twitter:label2\" content=\"Tiempo de lectura\" \/>\n\t<meta name=\"twitter:data2\" content=\"2 minutos\" \/>\n<script type=\"application\/ld+json\" class=\"yoast-schema-graph\">{\"@context\":\"https:\/\/schema.org\",\"@graph\":[{\"@type\":\"WebPage\",\"@id\":\"https:\/\/aeronoticias.com.pe\/noticiero\/nacionales\/piden-a-fiscal-de-campanilla-espinoza-lastra-exhorto-a-lima\/\",\"url\":\"https:\/\/aeronoticias.com.pe\/noticiero\/nacionales\/piden-a-fiscal-de-campanilla-espinoza-lastra-exhorto-a-lima\/\",\"name\":\"Piden a Fiscal de Campanilla, Espinoza Lastra, exhorto a Lima\",\"isPartOf\":{\"@id\":\"https:\/\/aeronoticias.com.pe\/noticiero\/#website\"},\"datePublished\":\"2015-05-07T19:03:46+00:00\",\"author\":{\"@id\":\"https:\/\/aeronoticias.com.pe\/noticiero\/#\/schema\/person\/fc1e5d578f4b62ba1cf7ac2bba1170a0\"},\"description\":\"Portal de noticias del Per\u00fa sobre el transporte a\u00e9reo, aviaci\u00f3n, turismo, hoteleria, actualidad.\",\"breadcrumb\":{\"@id\":\"https:\/\/aeronoticias.com.pe\/noticiero\/nacionales\/piden-a-fiscal-de-campanilla-espinoza-lastra-exhorto-a-lima\/#breadcrumb\"},\"inLanguage\":\"es\",\"potentialAction\":[{\"@type\":\"ReadAction\",\"target\":[\"https:\/\/aeronoticias.com.pe\/noticiero\/nacionales\/piden-a-fiscal-de-campanilla-espinoza-lastra-exhorto-a-lima\/\"]}]},{\"@type\":\"BreadcrumbList\",\"@id\":\"https:\/\/aeronoticias.com.pe\/noticiero\/nacionales\/piden-a-fiscal-de-campanilla-espinoza-lastra-exhorto-a-lima\/#breadcrumb\",\"itemListElement\":[{\"@type\":\"ListItem\",\"position\":1,\"name\":\"Portada\",\"item\":\"https:\/\/aeronoticias.com.pe\/noticiero\/\"},{\"@type\":\"ListItem\",\"position\":2,\"name\":\"Piden a Fiscal de Campanilla, Espinoza Lastra, exhorto a Lima\"}]},{\"@type\":\"WebSite\",\"@id\":\"https:\/\/aeronoticias.com.pe\/noticiero\/#website\",\"url\":\"https:\/\/aeronoticias.com.pe\/noticiero\/\",\"name\":\"Aeronoticias.com.pe\",\"description\":\"Noticias de tranporte aereo, turismo, hoteles, gastronomia, actualidad, internacional\",\"potentialAction\":[{\"@type\":\"SearchAction\",\"target\":{\"@type\":\"EntryPoint\",\"urlTemplate\":\"https:\/\/aeronoticias.com.pe\/noticiero\/?s={search_term_string}\"},\"query-input\":{\"@type\":\"PropertyValueSpecification\",\"valueRequired\":true,\"valueName\":\"search_term_string\"}}],\"inLanguage\":\"es\"},{\"@type\":\"Person\",\"@id\":\"https:\/\/aeronoticias.com.pe\/noticiero\/#\/schema\/person\/fc1e5d578f4b62ba1cf7ac2bba1170a0\",\"name\":\"Redacci\u00f3n Aeronoticias\",\"url\":\"https:\/\/aeronoticias.com.pe\/noticiero\/author\/piloto\/\"}]}<\/script>\n<!-- \/ Yoast SEO plugin. -->","yoast_head_json":{"title":"Piden a Fiscal de Campanilla, Espinoza Lastra, exhorto a Lima","description":"Portal de noticias del Per\u00fa sobre el transporte a\u00e9reo, aviaci\u00f3n, turismo, hoteleria, actualidad.","robots":{"index":"index","follow":"follow","max-snippet":"max-snippet:-1","max-image-preview":"max-image-preview:large","max-video-preview":"max-video-preview:-1"},"canonical":"https:\/\/aeronoticias.com.pe\/noticiero\/nacionales\/piden-a-fiscal-de-campanilla-espinoza-lastra-exhorto-a-lima\/","og_locale":"es_ES","og_type":"article","og_title":"Piden a Fiscal de Campanilla, Espinoza Lastra, exhorto a Lima","og_description":"Portal de noticias del Per\u00fa sobre el transporte a\u00e9reo, aviaci\u00f3n, turismo, hoteleria, actualidad.","og_url":"https:\/\/aeronoticias.com.pe\/noticiero\/nacionales\/piden-a-fiscal-de-campanilla-espinoza-lastra-exhorto-a-lima\/","og_site_name":"Aeronoticias.com.pe","article_publisher":"https:\/\/www.facebook.com\/Aeronoticias.com.pe\/","article_published_time":"2015-05-07T19:03:46+00:00","author":"Redacci\u00f3n Aeronoticias","twitter_card":"summary_large_image","twitter_creator":"@aeronoticias","twitter_site":"@aeronoticias","twitter_misc":{"Escrito por":"Redacci\u00f3n Aeronoticias","Tiempo de lectura":"2 minutos"},"schema":{"@context":"https:\/\/schema.org","@graph":[{"@type":"WebPage","@id":"https:\/\/aeronoticias.com.pe\/noticiero\/nacionales\/piden-a-fiscal-de-campanilla-espinoza-lastra-exhorto-a-lima\/","url":"https:\/\/aeronoticias.com.pe\/noticiero\/nacionales\/piden-a-fiscal-de-campanilla-espinoza-lastra-exhorto-a-lima\/","name":"Piden a Fiscal de Campanilla, Espinoza Lastra, exhorto a Lima","isPartOf":{"@id":"https:\/\/aeronoticias.com.pe\/noticiero\/#website"},"datePublished":"2015-05-07T19:03:46+00:00","author":{"@id":"https:\/\/aeronoticias.com.pe\/noticiero\/#\/schema\/person\/fc1e5d578f4b62ba1cf7ac2bba1170a0"},"description":"Portal de noticias del Per\u00fa sobre el transporte a\u00e9reo, aviaci\u00f3n, turismo, hoteleria, actualidad.","breadcrumb":{"@id":"https:\/\/aeronoticias.com.pe\/noticiero\/nacionales\/piden-a-fiscal-de-campanilla-espinoza-lastra-exhorto-a-lima\/#breadcrumb"},"inLanguage":"es","potentialAction":[{"@type":"ReadAction","target":["https:\/\/aeronoticias.com.pe\/noticiero\/nacionales\/piden-a-fiscal-de-campanilla-espinoza-lastra-exhorto-a-lima\/"]}]},{"@type":"BreadcrumbList","@id":"https:\/\/aeronoticias.com.pe\/noticiero\/nacionales\/piden-a-fiscal-de-campanilla-espinoza-lastra-exhorto-a-lima\/#breadcrumb","itemListElement":[{"@type":"ListItem","position":1,"name":"Portada","item":"https:\/\/aeronoticias.com.pe\/noticiero\/"},{"@type":"ListItem","position":2,"name":"Piden a Fiscal de Campanilla, Espinoza Lastra, exhorto a Lima"}]},{"@type":"WebSite","@id":"https:\/\/aeronoticias.com.pe\/noticiero\/#website","url":"https:\/\/aeronoticias.com.pe\/noticiero\/","name":"Aeronoticias.com.pe","description":"Noticias de tranporte aereo, turismo, hoteles, gastronomia, actualidad, internacional","potentialAction":[{"@type":"SearchAction","target":{"@type":"EntryPoint","urlTemplate":"https:\/\/aeronoticias.com.pe\/noticiero\/?s={search_term_string}"},"query-input":{"@type":"PropertyValueSpecification","valueRequired":true,"valueName":"search_term_string"}}],"inLanguage":"es"},{"@type":"Person","@id":"https:\/\/aeronoticias.com.pe\/noticiero\/#\/schema\/person\/fc1e5d578f4b62ba1cf7ac2bba1170a0","name":"Redacci\u00f3n Aeronoticias","url":"https:\/\/aeronoticias.com.pe\/noticiero\/author\/piloto\/"}]}},"_links":{"self":[{"href":"https:\/\/aeronoticias.com.pe\/noticiero\/wp-json\/wp\/v2\/posts\/52406","targetHints":{"allow":["GET"]}}],"collection":[{"href":"https:\/\/aeronoticias.com.pe\/noticiero\/wp-json\/wp\/v2\/posts"}],"about":[{"href":"https:\/\/aeronoticias.com.pe\/noticiero\/wp-json\/wp\/v2\/types\/post"}],"author":[{"embeddable":true,"href":"https:\/\/aeronoticias.com.pe\/noticiero\/wp-json\/wp\/v2\/users\/1"}],"replies":[{"embeddable":true,"href":"https:\/\/aeronoticias.com.pe\/noticiero\/wp-json\/wp\/v2\/comments?post=52406"}],"version-history":[{"count":0,"href":"https:\/\/aeronoticias.com.pe\/noticiero\/wp-json\/wp\/v2\/posts\/52406\/revisions"}],"wp:attachment":[{"href":"https:\/\/aeronoticias.com.pe\/noticiero\/wp-json\/wp\/v2\/media?parent=52406"}],"wp:term":[{"taxonomy":"category","embeddable":true,"href":"https:\/\/aeronoticias.com.pe\/noticiero\/wp-json\/wp\/v2\/categories?post=52406"},{"taxonomy":"post_tag","embeddable":true,"href":"https:\/\/aeronoticias.com.pe\/noticiero\/wp-json\/wp\/v2\/tags?post=52406"}],"curies":[{"name":"wp","href":"https:\/\/api.w.org\/{rel}","templated":true}]}}