{"id":52407,"date":"2015-05-08T01:23:48","date_gmt":"2015-05-08T01:23:48","guid":{"rendered":"http:\/\/desarrollo.mcvicious.com\/aero2020\/2015\/05\/08\/candidato-al-decanato-julian-palacin-anulara-multa-abusiva-de-amoretti-a-los-abogados\/"},"modified":"2020-09-11T13:03:51","modified_gmt":"2020-09-11T13:03:51","slug":"candidato-al-decanato-julian-palacin-anulara-multa-abusiva-de-amoretti-a-los-abogados","status":"publish","type":"post","link":"https:\/\/aeronoticias.com.pe\/noticiero\/politica\/candidato-al-decanato-julian-palacin-anulara-multa-abusiva-de-amoretti-a-los-abogados\/","title":{"rendered":"Candidato al Decanato Juli\u00e1n Palacin anular\u00e1 multa abusiva de Amoretti a los abogados"},"content":{"rendered":"<p style=\"text-align: justify;\"><strong>(Aeronoticias)<\/strong> El candidato al Decanato del Colegio de Abogados de Lima 2016-2017 Juli\u00e1n Palacin Fern\u00e1ndez, expres\u00f3 que \u201cest\u00e1 totalmente en desacuerdo con esta Resoluci\u00f3n inmotivada que multa a los abogados que no participaron en las mesas de sufragio en las \u00faltimas elecciones en la CNM y solicit\u00f3 una reconsideraci\u00f3n de esta injusta medida al actual Decano Mario Amoretti Pachas.<\/p>\n<p style=\"text-align: justify;\">Expres\u00f3 que esta decisi\u00f3n antiecon\u00f3mica y que afecta a los hogares de muchos agremiados se debe dejar sin efecto, muchos colegas, dijo, pueden haber estado enfermos o tener alg\u00fan otro impedimento, la crisis econ\u00f3mica golpea a muchos hogares de nuestros agremiados a quienes debemos proteger y no causarles da\u00f1os y perjuicios, reconsideren.<\/p>\n<p style=\"text-align: justify;\">Agreg\u00f3 que, \u00a0si lo eligen Decano del CAL 2016 2017 en las pr\u00f3ximas elecciones del s\u00e1bado 28 de noviembre del 2015, declarar\u00e1 nula y sin efecto legal alguno esta arbitraria Resoluci\u00f3n y se le devolver\u00e1 a los colegas esta multa abusiva.<\/p>\n<p style=\"text-align: justify;\"><img decoding=\"async\" src=\"images\/stories\/15\/05\/070515\/comunicadocal.jpg\" border=\"0\" \/><\/p>\n","protected":false},"excerpt":{"rendered":"<p>(Aeronoticias) El candidato al Decanato del Colegio de Abogados de Lima 2016-2017 Juli\u00e1n Palacin Fern\u00e1ndez, expres\u00f3 que \u201cest\u00e1 totalmente en desacuerdo con esta Resoluci\u00f3n inmotivada que multa a los abogados que no participaron en las mesas de sufragio en las \u00faltimas elecciones en la CNM y solicit\u00f3 una reconsideraci\u00f3n de esta injusta medida al actual [&hellip;]<\/p>\n","protected":false},"author":1,"featured_media":0,"comment_status":"open","ping_status":"open","sticky":false,"template":"","format":"standard","meta":{"tdm_status":"","tdm_grid_status":"","footnotes":""},"categories":[36],"tags":[],"class_list":{"0":"post-52407","1":"post","2":"type-post","3":"status-publish","4":"format-standard","6":"category-politica"},"yoast_head":"<!-- This site is optimized with the Yoast SEO plugin v25.1 - https:\/\/yoast.com\/wordpress\/plugins\/seo\/ -->\n<title>Candidato al Decanato Juli\u00e1n Palacin anular\u00e1 multa abusiva de Amoretti a los abogados<\/title>\n<meta name=\"description\" content=\"Portal de noticias del Per\u00fa sobre el transporte a\u00e9reo, aviaci\u00f3n, turismo, hoteleria, actualidad.\" \/>\n<meta name=\"robots\" content=\"index, follow, max-snippet:-1, max-image-preview:large, max-video-preview:-1\" \/>\n<link rel=\"canonical\" href=\"https:\/\/aeronoticias.com.pe\/noticiero\/politica\/candidato-al-decanato-julian-palacin-anulara-multa-abusiva-de-amoretti-a-los-abogados\/\" \/>\n<meta property=\"og:locale\" content=\"es_ES\" \/>\n<meta property=\"og:type\" content=\"article\" \/>\n<meta property=\"og:title\" content=\"Candidato al Decanato Juli\u00e1n Palacin anular\u00e1 multa abusiva de Amoretti a los abogados\" \/>\n<meta property=\"og:description\" content=\"Portal de noticias del Per\u00fa sobre el transporte a\u00e9reo, aviaci\u00f3n, turismo, hoteleria, actualidad.\" \/>\n<meta property=\"og:url\" content=\"https:\/\/aeronoticias.com.pe\/noticiero\/politica\/candidato-al-decanato-julian-palacin-anulara-multa-abusiva-de-amoretti-a-los-abogados\/\" \/>\n<meta property=\"og:site_name\" content=\"Aeronoticias.com.pe\" \/>\n<meta property=\"article:publisher\" content=\"https:\/\/www.facebook.com\/Aeronoticias.com.pe\/\" \/>\n<meta property=\"article:published_time\" content=\"2015-05-08T01:23:48+00:00\" \/>\n<meta property=\"article:modified_time\" content=\"2020-09-11T13:03:51+00:00\" \/>\n<meta name=\"author\" content=\"Redacci\u00f3n Aeronoticias\" \/>\n<meta name=\"twitter:card\" content=\"summary_large_image\" \/>\n<meta name=\"twitter:creator\" content=\"@aeronoticias\" \/>\n<meta name=\"twitter:site\" content=\"@aeronoticias\" \/>\n<meta name=\"twitter:label1\" content=\"Escrito por\" \/>\n\t<meta name=\"twitter:data1\" content=\"Redacci\u00f3n Aeronoticias\" \/>\n\t<meta name=\"twitter:label2\" content=\"Tiempo de lectura\" \/>\n\t<meta name=\"twitter:data2\" content=\"1 minuto\" \/>\n<script type=\"application\/ld+json\" class=\"yoast-schema-graph\">{\"@context\":\"https:\/\/schema.org\",\"@graph\":[{\"@type\":\"WebPage\",\"@id\":\"https:\/\/aeronoticias.com.pe\/noticiero\/politica\/candidato-al-decanato-julian-palacin-anulara-multa-abusiva-de-amoretti-a-los-abogados\/\",\"url\":\"https:\/\/aeronoticias.com.pe\/noticiero\/politica\/candidato-al-decanato-julian-palacin-anulara-multa-abusiva-de-amoretti-a-los-abogados\/\",\"name\":\"Candidato al Decanato Juli\u00e1n Palacin anular\u00e1 multa abusiva de Amoretti a los abogados\",\"isPartOf\":{\"@id\":\"https:\/\/aeronoticias.com.pe\/noticiero\/#website\"},\"datePublished\":\"2015-05-08T01:23:48+00:00\",\"dateModified\":\"2020-09-11T13:03:51+00:00\",\"author\":{\"@id\":\"https:\/\/aeronoticias.com.pe\/noticiero\/#\/schema\/person\/fc1e5d578f4b62ba1cf7ac2bba1170a0\"},\"description\":\"Portal de noticias del Per\u00fa sobre el transporte a\u00e9reo, aviaci\u00f3n, turismo, hoteleria, actualidad.\",\"breadcrumb\":{\"@id\":\"https:\/\/aeronoticias.com.pe\/noticiero\/politica\/candidato-al-decanato-julian-palacin-anulara-multa-abusiva-de-amoretti-a-los-abogados\/#breadcrumb\"},\"inLanguage\":\"es\",\"potentialAction\":[{\"@type\":\"ReadAction\",\"target\":[\"https:\/\/aeronoticias.com.pe\/noticiero\/politica\/candidato-al-decanato-julian-palacin-anulara-multa-abusiva-de-amoretti-a-los-abogados\/\"]}]},{\"@type\":\"BreadcrumbList\",\"@id\":\"https:\/\/aeronoticias.com.pe\/noticiero\/politica\/candidato-al-decanato-julian-palacin-anulara-multa-abusiva-de-amoretti-a-los-abogados\/#breadcrumb\",\"itemListElement\":[{\"@type\":\"ListItem\",\"position\":1,\"name\":\"Portada\",\"item\":\"https:\/\/aeronoticias.com.pe\/noticiero\/\"},{\"@type\":\"ListItem\",\"position\":2,\"name\":\"Candidato al Decanato Juli\u00e1n Palacin anular\u00e1 multa abusiva de Amoretti a los abogados\"}]},{\"@type\":\"WebSite\",\"@id\":\"https:\/\/aeronoticias.com.pe\/noticiero\/#website\",\"url\":\"https:\/\/aeronoticias.com.pe\/noticiero\/\",\"name\":\"Aeronoticias.com.pe\",\"description\":\"Noticias de tranporte aereo, turismo, hoteles, gastronomia, actualidad, internacional\",\"potentialAction\":[{\"@type\":\"SearchAction\",\"target\":{\"@type\":\"EntryPoint\",\"urlTemplate\":\"https:\/\/aeronoticias.com.pe\/noticiero\/?s={search_term_string}\"},\"query-input\":{\"@type\":\"PropertyValueSpecification\",\"valueRequired\":true,\"valueName\":\"search_term_string\"}}],\"inLanguage\":\"es\"},{\"@type\":\"Person\",\"@id\":\"https:\/\/aeronoticias.com.pe\/noticiero\/#\/schema\/person\/fc1e5d578f4b62ba1cf7ac2bba1170a0\",\"name\":\"Redacci\u00f3n Aeronoticias\",\"url\":\"https:\/\/aeronoticias.com.pe\/noticiero\/author\/piloto\/\"}]}<\/script>\n<!-- \/ Yoast SEO plugin. -->","yoast_head_json":{"title":"Candidato al Decanato Juli\u00e1n Palacin anular\u00e1 multa abusiva de Amoretti a los abogados","description":"Portal de noticias del Per\u00fa sobre el transporte a\u00e9reo, aviaci\u00f3n, turismo, hoteleria, actualidad.","robots":{"index":"index","follow":"follow","max-snippet":"max-snippet:-1","max-image-preview":"max-image-preview:large","max-video-preview":"max-video-preview:-1"},"canonical":"https:\/\/aeronoticias.com.pe\/noticiero\/politica\/candidato-al-decanato-julian-palacin-anulara-multa-abusiva-de-amoretti-a-los-abogados\/","og_locale":"es_ES","og_type":"article","og_title":"Candidato al Decanato Juli\u00e1n Palacin anular\u00e1 multa abusiva de Amoretti a los abogados","og_description":"Portal de noticias del Per\u00fa sobre el transporte a\u00e9reo, aviaci\u00f3n, turismo, hoteleria, actualidad.","og_url":"https:\/\/aeronoticias.com.pe\/noticiero\/politica\/candidato-al-decanato-julian-palacin-anulara-multa-abusiva-de-amoretti-a-los-abogados\/","og_site_name":"Aeronoticias.com.pe","article_publisher":"https:\/\/www.facebook.com\/Aeronoticias.com.pe\/","article_published_time":"2015-05-08T01:23:48+00:00","article_modified_time":"2020-09-11T13:03:51+00:00","author":"Redacci\u00f3n Aeronoticias","twitter_card":"summary_large_image","twitter_creator":"@aeronoticias","twitter_site":"@aeronoticias","twitter_misc":{"Escrito por":"Redacci\u00f3n Aeronoticias","Tiempo de lectura":"1 minuto"},"schema":{"@context":"https:\/\/schema.org","@graph":[{"@type":"WebPage","@id":"https:\/\/aeronoticias.com.pe\/noticiero\/politica\/candidato-al-decanato-julian-palacin-anulara-multa-abusiva-de-amoretti-a-los-abogados\/","url":"https:\/\/aeronoticias.com.pe\/noticiero\/politica\/candidato-al-decanato-julian-palacin-anulara-multa-abusiva-de-amoretti-a-los-abogados\/","name":"Candidato al Decanato Juli\u00e1n Palacin anular\u00e1 multa abusiva de Amoretti a los abogados","isPartOf":{"@id":"https:\/\/aeronoticias.com.pe\/noticiero\/#website"},"datePublished":"2015-05-08T01:23:48+00:00","dateModified":"2020-09-11T13:03:51+00:00","author":{"@id":"https:\/\/aeronoticias.com.pe\/noticiero\/#\/schema\/person\/fc1e5d578f4b62ba1cf7ac2bba1170a0"},"description":"Portal de noticias del Per\u00fa sobre el transporte a\u00e9reo, aviaci\u00f3n, turismo, hoteleria, actualidad.","breadcrumb":{"@id":"https:\/\/aeronoticias.com.pe\/noticiero\/politica\/candidato-al-decanato-julian-palacin-anulara-multa-abusiva-de-amoretti-a-los-abogados\/#breadcrumb"},"inLanguage":"es","potentialAction":[{"@type":"ReadAction","target":["https:\/\/aeronoticias.com.pe\/noticiero\/politica\/candidato-al-decanato-julian-palacin-anulara-multa-abusiva-de-amoretti-a-los-abogados\/"]}]},{"@type":"BreadcrumbList","@id":"https:\/\/aeronoticias.com.pe\/noticiero\/politica\/candidato-al-decanato-julian-palacin-anulara-multa-abusiva-de-amoretti-a-los-abogados\/#breadcrumb","itemListElement":[{"@type":"ListItem","position":1,"name":"Portada","item":"https:\/\/aeronoticias.com.pe\/noticiero\/"},{"@type":"ListItem","position":2,"name":"Candidato al Decanato Juli\u00e1n Palacin anular\u00e1 multa abusiva de Amoretti a los abogados"}]},{"@type":"WebSite","@id":"https:\/\/aeronoticias.com.pe\/noticiero\/#website","url":"https:\/\/aeronoticias.com.pe\/noticiero\/","name":"Aeronoticias.com.pe","description":"Noticias de tranporte aereo, turismo, hoteles, gastronomia, actualidad, internacional","potentialAction":[{"@type":"SearchAction","target":{"@type":"EntryPoint","urlTemplate":"https:\/\/aeronoticias.com.pe\/noticiero\/?s={search_term_string}"},"query-input":{"@type":"PropertyValueSpecification","valueRequired":true,"valueName":"search_term_string"}}],"inLanguage":"es"},{"@type":"Person","@id":"https:\/\/aeronoticias.com.pe\/noticiero\/#\/schema\/person\/fc1e5d578f4b62ba1cf7ac2bba1170a0","name":"Redacci\u00f3n Aeronoticias","url":"https:\/\/aeronoticias.com.pe\/noticiero\/author\/piloto\/"}]}},"_links":{"self":[{"href":"https:\/\/aeronoticias.com.pe\/noticiero\/wp-json\/wp\/v2\/posts\/52407","targetHints":{"allow":["GET"]}}],"collection":[{"href":"https:\/\/aeronoticias.com.pe\/noticiero\/wp-json\/wp\/v2\/posts"}],"about":[{"href":"https:\/\/aeronoticias.com.pe\/noticiero\/wp-json\/wp\/v2\/types\/post"}],"author":[{"embeddable":true,"href":"https:\/\/aeronoticias.com.pe\/noticiero\/wp-json\/wp\/v2\/users\/1"}],"replies":[{"embeddable":true,"href":"https:\/\/aeronoticias.com.pe\/noticiero\/wp-json\/wp\/v2\/comments?post=52407"}],"version-history":[{"count":0,"href":"https:\/\/aeronoticias.com.pe\/noticiero\/wp-json\/wp\/v2\/posts\/52407\/revisions"}],"wp:attachment":[{"href":"https:\/\/aeronoticias.com.pe\/noticiero\/wp-json\/wp\/v2\/media?parent=52407"}],"wp:term":[{"taxonomy":"category","embeddable":true,"href":"https:\/\/aeronoticias.com.pe\/noticiero\/wp-json\/wp\/v2\/categories?post=52407"},{"taxonomy":"post_tag","embeddable":true,"href":"https:\/\/aeronoticias.com.pe\/noticiero\/wp-json\/wp\/v2\/tags?post=52407"}],"curies":[{"name":"wp","href":"https:\/\/api.w.org\/{rel}","templated":true}]}}