{"id":52414,"date":"2015-05-08T14:10:19","date_gmt":"2015-05-08T14:10:19","guid":{"rendered":"http:\/\/desarrollo.mcvicious.com\/aero2020\/2015\/05\/08\/julian-palacin-dice-que-los-abogados-deben-observar-normas-morales-discrepando-de-mario-amoretti-en-el-caso-orellana\/"},"modified":"2015-05-08T14:10:19","modified_gmt":"2015-05-08T14:10:19","slug":"julian-palacin-dice-que-los-abogados-deben-observar-normas-morales-discrepando-de-mario-amoretti-en-el-caso-orellana","status":"publish","type":"post","link":"https:\/\/aeronoticias.com.pe\/noticiero\/politica\/julian-palacin-dice-que-los-abogados-deben-observar-normas-morales-discrepando-de-mario-amoretti-en-el-caso-orellana\/","title":{"rendered":"Juli\u00e1n Palac\u00edn dice que los abogados deben observar normas morales discrepando de Mario Amoretti en el caso Orellana"},"content":{"rendered":"<p style=\"text-align: justify;\"><span style=\"font-size: 12.1599988937378px; line-height: 1.3em;\"><strong>(Aeronoticias) <\/strong><\/span><span style=\"font-size: 12.1599988937378px; line-height: 1.3em;\">Estamos de acuerdo con el Decano del CAL, Mario Amoretti Pachas, en relaci\u00f3n a que los abogados que ejercen la profesi\u00f3n no cometen delito, dijo Juli\u00e1n Palac\u00edn Fern\u00e1ndez, candidato al Decanato del CAL, sin embargo, dijo, no podemos avalar sus declaraciones, ya que de acuerdo al art. 1\u00ba del C\u00f3digo de \u00c9tica Profesional de los Colegios de Abogados del Per\u00fa, que el Decano del CAL est\u00e1 obligado a cumplir y respetar \u00ab<\/span><strong style=\"font-size: 12.1599988937378px; line-height: 1.3em;\">los abogados tenemos la obligaci\u00f3n de defender a nuestros clientes con estricta observancia de las normas jur\u00eddicas y morales, los derechos de nuestros patrocinados<\/strong><span style=\"font-size: 12.1599988937378px; line-height: 1.3em;\">\u00ab.<\/span><\/p>\n<p style=\"text-align: justify;\"><span style=\"font-size: 12.1599988937378px; line-height: 1.3em;\">\u00abPero se debe tener en cuenta que los abogados en ejercicio de nuestra profesi\u00f3n, estamos obligados a cumplir este vigente C\u00f3digo de \u00c9tica Profesional de los Colegios de Abogados del Per\u00fa, se lo recuerdo al actual Decano de mi querido gremio del CAL con quien compet\u00ed en las \u00faltimas elecciones en las que en primera vuelta, \u00e9l lleg\u00f3 segundo y yo ocup\u00e9 el tercer lugar. Aquellos abogados cuestionados, que usan sus conocimientos legales para integrar bandas que se quedaron con cientos de propiedades ajenas, falsificando documentos mandando a la c\u00e1rcel a sus v\u00edctimas para robarles como es el caso p\u00fablico, Giovani Paredes; o aconsejar a sus clientes a esconder un cad\u00e1ver como el caso del abogado que sali\u00f3 libre de una condena de cuatro a\u00f1os de c\u00e1rcel, \u00abpero fue sancionado \u00e9ticamente por el Tribunal de Honor del CAL\u00bb o aquellos malos colegas que utilizaron y se aprovecharon de los procedimientos de insolvencia, falsificando y delinquiendo y en consecuencia, qued\u00e1ndose con propiedades ajenas, son agremiados que estatutariamente no pueden seguir perteneciendo a nuestro Ilustre Colegio de Abogados de Lima, personalmente voy a honrar la historia de todos aquellos Decanos que inclusive sufrieron c\u00e1rcel por defender la democracia, es decir, nuestro Colegio de Abogados de Lima fundado en 1804 tiene una historia de honor en la vida de la Rep\u00fablica y no vamos a permitir que malos agremiados deshonren la dignidad de un Gremio, dijo.<\/span><\/p>\n<p style=\"text-align: justify;\"><span style=\"font-size: 12.1599988937378px; line-height: 1.3em;\"><a href=\"http:\/\/canaln.pe\/actualidad\/caso-orellana-amoretti-sostuvo-que-se-detenciones-no-tendrian-sustento-n180549\" target=\"_blank\" rel=\"noopener noreferrer\">Es por ello, dijo Juli\u00e1n Palac\u00edn, que discrepo de las expresiones a Canal N del actual Decano Mario Amoretti en relaci\u00f3n al caso Orellana<\/a><\/span><\/p>\n<p style=\"text-align: justify;\"><span style=\"font-size: 12.1599988937378px; line-height: 1.3em;\">Es lamentable escuchar a nuestro Decano del CAL ,decir \u00abque la moral nada tiene que ver con el derecho y que los abogados no son curas\u00bb; una cosa es defender a nuestros clientes dentro de la ley y en ejercicio del Derecho Constitucional de defensa de nuestros patrocinados y otra es, presuntamente delinqjuir y ser parte de organizaciones que se quedaban con las propiedades ajenas, m\u00e1s a\u00fan, si en la investigaci\u00f3n preliminar, dignas Fiscales representantes del Guardi\u00e1n de la legalidad en este caso el Ministerio Publico consideran que existen indicios razonables de presuntas conductas de colegas que no vamos a avalar, ya que si integraban bandas para delinquir como la de Orellana, no pueden ser miembros del Colegio de Abogados de Lima , tienen que ser sometidos a un debido proceso disciplinario sancionador y si se los encuentra responsables podr\u00edan recibir la m\u00e1xima sanci\u00f3n prevista en el art. 53\u00ba del C\u00f3digo de \u00c9tica de los Colegios de Abogados del Per\u00fa que establece la expulsi\u00f3n en raz\u00f3n, a que inclusive, siendo que el C\u00f3digo regula la conducta \u00e9tica y moral de los abogados, no constituye impedimento para la instauraci\u00f3n del proceso disciplinario respectivo, el hecho que el o los denunciados sean parte en un proceso penal, toda vez que la Resoluci\u00f3n que se emite es de \u00edndole \u00e9tica, m\u00e1s no jurisdiccional, y ese el mensaje del sector de la abogac\u00eda que me respalda para ocupar el sill\u00f3n del Decanato en las pr\u00f3ximas elecciones del s\u00e1bado 28 de noviembre del 2015. <\/span><\/p>\n<p style=\"text-align: justify;\"><span style=\"font-size: 12.1599988937378px; line-height: 1.3em;\">Recomiendo al Decano de CAL, Mario Amoretti Pachas, que antes de hacer declaraciones p\u00fablicas en nombre de nuestro Gremio, lea el art. 1\u00ba del C\u00f3digo de \u00c9tica Profesional de los Colegios de Abogados del Per\u00fa, que establece que el abogado debe tener presente que es un servidor de la justicia, entonces, preguntamos si los abogados involucrados se daban cuenta que con sus servicios legales, esta organizaci\u00f3n se apropiaba de propiedades ajenas y el C\u00f3digo de \u00c9tica dice adem\u00e1s que los abogados son colaboradores de la administraci\u00f3n de justicia y que su deber profesional es defender con estricta observancia de las normas jur\u00eddicas y morales, los derechos de su patrocinado, lo que prueba que las declaraciones de Mario Amoretti no est\u00e1n acordes con lo que dice nuestro C\u00f3digo de \u00c9tica en relaci\u00f3n a la vinculaci\u00f3n que existe entre la norma jur\u00eddica y moral, dijo Juli\u00e1n Palac\u00edn Fern\u00e1ndez.<\/span><\/p>\n<p style=\"text-align: justify;\"><span style=\"font-size: 12.1599988937378px; line-height: 1.3em;\">\u00abEl punto controvertido-agreg\u00f3- que se tendr\u00e1 que dilucidar es, si los abogados detenidos integraban o no la banda de Orellana o solo eran abogados defensores que no se prestaban a falsificar documentos y preparar las trampas legales para robar las sagradas propiedades ajenas\u00bb y en todo caso, si como abogados actuaron con honradez y buena fe y no aconsejaron actos fraudulentos, afirmando o negando con falsedad, haciendo citas inexactas o tendenciosas, ni estorbando ni realizando acto alguno, que estorbe la administraci\u00f3n de justicia y tambi\u00e9n se tendr\u00e1 que investigar si los abogados de la organizaci\u00f3n Orellana en ejercicio de la \u00a0profesi\u00f3n sobornaron a empleados o funcionarios p\u00fablicos, faltando gravemente al honor y a la \u00e9tica profesional y s\u00ed, al enterarse de hechos de esta naturaleza que se habr\u00edan cometido en la organizaci\u00f3n lo denunciaron oportunamente como lo ordena el art. 4\u00ba del C\u00f3digo de \u00c9tica Profesional de los Colegios de Abogados del Per\u00fa.<\/span><\/p>\n<p style=\"text-align: justify;\"><span style=\"font-size: 12.1599988937378px; line-height: 1.3em;\">\u00abLos abogados detenidos no tendr\u00edan ninguna responsabilidad penal, si solo dieron asesor\u00eda legal y desconoc\u00edan de las actividades delincuenciales de la organizaci\u00f3n Orellana, pero si fueron parte del tinglado delictivo de la organizaci\u00f3n criminal, tienen que ser procesados \u00e9ticamente por la Direcci\u00f3n de \u00e9tica Profesional del CAL ,por el Consejo de \u00c9tica y el Tribunal de Honor del CAL\u00bb. <\/span><\/p>\n<p style=\"text-align: justify;\"><span style=\"font-size: 12.1599988937378px; line-height: 1.3em;\">\u00abLos abogados detenidos en la investigaci\u00f3n del Ministerio P\u00fablico ejercer\u00e1n su derecho de defensa y la Direcci\u00f3n de Defensa Gremial del CAL deber\u00e1 velar porque se les respete su derecho \u00a0al debido proceso y a la garant\u00eda constitucional de la presunci\u00f3n de inocencia\u00bb. <\/span><\/p>\n<p style=\"text-align: justify;\"><span style=\"font-size: 12.1599988937378px; line-height: 1.3em;\">Discrepo de las opiniones dadas a Canal N por el Decano del CAL, Mario Amoretti Pachas, \u00aben nombre de los miles de abogados que votaron por mi en las \u00faltimas elecciones expreso que s\u00ed existe una relaci\u00f3n profunda entre la moral y el Derecho es por ello que existe la \u00e9tica profesional y los abogados somos sacerdotes del derecho, defendemos los derechos humanos y las causas justas y la sociedad debe mirar con honor a la abogac\u00eda y personalmente he defendido a una de las v\u00edctimas de esta organizaci\u00f3n delictiva y vi sufrir a una familia de 17 personas, muchos de ellos ni\u00f1os, sucedi\u00f3 en San Borja en los primeros meses del 2013, en donde, de la noche a la ma\u00f1ana matones armados los desalojaron dejando a ni\u00f1os y mujeres que quedaron durmiendo en la v\u00eda p\u00fablica, asesor\u00e9 a esta familia sin cobrar un centavo en este caso y hoy hemos recuperado la propiedad con medida cautelar, los procesos siguen y cuando le inform\u00e9 al Presidente de la Corte Superior de Justicia de Lima hace 2 a\u00f1os aproximadamente y le indiqu\u00e9 el nombre de la Juez de Paz de Magdalena que ayudo en el desalojo ilegal y arbitrario de esta familia, recib\u00ed a los 7 d\u00edas una carta notarial de esta Juez provisional para que me retracte sin embargo, no me amilan\u00e9 con la persecuci\u00f3n y la presi\u00f3n, honr\u00e9 mi profesi\u00f3n de abogado y segu\u00ed y seguir\u00e9 luchando por la justicia y defendiendo la imagen y el prestigio de los 66,000 agremiados y de nuestro digno e hist\u00f3rico Gremio que espero dirigir luego de las pr\u00f3ximas elecciones para que la sociedad entienda que somos conciencia jur\u00eddica del pa\u00eds que la moral, el derecho y la \u00e9tica est\u00e1n \u00edntimamente relacionados son la trilog\u00eda del esp\u00edritu, de la ley y de la justicia.<\/span><\/p>\n<p style=\"text-align: justify;\"><span style=\"font-size: 12.1599988937378px; line-height: 1.3em;\"><img decoding=\"async\" src=\"images\/stories\/15\/05\/080515\/amoretti-palacin.jpg\" border=\"0\" \/><br \/><\/span><\/p>\n","protected":false},"excerpt":{"rendered":"<p>(Aeronoticias) Estamos de acuerdo con el Decano del CAL, Mario Amoretti Pachas, en relaci\u00f3n a que los abogados que ejercen la profesi\u00f3n no cometen delito, dijo Juli\u00e1n Palac\u00edn Fern\u00e1ndez, candidato al Decanato del CAL, sin embargo, dijo, no podemos avalar sus declaraciones, ya que de acuerdo al art. 1\u00ba del C\u00f3digo de \u00c9tica Profesional de [&hellip;]<\/p>\n","protected":false},"author":1,"featured_media":0,"comment_status":"open","ping_status":"open","sticky":false,"template":"","format":"standard","meta":{"tdm_status":"","tdm_grid_status":"","footnotes":""},"categories":[36],"tags":[],"class_list":{"0":"post-52414","1":"post","2":"type-post","3":"status-publish","4":"format-standard","6":"category-politica"},"yoast_head":"<!-- This site is optimized with the Yoast SEO plugin v25.1 - https:\/\/yoast.com\/wordpress\/plugins\/seo\/ -->\n<title>Juli\u00e1n Palac\u00edn dice que los abogados deben observar normas morales discrepando de Mario Amoretti en el caso Orellana<\/title>\n<meta name=\"description\" content=\"Portal de noticias del Per\u00fa sobre el transporte a\u00e9reo, aviaci\u00f3n, turismo, hoteleria, actualidad.\" \/>\n<meta name=\"robots\" content=\"index, follow, max-snippet:-1, max-image-preview:large, max-video-preview:-1\" \/>\n<link rel=\"canonical\" href=\"https:\/\/aeronoticias.com.pe\/noticiero\/politica\/julian-palacin-dice-que-los-abogados-deben-observar-normas-morales-discrepando-de-mario-amoretti-en-el-caso-orellana\/\" \/>\n<meta property=\"og:locale\" content=\"es_ES\" \/>\n<meta property=\"og:type\" content=\"article\" \/>\n<meta property=\"og:title\" content=\"Juli\u00e1n Palac\u00edn dice que los abogados deben observar normas morales discrepando de Mario Amoretti en el caso Orellana\" \/>\n<meta property=\"og:description\" content=\"Portal de noticias del Per\u00fa sobre el transporte a\u00e9reo, aviaci\u00f3n, turismo, hoteleria, actualidad.\" \/>\n<meta property=\"og:url\" content=\"https:\/\/aeronoticias.com.pe\/noticiero\/politica\/julian-palacin-dice-que-los-abogados-deben-observar-normas-morales-discrepando-de-mario-amoretti-en-el-caso-orellana\/\" \/>\n<meta property=\"og:site_name\" content=\"Aeronoticias.com.pe\" \/>\n<meta property=\"article:publisher\" content=\"https:\/\/www.facebook.com\/Aeronoticias.com.pe\/\" \/>\n<meta property=\"article:published_time\" content=\"2015-05-08T14:10:19+00:00\" \/>\n<meta name=\"author\" content=\"Redacci\u00f3n Aeronoticias\" \/>\n<meta name=\"twitter:card\" content=\"summary_large_image\" \/>\n<meta name=\"twitter:creator\" content=\"@aeronoticias\" \/>\n<meta name=\"twitter:site\" content=\"@aeronoticias\" \/>\n<meta name=\"twitter:label1\" content=\"Escrito por\" \/>\n\t<meta name=\"twitter:data1\" content=\"Redacci\u00f3n Aeronoticias\" \/>\n\t<meta name=\"twitter:label2\" content=\"Tiempo de lectura\" \/>\n\t<meta name=\"twitter:data2\" content=\"7 minutos\" \/>\n<script type=\"application\/ld+json\" class=\"yoast-schema-graph\">{\"@context\":\"https:\/\/schema.org\",\"@graph\":[{\"@type\":\"WebPage\",\"@id\":\"https:\/\/aeronoticias.com.pe\/noticiero\/politica\/julian-palacin-dice-que-los-abogados-deben-observar-normas-morales-discrepando-de-mario-amoretti-en-el-caso-orellana\/\",\"url\":\"https:\/\/aeronoticias.com.pe\/noticiero\/politica\/julian-palacin-dice-que-los-abogados-deben-observar-normas-morales-discrepando-de-mario-amoretti-en-el-caso-orellana\/\",\"name\":\"Juli\u00e1n Palac\u00edn dice que los abogados deben observar normas morales discrepando de Mario Amoretti en el caso Orellana\",\"isPartOf\":{\"@id\":\"https:\/\/aeronoticias.com.pe\/noticiero\/#website\"},\"datePublished\":\"2015-05-08T14:10:19+00:00\",\"author\":{\"@id\":\"https:\/\/aeronoticias.com.pe\/noticiero\/#\/schema\/person\/fc1e5d578f4b62ba1cf7ac2bba1170a0\"},\"description\":\"Portal de noticias del Per\u00fa sobre el transporte a\u00e9reo, aviaci\u00f3n, turismo, hoteleria, actualidad.\",\"breadcrumb\":{\"@id\":\"https:\/\/aeronoticias.com.pe\/noticiero\/politica\/julian-palacin-dice-que-los-abogados-deben-observar-normas-morales-discrepando-de-mario-amoretti-en-el-caso-orellana\/#breadcrumb\"},\"inLanguage\":\"es\",\"potentialAction\":[{\"@type\":\"ReadAction\",\"target\":[\"https:\/\/aeronoticias.com.pe\/noticiero\/politica\/julian-palacin-dice-que-los-abogados-deben-observar-normas-morales-discrepando-de-mario-amoretti-en-el-caso-orellana\/\"]}]},{\"@type\":\"BreadcrumbList\",\"@id\":\"https:\/\/aeronoticias.com.pe\/noticiero\/politica\/julian-palacin-dice-que-los-abogados-deben-observar-normas-morales-discrepando-de-mario-amoretti-en-el-caso-orellana\/#breadcrumb\",\"itemListElement\":[{\"@type\":\"ListItem\",\"position\":1,\"name\":\"Portada\",\"item\":\"https:\/\/aeronoticias.com.pe\/noticiero\/\"},{\"@type\":\"ListItem\",\"position\":2,\"name\":\"Juli\u00e1n Palac\u00edn dice que los abogados deben observar normas morales discrepando de Mario Amoretti en el caso Orellana\"}]},{\"@type\":\"WebSite\",\"@id\":\"https:\/\/aeronoticias.com.pe\/noticiero\/#website\",\"url\":\"https:\/\/aeronoticias.com.pe\/noticiero\/\",\"name\":\"Aeronoticias.com.pe\",\"description\":\"Noticias de tranporte aereo, turismo, hoteles, gastronomia, actualidad, internacional\",\"potentialAction\":[{\"@type\":\"SearchAction\",\"target\":{\"@type\":\"EntryPoint\",\"urlTemplate\":\"https:\/\/aeronoticias.com.pe\/noticiero\/?s={search_term_string}\"},\"query-input\":{\"@type\":\"PropertyValueSpecification\",\"valueRequired\":true,\"valueName\":\"search_term_string\"}}],\"inLanguage\":\"es\"},{\"@type\":\"Person\",\"@id\":\"https:\/\/aeronoticias.com.pe\/noticiero\/#\/schema\/person\/fc1e5d578f4b62ba1cf7ac2bba1170a0\",\"name\":\"Redacci\u00f3n Aeronoticias\",\"url\":\"https:\/\/aeronoticias.com.pe\/noticiero\/author\/piloto\/\"}]}<\/script>\n<!-- \/ Yoast SEO plugin. -->","yoast_head_json":{"title":"Juli\u00e1n Palac\u00edn dice que los abogados deben observar normas morales discrepando de Mario Amoretti en el caso Orellana","description":"Portal de noticias del Per\u00fa sobre el transporte a\u00e9reo, aviaci\u00f3n, turismo, hoteleria, actualidad.","robots":{"index":"index","follow":"follow","max-snippet":"max-snippet:-1","max-image-preview":"max-image-preview:large","max-video-preview":"max-video-preview:-1"},"canonical":"https:\/\/aeronoticias.com.pe\/noticiero\/politica\/julian-palacin-dice-que-los-abogados-deben-observar-normas-morales-discrepando-de-mario-amoretti-en-el-caso-orellana\/","og_locale":"es_ES","og_type":"article","og_title":"Juli\u00e1n Palac\u00edn dice que los abogados deben observar normas morales discrepando de Mario Amoretti en el caso Orellana","og_description":"Portal de noticias del Per\u00fa sobre el transporte a\u00e9reo, aviaci\u00f3n, turismo, hoteleria, actualidad.","og_url":"https:\/\/aeronoticias.com.pe\/noticiero\/politica\/julian-palacin-dice-que-los-abogados-deben-observar-normas-morales-discrepando-de-mario-amoretti-en-el-caso-orellana\/","og_site_name":"Aeronoticias.com.pe","article_publisher":"https:\/\/www.facebook.com\/Aeronoticias.com.pe\/","article_published_time":"2015-05-08T14:10:19+00:00","author":"Redacci\u00f3n Aeronoticias","twitter_card":"summary_large_image","twitter_creator":"@aeronoticias","twitter_site":"@aeronoticias","twitter_misc":{"Escrito por":"Redacci\u00f3n Aeronoticias","Tiempo de lectura":"7 minutos"},"schema":{"@context":"https:\/\/schema.org","@graph":[{"@type":"WebPage","@id":"https:\/\/aeronoticias.com.pe\/noticiero\/politica\/julian-palacin-dice-que-los-abogados-deben-observar-normas-morales-discrepando-de-mario-amoretti-en-el-caso-orellana\/","url":"https:\/\/aeronoticias.com.pe\/noticiero\/politica\/julian-palacin-dice-que-los-abogados-deben-observar-normas-morales-discrepando-de-mario-amoretti-en-el-caso-orellana\/","name":"Juli\u00e1n Palac\u00edn dice que los abogados deben observar normas morales discrepando de Mario Amoretti en el caso Orellana","isPartOf":{"@id":"https:\/\/aeronoticias.com.pe\/noticiero\/#website"},"datePublished":"2015-05-08T14:10:19+00:00","author":{"@id":"https:\/\/aeronoticias.com.pe\/noticiero\/#\/schema\/person\/fc1e5d578f4b62ba1cf7ac2bba1170a0"},"description":"Portal de noticias del Per\u00fa sobre el transporte a\u00e9reo, aviaci\u00f3n, turismo, hoteleria, actualidad.","breadcrumb":{"@id":"https:\/\/aeronoticias.com.pe\/noticiero\/politica\/julian-palacin-dice-que-los-abogados-deben-observar-normas-morales-discrepando-de-mario-amoretti-en-el-caso-orellana\/#breadcrumb"},"inLanguage":"es","potentialAction":[{"@type":"ReadAction","target":["https:\/\/aeronoticias.com.pe\/noticiero\/politica\/julian-palacin-dice-que-los-abogados-deben-observar-normas-morales-discrepando-de-mario-amoretti-en-el-caso-orellana\/"]}]},{"@type":"BreadcrumbList","@id":"https:\/\/aeronoticias.com.pe\/noticiero\/politica\/julian-palacin-dice-que-los-abogados-deben-observar-normas-morales-discrepando-de-mario-amoretti-en-el-caso-orellana\/#breadcrumb","itemListElement":[{"@type":"ListItem","position":1,"name":"Portada","item":"https:\/\/aeronoticias.com.pe\/noticiero\/"},{"@type":"ListItem","position":2,"name":"Juli\u00e1n Palac\u00edn dice que los abogados deben observar normas morales discrepando de Mario Amoretti en el caso Orellana"}]},{"@type":"WebSite","@id":"https:\/\/aeronoticias.com.pe\/noticiero\/#website","url":"https:\/\/aeronoticias.com.pe\/noticiero\/","name":"Aeronoticias.com.pe","description":"Noticias de tranporte aereo, turismo, hoteles, gastronomia, actualidad, internacional","potentialAction":[{"@type":"SearchAction","target":{"@type":"EntryPoint","urlTemplate":"https:\/\/aeronoticias.com.pe\/noticiero\/?s={search_term_string}"},"query-input":{"@type":"PropertyValueSpecification","valueRequired":true,"valueName":"search_term_string"}}],"inLanguage":"es"},{"@type":"Person","@id":"https:\/\/aeronoticias.com.pe\/noticiero\/#\/schema\/person\/fc1e5d578f4b62ba1cf7ac2bba1170a0","name":"Redacci\u00f3n Aeronoticias","url":"https:\/\/aeronoticias.com.pe\/noticiero\/author\/piloto\/"}]}},"_links":{"self":[{"href":"https:\/\/aeronoticias.com.pe\/noticiero\/wp-json\/wp\/v2\/posts\/52414","targetHints":{"allow":["GET"]}}],"collection":[{"href":"https:\/\/aeronoticias.com.pe\/noticiero\/wp-json\/wp\/v2\/posts"}],"about":[{"href":"https:\/\/aeronoticias.com.pe\/noticiero\/wp-json\/wp\/v2\/types\/post"}],"author":[{"embeddable":true,"href":"https:\/\/aeronoticias.com.pe\/noticiero\/wp-json\/wp\/v2\/users\/1"}],"replies":[{"embeddable":true,"href":"https:\/\/aeronoticias.com.pe\/noticiero\/wp-json\/wp\/v2\/comments?post=52414"}],"version-history":[{"count":0,"href":"https:\/\/aeronoticias.com.pe\/noticiero\/wp-json\/wp\/v2\/posts\/52414\/revisions"}],"wp:attachment":[{"href":"https:\/\/aeronoticias.com.pe\/noticiero\/wp-json\/wp\/v2\/media?parent=52414"}],"wp:term":[{"taxonomy":"category","embeddable":true,"href":"https:\/\/aeronoticias.com.pe\/noticiero\/wp-json\/wp\/v2\/categories?post=52414"},{"taxonomy":"post_tag","embeddable":true,"href":"https:\/\/aeronoticias.com.pe\/noticiero\/wp-json\/wp\/v2\/tags?post=52414"}],"curies":[{"name":"wp","href":"https:\/\/api.w.org\/{rel}","templated":true}]}}