{"id":5255,"date":"2009-09-19T14:42:08","date_gmt":"2009-09-19T14:42:08","guid":{"rendered":"http:\/\/desarrollo.mcvicious.com\/aero2020\/2009\/09\/19\/obama-cumbre-del-g-20-analizara-la-situacion-economica\/"},"modified":"2009-09-19T14:42:08","modified_gmt":"2009-09-19T14:42:08","slug":"obama-cumbre-del-g-20-analizara-la-situacion-economica","status":"publish","type":"post","link":"https:\/\/aeronoticias.com.pe\/noticiero\/economia\/obama-cumbre-del-g-20-analizara-la-situacion-economica\/","title":{"rendered":"OBAMA: CUMBRE DEL G-20 ANALIZAR\u00c1 LA SITUACI\u00d3N ECON\u00d3MICA"},"content":{"rendered":"<div align=\"justify\">El presidente Barack Obama dijo el s\u00e1bado que las potencias mundiales han progresado a la hora de estabilizar el sistema global financiero pero a\u00fan queda mucho trabajo por hacer para generar empleo y crecimiento. \u00abLa buena noticia es que hemos progresado desde la \u00faltima vez que nos reunimos, aqu\u00ed y alrededor del mundo\u00bb, dijo Obama en su discurso semanal por radio e internet.<\/p>\n<p>La cumbre del G-20 la semana que viene en Pittsburg se realiza cinco meses despu\u00e9s de que el grupo de las principales 20 econom\u00edas del mundo se reuniera en Londres. Obama se\u00f1al\u00f3 que la reuni\u00f3n ofrecer\u00e1 una buena oportunidad para revisar las medidas que cada pa\u00eds ha tomado _de forma separada y conjunta_ para romper con las bases de la crisis econ\u00f3mica. El presidente record\u00f3 que la \u00faltima reuni\u00f3n del G-20, en abril, ocurri\u00f3 en el punto \u00e1lgido de la crisis.<\/p>\n<div style=\"text-align: center\"><img decoding=\"async\" src=\"images\/stories\/09\/09\/190909\/reservaperu.jpg\" border=\"0\" alt=\"OBAMA: CUMBRE DEL G-20 ANALIZAR\u00c1 LA SITUACI\u00d3N ECON\u00d3MICA \" title=\"OBAMA: CUMBRE DEL G-20 ANALIZAR\u00c1 LA SITUACI\u00d3N ECON\u00d3MICA \" \/><\/div>\n<p>Obama indic\u00f3 que se han tomado pasos importantes para mejorar la econom\u00eda estadounidense: un paquete de rescate financiero, esfuerzos para revitalizar los mercados de cr\u00e9dito y la oferta de m\u00e1s pr\u00e9stamos para gente interesada en invertir en casas, autom\u00f3viles, educaci\u00f3n o el financiamiento de peque\u00f1os negocios. Sin embargo, el presidente dijo que su gobierno sabe que frenar los efectos negativos de la crisis no es suficiente.<\/p>\n<p>\u00abSabemos que a\u00fan tenemos mucho que hacer aqu\u00ed para crear una econom\u00eda que genere buenos puestos de trabajo para todos aquellos que buscan empleo hoy\u00bb, indic\u00f3 el presidente. \u00abY sabemos que tenemos mucho que hacer, junto a otros pa\u00edses alrededor del mundo, para reforzar las normas que gobiernan los mercados financieros y asegurar que nunca jam\u00e1s nos volvamos a encontrar en la precaria situaci\u00f3n en la que nos encontr\u00e1bamos hace tan s\u00f3lo un a\u00f1o\u00bb, afirm\u00f3.<\/p>\n<p>Obama destac\u00f3 que es necesario renovar las normas que dominan los mercados y las firmas financieras y por ese motivo, durante la reuni\u00f3n del G-20, se discutir\u00e1n los pasos necesarios para \u00absalvaguardar el sistema financiero global\u00bb y cerrar los huecos regulatorios alrededor del mundo. Esos huecos, dijo Obama, \u00abhan permitido una pol\u00edtica de riesgos imprudentes y una irresponsabilidad que llev\u00f3 a la crisis\u00bb.<\/div>\n","protected":false},"excerpt":{"rendered":"<p>El presidente Barack Obama dijo el s\u00e1bado que las potencias mundiales han progresado a la hora de estabilizar el sistema global financiero pero a\u00fan queda mucho trabajo por hacer para generar empleo y crecimiento. \u00abLa buena noticia es que hemos progresado desde la \u00faltima vez que nos reunimos, aqu\u00ed y alrededor del mundo\u00bb, dijo Obama [&hellip;]<\/p>\n","protected":false},"author":1,"featured_media":0,"comment_status":"open","ping_status":"open","sticky":false,"template":"","format":"standard","meta":{"tdm_status":"","tdm_grid_status":"","footnotes":""},"categories":[33],"tags":[],"class_list":{"0":"post-5255","1":"post","2":"type-post","3":"status-publish","4":"format-standard","6":"category-economia"},"yoast_head":"<!-- This site is optimized with the Yoast SEO plugin v25.1 - https:\/\/yoast.com\/wordpress\/plugins\/seo\/ -->\n<title>OBAMA: CUMBRE DEL G-20 ANALIZAR\u00c1 LA SITUACI\u00d3N ECON\u00d3MICA<\/title>\n<meta name=\"description\" content=\"Portal de noticias del Per\u00fa sobre el transporte a\u00e9reo, aviaci\u00f3n, turismo, hoteleria, actualidad.\" \/>\n<meta name=\"robots\" content=\"index, follow, max-snippet:-1, max-image-preview:large, max-video-preview:-1\" \/>\n<link rel=\"canonical\" href=\"https:\/\/aeronoticias.com.pe\/noticiero\/economia\/obama-cumbre-del-g-20-analizara-la-situacion-economica\/\" \/>\n<meta property=\"og:locale\" content=\"es_ES\" \/>\n<meta property=\"og:type\" content=\"article\" \/>\n<meta property=\"og:title\" content=\"OBAMA: CUMBRE DEL G-20 ANALIZAR\u00c1 LA SITUACI\u00d3N ECON\u00d3MICA\" \/>\n<meta property=\"og:description\" content=\"Portal de noticias del Per\u00fa sobre el transporte a\u00e9reo, aviaci\u00f3n, turismo, hoteleria, actualidad.\" \/>\n<meta property=\"og:url\" content=\"https:\/\/aeronoticias.com.pe\/noticiero\/economia\/obama-cumbre-del-g-20-analizara-la-situacion-economica\/\" \/>\n<meta property=\"og:site_name\" content=\"Aeronoticias.com.pe\" \/>\n<meta property=\"article:publisher\" content=\"https:\/\/www.facebook.com\/Aeronoticias.com.pe\/\" \/>\n<meta property=\"article:published_time\" content=\"2009-09-19T14:42:08+00:00\" \/>\n<meta name=\"author\" content=\"Redacci\u00f3n Aeronoticias\" \/>\n<meta name=\"twitter:card\" content=\"summary_large_image\" \/>\n<meta name=\"twitter:creator\" content=\"@aeronoticias\" \/>\n<meta name=\"twitter:site\" content=\"@aeronoticias\" \/>\n<meta name=\"twitter:label1\" content=\"Escrito por\" \/>\n\t<meta name=\"twitter:data1\" content=\"Redacci\u00f3n Aeronoticias\" \/>\n\t<meta name=\"twitter:label2\" content=\"Tiempo de lectura\" \/>\n\t<meta name=\"twitter:data2\" content=\"2 minutos\" \/>\n<script type=\"application\/ld+json\" class=\"yoast-schema-graph\">{\"@context\":\"https:\/\/schema.org\",\"@graph\":[{\"@type\":\"WebPage\",\"@id\":\"https:\/\/aeronoticias.com.pe\/noticiero\/economia\/obama-cumbre-del-g-20-analizara-la-situacion-economica\/\",\"url\":\"https:\/\/aeronoticias.com.pe\/noticiero\/economia\/obama-cumbre-del-g-20-analizara-la-situacion-economica\/\",\"name\":\"OBAMA: CUMBRE DEL G-20 ANALIZAR\u00c1 LA SITUACI\u00d3N ECON\u00d3MICA\",\"isPartOf\":{\"@id\":\"https:\/\/aeronoticias.com.pe\/noticiero\/#website\"},\"datePublished\":\"2009-09-19T14:42:08+00:00\",\"author\":{\"@id\":\"https:\/\/aeronoticias.com.pe\/noticiero\/#\/schema\/person\/fc1e5d578f4b62ba1cf7ac2bba1170a0\"},\"description\":\"Portal de noticias del Per\u00fa sobre el transporte a\u00e9reo, aviaci\u00f3n, turismo, hoteleria, actualidad.\",\"breadcrumb\":{\"@id\":\"https:\/\/aeronoticias.com.pe\/noticiero\/economia\/obama-cumbre-del-g-20-analizara-la-situacion-economica\/#breadcrumb\"},\"inLanguage\":\"es\",\"potentialAction\":[{\"@type\":\"ReadAction\",\"target\":[\"https:\/\/aeronoticias.com.pe\/noticiero\/economia\/obama-cumbre-del-g-20-analizara-la-situacion-economica\/\"]}]},{\"@type\":\"BreadcrumbList\",\"@id\":\"https:\/\/aeronoticias.com.pe\/noticiero\/economia\/obama-cumbre-del-g-20-analizara-la-situacion-economica\/#breadcrumb\",\"itemListElement\":[{\"@type\":\"ListItem\",\"position\":1,\"name\":\"Portada\",\"item\":\"https:\/\/aeronoticias.com.pe\/noticiero\/\"},{\"@type\":\"ListItem\",\"position\":2,\"name\":\"OBAMA: CUMBRE DEL G-20 ANALIZAR\u00c1 LA SITUACI\u00d3N ECON\u00d3MICA\"}]},{\"@type\":\"WebSite\",\"@id\":\"https:\/\/aeronoticias.com.pe\/noticiero\/#website\",\"url\":\"https:\/\/aeronoticias.com.pe\/noticiero\/\",\"name\":\"Aeronoticias.com.pe\",\"description\":\"Noticias de tranporte aereo, turismo, hoteles, gastronomia, actualidad, internacional\",\"potentialAction\":[{\"@type\":\"SearchAction\",\"target\":{\"@type\":\"EntryPoint\",\"urlTemplate\":\"https:\/\/aeronoticias.com.pe\/noticiero\/?s={search_term_string}\"},\"query-input\":{\"@type\":\"PropertyValueSpecification\",\"valueRequired\":true,\"valueName\":\"search_term_string\"}}],\"inLanguage\":\"es\"},{\"@type\":\"Person\",\"@id\":\"https:\/\/aeronoticias.com.pe\/noticiero\/#\/schema\/person\/fc1e5d578f4b62ba1cf7ac2bba1170a0\",\"name\":\"Redacci\u00f3n Aeronoticias\",\"url\":\"https:\/\/aeronoticias.com.pe\/noticiero\/author\/piloto\/\"}]}<\/script>\n<!-- \/ Yoast SEO plugin. -->","yoast_head_json":{"title":"OBAMA: CUMBRE DEL G-20 ANALIZAR\u00c1 LA SITUACI\u00d3N ECON\u00d3MICA","description":"Portal de noticias del Per\u00fa sobre el transporte a\u00e9reo, aviaci\u00f3n, turismo, hoteleria, actualidad.","robots":{"index":"index","follow":"follow","max-snippet":"max-snippet:-1","max-image-preview":"max-image-preview:large","max-video-preview":"max-video-preview:-1"},"canonical":"https:\/\/aeronoticias.com.pe\/noticiero\/economia\/obama-cumbre-del-g-20-analizara-la-situacion-economica\/","og_locale":"es_ES","og_type":"article","og_title":"OBAMA: CUMBRE DEL G-20 ANALIZAR\u00c1 LA SITUACI\u00d3N ECON\u00d3MICA","og_description":"Portal de noticias del Per\u00fa sobre el transporte a\u00e9reo, aviaci\u00f3n, turismo, hoteleria, actualidad.","og_url":"https:\/\/aeronoticias.com.pe\/noticiero\/economia\/obama-cumbre-del-g-20-analizara-la-situacion-economica\/","og_site_name":"Aeronoticias.com.pe","article_publisher":"https:\/\/www.facebook.com\/Aeronoticias.com.pe\/","article_published_time":"2009-09-19T14:42:08+00:00","author":"Redacci\u00f3n Aeronoticias","twitter_card":"summary_large_image","twitter_creator":"@aeronoticias","twitter_site":"@aeronoticias","twitter_misc":{"Escrito por":"Redacci\u00f3n Aeronoticias","Tiempo de lectura":"2 minutos"},"schema":{"@context":"https:\/\/schema.org","@graph":[{"@type":"WebPage","@id":"https:\/\/aeronoticias.com.pe\/noticiero\/economia\/obama-cumbre-del-g-20-analizara-la-situacion-economica\/","url":"https:\/\/aeronoticias.com.pe\/noticiero\/economia\/obama-cumbre-del-g-20-analizara-la-situacion-economica\/","name":"OBAMA: CUMBRE DEL G-20 ANALIZAR\u00c1 LA SITUACI\u00d3N ECON\u00d3MICA","isPartOf":{"@id":"https:\/\/aeronoticias.com.pe\/noticiero\/#website"},"datePublished":"2009-09-19T14:42:08+00:00","author":{"@id":"https:\/\/aeronoticias.com.pe\/noticiero\/#\/schema\/person\/fc1e5d578f4b62ba1cf7ac2bba1170a0"},"description":"Portal de noticias del Per\u00fa sobre el transporte a\u00e9reo, aviaci\u00f3n, turismo, hoteleria, actualidad.","breadcrumb":{"@id":"https:\/\/aeronoticias.com.pe\/noticiero\/economia\/obama-cumbre-del-g-20-analizara-la-situacion-economica\/#breadcrumb"},"inLanguage":"es","potentialAction":[{"@type":"ReadAction","target":["https:\/\/aeronoticias.com.pe\/noticiero\/economia\/obama-cumbre-del-g-20-analizara-la-situacion-economica\/"]}]},{"@type":"BreadcrumbList","@id":"https:\/\/aeronoticias.com.pe\/noticiero\/economia\/obama-cumbre-del-g-20-analizara-la-situacion-economica\/#breadcrumb","itemListElement":[{"@type":"ListItem","position":1,"name":"Portada","item":"https:\/\/aeronoticias.com.pe\/noticiero\/"},{"@type":"ListItem","position":2,"name":"OBAMA: CUMBRE DEL G-20 ANALIZAR\u00c1 LA SITUACI\u00d3N ECON\u00d3MICA"}]},{"@type":"WebSite","@id":"https:\/\/aeronoticias.com.pe\/noticiero\/#website","url":"https:\/\/aeronoticias.com.pe\/noticiero\/","name":"Aeronoticias.com.pe","description":"Noticias de tranporte aereo, turismo, hoteles, gastronomia, actualidad, internacional","potentialAction":[{"@type":"SearchAction","target":{"@type":"EntryPoint","urlTemplate":"https:\/\/aeronoticias.com.pe\/noticiero\/?s={search_term_string}"},"query-input":{"@type":"PropertyValueSpecification","valueRequired":true,"valueName":"search_term_string"}}],"inLanguage":"es"},{"@type":"Person","@id":"https:\/\/aeronoticias.com.pe\/noticiero\/#\/schema\/person\/fc1e5d578f4b62ba1cf7ac2bba1170a0","name":"Redacci\u00f3n Aeronoticias","url":"https:\/\/aeronoticias.com.pe\/noticiero\/author\/piloto\/"}]}},"_links":{"self":[{"href":"https:\/\/aeronoticias.com.pe\/noticiero\/wp-json\/wp\/v2\/posts\/5255","targetHints":{"allow":["GET"]}}],"collection":[{"href":"https:\/\/aeronoticias.com.pe\/noticiero\/wp-json\/wp\/v2\/posts"}],"about":[{"href":"https:\/\/aeronoticias.com.pe\/noticiero\/wp-json\/wp\/v2\/types\/post"}],"author":[{"embeddable":true,"href":"https:\/\/aeronoticias.com.pe\/noticiero\/wp-json\/wp\/v2\/users\/1"}],"replies":[{"embeddable":true,"href":"https:\/\/aeronoticias.com.pe\/noticiero\/wp-json\/wp\/v2\/comments?post=5255"}],"version-history":[{"count":0,"href":"https:\/\/aeronoticias.com.pe\/noticiero\/wp-json\/wp\/v2\/posts\/5255\/revisions"}],"wp:attachment":[{"href":"https:\/\/aeronoticias.com.pe\/noticiero\/wp-json\/wp\/v2\/media?parent=5255"}],"wp:term":[{"taxonomy":"category","embeddable":true,"href":"https:\/\/aeronoticias.com.pe\/noticiero\/wp-json\/wp\/v2\/categories?post=5255"},{"taxonomy":"post_tag","embeddable":true,"href":"https:\/\/aeronoticias.com.pe\/noticiero\/wp-json\/wp\/v2\/tags?post=5255"}],"curies":[{"name":"wp","href":"https:\/\/api.w.org\/{rel}","templated":true}]}}