{"id":5256,"date":"2009-09-19T23:06:49","date_gmt":"2009-09-19T23:06:49","guid":{"rendered":"http:\/\/desarrollo.mcvicious.com\/aero2020\/2009\/09\/19\/los-preparativos-del-aviador-comenzaron-hace-99-anos\/"},"modified":"2009-09-19T23:06:49","modified_gmt":"2009-09-19T23:06:49","slug":"los-preparativos-del-aviador-comenzaron-hace-99-anos","status":"publish","type":"post","link":"https:\/\/aeronoticias.com.pe\/noticiero\/transporte-aereo\/internacional\/los-preparativos-del-aviador-comenzaron-hace-99-anos\/","title":{"rendered":"LOS PREPARATIVOS DEL AVIADOR COMENZARON HACE 99 A\u00d1OS"},"content":{"rendered":"<div align=\"justify\">Jorge Ch\u00e1vez Dartnell, el h\u00e9roe m\u00e1ximo de la Aviaci\u00f3n Civil Peruana se encontraba en Briga el 11 de septiembre de 1910, habr\u00eda llegado con su flamante monoplano \u201cBl\u00e9irot\u201d, mucho antes de los comisarios de la traves\u00eda.<\/p>\n<p>Vigiliaba personalmente todas las operaciones relativas al armado del monoplano y revisaba curiosamente pieza por pieza.<\/p><\/div>\n<div align=\"justify\">\u00a0<\/p>\n<div style=\"text-align: center\"><img decoding=\"async\" src=\"images\/stories\/09\/09\/190909\/chavez1.jpg\" border=\"0\" alt=\"LOS PREPARATIVOS DEL AVIADOR COMENZARON HACE 99 A\u00d1OS\" title=\"LOS PREPARATIVOS DEL AVIADOR COMENZARON HACE 99 A\u00d1OS\" \/><\/div>\n<\/div>\n<div align=\"justify\">\u00a0<\/div>\n<div align=\"justify\">Varias mejoras hab\u00eda introducido en su \u201cBleriot\u201d, los dep\u00f3sitos de aceite y las tuber\u00edas que lo conducen al motor hab\u00edan sido revestidas de amiento para defenderlos del hielo; el asiento de comando del avi\u00f3n estaba arreglado como para una gran traves\u00eda, los preparativos comenzaban y est\u00e1bamos en los momentos previos a la gran haza\u00f1a, del peruano que fue el primero en el mundo que logr\u00f3 el paso de los Alpes, conquist\u00f3 el simpl\u00f3n e inscribi\u00f3 al Per\u00fa entre los pa\u00edses precursores del espacio.<\/p>\n<p>Esta semana se celebran los 99 a\u00f1os de la haza\u00f1a de Jorge Ch\u00e1vez Darnell y en el Congreso de la Rep\u00fablica se rendir\u00e1 homenaje al aviador en su gloriosa traves\u00eda de los Alpes, coronada un 23 de septiembre de 1910, 99 a\u00f1os despu\u00e9s en el Sal\u00f3n Ra\u00fal Porras Barrenechea del Congreso de la Rep\u00fablica del Per\u00fa, se le rinde un justo homenaje a quien inscribi\u00f3 el nombre del Per\u00fa entre los pioneros de la conquista del espacio.<\/p>\n<p>Esta historia continuar\u00e1 en su memoria, en honor de quienes siguieron sus pasos, escribiendo las p\u00e1ginas m\u00e1s hermosas de la historia de la Aviaci\u00f3n Civil Peruana.<\/div>\n","protected":false},"excerpt":{"rendered":"<p>Jorge Ch\u00e1vez Dartnell, el h\u00e9roe m\u00e1ximo de la Aviaci\u00f3n Civil Peruana se encontraba en Briga el 11 de septiembre de 1910, habr\u00eda llegado con su flamante monoplano \u201cBl\u00e9irot\u201d, mucho antes de los comisarios de la traves\u00eda. Vigiliaba personalmente todas las operaciones relativas al armado del monoplano y revisaba curiosamente pieza por pieza. \u00a0 \u00a0 Varias [&hellip;]<\/p>\n","protected":false},"author":1,"featured_media":0,"comment_status":"open","ping_status":"open","sticky":false,"template":"","format":"standard","meta":{"tdm_status":"","tdm_grid_status":"","footnotes":""},"categories":[32],"tags":[],"class_list":{"0":"post-5256","1":"post","2":"type-post","3":"status-publish","4":"format-standard","6":"category-internacional"},"yoast_head":"<!-- This site is optimized with the Yoast SEO plugin v25.1 - https:\/\/yoast.com\/wordpress\/plugins\/seo\/ -->\n<title>LOS PREPARATIVOS DEL AVIADOR COMENZARON HACE 99 A\u00d1OS<\/title>\n<meta name=\"description\" content=\"Portal de noticias del Per\u00fa sobre el transporte a\u00e9reo, aviaci\u00f3n, turismo, hoteleria, actualidad.\" \/>\n<meta name=\"robots\" content=\"index, follow, max-snippet:-1, max-image-preview:large, max-video-preview:-1\" \/>\n<link rel=\"canonical\" href=\"https:\/\/aeronoticias.com.pe\/noticiero\/transporte-aereo\/internacional\/los-preparativos-del-aviador-comenzaron-hace-99-anos\/\" \/>\n<meta property=\"og:locale\" content=\"es_ES\" \/>\n<meta property=\"og:type\" content=\"article\" \/>\n<meta property=\"og:title\" content=\"LOS PREPARATIVOS DEL AVIADOR COMENZARON HACE 99 A\u00d1OS\" \/>\n<meta property=\"og:description\" content=\"Portal de noticias del Per\u00fa sobre el transporte a\u00e9reo, aviaci\u00f3n, turismo, hoteleria, actualidad.\" \/>\n<meta property=\"og:url\" content=\"https:\/\/aeronoticias.com.pe\/noticiero\/transporte-aereo\/internacional\/los-preparativos-del-aviador-comenzaron-hace-99-anos\/\" \/>\n<meta property=\"og:site_name\" content=\"Aeronoticias.com.pe\" \/>\n<meta property=\"article:publisher\" content=\"https:\/\/www.facebook.com\/Aeronoticias.com.pe\/\" \/>\n<meta property=\"article:published_time\" content=\"2009-09-19T23:06:49+00:00\" \/>\n<meta name=\"author\" content=\"Redacci\u00f3n Aeronoticias\" \/>\n<meta name=\"twitter:card\" content=\"summary_large_image\" \/>\n<meta name=\"twitter:creator\" content=\"@aeronoticias\" \/>\n<meta name=\"twitter:site\" content=\"@aeronoticias\" \/>\n<meta name=\"twitter:label1\" content=\"Escrito por\" \/>\n\t<meta name=\"twitter:data1\" content=\"Redacci\u00f3n Aeronoticias\" \/>\n\t<meta name=\"twitter:label2\" content=\"Tiempo de lectura\" \/>\n\t<meta name=\"twitter:data2\" content=\"1 minuto\" \/>\n<script type=\"application\/ld+json\" class=\"yoast-schema-graph\">{\"@context\":\"https:\/\/schema.org\",\"@graph\":[{\"@type\":\"WebPage\",\"@id\":\"https:\/\/aeronoticias.com.pe\/noticiero\/transporte-aereo\/internacional\/los-preparativos-del-aviador-comenzaron-hace-99-anos\/\",\"url\":\"https:\/\/aeronoticias.com.pe\/noticiero\/transporte-aereo\/internacional\/los-preparativos-del-aviador-comenzaron-hace-99-anos\/\",\"name\":\"LOS PREPARATIVOS DEL AVIADOR COMENZARON HACE 99 A\u00d1OS\",\"isPartOf\":{\"@id\":\"https:\/\/aeronoticias.com.pe\/noticiero\/#website\"},\"datePublished\":\"2009-09-19T23:06:49+00:00\",\"author\":{\"@id\":\"https:\/\/aeronoticias.com.pe\/noticiero\/#\/schema\/person\/fc1e5d578f4b62ba1cf7ac2bba1170a0\"},\"description\":\"Portal de noticias del Per\u00fa sobre el transporte a\u00e9reo, aviaci\u00f3n, turismo, hoteleria, actualidad.\",\"breadcrumb\":{\"@id\":\"https:\/\/aeronoticias.com.pe\/noticiero\/transporte-aereo\/internacional\/los-preparativos-del-aviador-comenzaron-hace-99-anos\/#breadcrumb\"},\"inLanguage\":\"es\",\"potentialAction\":[{\"@type\":\"ReadAction\",\"target\":[\"https:\/\/aeronoticias.com.pe\/noticiero\/transporte-aereo\/internacional\/los-preparativos-del-aviador-comenzaron-hace-99-anos\/\"]}]},{\"@type\":\"BreadcrumbList\",\"@id\":\"https:\/\/aeronoticias.com.pe\/noticiero\/transporte-aereo\/internacional\/los-preparativos-del-aviador-comenzaron-hace-99-anos\/#breadcrumb\",\"itemListElement\":[{\"@type\":\"ListItem\",\"position\":1,\"name\":\"Portada\",\"item\":\"https:\/\/aeronoticias.com.pe\/noticiero\/\"},{\"@type\":\"ListItem\",\"position\":2,\"name\":\"LOS PREPARATIVOS DEL AVIADOR COMENZARON HACE 99 A\u00d1OS\"}]},{\"@type\":\"WebSite\",\"@id\":\"https:\/\/aeronoticias.com.pe\/noticiero\/#website\",\"url\":\"https:\/\/aeronoticias.com.pe\/noticiero\/\",\"name\":\"Aeronoticias.com.pe\",\"description\":\"Noticias de tranporte aereo, turismo, hoteles, gastronomia, actualidad, internacional\",\"potentialAction\":[{\"@type\":\"SearchAction\",\"target\":{\"@type\":\"EntryPoint\",\"urlTemplate\":\"https:\/\/aeronoticias.com.pe\/noticiero\/?s={search_term_string}\"},\"query-input\":{\"@type\":\"PropertyValueSpecification\",\"valueRequired\":true,\"valueName\":\"search_term_string\"}}],\"inLanguage\":\"es\"},{\"@type\":\"Person\",\"@id\":\"https:\/\/aeronoticias.com.pe\/noticiero\/#\/schema\/person\/fc1e5d578f4b62ba1cf7ac2bba1170a0\",\"name\":\"Redacci\u00f3n Aeronoticias\",\"url\":\"https:\/\/aeronoticias.com.pe\/noticiero\/author\/piloto\/\"}]}<\/script>\n<!-- \/ Yoast SEO plugin. -->","yoast_head_json":{"title":"LOS PREPARATIVOS DEL AVIADOR COMENZARON HACE 99 A\u00d1OS","description":"Portal de noticias del Per\u00fa sobre el transporte a\u00e9reo, aviaci\u00f3n, turismo, hoteleria, actualidad.","robots":{"index":"index","follow":"follow","max-snippet":"max-snippet:-1","max-image-preview":"max-image-preview:large","max-video-preview":"max-video-preview:-1"},"canonical":"https:\/\/aeronoticias.com.pe\/noticiero\/transporte-aereo\/internacional\/los-preparativos-del-aviador-comenzaron-hace-99-anos\/","og_locale":"es_ES","og_type":"article","og_title":"LOS PREPARATIVOS DEL AVIADOR COMENZARON HACE 99 A\u00d1OS","og_description":"Portal de noticias del Per\u00fa sobre el transporte a\u00e9reo, aviaci\u00f3n, turismo, hoteleria, actualidad.","og_url":"https:\/\/aeronoticias.com.pe\/noticiero\/transporte-aereo\/internacional\/los-preparativos-del-aviador-comenzaron-hace-99-anos\/","og_site_name":"Aeronoticias.com.pe","article_publisher":"https:\/\/www.facebook.com\/Aeronoticias.com.pe\/","article_published_time":"2009-09-19T23:06:49+00:00","author":"Redacci\u00f3n Aeronoticias","twitter_card":"summary_large_image","twitter_creator":"@aeronoticias","twitter_site":"@aeronoticias","twitter_misc":{"Escrito por":"Redacci\u00f3n Aeronoticias","Tiempo de lectura":"1 minuto"},"schema":{"@context":"https:\/\/schema.org","@graph":[{"@type":"WebPage","@id":"https:\/\/aeronoticias.com.pe\/noticiero\/transporte-aereo\/internacional\/los-preparativos-del-aviador-comenzaron-hace-99-anos\/","url":"https:\/\/aeronoticias.com.pe\/noticiero\/transporte-aereo\/internacional\/los-preparativos-del-aviador-comenzaron-hace-99-anos\/","name":"LOS PREPARATIVOS DEL AVIADOR COMENZARON HACE 99 A\u00d1OS","isPartOf":{"@id":"https:\/\/aeronoticias.com.pe\/noticiero\/#website"},"datePublished":"2009-09-19T23:06:49+00:00","author":{"@id":"https:\/\/aeronoticias.com.pe\/noticiero\/#\/schema\/person\/fc1e5d578f4b62ba1cf7ac2bba1170a0"},"description":"Portal de noticias del Per\u00fa sobre el transporte a\u00e9reo, aviaci\u00f3n, turismo, hoteleria, actualidad.","breadcrumb":{"@id":"https:\/\/aeronoticias.com.pe\/noticiero\/transporte-aereo\/internacional\/los-preparativos-del-aviador-comenzaron-hace-99-anos\/#breadcrumb"},"inLanguage":"es","potentialAction":[{"@type":"ReadAction","target":["https:\/\/aeronoticias.com.pe\/noticiero\/transporte-aereo\/internacional\/los-preparativos-del-aviador-comenzaron-hace-99-anos\/"]}]},{"@type":"BreadcrumbList","@id":"https:\/\/aeronoticias.com.pe\/noticiero\/transporte-aereo\/internacional\/los-preparativos-del-aviador-comenzaron-hace-99-anos\/#breadcrumb","itemListElement":[{"@type":"ListItem","position":1,"name":"Portada","item":"https:\/\/aeronoticias.com.pe\/noticiero\/"},{"@type":"ListItem","position":2,"name":"LOS PREPARATIVOS DEL AVIADOR COMENZARON HACE 99 A\u00d1OS"}]},{"@type":"WebSite","@id":"https:\/\/aeronoticias.com.pe\/noticiero\/#website","url":"https:\/\/aeronoticias.com.pe\/noticiero\/","name":"Aeronoticias.com.pe","description":"Noticias de tranporte aereo, turismo, hoteles, gastronomia, actualidad, internacional","potentialAction":[{"@type":"SearchAction","target":{"@type":"EntryPoint","urlTemplate":"https:\/\/aeronoticias.com.pe\/noticiero\/?s={search_term_string}"},"query-input":{"@type":"PropertyValueSpecification","valueRequired":true,"valueName":"search_term_string"}}],"inLanguage":"es"},{"@type":"Person","@id":"https:\/\/aeronoticias.com.pe\/noticiero\/#\/schema\/person\/fc1e5d578f4b62ba1cf7ac2bba1170a0","name":"Redacci\u00f3n Aeronoticias","url":"https:\/\/aeronoticias.com.pe\/noticiero\/author\/piloto\/"}]}},"_links":{"self":[{"href":"https:\/\/aeronoticias.com.pe\/noticiero\/wp-json\/wp\/v2\/posts\/5256","targetHints":{"allow":["GET"]}}],"collection":[{"href":"https:\/\/aeronoticias.com.pe\/noticiero\/wp-json\/wp\/v2\/posts"}],"about":[{"href":"https:\/\/aeronoticias.com.pe\/noticiero\/wp-json\/wp\/v2\/types\/post"}],"author":[{"embeddable":true,"href":"https:\/\/aeronoticias.com.pe\/noticiero\/wp-json\/wp\/v2\/users\/1"}],"replies":[{"embeddable":true,"href":"https:\/\/aeronoticias.com.pe\/noticiero\/wp-json\/wp\/v2\/comments?post=5256"}],"version-history":[{"count":0,"href":"https:\/\/aeronoticias.com.pe\/noticiero\/wp-json\/wp\/v2\/posts\/5256\/revisions"}],"wp:attachment":[{"href":"https:\/\/aeronoticias.com.pe\/noticiero\/wp-json\/wp\/v2\/media?parent=5256"}],"wp:term":[{"taxonomy":"category","embeddable":true,"href":"https:\/\/aeronoticias.com.pe\/noticiero\/wp-json\/wp\/v2\/categories?post=5256"},{"taxonomy":"post_tag","embeddable":true,"href":"https:\/\/aeronoticias.com.pe\/noticiero\/wp-json\/wp\/v2\/tags?post=5256"}],"curies":[{"name":"wp","href":"https:\/\/api.w.org\/{rel}","templated":true}]}}