{"id":5257,"date":"2009-09-20T09:26:25","date_gmt":"2009-09-20T09:26:25","guid":{"rendered":"http:\/\/desarrollo.mcvicious.com\/aero2020\/2009\/09\/20\/el-galvez-se-vistio-de-fiesta-con-el-tr-v6\/"},"modified":"2009-09-20T09:26:25","modified_gmt":"2009-09-20T09:26:25","slug":"el-galvez-se-vistio-de-fiesta-con-el-tr-v6","status":"publish","type":"post","link":"https:\/\/aeronoticias.com.pe\/noticiero\/deportes\/el-galvez-se-vistio-de-fiesta-con-el-tr-v6\/","title":{"rendered":"EL G\u00c1LVEZ SE VISTI\u00d3 DE FIESTA CON EL TR V6"},"content":{"rendered":"<div align=\"justify\">Los pilotos Juan Cruz Alvarez y Juan Manuel Silva se adjudicaron ayer en el aut\u00f3dromo Juan y Oscar G\u00e1lvez de Buenos Aires las dos series clasificatorias de la categor\u00eda Top Race V6, d\u00e9cima prueba de la temporada. Adem\u00e1s se disput\u00f3 la clasificaci\u00f3n para la F\u00f3rmula Truck. Alvarez recorri\u00f3 las 7 vueltas al circuito n\u00famero 12 de 5.641,62 metros en 11m.45s.450\/1000 a un promedio de 201,864 kil\u00f3metros por hora, seguido por Juan Bautista Denedictis (Mercedes) a\u00a0 847\/1000\u00a0 847\/1000\u00a0 y Gustavo Tadei (Vectra) a 4s.517\/1000, en una serie que ven\u00eda liderando en gran parte Jos\u00e9 Mar\u00eda \u00abPechito\u00bb L\u00f3pez (Mondeo), quien luego realiz\u00f3 un trompo y se retras\u00f3. <\/p>\n<div style=\"text-align: center\"><img decoding=\"async\" src=\"images\/stories\/09\/09\/190909\/165533_automarcos347.jpg\" border=\"0\" width=\"400\" \/><\/div>\n<p>Sin embargo, el cordob\u00e9s logr\u00f3 este s\u00e1bado la sexta \u00abpole position\u00bb consecutiva. Silva obtuvo la segunda bater\u00eda en 11m.45s.868\/1000 a una media de 201,744 kil\u00f3metros por hora, escoltado por Mat\u00edas Rossi (Mercedes) a 1s.334\/1000 y Guido Falaschi (Mondeo ) a 10s.942\/1000, en tanto que el ex-campe\u00f3n mundial de F\u00f3rmula 1 1997, el canadiense Jacques Villeneuve, quien lo hizo con un Mercedes en car\u00e1cter de invitado y debi\u00f3 desertar.\u00a0 Este domigno en la llamada \u00abCarrera del a\u00f1o\u00bb, junto con la divisional Top Race Junior, tambi\u00e9n integrar\u00e1 la programaci\u00f3n la F\u00f3rmula Truck de Brasil (camiones) que cumplir\u00e1n con la s\u00e9ptima carrera del a\u00f1o con 26 unidades inscriptas entre las que participar\u00e1n las marcas Mercedes Benz, Scania, Volkswagen, Volvo y Ford. <\/p>\n<p>Entre los pilotos estar\u00e1 una vez m\u00e1s el platense Gast\u00f3n Mazzacane. En las pruebas clasificatorias de esta tarde, el mejor fue el brasile\u00f1o Roberval Andrade (Scania) con 1m.35s.822\/1000 a un promedio de 135,822 kil\u00f3metros por hora, en tanto que Mazzacane qued\u00f3 con el vig\u00e9simo primer lugar.\u00a0 Germ\u00e1n Giles (Vectra), por su parte, consigui\u00f3 el mejor tiempo clasificatorio de la divisional Top Race Junior con 1m.27s.549\/1000 a un promedio de 137,250 kil\u00f3metros por hora, dentro de los 31 que participaron de las pruebas. El Top Race V6 iniciar\u00e1 asimismo la etapa de primavera, que junto con las tres anteriores ganadas por Omar Mart\u00ednez (2) y Juan Manuel Silva en la \u00faltima, servir\u00e1n para que en las dos carreras finales de la temporada se defina el campeonato. <\/p>\n<p>El organigrama de este domingo se\u00f1ala para las 10,15 se llevar\u00e1 a cabo la final de la Top Race Junior y posteriormente la de la F\u00f3rmula Truck. Ambas competir\u00e1n sobre el circuito n\u00famero 8 de 3.337,80 metros.\u00a0 La final del TRV6, por su lado, se largar\u00e1 a las 13.20 sobre 22 vueltas o 45 minutos de duraci\u00f3n.<\/div>\n","protected":false},"excerpt":{"rendered":"<p>Los pilotos Juan Cruz Alvarez y Juan Manuel Silva se adjudicaron ayer en el aut\u00f3dromo Juan y Oscar G\u00e1lvez de Buenos Aires las dos series clasificatorias de la categor\u00eda Top Race V6, d\u00e9cima prueba de la temporada. Adem\u00e1s se disput\u00f3 la clasificaci\u00f3n para la F\u00f3rmula Truck. Alvarez recorri\u00f3 las 7 vueltas al circuito n\u00famero 12 [&hellip;]<\/p>\n","protected":false},"author":1,"featured_media":0,"comment_status":"open","ping_status":"open","sticky":false,"template":"","format":"standard","meta":{"tdm_status":"","tdm_grid_status":"","footnotes":""},"categories":[40],"tags":[],"class_list":{"0":"post-5257","1":"post","2":"type-post","3":"status-publish","4":"format-standard","6":"category-deportes"},"yoast_head":"<!-- This site is optimized with the Yoast SEO plugin v25.1 - https:\/\/yoast.com\/wordpress\/plugins\/seo\/ -->\n<title>EL G\u00c1LVEZ SE VISTI\u00d3 DE FIESTA CON EL TR V6<\/title>\n<meta name=\"description\" content=\"Portal de noticias del Per\u00fa sobre el transporte a\u00e9reo, aviaci\u00f3n, turismo, hoteleria, actualidad.\" \/>\n<meta name=\"robots\" content=\"index, follow, max-snippet:-1, max-image-preview:large, max-video-preview:-1\" \/>\n<link rel=\"canonical\" href=\"https:\/\/aeronoticias.com.pe\/noticiero\/deportes\/el-galvez-se-vistio-de-fiesta-con-el-tr-v6\/\" \/>\n<meta property=\"og:locale\" content=\"es_ES\" \/>\n<meta property=\"og:type\" content=\"article\" \/>\n<meta property=\"og:title\" content=\"EL G\u00c1LVEZ SE VISTI\u00d3 DE FIESTA CON EL TR V6\" \/>\n<meta property=\"og:description\" content=\"Portal de noticias del Per\u00fa sobre el transporte a\u00e9reo, aviaci\u00f3n, turismo, hoteleria, actualidad.\" \/>\n<meta property=\"og:url\" content=\"https:\/\/aeronoticias.com.pe\/noticiero\/deportes\/el-galvez-se-vistio-de-fiesta-con-el-tr-v6\/\" \/>\n<meta property=\"og:site_name\" content=\"Aeronoticias.com.pe\" \/>\n<meta property=\"article:publisher\" content=\"https:\/\/www.facebook.com\/Aeronoticias.com.pe\/\" \/>\n<meta property=\"article:published_time\" content=\"2009-09-20T09:26:25+00:00\" \/>\n<meta name=\"author\" content=\"Redacci\u00f3n Aeronoticias\" \/>\n<meta name=\"twitter:card\" content=\"summary_large_image\" \/>\n<meta name=\"twitter:creator\" content=\"@aeronoticias\" \/>\n<meta name=\"twitter:site\" content=\"@aeronoticias\" \/>\n<meta name=\"twitter:label1\" content=\"Escrito por\" \/>\n\t<meta name=\"twitter:data1\" content=\"Redacci\u00f3n Aeronoticias\" \/>\n\t<meta name=\"twitter:label2\" content=\"Tiempo de lectura\" \/>\n\t<meta name=\"twitter:data2\" content=\"2 minutos\" \/>\n<script type=\"application\/ld+json\" class=\"yoast-schema-graph\">{\"@context\":\"https:\/\/schema.org\",\"@graph\":[{\"@type\":\"WebPage\",\"@id\":\"https:\/\/aeronoticias.com.pe\/noticiero\/deportes\/el-galvez-se-vistio-de-fiesta-con-el-tr-v6\/\",\"url\":\"https:\/\/aeronoticias.com.pe\/noticiero\/deportes\/el-galvez-se-vistio-de-fiesta-con-el-tr-v6\/\",\"name\":\"EL G\u00c1LVEZ SE VISTI\u00d3 DE FIESTA CON EL TR V6\",\"isPartOf\":{\"@id\":\"https:\/\/aeronoticias.com.pe\/noticiero\/#website\"},\"datePublished\":\"2009-09-20T09:26:25+00:00\",\"author\":{\"@id\":\"https:\/\/aeronoticias.com.pe\/noticiero\/#\/schema\/person\/fc1e5d578f4b62ba1cf7ac2bba1170a0\"},\"description\":\"Portal de noticias del Per\u00fa sobre el transporte a\u00e9reo, aviaci\u00f3n, turismo, hoteleria, actualidad.\",\"breadcrumb\":{\"@id\":\"https:\/\/aeronoticias.com.pe\/noticiero\/deportes\/el-galvez-se-vistio-de-fiesta-con-el-tr-v6\/#breadcrumb\"},\"inLanguage\":\"es\",\"potentialAction\":[{\"@type\":\"ReadAction\",\"target\":[\"https:\/\/aeronoticias.com.pe\/noticiero\/deportes\/el-galvez-se-vistio-de-fiesta-con-el-tr-v6\/\"]}]},{\"@type\":\"BreadcrumbList\",\"@id\":\"https:\/\/aeronoticias.com.pe\/noticiero\/deportes\/el-galvez-se-vistio-de-fiesta-con-el-tr-v6\/#breadcrumb\",\"itemListElement\":[{\"@type\":\"ListItem\",\"position\":1,\"name\":\"Portada\",\"item\":\"https:\/\/aeronoticias.com.pe\/noticiero\/\"},{\"@type\":\"ListItem\",\"position\":2,\"name\":\"EL G\u00c1LVEZ SE VISTI\u00d3 DE FIESTA CON EL TR V6\"}]},{\"@type\":\"WebSite\",\"@id\":\"https:\/\/aeronoticias.com.pe\/noticiero\/#website\",\"url\":\"https:\/\/aeronoticias.com.pe\/noticiero\/\",\"name\":\"Aeronoticias.com.pe\",\"description\":\"Noticias de tranporte aereo, turismo, hoteles, gastronomia, actualidad, internacional\",\"potentialAction\":[{\"@type\":\"SearchAction\",\"target\":{\"@type\":\"EntryPoint\",\"urlTemplate\":\"https:\/\/aeronoticias.com.pe\/noticiero\/?s={search_term_string}\"},\"query-input\":{\"@type\":\"PropertyValueSpecification\",\"valueRequired\":true,\"valueName\":\"search_term_string\"}}],\"inLanguage\":\"es\"},{\"@type\":\"Person\",\"@id\":\"https:\/\/aeronoticias.com.pe\/noticiero\/#\/schema\/person\/fc1e5d578f4b62ba1cf7ac2bba1170a0\",\"name\":\"Redacci\u00f3n Aeronoticias\",\"url\":\"https:\/\/aeronoticias.com.pe\/noticiero\/author\/piloto\/\"}]}<\/script>\n<!-- \/ Yoast SEO plugin. -->","yoast_head_json":{"title":"EL G\u00c1LVEZ SE VISTI\u00d3 DE FIESTA CON EL TR V6","description":"Portal de noticias del Per\u00fa sobre el transporte a\u00e9reo, aviaci\u00f3n, turismo, hoteleria, actualidad.","robots":{"index":"index","follow":"follow","max-snippet":"max-snippet:-1","max-image-preview":"max-image-preview:large","max-video-preview":"max-video-preview:-1"},"canonical":"https:\/\/aeronoticias.com.pe\/noticiero\/deportes\/el-galvez-se-vistio-de-fiesta-con-el-tr-v6\/","og_locale":"es_ES","og_type":"article","og_title":"EL G\u00c1LVEZ SE VISTI\u00d3 DE FIESTA CON EL TR V6","og_description":"Portal de noticias del Per\u00fa sobre el transporte a\u00e9reo, aviaci\u00f3n, turismo, hoteleria, actualidad.","og_url":"https:\/\/aeronoticias.com.pe\/noticiero\/deportes\/el-galvez-se-vistio-de-fiesta-con-el-tr-v6\/","og_site_name":"Aeronoticias.com.pe","article_publisher":"https:\/\/www.facebook.com\/Aeronoticias.com.pe\/","article_published_time":"2009-09-20T09:26:25+00:00","author":"Redacci\u00f3n Aeronoticias","twitter_card":"summary_large_image","twitter_creator":"@aeronoticias","twitter_site":"@aeronoticias","twitter_misc":{"Escrito por":"Redacci\u00f3n Aeronoticias","Tiempo de lectura":"2 minutos"},"schema":{"@context":"https:\/\/schema.org","@graph":[{"@type":"WebPage","@id":"https:\/\/aeronoticias.com.pe\/noticiero\/deportes\/el-galvez-se-vistio-de-fiesta-con-el-tr-v6\/","url":"https:\/\/aeronoticias.com.pe\/noticiero\/deportes\/el-galvez-se-vistio-de-fiesta-con-el-tr-v6\/","name":"EL G\u00c1LVEZ SE VISTI\u00d3 DE FIESTA CON EL TR V6","isPartOf":{"@id":"https:\/\/aeronoticias.com.pe\/noticiero\/#website"},"datePublished":"2009-09-20T09:26:25+00:00","author":{"@id":"https:\/\/aeronoticias.com.pe\/noticiero\/#\/schema\/person\/fc1e5d578f4b62ba1cf7ac2bba1170a0"},"description":"Portal de noticias del Per\u00fa sobre el transporte a\u00e9reo, aviaci\u00f3n, turismo, hoteleria, actualidad.","breadcrumb":{"@id":"https:\/\/aeronoticias.com.pe\/noticiero\/deportes\/el-galvez-se-vistio-de-fiesta-con-el-tr-v6\/#breadcrumb"},"inLanguage":"es","potentialAction":[{"@type":"ReadAction","target":["https:\/\/aeronoticias.com.pe\/noticiero\/deportes\/el-galvez-se-vistio-de-fiesta-con-el-tr-v6\/"]}]},{"@type":"BreadcrumbList","@id":"https:\/\/aeronoticias.com.pe\/noticiero\/deportes\/el-galvez-se-vistio-de-fiesta-con-el-tr-v6\/#breadcrumb","itemListElement":[{"@type":"ListItem","position":1,"name":"Portada","item":"https:\/\/aeronoticias.com.pe\/noticiero\/"},{"@type":"ListItem","position":2,"name":"EL G\u00c1LVEZ SE VISTI\u00d3 DE FIESTA CON EL TR V6"}]},{"@type":"WebSite","@id":"https:\/\/aeronoticias.com.pe\/noticiero\/#website","url":"https:\/\/aeronoticias.com.pe\/noticiero\/","name":"Aeronoticias.com.pe","description":"Noticias de tranporte aereo, turismo, hoteles, gastronomia, actualidad, internacional","potentialAction":[{"@type":"SearchAction","target":{"@type":"EntryPoint","urlTemplate":"https:\/\/aeronoticias.com.pe\/noticiero\/?s={search_term_string}"},"query-input":{"@type":"PropertyValueSpecification","valueRequired":true,"valueName":"search_term_string"}}],"inLanguage":"es"},{"@type":"Person","@id":"https:\/\/aeronoticias.com.pe\/noticiero\/#\/schema\/person\/fc1e5d578f4b62ba1cf7ac2bba1170a0","name":"Redacci\u00f3n Aeronoticias","url":"https:\/\/aeronoticias.com.pe\/noticiero\/author\/piloto\/"}]}},"_links":{"self":[{"href":"https:\/\/aeronoticias.com.pe\/noticiero\/wp-json\/wp\/v2\/posts\/5257","targetHints":{"allow":["GET"]}}],"collection":[{"href":"https:\/\/aeronoticias.com.pe\/noticiero\/wp-json\/wp\/v2\/posts"}],"about":[{"href":"https:\/\/aeronoticias.com.pe\/noticiero\/wp-json\/wp\/v2\/types\/post"}],"author":[{"embeddable":true,"href":"https:\/\/aeronoticias.com.pe\/noticiero\/wp-json\/wp\/v2\/users\/1"}],"replies":[{"embeddable":true,"href":"https:\/\/aeronoticias.com.pe\/noticiero\/wp-json\/wp\/v2\/comments?post=5257"}],"version-history":[{"count":0,"href":"https:\/\/aeronoticias.com.pe\/noticiero\/wp-json\/wp\/v2\/posts\/5257\/revisions"}],"wp:attachment":[{"href":"https:\/\/aeronoticias.com.pe\/noticiero\/wp-json\/wp\/v2\/media?parent=5257"}],"wp:term":[{"taxonomy":"category","embeddable":true,"href":"https:\/\/aeronoticias.com.pe\/noticiero\/wp-json\/wp\/v2\/categories?post=5257"},{"taxonomy":"post_tag","embeddable":true,"href":"https:\/\/aeronoticias.com.pe\/noticiero\/wp-json\/wp\/v2\/tags?post=5257"}],"curies":[{"name":"wp","href":"https:\/\/api.w.org\/{rel}","templated":true}]}}