{"id":527,"date":"2008-09-16T17:41:50","date_gmt":"2008-09-16T17:41:50","guid":{"rendered":"http:\/\/desarrollo.mcvicious.com\/aero2020\/2008\/09\/16\/osiptel-mtc-indecopi-y-telefica-ante-parlamento-por-incremento-de-tarifas\/"},"modified":"2008-09-16T17:41:50","modified_gmt":"2008-09-16T17:41:50","slug":"osiptel-mtc-indecopi-y-telefica-ante-parlamento-por-incremento-de-tarifas","status":"publish","type":"post","link":"https:\/\/aeronoticias.com.pe\/noticiero\/ultimas\/1\/osiptel-mtc-indecopi-y-telefica-ante-parlamento-por-incremento-de-tarifas\/","title":{"rendered":"OSIPTEL, MTC, INDECOPI Y TELEF"},"content":{"rendered":"<p>&nbsp;<\/p>\n<div align=\"justify\">La Comisi&oacute;n de Defensa del Consumidor y Organismos Reguladores de los Servicios P&uacute;blicos, que preside el congresista W&iacute;lder Ruiz Silva (AN), aprob&oacute; hoy, a iniciativa del congresista Yonhy Lescano Ancieta (AP), invitar a su sesi&oacute;n de la pr&oacute;xima semana a representantes del Ministerio de Transportes y Comunicaciones, Organismo Supervisor de Inversi&oacute;n Privada en Telecomunicaciones (OSIPTEL), el Instituto Nacional de Defensa de la Competencia y de la Protecci&oacute;n de la Propiedad Intelectual (INDECOPI), y Telef&oacute;nica del Per&uacute; para que expliquen sobre el incremento de las tarifas del servicio de cable m&aacute;gico. <\/div>\n<p align=\"justify\">Asimismo, acord&oacute; citar a representantes de los organismos reguladores para que respondan sobre la forma como vienen aplicando sus presupuestos. Seg&uacute;n el ministro de Econom&iacute;a y Finanzas son mil 200 millones de soles los recursos destinados a esos organismos para el presente a&ntilde;o.<\/p>\n<p>&nbsp;<\/p>\n<p> <!--more--> <\/p>\n<div align=\"center\"><strong>Tarifas en el servicio el&eacute;ctrico y de los pasajes<\/strong><\/div>\n<p>&nbsp;<\/p>\n<div align=\"justify\">A pedido del presidente de la comisi&oacute;n se aprob&oacute; solicitar opini&oacute;n al Ministerio de Energ&iacute;a y Minas y al Alcalde de Lima respecto al incremento de tarifas en el servicio el&eacute;ctrico y de los pasajes, respectivamente. Esta decisi&oacute;n se tom&oacute; por considerar que ambas autoridades no ten&iacute;an injerencia en dichos temas.<\/div>\n<p align=\"justify\">En la sesi&oacute;n anterior se hab&iacute;a solicitado invitar al Ministro de Energ&iacute;a y Minas as&iacute; como al Alcalde de Lima para que respondieran sobre dichas alzas. <\/p>\n<p align=\"justify\">Por otro lado, el congresista Juan Perry Cruz (AN) fue invitado para sustentar un proyecto de ley que propone establecer el uso obligatorio del filtro protector visual en los monitores de cabinas p&uacute;blicas de Internet.<\/p>\n<p>Los congresistas presentes manifestaron su apoyo a dicha iniciativa pero, a sugerencia de Luis Galarreta (UN) y Marisol Espinoza (GPN) acordaron ampliar esa medida a las instituciones p&uacute;blicas y privadas, a fin de proteger la salud visual de todos los peruanos.<\/p>\n<p>&nbsp;<\/p>\n<div align=\"center\"><strong>Archivan iniciativa que propon&iacute;a normar forma de contrato y suspensi&oacute;n de los servicios de Internet<\/strong><\/div>\n<p>&nbsp;<\/p>\n<div align=\"justify\">Asimismo, la comisi&oacute;n acord&oacute; enviar al archivo una iniciativa que propon&iacute;a normar la forma de contrato y suspensi&oacute;n de los servicios de Internet por considerar que ello ya estaba impl&iacute;cito en la ley. Pero, a solicitud de los congresistas Galarreta, Olga Cribilleros (PAP) y Lescano se acord&oacute; recomendar al organismo supervisor que haga cumplir la norma, as&iacute; como su difusi&oacute;n, con el prop&oacute;sito de que el usuario conozca su derecho de rescindir un servicio de la misma manera en que lo adquiri&oacute;.<\/div>\n<p align=\"justify\">Al iniciar la sesi&oacute;n la comisi&oacute;n aprob&oacute; su Plan de Trabajo para la presente legislatura. El d&iacute;a y horario de su sesi&oacute;n ser&aacute;n los martes a las 12.00 del d&iacute;a. <\/p>\n<p align=\"center\"><strong>&nbsp;<\/strong><\/p>\n<p align=\"center\"><strong>El lunes 22 realizar&aacute;n visita al Aeropuerto Internacional Jorge Ch&aacute;vez<\/strong><\/p>\n<p align=\"justify\">&nbsp;<\/p>\n<div align=\"justify\">El presidente tambi&eacute;n anunci&oacute;, para el pr&oacute;ximo lunes 22, una visita al Aeropuerto Internacional Jorge Ch&aacute;vez a fin de verificar el estado de su infraestructura y las medidas adoptadas para mejorar el servicio al usuario.<\/div>\n<p>&nbsp;<\/p>\n","protected":false},"excerpt":{"rendered":"<p>&nbsp; La Comisi&oacute;n de Defensa del Consumidor y Organismos Reguladores de los Servicios P&uacute;blicos, que preside el congresista W&iacute;lder Ruiz Silva (AN), aprob&oacute; hoy, a iniciativa del congresista Yonhy Lescano Ancieta (AP), invitar a su sesi&oacute;n de la pr&oacute;xima semana a representantes del Ministerio de Transportes y Comunicaciones, Organismo Supervisor de Inversi&oacute;n Privada en Telecomunicaciones [&hellip;]<\/p>\n","protected":false},"author":1,"featured_media":0,"comment_status":"open","ping_status":"open","sticky":false,"template":"","format":"standard","meta":{"tdm_status":"","tdm_grid_status":"","footnotes":""},"categories":[30],"tags":[],"class_list":{"0":"post-527","1":"post","2":"type-post","3":"status-publish","4":"format-standard","6":"category-30"},"yoast_head":"<!-- This site is optimized with the Yoast SEO plugin v25.1 - https:\/\/yoast.com\/wordpress\/plugins\/seo\/ -->\n<title>OSIPTEL, MTC, INDECOPI Y TELEF<\/title>\n<meta name=\"description\" content=\"Portal de noticias del Per\u00fa sobre el transporte a\u00e9reo, aviaci\u00f3n, turismo, hoteleria, actualidad.\" \/>\n<meta name=\"robots\" content=\"index, follow, max-snippet:-1, max-image-preview:large, max-video-preview:-1\" \/>\n<link rel=\"canonical\" href=\"https:\/\/aeronoticias.com.pe\/noticiero\/ultimas\/1\/osiptel-mtc-indecopi-y-telefica-ante-parlamento-por-incremento-de-tarifas\/\" \/>\n<meta property=\"og:locale\" content=\"es_ES\" \/>\n<meta property=\"og:type\" content=\"article\" \/>\n<meta property=\"og:title\" content=\"OSIPTEL, MTC, INDECOPI Y TELEF\" \/>\n<meta property=\"og:description\" content=\"Portal de noticias del Per\u00fa sobre el transporte a\u00e9reo, aviaci\u00f3n, turismo, hoteleria, actualidad.\" \/>\n<meta property=\"og:url\" content=\"https:\/\/aeronoticias.com.pe\/noticiero\/ultimas\/1\/osiptel-mtc-indecopi-y-telefica-ante-parlamento-por-incremento-de-tarifas\/\" \/>\n<meta property=\"og:site_name\" content=\"Aeronoticias.com.pe\" \/>\n<meta property=\"article:publisher\" content=\"https:\/\/www.facebook.com\/Aeronoticias.com.pe\/\" \/>\n<meta property=\"article:published_time\" content=\"2008-09-16T17:41:50+00:00\" \/>\n<meta name=\"author\" content=\"Redacci\u00f3n Aeronoticias\" \/>\n<meta name=\"twitter:card\" content=\"summary_large_image\" \/>\n<meta name=\"twitter:creator\" content=\"@aeronoticias\" \/>\n<meta name=\"twitter:site\" content=\"@aeronoticias\" \/>\n<meta name=\"twitter:label1\" content=\"Escrito por\" \/>\n\t<meta name=\"twitter:data1\" content=\"Redacci\u00f3n Aeronoticias\" \/>\n\t<meta name=\"twitter:label2\" content=\"Tiempo de lectura\" \/>\n\t<meta name=\"twitter:data2\" content=\"3 minutos\" \/>\n<script type=\"application\/ld+json\" class=\"yoast-schema-graph\">{\"@context\":\"https:\/\/schema.org\",\"@graph\":[{\"@type\":\"WebPage\",\"@id\":\"https:\/\/aeronoticias.com.pe\/noticiero\/ultimas\/1\/osiptel-mtc-indecopi-y-telefica-ante-parlamento-por-incremento-de-tarifas\/\",\"url\":\"https:\/\/aeronoticias.com.pe\/noticiero\/ultimas\/1\/osiptel-mtc-indecopi-y-telefica-ante-parlamento-por-incremento-de-tarifas\/\",\"name\":\"OSIPTEL, MTC, INDECOPI Y TELEF\",\"isPartOf\":{\"@id\":\"https:\/\/aeronoticias.com.pe\/noticiero\/#website\"},\"datePublished\":\"2008-09-16T17:41:50+00:00\",\"author\":{\"@id\":\"https:\/\/aeronoticias.com.pe\/noticiero\/#\/schema\/person\/fc1e5d578f4b62ba1cf7ac2bba1170a0\"},\"description\":\"Portal de noticias del Per\u00fa sobre el transporte a\u00e9reo, aviaci\u00f3n, turismo, hoteleria, actualidad.\",\"breadcrumb\":{\"@id\":\"https:\/\/aeronoticias.com.pe\/noticiero\/ultimas\/1\/osiptel-mtc-indecopi-y-telefica-ante-parlamento-por-incremento-de-tarifas\/#breadcrumb\"},\"inLanguage\":\"es\",\"potentialAction\":[{\"@type\":\"ReadAction\",\"target\":[\"https:\/\/aeronoticias.com.pe\/noticiero\/ultimas\/1\/osiptel-mtc-indecopi-y-telefica-ante-parlamento-por-incremento-de-tarifas\/\"]}]},{\"@type\":\"BreadcrumbList\",\"@id\":\"https:\/\/aeronoticias.com.pe\/noticiero\/ultimas\/1\/osiptel-mtc-indecopi-y-telefica-ante-parlamento-por-incremento-de-tarifas\/#breadcrumb\",\"itemListElement\":[{\"@type\":\"ListItem\",\"position\":1,\"name\":\"Portada\",\"item\":\"https:\/\/aeronoticias.com.pe\/noticiero\/\"},{\"@type\":\"ListItem\",\"position\":2,\"name\":\"OSIPTEL, MTC, INDECOPI Y TELEF\"}]},{\"@type\":\"WebSite\",\"@id\":\"https:\/\/aeronoticias.com.pe\/noticiero\/#website\",\"url\":\"https:\/\/aeronoticias.com.pe\/noticiero\/\",\"name\":\"Aeronoticias.com.pe\",\"description\":\"Noticias de tranporte aereo, turismo, hoteles, gastronomia, actualidad, internacional\",\"potentialAction\":[{\"@type\":\"SearchAction\",\"target\":{\"@type\":\"EntryPoint\",\"urlTemplate\":\"https:\/\/aeronoticias.com.pe\/noticiero\/?s={search_term_string}\"},\"query-input\":{\"@type\":\"PropertyValueSpecification\",\"valueRequired\":true,\"valueName\":\"search_term_string\"}}],\"inLanguage\":\"es\"},{\"@type\":\"Person\",\"@id\":\"https:\/\/aeronoticias.com.pe\/noticiero\/#\/schema\/person\/fc1e5d578f4b62ba1cf7ac2bba1170a0\",\"name\":\"Redacci\u00f3n Aeronoticias\",\"url\":\"https:\/\/aeronoticias.com.pe\/noticiero\/author\/piloto\/\"}]}<\/script>\n<!-- \/ Yoast SEO plugin. -->","yoast_head_json":{"title":"OSIPTEL, MTC, INDECOPI Y TELEF","description":"Portal de noticias del Per\u00fa sobre el transporte a\u00e9reo, aviaci\u00f3n, turismo, hoteleria, actualidad.","robots":{"index":"index","follow":"follow","max-snippet":"max-snippet:-1","max-image-preview":"max-image-preview:large","max-video-preview":"max-video-preview:-1"},"canonical":"https:\/\/aeronoticias.com.pe\/noticiero\/ultimas\/1\/osiptel-mtc-indecopi-y-telefica-ante-parlamento-por-incremento-de-tarifas\/","og_locale":"es_ES","og_type":"article","og_title":"OSIPTEL, MTC, INDECOPI Y TELEF","og_description":"Portal de noticias del Per\u00fa sobre el transporte a\u00e9reo, aviaci\u00f3n, turismo, hoteleria, actualidad.","og_url":"https:\/\/aeronoticias.com.pe\/noticiero\/ultimas\/1\/osiptel-mtc-indecopi-y-telefica-ante-parlamento-por-incremento-de-tarifas\/","og_site_name":"Aeronoticias.com.pe","article_publisher":"https:\/\/www.facebook.com\/Aeronoticias.com.pe\/","article_published_time":"2008-09-16T17:41:50+00:00","author":"Redacci\u00f3n Aeronoticias","twitter_card":"summary_large_image","twitter_creator":"@aeronoticias","twitter_site":"@aeronoticias","twitter_misc":{"Escrito por":"Redacci\u00f3n Aeronoticias","Tiempo de lectura":"3 minutos"},"schema":{"@context":"https:\/\/schema.org","@graph":[{"@type":"WebPage","@id":"https:\/\/aeronoticias.com.pe\/noticiero\/ultimas\/1\/osiptel-mtc-indecopi-y-telefica-ante-parlamento-por-incremento-de-tarifas\/","url":"https:\/\/aeronoticias.com.pe\/noticiero\/ultimas\/1\/osiptel-mtc-indecopi-y-telefica-ante-parlamento-por-incremento-de-tarifas\/","name":"OSIPTEL, MTC, INDECOPI Y TELEF","isPartOf":{"@id":"https:\/\/aeronoticias.com.pe\/noticiero\/#website"},"datePublished":"2008-09-16T17:41:50+00:00","author":{"@id":"https:\/\/aeronoticias.com.pe\/noticiero\/#\/schema\/person\/fc1e5d578f4b62ba1cf7ac2bba1170a0"},"description":"Portal de noticias del Per\u00fa sobre el transporte a\u00e9reo, aviaci\u00f3n, turismo, hoteleria, actualidad.","breadcrumb":{"@id":"https:\/\/aeronoticias.com.pe\/noticiero\/ultimas\/1\/osiptel-mtc-indecopi-y-telefica-ante-parlamento-por-incremento-de-tarifas\/#breadcrumb"},"inLanguage":"es","potentialAction":[{"@type":"ReadAction","target":["https:\/\/aeronoticias.com.pe\/noticiero\/ultimas\/1\/osiptel-mtc-indecopi-y-telefica-ante-parlamento-por-incremento-de-tarifas\/"]}]},{"@type":"BreadcrumbList","@id":"https:\/\/aeronoticias.com.pe\/noticiero\/ultimas\/1\/osiptel-mtc-indecopi-y-telefica-ante-parlamento-por-incremento-de-tarifas\/#breadcrumb","itemListElement":[{"@type":"ListItem","position":1,"name":"Portada","item":"https:\/\/aeronoticias.com.pe\/noticiero\/"},{"@type":"ListItem","position":2,"name":"OSIPTEL, MTC, INDECOPI Y TELEF"}]},{"@type":"WebSite","@id":"https:\/\/aeronoticias.com.pe\/noticiero\/#website","url":"https:\/\/aeronoticias.com.pe\/noticiero\/","name":"Aeronoticias.com.pe","description":"Noticias de tranporte aereo, turismo, hoteles, gastronomia, actualidad, internacional","potentialAction":[{"@type":"SearchAction","target":{"@type":"EntryPoint","urlTemplate":"https:\/\/aeronoticias.com.pe\/noticiero\/?s={search_term_string}"},"query-input":{"@type":"PropertyValueSpecification","valueRequired":true,"valueName":"search_term_string"}}],"inLanguage":"es"},{"@type":"Person","@id":"https:\/\/aeronoticias.com.pe\/noticiero\/#\/schema\/person\/fc1e5d578f4b62ba1cf7ac2bba1170a0","name":"Redacci\u00f3n Aeronoticias","url":"https:\/\/aeronoticias.com.pe\/noticiero\/author\/piloto\/"}]}},"_links":{"self":[{"href":"https:\/\/aeronoticias.com.pe\/noticiero\/wp-json\/wp\/v2\/posts\/527","targetHints":{"allow":["GET"]}}],"collection":[{"href":"https:\/\/aeronoticias.com.pe\/noticiero\/wp-json\/wp\/v2\/posts"}],"about":[{"href":"https:\/\/aeronoticias.com.pe\/noticiero\/wp-json\/wp\/v2\/types\/post"}],"author":[{"embeddable":true,"href":"https:\/\/aeronoticias.com.pe\/noticiero\/wp-json\/wp\/v2\/users\/1"}],"replies":[{"embeddable":true,"href":"https:\/\/aeronoticias.com.pe\/noticiero\/wp-json\/wp\/v2\/comments?post=527"}],"version-history":[{"count":0,"href":"https:\/\/aeronoticias.com.pe\/noticiero\/wp-json\/wp\/v2\/posts\/527\/revisions"}],"wp:attachment":[{"href":"https:\/\/aeronoticias.com.pe\/noticiero\/wp-json\/wp\/v2\/media?parent=527"}],"wp:term":[{"taxonomy":"category","embeddable":true,"href":"https:\/\/aeronoticias.com.pe\/noticiero\/wp-json\/wp\/v2\/categories?post=527"},{"taxonomy":"post_tag","embeddable":true,"href":"https:\/\/aeronoticias.com.pe\/noticiero\/wp-json\/wp\/v2\/tags?post=527"}],"curies":[{"name":"wp","href":"https:\/\/api.w.org\/{rel}","templated":true}]}}