{"id":52823,"date":"2015-06-22T15:22:47","date_gmt":"2015-06-22T15:22:47","guid":{"rendered":"http:\/\/desarrollo.mcvicious.com\/aero2020\/2015\/06\/22\/nicolas-maduro-tiene-una-deuda-millonaria-con-aerolinea-italiana\/"},"modified":"2015-06-22T15:22:47","modified_gmt":"2015-06-22T15:22:47","slug":"nicolas-maduro-tiene-una-deuda-millonaria-con-aerolinea-italiana","status":"publish","type":"post","link":"https:\/\/aeronoticias.com.pe\/noticiero\/internacionales\/nicolas-maduro-tiene-una-deuda-millonaria-con-aerolinea-italiana\/","title":{"rendered":"Nicol\u00e1s Maduro tiene una deuda millonaria con aerol\u00ednea italiana"},"content":{"rendered":"<p style=\"text-align: justify;\"><strong>(Aeronoticias) <\/strong><span style=\"font-size: 12.1599998474121px; line-height: 1.3em;\">Una aerol\u00ednea italiana cancel\u00f3 todos sus vuelos a Venezuela debido a la gran deuda acumulada por el Gobierno de Nicol\u00e1s Maduro, el consejero delegado de la compa\u00f1\u00eda, Silvano Cassano, confirm\u00f3 la noticia, agravando la dif\u00edcil situaci\u00f3n de ese pa\u00eds, con esta medida varios extranjeros y empresarios se ver\u00e1n perjudicados.<\/span><\/p>\n<p style=\"text-align: justify;\"><span style=\"font-size: 12.1599998474121px; line-height: 1.3em;\">El Gobierno Revolucionario Bolivariano de Nicol\u00e1s Maduro est\u00e1 debiendo a la aerol\u00ednea italiana Alitalia 252 mil millones de d\u00f3lares.<\/span><\/p>\n<p style=\"text-align: justify;\"><span style=\"font-size: 12.1599998474121px; line-height: 1.3em;\">\u201cCerramos las conexiones a Caracas hasta que el Gobierno venezolano pague el total de la deuda\u201d, se\u00f1al\u00f3 el encargado de la empresa Silvano Cassano, aunque el mismo dio una soluci\u00f3n para los vuelos hacia Venezuela \u2013Italia y viceversa.<\/span><\/p>\n<p style=\"text-align: justify;\"><span style=\"font-size: 12.1599998474121px; line-height: 1.3em;\">Los pasajeros podr\u00edan hacer un abordaje en Bogot\u00e1 o Santiago de Chile, pero esta medida estar\u00eda por confirmase. La situaci\u00f3n del pa\u00eds llanero sigue empeorando, si antes eran los productos de primera necesidad, las comunicaciones y ahora el transporte, ahora el gobierno venezolano sigue acumulando deudas millonarias y en poco tiempo podr\u00eda declararse en bancarrota.<\/span><\/p>\n<p style=\"text-align: justify;\"><span style=\"font-size: 12.1599998474121px; line-height: 1.3em;\">EL SUBE Y BAJA DE MADURO<\/span><\/p>\n<p style=\"text-align: justify;\"><span style=\"font-size: 12.1599998474121px; line-height: 1.3em;\">Hace tiempo el presidente de Venezuela, Nicol\u00e1s Maduro, record\u00f3 su infancia y se divirti\u00f3 como un ni\u00f1o junto al alcalde del municipio Libertador, Jorge Rodr\u00edguez, en el \u2018sube y baja\u2019 de un parque, cuando entreg\u00f3 el inmueble n\u00famero 700 mil construido por la Gran Misi\u00f3n Vivienda Venezuela. Pero hoy todo se ha detenido y el pa\u00eds va camino a una seria crisis que seg\u00fan los expertos internacionales ya est\u00e1 empezando.<\/span><\/p>\n<p style=\"text-align: justify;\"><strong><em>Fuente: http:\/\/trome.pe\/actualidad\/nicolas-maduro-deuda-aerolinea-italiana-2052945<\/em><\/strong><\/p>\n<p style=\"text-align: justify;\"><strong><em><img decoding=\"async\" src=\"images\/stories\/15\/06\/220615\/maduro1.jpg\" border=\"0\" \/><br \/><\/em><\/strong><\/p>\n<p style=\"text-align: justify;\">\u00a0<\/p>\n","protected":false},"excerpt":{"rendered":"<p>(Aeronoticias) Una aerol\u00ednea italiana cancel\u00f3 todos sus vuelos a Venezuela debido a la gran deuda acumulada por el Gobierno de Nicol\u00e1s Maduro, el consejero delegado de la compa\u00f1\u00eda, Silvano Cassano, confirm\u00f3 la noticia, agravando la dif\u00edcil situaci\u00f3n de ese pa\u00eds, con esta medida varios extranjeros y empresarios se ver\u00e1n perjudicados. El Gobierno Revolucionario Bolivariano de [&hellip;]<\/p>\n","protected":false},"author":1,"featured_media":0,"comment_status":"open","ping_status":"open","sticky":false,"template":"","format":"standard","meta":{"tdm_status":"","tdm_grid_status":"","footnotes":""},"categories":[34],"tags":[],"class_list":{"0":"post-52823","1":"post","2":"type-post","3":"status-publish","4":"format-standard","6":"category-internacionales"},"yoast_head":"<!-- This site is optimized with the Yoast SEO plugin v25.1 - https:\/\/yoast.com\/wordpress\/plugins\/seo\/ -->\n<title>Nicol\u00e1s Maduro tiene una deuda millonaria con aerol\u00ednea italiana<\/title>\n<meta name=\"description\" content=\"Portal de noticias del Per\u00fa sobre el transporte a\u00e9reo, aviaci\u00f3n, turismo, hoteleria, actualidad.\" \/>\n<meta name=\"robots\" content=\"index, follow, max-snippet:-1, max-image-preview:large, max-video-preview:-1\" \/>\n<link rel=\"canonical\" href=\"https:\/\/aeronoticias.com.pe\/noticiero\/internacionales\/nicolas-maduro-tiene-una-deuda-millonaria-con-aerolinea-italiana\/\" \/>\n<meta property=\"og:locale\" content=\"es_ES\" \/>\n<meta property=\"og:type\" content=\"article\" \/>\n<meta property=\"og:title\" content=\"Nicol\u00e1s Maduro tiene una deuda millonaria con aerol\u00ednea italiana\" \/>\n<meta property=\"og:description\" content=\"Portal de noticias del Per\u00fa sobre el transporte a\u00e9reo, aviaci\u00f3n, turismo, hoteleria, actualidad.\" \/>\n<meta property=\"og:url\" content=\"https:\/\/aeronoticias.com.pe\/noticiero\/internacionales\/nicolas-maduro-tiene-una-deuda-millonaria-con-aerolinea-italiana\/\" \/>\n<meta property=\"og:site_name\" content=\"Aeronoticias.com.pe\" \/>\n<meta property=\"article:publisher\" content=\"https:\/\/www.facebook.com\/Aeronoticias.com.pe\/\" \/>\n<meta property=\"article:published_time\" content=\"2015-06-22T15:22:47+00:00\" \/>\n<meta name=\"author\" content=\"Redacci\u00f3n Aeronoticias\" \/>\n<meta name=\"twitter:card\" content=\"summary_large_image\" \/>\n<meta name=\"twitter:creator\" content=\"@aeronoticias\" \/>\n<meta name=\"twitter:site\" content=\"@aeronoticias\" \/>\n<meta name=\"twitter:label1\" content=\"Escrito por\" \/>\n\t<meta name=\"twitter:data1\" content=\"Redacci\u00f3n Aeronoticias\" \/>\n\t<meta name=\"twitter:label2\" content=\"Tiempo de lectura\" \/>\n\t<meta name=\"twitter:data2\" content=\"1 minuto\" \/>\n<script type=\"application\/ld+json\" class=\"yoast-schema-graph\">{\"@context\":\"https:\/\/schema.org\",\"@graph\":[{\"@type\":\"WebPage\",\"@id\":\"https:\/\/aeronoticias.com.pe\/noticiero\/internacionales\/nicolas-maduro-tiene-una-deuda-millonaria-con-aerolinea-italiana\/\",\"url\":\"https:\/\/aeronoticias.com.pe\/noticiero\/internacionales\/nicolas-maduro-tiene-una-deuda-millonaria-con-aerolinea-italiana\/\",\"name\":\"Nicol\u00e1s Maduro tiene una deuda millonaria con aerol\u00ednea italiana\",\"isPartOf\":{\"@id\":\"https:\/\/aeronoticias.com.pe\/noticiero\/#website\"},\"datePublished\":\"2015-06-22T15:22:47+00:00\",\"author\":{\"@id\":\"https:\/\/aeronoticias.com.pe\/noticiero\/#\/schema\/person\/fc1e5d578f4b62ba1cf7ac2bba1170a0\"},\"description\":\"Portal de noticias del Per\u00fa sobre el transporte a\u00e9reo, aviaci\u00f3n, turismo, hoteleria, actualidad.\",\"breadcrumb\":{\"@id\":\"https:\/\/aeronoticias.com.pe\/noticiero\/internacionales\/nicolas-maduro-tiene-una-deuda-millonaria-con-aerolinea-italiana\/#breadcrumb\"},\"inLanguage\":\"es\",\"potentialAction\":[{\"@type\":\"ReadAction\",\"target\":[\"https:\/\/aeronoticias.com.pe\/noticiero\/internacionales\/nicolas-maduro-tiene-una-deuda-millonaria-con-aerolinea-italiana\/\"]}]},{\"@type\":\"BreadcrumbList\",\"@id\":\"https:\/\/aeronoticias.com.pe\/noticiero\/internacionales\/nicolas-maduro-tiene-una-deuda-millonaria-con-aerolinea-italiana\/#breadcrumb\",\"itemListElement\":[{\"@type\":\"ListItem\",\"position\":1,\"name\":\"Portada\",\"item\":\"https:\/\/aeronoticias.com.pe\/noticiero\/\"},{\"@type\":\"ListItem\",\"position\":2,\"name\":\"Nicol\u00e1s Maduro tiene una deuda millonaria con aerol\u00ednea italiana\"}]},{\"@type\":\"WebSite\",\"@id\":\"https:\/\/aeronoticias.com.pe\/noticiero\/#website\",\"url\":\"https:\/\/aeronoticias.com.pe\/noticiero\/\",\"name\":\"Aeronoticias.com.pe\",\"description\":\"Noticias de tranporte aereo, turismo, hoteles, gastronomia, actualidad, internacional\",\"potentialAction\":[{\"@type\":\"SearchAction\",\"target\":{\"@type\":\"EntryPoint\",\"urlTemplate\":\"https:\/\/aeronoticias.com.pe\/noticiero\/?s={search_term_string}\"},\"query-input\":{\"@type\":\"PropertyValueSpecification\",\"valueRequired\":true,\"valueName\":\"search_term_string\"}}],\"inLanguage\":\"es\"},{\"@type\":\"Person\",\"@id\":\"https:\/\/aeronoticias.com.pe\/noticiero\/#\/schema\/person\/fc1e5d578f4b62ba1cf7ac2bba1170a0\",\"name\":\"Redacci\u00f3n Aeronoticias\",\"url\":\"https:\/\/aeronoticias.com.pe\/noticiero\/author\/piloto\/\"}]}<\/script>\n<!-- \/ Yoast SEO plugin. -->","yoast_head_json":{"title":"Nicol\u00e1s Maduro tiene una deuda millonaria con aerol\u00ednea italiana","description":"Portal de noticias del Per\u00fa sobre el transporte a\u00e9reo, aviaci\u00f3n, turismo, hoteleria, actualidad.","robots":{"index":"index","follow":"follow","max-snippet":"max-snippet:-1","max-image-preview":"max-image-preview:large","max-video-preview":"max-video-preview:-1"},"canonical":"https:\/\/aeronoticias.com.pe\/noticiero\/internacionales\/nicolas-maduro-tiene-una-deuda-millonaria-con-aerolinea-italiana\/","og_locale":"es_ES","og_type":"article","og_title":"Nicol\u00e1s Maduro tiene una deuda millonaria con aerol\u00ednea italiana","og_description":"Portal de noticias del Per\u00fa sobre el transporte a\u00e9reo, aviaci\u00f3n, turismo, hoteleria, actualidad.","og_url":"https:\/\/aeronoticias.com.pe\/noticiero\/internacionales\/nicolas-maduro-tiene-una-deuda-millonaria-con-aerolinea-italiana\/","og_site_name":"Aeronoticias.com.pe","article_publisher":"https:\/\/www.facebook.com\/Aeronoticias.com.pe\/","article_published_time":"2015-06-22T15:22:47+00:00","author":"Redacci\u00f3n Aeronoticias","twitter_card":"summary_large_image","twitter_creator":"@aeronoticias","twitter_site":"@aeronoticias","twitter_misc":{"Escrito por":"Redacci\u00f3n Aeronoticias","Tiempo de lectura":"1 minuto"},"schema":{"@context":"https:\/\/schema.org","@graph":[{"@type":"WebPage","@id":"https:\/\/aeronoticias.com.pe\/noticiero\/internacionales\/nicolas-maduro-tiene-una-deuda-millonaria-con-aerolinea-italiana\/","url":"https:\/\/aeronoticias.com.pe\/noticiero\/internacionales\/nicolas-maduro-tiene-una-deuda-millonaria-con-aerolinea-italiana\/","name":"Nicol\u00e1s Maduro tiene una deuda millonaria con aerol\u00ednea italiana","isPartOf":{"@id":"https:\/\/aeronoticias.com.pe\/noticiero\/#website"},"datePublished":"2015-06-22T15:22:47+00:00","author":{"@id":"https:\/\/aeronoticias.com.pe\/noticiero\/#\/schema\/person\/fc1e5d578f4b62ba1cf7ac2bba1170a0"},"description":"Portal de noticias del Per\u00fa sobre el transporte a\u00e9reo, aviaci\u00f3n, turismo, hoteleria, actualidad.","breadcrumb":{"@id":"https:\/\/aeronoticias.com.pe\/noticiero\/internacionales\/nicolas-maduro-tiene-una-deuda-millonaria-con-aerolinea-italiana\/#breadcrumb"},"inLanguage":"es","potentialAction":[{"@type":"ReadAction","target":["https:\/\/aeronoticias.com.pe\/noticiero\/internacionales\/nicolas-maduro-tiene-una-deuda-millonaria-con-aerolinea-italiana\/"]}]},{"@type":"BreadcrumbList","@id":"https:\/\/aeronoticias.com.pe\/noticiero\/internacionales\/nicolas-maduro-tiene-una-deuda-millonaria-con-aerolinea-italiana\/#breadcrumb","itemListElement":[{"@type":"ListItem","position":1,"name":"Portada","item":"https:\/\/aeronoticias.com.pe\/noticiero\/"},{"@type":"ListItem","position":2,"name":"Nicol\u00e1s Maduro tiene una deuda millonaria con aerol\u00ednea italiana"}]},{"@type":"WebSite","@id":"https:\/\/aeronoticias.com.pe\/noticiero\/#website","url":"https:\/\/aeronoticias.com.pe\/noticiero\/","name":"Aeronoticias.com.pe","description":"Noticias de tranporte aereo, turismo, hoteles, gastronomia, actualidad, internacional","potentialAction":[{"@type":"SearchAction","target":{"@type":"EntryPoint","urlTemplate":"https:\/\/aeronoticias.com.pe\/noticiero\/?s={search_term_string}"},"query-input":{"@type":"PropertyValueSpecification","valueRequired":true,"valueName":"search_term_string"}}],"inLanguage":"es"},{"@type":"Person","@id":"https:\/\/aeronoticias.com.pe\/noticiero\/#\/schema\/person\/fc1e5d578f4b62ba1cf7ac2bba1170a0","name":"Redacci\u00f3n Aeronoticias","url":"https:\/\/aeronoticias.com.pe\/noticiero\/author\/piloto\/"}]}},"_links":{"self":[{"href":"https:\/\/aeronoticias.com.pe\/noticiero\/wp-json\/wp\/v2\/posts\/52823","targetHints":{"allow":["GET"]}}],"collection":[{"href":"https:\/\/aeronoticias.com.pe\/noticiero\/wp-json\/wp\/v2\/posts"}],"about":[{"href":"https:\/\/aeronoticias.com.pe\/noticiero\/wp-json\/wp\/v2\/types\/post"}],"author":[{"embeddable":true,"href":"https:\/\/aeronoticias.com.pe\/noticiero\/wp-json\/wp\/v2\/users\/1"}],"replies":[{"embeddable":true,"href":"https:\/\/aeronoticias.com.pe\/noticiero\/wp-json\/wp\/v2\/comments?post=52823"}],"version-history":[{"count":0,"href":"https:\/\/aeronoticias.com.pe\/noticiero\/wp-json\/wp\/v2\/posts\/52823\/revisions"}],"wp:attachment":[{"href":"https:\/\/aeronoticias.com.pe\/noticiero\/wp-json\/wp\/v2\/media?parent=52823"}],"wp:term":[{"taxonomy":"category","embeddable":true,"href":"https:\/\/aeronoticias.com.pe\/noticiero\/wp-json\/wp\/v2\/categories?post=52823"},{"taxonomy":"post_tag","embeddable":true,"href":"https:\/\/aeronoticias.com.pe\/noticiero\/wp-json\/wp\/v2\/tags?post=52823"}],"curies":[{"name":"wp","href":"https:\/\/api.w.org\/{rel}","templated":true}]}}