{"id":52824,"date":"2015-06-22T15:24:50","date_gmt":"2015-06-22T15:24:50","guid":{"rendered":"http:\/\/desarrollo.mcvicious.com\/aero2020\/2015\/06\/22\/entrevista-a-la-embajadora-de-filipinas-en-argentina-maria-amelita-aquino\/"},"modified":"2020-09-11T15:22:34","modified_gmt":"2020-09-11T15:22:34","slug":"entrevista-a-la-embajadora-de-filipinas-en-argentina-maria-amelita-aquino","status":"publish","type":"post","link":"https:\/\/aeronoticias.com.pe\/noticiero\/diplomatica\/entrevista-a-la-embajadora-de-filipinas-en-argentina-maria-amelita-aquino\/","title":{"rendered":"Entrevista a la Embajadora de Filipinas en Argentina Mar\u00eda Amelita Aquino"},"content":{"rendered":"<p style=\"text-align: justify;\"><strong>(Aeronoticias)<\/strong> Juan Cruz Casti\u00f1eiras, nuestro corresponsal en Argentina, entrevist\u00f3 a la Embajadora de Filipinas en Argentina Mar\u00eda Amelita Aquino.<\/p>\n<p style=\"text-align: justify;\">\u00bfQu\u00e9 nos puede decir de su pa\u00eds y de los atractivos tur\u00edsticos que ofrece?<\/p>\n<p style=\"text-align: justify;\"><span style=\"font-size: 12.1599998474121px; line-height: 1.3em;\">Filipinas es un pa\u00eds que, geograficamente, es un archipi\u00e9lago de 7.107 islas, tenemos playas que son muy visitadas por los extranjeros. Nuestra gente hace que los turistas se sientan muy c\u00f3modos. Nuestro lema es: \u00a0\u00abEs m\u00e1s divertido en Filipinas\u00bb debido a la hospitalidad de su gente.Los argentinos y los hermanos de Latinoam\u00e9rica se van a sentir como en su casa en nuestro pa\u00eds, van a ver cosas que le ser\u00e1n familiares como las iglesias coloniales.<\/span><\/p>\n<p style=\"text-align: justify;\"><span style=\"font-size: 12.1599998474121px; line-height: 1.3em;\">\u00bfC\u00f3mo est\u00e1 trabajando la diplomacia filipina para poder tener mejor relaci\u00f3n pol\u00edtica y comercial con Am\u00e9rica Latina?<\/span><\/p>\n<p style=\"text-align: justify;\"><span style=\"font-size: 12.1599998474121px; line-height: 1.3em;\">Estamos trabajando para mejorar las relaciones, nuestron comercio es mu modesto, apenas un 1% es con Am\u00e9rica Latina. Estamos haciendo un esfuerzo para que los empresarios conozcan nuestro pa\u00eds, queremos aprovechar de las experiencias de los argentinos que estuvieron en Filipinas para que ellos mismos difundan a sus compatriotas nuestro pa\u00eds. En cuanto a Latinoam\u00e9rica en general estamos haciendo un trabajo para que conozcan las oportunidades que brinda Filipinas que a pesar de estar muy lejos es m\u00e1s f\u00e1cil hacer negocios con Filipinas. somos un pa\u00eds con buen desempe\u00f1o econ\u00f3mico, hemos crecido 6,1 % el a\u00f1o pasado, en 2013 crecimos 7.2%. A pesar que el \u00edndice disminuy\u00f3 en 2014 quedamos como el segundo pa\u00eds con m\u00e1s crecimiento en Asia.<\/span><\/p>\n<p style=\"text-align: justify;\"><span style=\"font-size: 12.1599998474121px; line-height: 1.3em;\">\u00bfQu\u00e9 nos puede decir del gobierno del Presidente Aquino?<\/span><\/p>\n<p style=\"text-align: justify;\"><span style=\"font-size: 12.1599998474121px; line-height: 1.3em;\">El Presidente Aquino ha hecho un buen trabajo para lograr un crecimiento econ\u00f3mico, pero \u00e9l quiere que ese crecimiento sea inclusivo, que se sienta entre los m\u00e1s necesitados. Parte de este crecimiento se debe a la intensa campa\u00f1a anticorrupci\u00f3n, por el buen gobierno, \u00abBuen gobierno es buena econom\u00eda\u00bb. Esa campa\u00f1a sirve para los extranjeros e inversores para que tengan m\u00e1s confianza hacia Filipinas.<\/span><\/p>\n<p style=\"text-align: justify;\">Seg\u00fan los ranking internacionales Filipinas es un buen pa\u00eds para invertir, estamos haciendo reformas para no vernos afectados por las alzas y bajas de la econom\u00eda mundial. Desde las embajadas queremos fomentar m\u00e1s comercio e inversiones para que haya m\u00e1s trabajo.<\/p>\n<p style=\"text-align: justify;\"><span style=\"font-size: 12.1599998474121px; line-height: 1.3em;\">\u00bfTiene pensado el Presidente Aquino hacer una gira por Latinoam\u00e9rica para buscar capitales y posicionar a\u00fan m\u00e1s su pa\u00eds en la regi\u00f3n?<\/span><\/p>\n<p style=\"text-align: justify;\"><span style=\"font-size: 12.1599998474121px; line-height: 1.3em;\">Por ahora no hay nada programado. Pero no se descarta hacer otro tipos de visitas bilaterales.<\/span><\/p>\n<p style=\"text-align: justify;\"><span style=\"font-size: 12.1599998474121px; line-height: 1.3em;\">Entonces se puede decir que Filipinas por su estabilidad pol\u00edtica y garant\u00eda jur\u00eddica es un pa\u00eds atractivo para las inversiones<\/span><\/p>\n<p style=\"text-align: justify;\"><span style=\"font-size: 12.1599998474121px; line-height: 1.3em;\">Asi es. Hay muchas facilidades para los inversores si bien somos de Asia tenemos gran familiaridad con Am\u00e9rica Latina.<\/span><\/p>\n<p style=\"text-align: justify;\"><span style=\"font-size: 12.1599998474121px; line-height: 1.3em;\"><img decoding=\"async\" src=\"images\/stories\/15\/06\/220615\/embafilipinas.jpg\" border=\"0\" \/><br \/><\/span><\/p>\n","protected":false},"excerpt":{"rendered":"<p>(Aeronoticias) Juan Cruz Casti\u00f1eiras, nuestro corresponsal en Argentina, entrevist\u00f3 a la Embajadora de Filipinas en Argentina Mar\u00eda Amelita Aquino. \u00bfQu\u00e9 nos puede decir de su pa\u00eds y de los atractivos tur\u00edsticos que ofrece? Filipinas es un pa\u00eds que, geograficamente, es un archipi\u00e9lago de 7.107 islas, tenemos playas que son muy visitadas por los extranjeros. Nuestra [&hellip;]<\/p>\n","protected":false},"author":1,"featured_media":0,"comment_status":"open","ping_status":"open","sticky":false,"template":"","format":"standard","meta":{"tdm_status":"","tdm_grid_status":"","footnotes":""},"categories":[25],"tags":[],"class_list":{"0":"post-52824","1":"post","2":"type-post","3":"status-publish","4":"format-standard","6":"category-diplomatica"},"yoast_head":"<!-- This site is optimized with the Yoast SEO plugin v25.1 - https:\/\/yoast.com\/wordpress\/plugins\/seo\/ -->\n<title>Entrevista a la Embajadora de Filipinas en Argentina Mar\u00eda Amelita Aquino<\/title>\n<meta name=\"description\" content=\"Portal de noticias del Per\u00fa sobre el transporte a\u00e9reo, aviaci\u00f3n, turismo, hoteleria, actualidad.\" \/>\n<meta name=\"robots\" content=\"index, follow, max-snippet:-1, max-image-preview:large, max-video-preview:-1\" \/>\n<link rel=\"canonical\" href=\"https:\/\/aeronoticias.com.pe\/noticiero\/diplomatica\/entrevista-a-la-embajadora-de-filipinas-en-argentina-maria-amelita-aquino\/\" \/>\n<meta property=\"og:locale\" content=\"es_ES\" \/>\n<meta property=\"og:type\" content=\"article\" \/>\n<meta property=\"og:title\" content=\"Entrevista a la Embajadora de Filipinas en Argentina Mar\u00eda Amelita Aquino\" \/>\n<meta property=\"og:description\" content=\"Portal de noticias del Per\u00fa sobre el transporte a\u00e9reo, aviaci\u00f3n, turismo, hoteleria, actualidad.\" \/>\n<meta property=\"og:url\" content=\"https:\/\/aeronoticias.com.pe\/noticiero\/diplomatica\/entrevista-a-la-embajadora-de-filipinas-en-argentina-maria-amelita-aquino\/\" \/>\n<meta property=\"og:site_name\" content=\"Aeronoticias.com.pe\" \/>\n<meta property=\"article:publisher\" content=\"https:\/\/www.facebook.com\/Aeronoticias.com.pe\/\" \/>\n<meta property=\"article:published_time\" content=\"2015-06-22T15:24:50+00:00\" \/>\n<meta property=\"article:modified_time\" content=\"2020-09-11T15:22:34+00:00\" \/>\n<meta name=\"author\" content=\"Redacci\u00f3n Aeronoticias\" \/>\n<meta name=\"twitter:card\" content=\"summary_large_image\" \/>\n<meta name=\"twitter:creator\" content=\"@aeronoticias\" \/>\n<meta name=\"twitter:site\" content=\"@aeronoticias\" \/>\n<meta name=\"twitter:label1\" content=\"Escrito por\" \/>\n\t<meta name=\"twitter:data1\" content=\"Redacci\u00f3n Aeronoticias\" \/>\n\t<meta name=\"twitter:label2\" content=\"Tiempo de lectura\" \/>\n\t<meta name=\"twitter:data2\" content=\"2 minutos\" \/>\n<script type=\"application\/ld+json\" class=\"yoast-schema-graph\">{\"@context\":\"https:\/\/schema.org\",\"@graph\":[{\"@type\":\"WebPage\",\"@id\":\"https:\/\/aeronoticias.com.pe\/noticiero\/diplomatica\/entrevista-a-la-embajadora-de-filipinas-en-argentina-maria-amelita-aquino\/\",\"url\":\"https:\/\/aeronoticias.com.pe\/noticiero\/diplomatica\/entrevista-a-la-embajadora-de-filipinas-en-argentina-maria-amelita-aquino\/\",\"name\":\"Entrevista a la Embajadora de Filipinas en Argentina Mar\u00eda Amelita Aquino\",\"isPartOf\":{\"@id\":\"https:\/\/aeronoticias.com.pe\/noticiero\/#website\"},\"datePublished\":\"2015-06-22T15:24:50+00:00\",\"dateModified\":\"2020-09-11T15:22:34+00:00\",\"author\":{\"@id\":\"https:\/\/aeronoticias.com.pe\/noticiero\/#\/schema\/person\/fc1e5d578f4b62ba1cf7ac2bba1170a0\"},\"description\":\"Portal de noticias del Per\u00fa sobre el transporte a\u00e9reo, aviaci\u00f3n, turismo, hoteleria, actualidad.\",\"breadcrumb\":{\"@id\":\"https:\/\/aeronoticias.com.pe\/noticiero\/diplomatica\/entrevista-a-la-embajadora-de-filipinas-en-argentina-maria-amelita-aquino\/#breadcrumb\"},\"inLanguage\":\"es\",\"potentialAction\":[{\"@type\":\"ReadAction\",\"target\":[\"https:\/\/aeronoticias.com.pe\/noticiero\/diplomatica\/entrevista-a-la-embajadora-de-filipinas-en-argentina-maria-amelita-aquino\/\"]}]},{\"@type\":\"BreadcrumbList\",\"@id\":\"https:\/\/aeronoticias.com.pe\/noticiero\/diplomatica\/entrevista-a-la-embajadora-de-filipinas-en-argentina-maria-amelita-aquino\/#breadcrumb\",\"itemListElement\":[{\"@type\":\"ListItem\",\"position\":1,\"name\":\"Portada\",\"item\":\"https:\/\/aeronoticias.com.pe\/noticiero\/\"},{\"@type\":\"ListItem\",\"position\":2,\"name\":\"Entrevista a la Embajadora de Filipinas en Argentina Mar\u00eda Amelita Aquino\"}]},{\"@type\":\"WebSite\",\"@id\":\"https:\/\/aeronoticias.com.pe\/noticiero\/#website\",\"url\":\"https:\/\/aeronoticias.com.pe\/noticiero\/\",\"name\":\"Aeronoticias.com.pe\",\"description\":\"Noticias de tranporte aereo, turismo, hoteles, gastronomia, actualidad, internacional\",\"potentialAction\":[{\"@type\":\"SearchAction\",\"target\":{\"@type\":\"EntryPoint\",\"urlTemplate\":\"https:\/\/aeronoticias.com.pe\/noticiero\/?s={search_term_string}\"},\"query-input\":{\"@type\":\"PropertyValueSpecification\",\"valueRequired\":true,\"valueName\":\"search_term_string\"}}],\"inLanguage\":\"es\"},{\"@type\":\"Person\",\"@id\":\"https:\/\/aeronoticias.com.pe\/noticiero\/#\/schema\/person\/fc1e5d578f4b62ba1cf7ac2bba1170a0\",\"name\":\"Redacci\u00f3n Aeronoticias\",\"url\":\"https:\/\/aeronoticias.com.pe\/noticiero\/author\/piloto\/\"}]}<\/script>\n<!-- \/ Yoast SEO plugin. -->","yoast_head_json":{"title":"Entrevista a la Embajadora de Filipinas en Argentina Mar\u00eda Amelita Aquino","description":"Portal de noticias del Per\u00fa sobre el transporte a\u00e9reo, aviaci\u00f3n, turismo, hoteleria, actualidad.","robots":{"index":"index","follow":"follow","max-snippet":"max-snippet:-1","max-image-preview":"max-image-preview:large","max-video-preview":"max-video-preview:-1"},"canonical":"https:\/\/aeronoticias.com.pe\/noticiero\/diplomatica\/entrevista-a-la-embajadora-de-filipinas-en-argentina-maria-amelita-aquino\/","og_locale":"es_ES","og_type":"article","og_title":"Entrevista a la Embajadora de Filipinas en Argentina Mar\u00eda Amelita Aquino","og_description":"Portal de noticias del Per\u00fa sobre el transporte a\u00e9reo, aviaci\u00f3n, turismo, hoteleria, actualidad.","og_url":"https:\/\/aeronoticias.com.pe\/noticiero\/diplomatica\/entrevista-a-la-embajadora-de-filipinas-en-argentina-maria-amelita-aquino\/","og_site_name":"Aeronoticias.com.pe","article_publisher":"https:\/\/www.facebook.com\/Aeronoticias.com.pe\/","article_published_time":"2015-06-22T15:24:50+00:00","article_modified_time":"2020-09-11T15:22:34+00:00","author":"Redacci\u00f3n Aeronoticias","twitter_card":"summary_large_image","twitter_creator":"@aeronoticias","twitter_site":"@aeronoticias","twitter_misc":{"Escrito por":"Redacci\u00f3n Aeronoticias","Tiempo de lectura":"2 minutos"},"schema":{"@context":"https:\/\/schema.org","@graph":[{"@type":"WebPage","@id":"https:\/\/aeronoticias.com.pe\/noticiero\/diplomatica\/entrevista-a-la-embajadora-de-filipinas-en-argentina-maria-amelita-aquino\/","url":"https:\/\/aeronoticias.com.pe\/noticiero\/diplomatica\/entrevista-a-la-embajadora-de-filipinas-en-argentina-maria-amelita-aquino\/","name":"Entrevista a la Embajadora de Filipinas en Argentina Mar\u00eda Amelita Aquino","isPartOf":{"@id":"https:\/\/aeronoticias.com.pe\/noticiero\/#website"},"datePublished":"2015-06-22T15:24:50+00:00","dateModified":"2020-09-11T15:22:34+00:00","author":{"@id":"https:\/\/aeronoticias.com.pe\/noticiero\/#\/schema\/person\/fc1e5d578f4b62ba1cf7ac2bba1170a0"},"description":"Portal de noticias del Per\u00fa sobre el transporte a\u00e9reo, aviaci\u00f3n, turismo, hoteleria, actualidad.","breadcrumb":{"@id":"https:\/\/aeronoticias.com.pe\/noticiero\/diplomatica\/entrevista-a-la-embajadora-de-filipinas-en-argentina-maria-amelita-aquino\/#breadcrumb"},"inLanguage":"es","potentialAction":[{"@type":"ReadAction","target":["https:\/\/aeronoticias.com.pe\/noticiero\/diplomatica\/entrevista-a-la-embajadora-de-filipinas-en-argentina-maria-amelita-aquino\/"]}]},{"@type":"BreadcrumbList","@id":"https:\/\/aeronoticias.com.pe\/noticiero\/diplomatica\/entrevista-a-la-embajadora-de-filipinas-en-argentina-maria-amelita-aquino\/#breadcrumb","itemListElement":[{"@type":"ListItem","position":1,"name":"Portada","item":"https:\/\/aeronoticias.com.pe\/noticiero\/"},{"@type":"ListItem","position":2,"name":"Entrevista a la Embajadora de Filipinas en Argentina Mar\u00eda Amelita Aquino"}]},{"@type":"WebSite","@id":"https:\/\/aeronoticias.com.pe\/noticiero\/#website","url":"https:\/\/aeronoticias.com.pe\/noticiero\/","name":"Aeronoticias.com.pe","description":"Noticias de tranporte aereo, turismo, hoteles, gastronomia, actualidad, internacional","potentialAction":[{"@type":"SearchAction","target":{"@type":"EntryPoint","urlTemplate":"https:\/\/aeronoticias.com.pe\/noticiero\/?s={search_term_string}"},"query-input":{"@type":"PropertyValueSpecification","valueRequired":true,"valueName":"search_term_string"}}],"inLanguage":"es"},{"@type":"Person","@id":"https:\/\/aeronoticias.com.pe\/noticiero\/#\/schema\/person\/fc1e5d578f4b62ba1cf7ac2bba1170a0","name":"Redacci\u00f3n Aeronoticias","url":"https:\/\/aeronoticias.com.pe\/noticiero\/author\/piloto\/"}]}},"_links":{"self":[{"href":"https:\/\/aeronoticias.com.pe\/noticiero\/wp-json\/wp\/v2\/posts\/52824","targetHints":{"allow":["GET"]}}],"collection":[{"href":"https:\/\/aeronoticias.com.pe\/noticiero\/wp-json\/wp\/v2\/posts"}],"about":[{"href":"https:\/\/aeronoticias.com.pe\/noticiero\/wp-json\/wp\/v2\/types\/post"}],"author":[{"embeddable":true,"href":"https:\/\/aeronoticias.com.pe\/noticiero\/wp-json\/wp\/v2\/users\/1"}],"replies":[{"embeddable":true,"href":"https:\/\/aeronoticias.com.pe\/noticiero\/wp-json\/wp\/v2\/comments?post=52824"}],"version-history":[{"count":0,"href":"https:\/\/aeronoticias.com.pe\/noticiero\/wp-json\/wp\/v2\/posts\/52824\/revisions"}],"wp:attachment":[{"href":"https:\/\/aeronoticias.com.pe\/noticiero\/wp-json\/wp\/v2\/media?parent=52824"}],"wp:term":[{"taxonomy":"category","embeddable":true,"href":"https:\/\/aeronoticias.com.pe\/noticiero\/wp-json\/wp\/v2\/categories?post=52824"},{"taxonomy":"post_tag","embeddable":true,"href":"https:\/\/aeronoticias.com.pe\/noticiero\/wp-json\/wp\/v2\/tags?post=52824"}],"curies":[{"name":"wp","href":"https:\/\/api.w.org\/{rel}","templated":true}]}}