{"id":52825,"date":"2015-06-22T15:30:17","date_gmt":"2015-06-22T15:30:17","guid":{"rendered":"http:\/\/desarrollo.mcvicious.com\/aero2020\/2015\/06\/22\/aeroflot-mejor-aerolinea-de-europa-del-este-segun-skytrax\/"},"modified":"2015-06-22T15:30:17","modified_gmt":"2015-06-22T15:30:17","slug":"aeroflot-mejor-aerolinea-de-europa-del-este-segun-skytrax","status":"publish","type":"post","link":"https:\/\/aeronoticias.com.pe\/noticiero\/transporte-aereo\/internacional\/aeroflot-mejor-aerolinea-de-europa-del-este-segun-skytrax\/","title":{"rendered":"Aeroflot, mejor aerol\u00ednea de Europa del Este, seg\u00fan Skytrax"},"content":{"rendered":"<p style=\"text-align: justify;\"><strong>(Aeronoticias) <\/strong><span style=\"font-size: 12.1599998474121px; line-height: 1.3em;\">Aeroflot ha sido designada, por cuarta vez, como la \u2018Mejor Aerol\u00ednea de Europa del Este\u2019 en el marco de los Premios Skytrax World Airline, correspondientes a 2015.<\/span><\/p>\n<p style=\"text-align: justify;\"><span style=\"font-size: 12.1599998474121px; line-height: 1.3em;\">Este prestigioso reconocimiento es otorgado anualmente a las mejores aerol\u00edneas del mundo por Skytrax, una firma brit\u00e1nica de renombre en la industria global de aerol\u00edneas por sus calificaciones de servicio al cliente.<\/span><\/p>\n<p style=\"text-align: justify;\"><span style=\"font-size: 12.1599998474121px; line-height: 1.3em;\">La entrega de premios tuvo lugar en el Sal\u00f3n Aeron\u00e1utico de Par\u00eds, en donde la compa\u00f1\u00eda rusa Aeroflot fue nombrada la \u2018Mejor Aerol\u00ednea de Europa del Este\u2019 por tercer a\u00f1o consecutivo y por cuarta vez en su historia, destacando que ninguna otra compa\u00f1\u00eda a\u00e9rea en Europa Central se ha alcanzado nunca tal resultado.<\/span><\/p>\n<p style=\"text-align: justify;\"><span style=\"font-size: 12.1599998474121px; line-height: 1.3em;\">Conocido como los \u00d3scar de la Aviaci\u00f3n, los Premios Skytrax World Airline se han concedido todos los a\u00f1os desde 1999 bas\u00e1ndose en encuestas de satisfacci\u00f3n de pasajeros, las m\u00e1s completas del mundo.<\/span><\/p>\n<p style=\"text-align: justify;\"><span style=\"font-size: 12.1599998474121px; line-height: 1.3em;\">La encuesta cubre m\u00e1s de 160 pa\u00edses e involucra hasta 20 millones de participantes.<\/span><\/p>\n<p style=\"text-align: justify;\"><span style=\"font-size: 12.1599998474121px; line-height: 1.3em;\">M\u00e1s de 240 compa\u00f1\u00edas a\u00e9reas, incluyendo a una docena de Rusia, compitieron en una serie de categor\u00edas.<\/span><\/p>\n<p style=\"text-align: justify;\"><span style=\"font-size: 12.1599998474121px; line-height: 1.3em;\">La victoria de Aeroflot en la regi\u00f3n de Europa del Este confirma su reputaci\u00f3n como una de las mejores l\u00edneas a\u00e9reas en Europa, ya que cuenta con la flota m\u00e1s joven de aviones en el mundo entre las principales compa\u00f1\u00edas a\u00e9reas (entre las flotas de al menos 100 aviones).<\/span><\/p>\n<p style=\"text-align: justify;\"><span style=\"font-size: 12.1599998474121px; line-height: 1.3em;\">\u2018Ganar el premio a la Mejor Aerol\u00ednea de Europa del Este por cuarta vez es trascendental para Aeroflot\u2019, dijo Vitaly Saveliev, consejero delegado de la aerol\u00ednea.<\/span><\/p>\n<p><span style=\"font-size: 12.1599998474121px; line-height: 1.3em;\"><strong><em>Fuente: http:\/\/www.expreso.info\/<\/em><\/strong><\/span><\/p>\n<p><span style=\"font-size: 12.1599998474121px; line-height: 1.3em;\"><strong><em><img decoding=\"async\" src=\"images\/stories\/15\/06\/220615\/aeroflot1.jpg\" border=\"0\" \/><br \/><\/em><\/strong><\/span><\/p>\n","protected":false},"excerpt":{"rendered":"<p>(Aeronoticias) Aeroflot ha sido designada, por cuarta vez, como la \u2018Mejor Aerol\u00ednea de Europa del Este\u2019 en el marco de los Premios Skytrax World Airline, correspondientes a 2015. Este prestigioso reconocimiento es otorgado anualmente a las mejores aerol\u00edneas del mundo por Skytrax, una firma brit\u00e1nica de renombre en la industria global de aerol\u00edneas por sus [&hellip;]<\/p>\n","protected":false},"author":1,"featured_media":0,"comment_status":"open","ping_status":"open","sticky":false,"template":"","format":"standard","meta":{"tdm_status":"","tdm_grid_status":"","footnotes":""},"categories":[32],"tags":[],"class_list":{"0":"post-52825","1":"post","2":"type-post","3":"status-publish","4":"format-standard","6":"category-internacional"},"yoast_head":"<!-- This site is optimized with the Yoast SEO plugin v25.1 - https:\/\/yoast.com\/wordpress\/plugins\/seo\/ -->\n<title>Aeroflot, mejor aerol\u00ednea de Europa del Este, seg\u00fan Skytrax<\/title>\n<meta name=\"description\" content=\"Portal de noticias del Per\u00fa sobre el transporte a\u00e9reo, aviaci\u00f3n, turismo, hoteleria, actualidad.\" \/>\n<meta name=\"robots\" content=\"index, follow, max-snippet:-1, max-image-preview:large, max-video-preview:-1\" \/>\n<link rel=\"canonical\" href=\"https:\/\/aeronoticias.com.pe\/noticiero\/transporte-aereo\/internacional\/aeroflot-mejor-aerolinea-de-europa-del-este-segun-skytrax\/\" \/>\n<meta property=\"og:locale\" content=\"es_ES\" \/>\n<meta property=\"og:type\" content=\"article\" \/>\n<meta property=\"og:title\" content=\"Aeroflot, mejor aerol\u00ednea de Europa del Este, seg\u00fan Skytrax\" \/>\n<meta property=\"og:description\" content=\"Portal de noticias del Per\u00fa sobre el transporte a\u00e9reo, aviaci\u00f3n, turismo, hoteleria, actualidad.\" \/>\n<meta property=\"og:url\" content=\"https:\/\/aeronoticias.com.pe\/noticiero\/transporte-aereo\/internacional\/aeroflot-mejor-aerolinea-de-europa-del-este-segun-skytrax\/\" \/>\n<meta property=\"og:site_name\" content=\"Aeronoticias.com.pe\" \/>\n<meta property=\"article:publisher\" content=\"https:\/\/www.facebook.com\/Aeronoticias.com.pe\/\" \/>\n<meta property=\"article:published_time\" content=\"2015-06-22T15:30:17+00:00\" \/>\n<meta name=\"author\" content=\"Redacci\u00f3n Aeronoticias\" \/>\n<meta name=\"twitter:card\" content=\"summary_large_image\" \/>\n<meta name=\"twitter:creator\" content=\"@aeronoticias\" \/>\n<meta name=\"twitter:site\" content=\"@aeronoticias\" \/>\n<meta name=\"twitter:label1\" content=\"Escrito por\" \/>\n\t<meta name=\"twitter:data1\" content=\"Redacci\u00f3n Aeronoticias\" \/>\n\t<meta name=\"twitter:label2\" content=\"Tiempo de lectura\" \/>\n\t<meta name=\"twitter:data2\" content=\"1 minuto\" \/>\n<script type=\"application\/ld+json\" class=\"yoast-schema-graph\">{\"@context\":\"https:\/\/schema.org\",\"@graph\":[{\"@type\":\"WebPage\",\"@id\":\"https:\/\/aeronoticias.com.pe\/noticiero\/transporte-aereo\/internacional\/aeroflot-mejor-aerolinea-de-europa-del-este-segun-skytrax\/\",\"url\":\"https:\/\/aeronoticias.com.pe\/noticiero\/transporte-aereo\/internacional\/aeroflot-mejor-aerolinea-de-europa-del-este-segun-skytrax\/\",\"name\":\"Aeroflot, mejor aerol\u00ednea de Europa del Este, seg\u00fan Skytrax\",\"isPartOf\":{\"@id\":\"https:\/\/aeronoticias.com.pe\/noticiero\/#website\"},\"datePublished\":\"2015-06-22T15:30:17+00:00\",\"author\":{\"@id\":\"https:\/\/aeronoticias.com.pe\/noticiero\/#\/schema\/person\/fc1e5d578f4b62ba1cf7ac2bba1170a0\"},\"description\":\"Portal de noticias del Per\u00fa sobre el transporte a\u00e9reo, aviaci\u00f3n, turismo, hoteleria, actualidad.\",\"breadcrumb\":{\"@id\":\"https:\/\/aeronoticias.com.pe\/noticiero\/transporte-aereo\/internacional\/aeroflot-mejor-aerolinea-de-europa-del-este-segun-skytrax\/#breadcrumb\"},\"inLanguage\":\"es\",\"potentialAction\":[{\"@type\":\"ReadAction\",\"target\":[\"https:\/\/aeronoticias.com.pe\/noticiero\/transporte-aereo\/internacional\/aeroflot-mejor-aerolinea-de-europa-del-este-segun-skytrax\/\"]}]},{\"@type\":\"BreadcrumbList\",\"@id\":\"https:\/\/aeronoticias.com.pe\/noticiero\/transporte-aereo\/internacional\/aeroflot-mejor-aerolinea-de-europa-del-este-segun-skytrax\/#breadcrumb\",\"itemListElement\":[{\"@type\":\"ListItem\",\"position\":1,\"name\":\"Portada\",\"item\":\"https:\/\/aeronoticias.com.pe\/noticiero\/\"},{\"@type\":\"ListItem\",\"position\":2,\"name\":\"Aeroflot, mejor aerol\u00ednea de Europa del Este, seg\u00fan Skytrax\"}]},{\"@type\":\"WebSite\",\"@id\":\"https:\/\/aeronoticias.com.pe\/noticiero\/#website\",\"url\":\"https:\/\/aeronoticias.com.pe\/noticiero\/\",\"name\":\"Aeronoticias.com.pe\",\"description\":\"Noticias de tranporte aereo, turismo, hoteles, gastronomia, actualidad, internacional\",\"potentialAction\":[{\"@type\":\"SearchAction\",\"target\":{\"@type\":\"EntryPoint\",\"urlTemplate\":\"https:\/\/aeronoticias.com.pe\/noticiero\/?s={search_term_string}\"},\"query-input\":{\"@type\":\"PropertyValueSpecification\",\"valueRequired\":true,\"valueName\":\"search_term_string\"}}],\"inLanguage\":\"es\"},{\"@type\":\"Person\",\"@id\":\"https:\/\/aeronoticias.com.pe\/noticiero\/#\/schema\/person\/fc1e5d578f4b62ba1cf7ac2bba1170a0\",\"name\":\"Redacci\u00f3n Aeronoticias\",\"url\":\"https:\/\/aeronoticias.com.pe\/noticiero\/author\/piloto\/\"}]}<\/script>\n<!-- \/ Yoast SEO plugin. -->","yoast_head_json":{"title":"Aeroflot, mejor aerol\u00ednea de Europa del Este, seg\u00fan Skytrax","description":"Portal de noticias del Per\u00fa sobre el transporte a\u00e9reo, aviaci\u00f3n, turismo, hoteleria, actualidad.","robots":{"index":"index","follow":"follow","max-snippet":"max-snippet:-1","max-image-preview":"max-image-preview:large","max-video-preview":"max-video-preview:-1"},"canonical":"https:\/\/aeronoticias.com.pe\/noticiero\/transporte-aereo\/internacional\/aeroflot-mejor-aerolinea-de-europa-del-este-segun-skytrax\/","og_locale":"es_ES","og_type":"article","og_title":"Aeroflot, mejor aerol\u00ednea de Europa del Este, seg\u00fan Skytrax","og_description":"Portal de noticias del Per\u00fa sobre el transporte a\u00e9reo, aviaci\u00f3n, turismo, hoteleria, actualidad.","og_url":"https:\/\/aeronoticias.com.pe\/noticiero\/transporte-aereo\/internacional\/aeroflot-mejor-aerolinea-de-europa-del-este-segun-skytrax\/","og_site_name":"Aeronoticias.com.pe","article_publisher":"https:\/\/www.facebook.com\/Aeronoticias.com.pe\/","article_published_time":"2015-06-22T15:30:17+00:00","author":"Redacci\u00f3n Aeronoticias","twitter_card":"summary_large_image","twitter_creator":"@aeronoticias","twitter_site":"@aeronoticias","twitter_misc":{"Escrito por":"Redacci\u00f3n Aeronoticias","Tiempo de lectura":"1 minuto"},"schema":{"@context":"https:\/\/schema.org","@graph":[{"@type":"WebPage","@id":"https:\/\/aeronoticias.com.pe\/noticiero\/transporte-aereo\/internacional\/aeroflot-mejor-aerolinea-de-europa-del-este-segun-skytrax\/","url":"https:\/\/aeronoticias.com.pe\/noticiero\/transporte-aereo\/internacional\/aeroflot-mejor-aerolinea-de-europa-del-este-segun-skytrax\/","name":"Aeroflot, mejor aerol\u00ednea de Europa del Este, seg\u00fan Skytrax","isPartOf":{"@id":"https:\/\/aeronoticias.com.pe\/noticiero\/#website"},"datePublished":"2015-06-22T15:30:17+00:00","author":{"@id":"https:\/\/aeronoticias.com.pe\/noticiero\/#\/schema\/person\/fc1e5d578f4b62ba1cf7ac2bba1170a0"},"description":"Portal de noticias del Per\u00fa sobre el transporte a\u00e9reo, aviaci\u00f3n, turismo, hoteleria, actualidad.","breadcrumb":{"@id":"https:\/\/aeronoticias.com.pe\/noticiero\/transporte-aereo\/internacional\/aeroflot-mejor-aerolinea-de-europa-del-este-segun-skytrax\/#breadcrumb"},"inLanguage":"es","potentialAction":[{"@type":"ReadAction","target":["https:\/\/aeronoticias.com.pe\/noticiero\/transporte-aereo\/internacional\/aeroflot-mejor-aerolinea-de-europa-del-este-segun-skytrax\/"]}]},{"@type":"BreadcrumbList","@id":"https:\/\/aeronoticias.com.pe\/noticiero\/transporte-aereo\/internacional\/aeroflot-mejor-aerolinea-de-europa-del-este-segun-skytrax\/#breadcrumb","itemListElement":[{"@type":"ListItem","position":1,"name":"Portada","item":"https:\/\/aeronoticias.com.pe\/noticiero\/"},{"@type":"ListItem","position":2,"name":"Aeroflot, mejor aerol\u00ednea de Europa del Este, seg\u00fan Skytrax"}]},{"@type":"WebSite","@id":"https:\/\/aeronoticias.com.pe\/noticiero\/#website","url":"https:\/\/aeronoticias.com.pe\/noticiero\/","name":"Aeronoticias.com.pe","description":"Noticias de tranporte aereo, turismo, hoteles, gastronomia, actualidad, internacional","potentialAction":[{"@type":"SearchAction","target":{"@type":"EntryPoint","urlTemplate":"https:\/\/aeronoticias.com.pe\/noticiero\/?s={search_term_string}"},"query-input":{"@type":"PropertyValueSpecification","valueRequired":true,"valueName":"search_term_string"}}],"inLanguage":"es"},{"@type":"Person","@id":"https:\/\/aeronoticias.com.pe\/noticiero\/#\/schema\/person\/fc1e5d578f4b62ba1cf7ac2bba1170a0","name":"Redacci\u00f3n Aeronoticias","url":"https:\/\/aeronoticias.com.pe\/noticiero\/author\/piloto\/"}]}},"_links":{"self":[{"href":"https:\/\/aeronoticias.com.pe\/noticiero\/wp-json\/wp\/v2\/posts\/52825","targetHints":{"allow":["GET"]}}],"collection":[{"href":"https:\/\/aeronoticias.com.pe\/noticiero\/wp-json\/wp\/v2\/posts"}],"about":[{"href":"https:\/\/aeronoticias.com.pe\/noticiero\/wp-json\/wp\/v2\/types\/post"}],"author":[{"embeddable":true,"href":"https:\/\/aeronoticias.com.pe\/noticiero\/wp-json\/wp\/v2\/users\/1"}],"replies":[{"embeddable":true,"href":"https:\/\/aeronoticias.com.pe\/noticiero\/wp-json\/wp\/v2\/comments?post=52825"}],"version-history":[{"count":0,"href":"https:\/\/aeronoticias.com.pe\/noticiero\/wp-json\/wp\/v2\/posts\/52825\/revisions"}],"wp:attachment":[{"href":"https:\/\/aeronoticias.com.pe\/noticiero\/wp-json\/wp\/v2\/media?parent=52825"}],"wp:term":[{"taxonomy":"category","embeddable":true,"href":"https:\/\/aeronoticias.com.pe\/noticiero\/wp-json\/wp\/v2\/categories?post=52825"},{"taxonomy":"post_tag","embeddable":true,"href":"https:\/\/aeronoticias.com.pe\/noticiero\/wp-json\/wp\/v2\/tags?post=52825"}],"curies":[{"name":"wp","href":"https:\/\/api.w.org\/{rel}","templated":true}]}}