{"id":52826,"date":"2015-06-22T15:51:26","date_gmt":"2015-06-22T15:51:26","guid":{"rendered":"http:\/\/desarrollo.mcvicious.com\/aero2020\/2015\/06\/22\/hasta-26-millones-de-pasajeros-se-movilizaran-por-aeropuertos-del-sur-este-ano\/"},"modified":"2015-06-22T15:51:26","modified_gmt":"2015-06-22T15:51:26","slug":"hasta-26-millones-de-pasajeros-se-movilizaran-por-aeropuertos-del-sur-este-ano","status":"publish","type":"post","link":"https:\/\/aeronoticias.com.pe\/noticiero\/economia\/hasta-26-millones-de-pasajeros-se-movilizaran-por-aeropuertos-del-sur-este-ano\/","title":{"rendered":"Hasta 2.6 millones de pasajeros se movilizar\u00e1n por aeropuertos del sur este a\u00f1o"},"content":{"rendered":"<p style=\"text-align: justify;\"><strong>(Aeronoticias)<\/strong> <span style=\"font-size: 12.1599998474121px; line-height: 1.3em;\">Los aeropuertos de Arequipa, Juliaca, Tacna, Madre de Dios y Ayacucho movilizar\u00e1n entre 2.5 y 2.6 millones de pasajeros este a\u00f1o, superando as\u00ed los 2.4 millones registrados en el 2014, seg\u00fan estimaciones del concesionario Aeropuertos Andinos del Per\u00fa (AAP).<\/span><\/p>\n<p style=\"text-align: justify;\"><span style=\"font-size: 12.1599998474121px; line-height: 1.3em;\">Al respecto, el director de AAP, Jos\u00e9 Balta, record\u00f3 que ese conjunto de aeropuertos registraba un tr\u00e1fico de 1.2 millones de pasajeros al a\u00f1o desde 1996. Al cierre del 2010 la cifra lleg\u00f3 a 1.6 millones.<\/span><\/p>\n<p style=\"text-align: justify;\"><span style=\"font-size: 12.1599998474121px; line-height: 1.3em;\">\u201cEl crecimiento del tr\u00e1fico de los aeropuertos va un poco de la mano con el crecimiento del pa\u00eds tambi\u00e9n pero nosotros estamos creciendo ligeramente por encima de ese mercado, con tasas de 5% u 8%\u201d, se\u00f1al\u00f3.<\/span><\/p>\n<p style=\"text-align: justify;\"><span style=\"font-size: 12.1599998474121px; line-height: 1.3em;\">Balta adelant\u00f3 que ahora se tiene previsto que el Ministerio de Transportes y Comunicaciones (MTC) apruebe los planes maestros para los terminales que maneja AAP y se definan las obras prioritarias en modernizaci\u00f3n de terminales o mejoramiento de pistas de aterrizaje.<\/span><\/p>\n<p style=\"text-align: justify;\"><span style=\"font-size: 12.1599998474121px; line-height: 1.3em;\">\u201cLa primera parte del contrato (de concesi\u00f3n) que era la inversi\u00f3n del periodo inicial ha sido ya culminada b\u00e1sicamente en su totalidad y se han invertido m\u00e1s de US$ 55 millones en estos aeropuertos\u201d, declar\u00f3 el ejecutivo al diario Gesti\u00f3n.<\/span><\/p>\n<p style=\"text-align: justify;\"><span style=\"font-size: 12.1599998474121px; line-height: 1.3em;\">Agreg\u00f3 que inicialmente los aeropuertos a cargo de AAP ten\u00edan que recibir inversiones por un total US$ 250 millones pero es un monto referencial, ya que podr\u00eda aumentarse por las inversiones que se incluyan en los planes. \u201cNo olvidemos que la concesi\u00f3n es de 25 a\u00f1os y han transcurrido solo cinco de ese per\u00edodo\u201d, concluy\u00f3.<\/span><\/p>\n<p style=\"text-align: justify;\"><strong><em>Fuente: Infotur Per\u00fa<\/em><\/strong><\/p>\n<p style=\"text-align: justify;\"><strong><em><img decoding=\"async\" src=\"images\/stories\/15\/06\/220615\/aarequipa.jpg\" border=\"0\" \/><br \/><\/em><\/strong><\/p>\n","protected":false},"excerpt":{"rendered":"<p>(Aeronoticias) Los aeropuertos de Arequipa, Juliaca, Tacna, Madre de Dios y Ayacucho movilizar\u00e1n entre 2.5 y 2.6 millones de pasajeros este a\u00f1o, superando as\u00ed los 2.4 millones registrados en el 2014, seg\u00fan estimaciones del concesionario Aeropuertos Andinos del Per\u00fa (AAP). Al respecto, el director de AAP, Jos\u00e9 Balta, record\u00f3 que ese conjunto de aeropuertos registraba [&hellip;]<\/p>\n","protected":false},"author":1,"featured_media":0,"comment_status":"open","ping_status":"open","sticky":false,"template":"","format":"standard","meta":{"tdm_status":"","tdm_grid_status":"","footnotes":""},"categories":[33],"tags":[],"class_list":{"0":"post-52826","1":"post","2":"type-post","3":"status-publish","4":"format-standard","6":"category-economia"},"yoast_head":"<!-- This site is optimized with the Yoast SEO plugin v25.1 - https:\/\/yoast.com\/wordpress\/plugins\/seo\/ -->\n<title>Hasta 2.6 millones de pasajeros se movilizar\u00e1n por aeropuertos del sur este a\u00f1o<\/title>\n<meta name=\"description\" content=\"Portal de noticias del Per\u00fa sobre el transporte a\u00e9reo, aviaci\u00f3n, turismo, hoteleria, actualidad.\" \/>\n<meta name=\"robots\" content=\"index, follow, max-snippet:-1, max-image-preview:large, max-video-preview:-1\" \/>\n<link rel=\"canonical\" href=\"https:\/\/aeronoticias.com.pe\/noticiero\/economia\/hasta-26-millones-de-pasajeros-se-movilizaran-por-aeropuertos-del-sur-este-ano\/\" \/>\n<meta property=\"og:locale\" content=\"es_ES\" \/>\n<meta property=\"og:type\" content=\"article\" \/>\n<meta property=\"og:title\" content=\"Hasta 2.6 millones de pasajeros se movilizar\u00e1n por aeropuertos del sur este a\u00f1o\" \/>\n<meta property=\"og:description\" content=\"Portal de noticias del Per\u00fa sobre el transporte a\u00e9reo, aviaci\u00f3n, turismo, hoteleria, actualidad.\" \/>\n<meta property=\"og:url\" content=\"https:\/\/aeronoticias.com.pe\/noticiero\/economia\/hasta-26-millones-de-pasajeros-se-movilizaran-por-aeropuertos-del-sur-este-ano\/\" \/>\n<meta property=\"og:site_name\" content=\"Aeronoticias.com.pe\" \/>\n<meta property=\"article:publisher\" content=\"https:\/\/www.facebook.com\/Aeronoticias.com.pe\/\" \/>\n<meta property=\"article:published_time\" content=\"2015-06-22T15:51:26+00:00\" \/>\n<meta name=\"author\" content=\"Redacci\u00f3n Aeronoticias\" \/>\n<meta name=\"twitter:card\" content=\"summary_large_image\" \/>\n<meta name=\"twitter:creator\" content=\"@aeronoticias\" \/>\n<meta name=\"twitter:site\" content=\"@aeronoticias\" \/>\n<meta name=\"twitter:label1\" content=\"Escrito por\" \/>\n\t<meta name=\"twitter:data1\" content=\"Redacci\u00f3n Aeronoticias\" \/>\n\t<meta name=\"twitter:label2\" content=\"Tiempo de lectura\" \/>\n\t<meta name=\"twitter:data2\" content=\"1 minuto\" \/>\n<script type=\"application\/ld+json\" class=\"yoast-schema-graph\">{\"@context\":\"https:\/\/schema.org\",\"@graph\":[{\"@type\":\"WebPage\",\"@id\":\"https:\/\/aeronoticias.com.pe\/noticiero\/economia\/hasta-26-millones-de-pasajeros-se-movilizaran-por-aeropuertos-del-sur-este-ano\/\",\"url\":\"https:\/\/aeronoticias.com.pe\/noticiero\/economia\/hasta-26-millones-de-pasajeros-se-movilizaran-por-aeropuertos-del-sur-este-ano\/\",\"name\":\"Hasta 2.6 millones de pasajeros se movilizar\u00e1n por aeropuertos del sur este a\u00f1o\",\"isPartOf\":{\"@id\":\"https:\/\/aeronoticias.com.pe\/noticiero\/#website\"},\"datePublished\":\"2015-06-22T15:51:26+00:00\",\"author\":{\"@id\":\"https:\/\/aeronoticias.com.pe\/noticiero\/#\/schema\/person\/fc1e5d578f4b62ba1cf7ac2bba1170a0\"},\"description\":\"Portal de noticias del Per\u00fa sobre el transporte a\u00e9reo, aviaci\u00f3n, turismo, hoteleria, actualidad.\",\"breadcrumb\":{\"@id\":\"https:\/\/aeronoticias.com.pe\/noticiero\/economia\/hasta-26-millones-de-pasajeros-se-movilizaran-por-aeropuertos-del-sur-este-ano\/#breadcrumb\"},\"inLanguage\":\"es\",\"potentialAction\":[{\"@type\":\"ReadAction\",\"target\":[\"https:\/\/aeronoticias.com.pe\/noticiero\/economia\/hasta-26-millones-de-pasajeros-se-movilizaran-por-aeropuertos-del-sur-este-ano\/\"]}]},{\"@type\":\"BreadcrumbList\",\"@id\":\"https:\/\/aeronoticias.com.pe\/noticiero\/economia\/hasta-26-millones-de-pasajeros-se-movilizaran-por-aeropuertos-del-sur-este-ano\/#breadcrumb\",\"itemListElement\":[{\"@type\":\"ListItem\",\"position\":1,\"name\":\"Portada\",\"item\":\"https:\/\/aeronoticias.com.pe\/noticiero\/\"},{\"@type\":\"ListItem\",\"position\":2,\"name\":\"Hasta 2.6 millones de pasajeros se movilizar\u00e1n por aeropuertos del sur este a\u00f1o\"}]},{\"@type\":\"WebSite\",\"@id\":\"https:\/\/aeronoticias.com.pe\/noticiero\/#website\",\"url\":\"https:\/\/aeronoticias.com.pe\/noticiero\/\",\"name\":\"Aeronoticias.com.pe\",\"description\":\"Noticias de tranporte aereo, turismo, hoteles, gastronomia, actualidad, internacional\",\"potentialAction\":[{\"@type\":\"SearchAction\",\"target\":{\"@type\":\"EntryPoint\",\"urlTemplate\":\"https:\/\/aeronoticias.com.pe\/noticiero\/?s={search_term_string}\"},\"query-input\":{\"@type\":\"PropertyValueSpecification\",\"valueRequired\":true,\"valueName\":\"search_term_string\"}}],\"inLanguage\":\"es\"},{\"@type\":\"Person\",\"@id\":\"https:\/\/aeronoticias.com.pe\/noticiero\/#\/schema\/person\/fc1e5d578f4b62ba1cf7ac2bba1170a0\",\"name\":\"Redacci\u00f3n Aeronoticias\",\"url\":\"https:\/\/aeronoticias.com.pe\/noticiero\/author\/piloto\/\"}]}<\/script>\n<!-- \/ Yoast SEO plugin. -->","yoast_head_json":{"title":"Hasta 2.6 millones de pasajeros se movilizar\u00e1n por aeropuertos del sur este a\u00f1o","description":"Portal de noticias del Per\u00fa sobre el transporte a\u00e9reo, aviaci\u00f3n, turismo, hoteleria, actualidad.","robots":{"index":"index","follow":"follow","max-snippet":"max-snippet:-1","max-image-preview":"max-image-preview:large","max-video-preview":"max-video-preview:-1"},"canonical":"https:\/\/aeronoticias.com.pe\/noticiero\/economia\/hasta-26-millones-de-pasajeros-se-movilizaran-por-aeropuertos-del-sur-este-ano\/","og_locale":"es_ES","og_type":"article","og_title":"Hasta 2.6 millones de pasajeros se movilizar\u00e1n por aeropuertos del sur este a\u00f1o","og_description":"Portal de noticias del Per\u00fa sobre el transporte a\u00e9reo, aviaci\u00f3n, turismo, hoteleria, actualidad.","og_url":"https:\/\/aeronoticias.com.pe\/noticiero\/economia\/hasta-26-millones-de-pasajeros-se-movilizaran-por-aeropuertos-del-sur-este-ano\/","og_site_name":"Aeronoticias.com.pe","article_publisher":"https:\/\/www.facebook.com\/Aeronoticias.com.pe\/","article_published_time":"2015-06-22T15:51:26+00:00","author":"Redacci\u00f3n Aeronoticias","twitter_card":"summary_large_image","twitter_creator":"@aeronoticias","twitter_site":"@aeronoticias","twitter_misc":{"Escrito por":"Redacci\u00f3n Aeronoticias","Tiempo de lectura":"1 minuto"},"schema":{"@context":"https:\/\/schema.org","@graph":[{"@type":"WebPage","@id":"https:\/\/aeronoticias.com.pe\/noticiero\/economia\/hasta-26-millones-de-pasajeros-se-movilizaran-por-aeropuertos-del-sur-este-ano\/","url":"https:\/\/aeronoticias.com.pe\/noticiero\/economia\/hasta-26-millones-de-pasajeros-se-movilizaran-por-aeropuertos-del-sur-este-ano\/","name":"Hasta 2.6 millones de pasajeros se movilizar\u00e1n por aeropuertos del sur este a\u00f1o","isPartOf":{"@id":"https:\/\/aeronoticias.com.pe\/noticiero\/#website"},"datePublished":"2015-06-22T15:51:26+00:00","author":{"@id":"https:\/\/aeronoticias.com.pe\/noticiero\/#\/schema\/person\/fc1e5d578f4b62ba1cf7ac2bba1170a0"},"description":"Portal de noticias del Per\u00fa sobre el transporte a\u00e9reo, aviaci\u00f3n, turismo, hoteleria, actualidad.","breadcrumb":{"@id":"https:\/\/aeronoticias.com.pe\/noticiero\/economia\/hasta-26-millones-de-pasajeros-se-movilizaran-por-aeropuertos-del-sur-este-ano\/#breadcrumb"},"inLanguage":"es","potentialAction":[{"@type":"ReadAction","target":["https:\/\/aeronoticias.com.pe\/noticiero\/economia\/hasta-26-millones-de-pasajeros-se-movilizaran-por-aeropuertos-del-sur-este-ano\/"]}]},{"@type":"BreadcrumbList","@id":"https:\/\/aeronoticias.com.pe\/noticiero\/economia\/hasta-26-millones-de-pasajeros-se-movilizaran-por-aeropuertos-del-sur-este-ano\/#breadcrumb","itemListElement":[{"@type":"ListItem","position":1,"name":"Portada","item":"https:\/\/aeronoticias.com.pe\/noticiero\/"},{"@type":"ListItem","position":2,"name":"Hasta 2.6 millones de pasajeros se movilizar\u00e1n por aeropuertos del sur este a\u00f1o"}]},{"@type":"WebSite","@id":"https:\/\/aeronoticias.com.pe\/noticiero\/#website","url":"https:\/\/aeronoticias.com.pe\/noticiero\/","name":"Aeronoticias.com.pe","description":"Noticias de tranporte aereo, turismo, hoteles, gastronomia, actualidad, internacional","potentialAction":[{"@type":"SearchAction","target":{"@type":"EntryPoint","urlTemplate":"https:\/\/aeronoticias.com.pe\/noticiero\/?s={search_term_string}"},"query-input":{"@type":"PropertyValueSpecification","valueRequired":true,"valueName":"search_term_string"}}],"inLanguage":"es"},{"@type":"Person","@id":"https:\/\/aeronoticias.com.pe\/noticiero\/#\/schema\/person\/fc1e5d578f4b62ba1cf7ac2bba1170a0","name":"Redacci\u00f3n Aeronoticias","url":"https:\/\/aeronoticias.com.pe\/noticiero\/author\/piloto\/"}]}},"_links":{"self":[{"href":"https:\/\/aeronoticias.com.pe\/noticiero\/wp-json\/wp\/v2\/posts\/52826","targetHints":{"allow":["GET"]}}],"collection":[{"href":"https:\/\/aeronoticias.com.pe\/noticiero\/wp-json\/wp\/v2\/posts"}],"about":[{"href":"https:\/\/aeronoticias.com.pe\/noticiero\/wp-json\/wp\/v2\/types\/post"}],"author":[{"embeddable":true,"href":"https:\/\/aeronoticias.com.pe\/noticiero\/wp-json\/wp\/v2\/users\/1"}],"replies":[{"embeddable":true,"href":"https:\/\/aeronoticias.com.pe\/noticiero\/wp-json\/wp\/v2\/comments?post=52826"}],"version-history":[{"count":0,"href":"https:\/\/aeronoticias.com.pe\/noticiero\/wp-json\/wp\/v2\/posts\/52826\/revisions"}],"wp:attachment":[{"href":"https:\/\/aeronoticias.com.pe\/noticiero\/wp-json\/wp\/v2\/media?parent=52826"}],"wp:term":[{"taxonomy":"category","embeddable":true,"href":"https:\/\/aeronoticias.com.pe\/noticiero\/wp-json\/wp\/v2\/categories?post=52826"},{"taxonomy":"post_tag","embeddable":true,"href":"https:\/\/aeronoticias.com.pe\/noticiero\/wp-json\/wp\/v2\/tags?post=52826"}],"curies":[{"name":"wp","href":"https:\/\/api.w.org\/{rel}","templated":true}]}}