{"id":52834,"date":"2015-06-23T07:01:21","date_gmt":"2015-06-23T07:01:21","guid":{"rendered":"http:\/\/desarrollo.mcvicious.com\/aero2020\/2015\/06\/23\/aeropuerto-de-ciudad-de-mexico-se-alista-para-recibir-al-airbus-a380\/"},"modified":"2015-06-23T07:01:21","modified_gmt":"2015-06-23T07:01:21","slug":"aeropuerto-de-ciudad-de-mexico-se-alista-para-recibir-al-airbus-a380","status":"publish","type":"post","link":"https:\/\/aeronoticias.com.pe\/noticiero\/transporte-aereo\/internacional\/aeropuerto-de-ciudad-de-mexico-se-alista-para-recibir-al-airbus-a380\/","title":{"rendered":"Aeropuerto de Ciudad de M\u00e9xico se alista para recibir al Airbus A380"},"content":{"rendered":"<p style=\"text-align: justify;\"><strong>(Aeronoticias)<\/strong>.-\u00a0El Airbus A380 de Air France podr\u00eda aterrizar en el Aeropuerto Internacional Benito Ju\u00e1rez de la Ciudad de M\u00e9xico (AICM) en enero del pr\u00f3ximo a\u00f1o, adelant\u00f3 el director de la aerol\u00ednea en el pa\u00eds, Eric Caron.<\/p>\n<p style=\"text-align: justify;\">\u00abTrabajamos con las autoridades mexicanas para recibir el gigante a\u00e9reo de dos pisos; estamos platicado porque el aeropuerto no est\u00e1 totalmente listo, necesitan adaptar la infraestructura, pero esperamos concluir las discusiones y tener un compromiso a finales del a\u00f1o\u00bb , dijo.<\/p>\n<p style=\"text-align: justify;\">En entrevista con Notimex, Caron coment\u00f3 que las adaptaciones ser\u00edan para tener un doble pasillo para abordar, as\u00ed como en las pistas y en este sentido reafirm\u00f3 que las discusiones en este tema son positivas.<\/p>\n<p style=\"text-align: justify;\">\u00abPodemos concluir con un anuncio en las pr\u00f3ximas semanas de que el aeropuerto va a invertir para que est\u00e9 listo en diciembre\u00bb , expuso.<\/p>\n<p style=\"text-align: justify;\">Cabe mencionar que el A380 necesita un espacio de 80 por 80 metros para circular, por lo que la modificaci\u00f3n ser\u00eda en las calles de rodaje, sobre todo en las curvas que necesitar\u00e1n pavimentaci\u00f3n en los laterales, debido a que dicho avi\u00f3n tiene los motores m\u00e1s separados, a diferencia del B747, y necesita rodar sobre suelo asfaltado.<\/p>\n<p style=\"text-align: justify;\">Ante ello, se requiere una inversi\u00f3n de 27 millones de d\u00f3lares para ampliar las pistas del aeropuerto capitalino, y el \u00fanico aeropuerto mexicano capaz de recibirlo en la actualidad es el de Canc\u00fan.<\/p>\n<p style=\"text-align: justify;\">\u00abTenemos discusiones muy positivas y abiertas con las autoridades y las estamos finalizando. Durante la visita del presidente Enrique Pe\u00f1a Nieto a Par\u00eds se continuar\u00e1 con este tema y tal vez podamos anunciar algo\u00bb , dijo Eric Caron.<\/p>\n<p style=\"text-align: justify;\">Fuente: <span style=\"text-decoration: underline;\"><em><strong>Aviaci\u00f3n al d\u00eda<\/strong><\/em><\/span>.<\/p>\n<p style=\"text-align: justify;\"><img decoding=\"async\" src=\"http:\/\/2.bp.blogspot.com\/-h22TPSq6Ijw\/VYhBNigZBpI\/AAAAAAAAnm0\/0bztNPqD_Zo\/s1600\/Airbus_A380.png\" border=\"0\" \/><\/p>\n","protected":false},"excerpt":{"rendered":"<p>(Aeronoticias).-\u00a0El Airbus A380 de Air France podr\u00eda aterrizar en el Aeropuerto Internacional Benito Ju\u00e1rez de la Ciudad de M\u00e9xico (AICM) en enero del pr\u00f3ximo a\u00f1o, adelant\u00f3 el director de la aerol\u00ednea en el pa\u00eds, Eric Caron. \u00abTrabajamos con las autoridades mexicanas para recibir el gigante a\u00e9reo de dos pisos; estamos platicado porque el aeropuerto no [&hellip;]<\/p>\n","protected":false},"author":1,"featured_media":0,"comment_status":"open","ping_status":"open","sticky":false,"template":"","format":"standard","meta":{"tdm_status":"","tdm_grid_status":"","footnotes":""},"categories":[32],"tags":[],"class_list":{"0":"post-52834","1":"post","2":"type-post","3":"status-publish","4":"format-standard","6":"category-internacional"},"yoast_head":"<!-- This site is optimized with the Yoast SEO plugin v25.1 - https:\/\/yoast.com\/wordpress\/plugins\/seo\/ -->\n<title>Aeropuerto de Ciudad de M\u00e9xico se alista para recibir al Airbus A380<\/title>\n<meta name=\"description\" content=\"Portal de noticias del Per\u00fa sobre el transporte a\u00e9reo, aviaci\u00f3n, turismo, hoteleria, actualidad.\" \/>\n<meta name=\"robots\" content=\"index, follow, max-snippet:-1, max-image-preview:large, max-video-preview:-1\" \/>\n<link rel=\"canonical\" href=\"https:\/\/aeronoticias.com.pe\/noticiero\/transporte-aereo\/internacional\/aeropuerto-de-ciudad-de-mexico-se-alista-para-recibir-al-airbus-a380\/\" \/>\n<meta property=\"og:locale\" content=\"es_ES\" \/>\n<meta property=\"og:type\" content=\"article\" \/>\n<meta property=\"og:title\" content=\"Aeropuerto de Ciudad de M\u00e9xico se alista para recibir al Airbus A380\" \/>\n<meta property=\"og:description\" content=\"Portal de noticias del Per\u00fa sobre el transporte a\u00e9reo, aviaci\u00f3n, turismo, hoteleria, actualidad.\" \/>\n<meta property=\"og:url\" content=\"https:\/\/aeronoticias.com.pe\/noticiero\/transporte-aereo\/internacional\/aeropuerto-de-ciudad-de-mexico-se-alista-para-recibir-al-airbus-a380\/\" \/>\n<meta property=\"og:site_name\" content=\"Aeronoticias.com.pe\" \/>\n<meta property=\"article:publisher\" content=\"https:\/\/www.facebook.com\/Aeronoticias.com.pe\/\" \/>\n<meta property=\"article:published_time\" content=\"2015-06-23T07:01:21+00:00\" \/>\n<meta property=\"og:image\" content=\"http:\/\/2.bp.blogspot.com\/-h22TPSq6Ijw\/VYhBNigZBpI\/AAAAAAAAnm0\/0bztNPqD_Zo\/s1600\/Airbus_A380.png\" \/>\n<meta name=\"author\" content=\"Redacci\u00f3n Aeronoticias\" \/>\n<meta name=\"twitter:card\" content=\"summary_large_image\" \/>\n<meta name=\"twitter:creator\" content=\"@aeronoticias\" \/>\n<meta name=\"twitter:site\" content=\"@aeronoticias\" \/>\n<meta name=\"twitter:label1\" content=\"Escrito por\" \/>\n\t<meta name=\"twitter:data1\" content=\"Redacci\u00f3n Aeronoticias\" \/>\n\t<meta name=\"twitter:label2\" content=\"Tiempo de lectura\" \/>\n\t<meta name=\"twitter:data2\" content=\"1 minuto\" \/>\n<script type=\"application\/ld+json\" class=\"yoast-schema-graph\">{\"@context\":\"https:\/\/schema.org\",\"@graph\":[{\"@type\":\"WebPage\",\"@id\":\"https:\/\/aeronoticias.com.pe\/noticiero\/transporte-aereo\/internacional\/aeropuerto-de-ciudad-de-mexico-se-alista-para-recibir-al-airbus-a380\/\",\"url\":\"https:\/\/aeronoticias.com.pe\/noticiero\/transporte-aereo\/internacional\/aeropuerto-de-ciudad-de-mexico-se-alista-para-recibir-al-airbus-a380\/\",\"name\":\"Aeropuerto de Ciudad de M\u00e9xico se alista para recibir al Airbus A380\",\"isPartOf\":{\"@id\":\"https:\/\/aeronoticias.com.pe\/noticiero\/#website\"},\"primaryImageOfPage\":{\"@id\":\"https:\/\/aeronoticias.com.pe\/noticiero\/transporte-aereo\/internacional\/aeropuerto-de-ciudad-de-mexico-se-alista-para-recibir-al-airbus-a380\/#primaryimage\"},\"image\":{\"@id\":\"https:\/\/aeronoticias.com.pe\/noticiero\/transporte-aereo\/internacional\/aeropuerto-de-ciudad-de-mexico-se-alista-para-recibir-al-airbus-a380\/#primaryimage\"},\"thumbnailUrl\":\"http:\/\/2.bp.blogspot.com\/-h22TPSq6Ijw\/VYhBNigZBpI\/AAAAAAAAnm0\/0bztNPqD_Zo\/s1600\/Airbus_A380.png\",\"datePublished\":\"2015-06-23T07:01:21+00:00\",\"author\":{\"@id\":\"https:\/\/aeronoticias.com.pe\/noticiero\/#\/schema\/person\/fc1e5d578f4b62ba1cf7ac2bba1170a0\"},\"description\":\"Portal de noticias del Per\u00fa sobre el transporte a\u00e9reo, aviaci\u00f3n, turismo, hoteleria, actualidad.\",\"breadcrumb\":{\"@id\":\"https:\/\/aeronoticias.com.pe\/noticiero\/transporte-aereo\/internacional\/aeropuerto-de-ciudad-de-mexico-se-alista-para-recibir-al-airbus-a380\/#breadcrumb\"},\"inLanguage\":\"es\",\"potentialAction\":[{\"@type\":\"ReadAction\",\"target\":[\"https:\/\/aeronoticias.com.pe\/noticiero\/transporte-aereo\/internacional\/aeropuerto-de-ciudad-de-mexico-se-alista-para-recibir-al-airbus-a380\/\"]}]},{\"@type\":\"ImageObject\",\"inLanguage\":\"es\",\"@id\":\"https:\/\/aeronoticias.com.pe\/noticiero\/transporte-aereo\/internacional\/aeropuerto-de-ciudad-de-mexico-se-alista-para-recibir-al-airbus-a380\/#primaryimage\",\"url\":\"http:\/\/2.bp.blogspot.com\/-h22TPSq6Ijw\/VYhBNigZBpI\/AAAAAAAAnm0\/0bztNPqD_Zo\/s1600\/Airbus_A380.png\",\"contentUrl\":\"http:\/\/2.bp.blogspot.com\/-h22TPSq6Ijw\/VYhBNigZBpI\/AAAAAAAAnm0\/0bztNPqD_Zo\/s1600\/Airbus_A380.png\"},{\"@type\":\"BreadcrumbList\",\"@id\":\"https:\/\/aeronoticias.com.pe\/noticiero\/transporte-aereo\/internacional\/aeropuerto-de-ciudad-de-mexico-se-alista-para-recibir-al-airbus-a380\/#breadcrumb\",\"itemListElement\":[{\"@type\":\"ListItem\",\"position\":1,\"name\":\"Portada\",\"item\":\"https:\/\/aeronoticias.com.pe\/noticiero\/\"},{\"@type\":\"ListItem\",\"position\":2,\"name\":\"Aeropuerto de Ciudad de M\u00e9xico se alista para recibir al Airbus A380\"}]},{\"@type\":\"WebSite\",\"@id\":\"https:\/\/aeronoticias.com.pe\/noticiero\/#website\",\"url\":\"https:\/\/aeronoticias.com.pe\/noticiero\/\",\"name\":\"Aeronoticias.com.pe\",\"description\":\"Noticias de tranporte aereo, turismo, hoteles, gastronomia, actualidad, internacional\",\"potentialAction\":[{\"@type\":\"SearchAction\",\"target\":{\"@type\":\"EntryPoint\",\"urlTemplate\":\"https:\/\/aeronoticias.com.pe\/noticiero\/?s={search_term_string}\"},\"query-input\":{\"@type\":\"PropertyValueSpecification\",\"valueRequired\":true,\"valueName\":\"search_term_string\"}}],\"inLanguage\":\"es\"},{\"@type\":\"Person\",\"@id\":\"https:\/\/aeronoticias.com.pe\/noticiero\/#\/schema\/person\/fc1e5d578f4b62ba1cf7ac2bba1170a0\",\"name\":\"Redacci\u00f3n Aeronoticias\",\"url\":\"https:\/\/aeronoticias.com.pe\/noticiero\/author\/piloto\/\"}]}<\/script>\n<!-- \/ Yoast SEO plugin. -->","yoast_head_json":{"title":"Aeropuerto de Ciudad de M\u00e9xico se alista para recibir al Airbus A380","description":"Portal de noticias del Per\u00fa sobre el transporte a\u00e9reo, aviaci\u00f3n, turismo, hoteleria, actualidad.","robots":{"index":"index","follow":"follow","max-snippet":"max-snippet:-1","max-image-preview":"max-image-preview:large","max-video-preview":"max-video-preview:-1"},"canonical":"https:\/\/aeronoticias.com.pe\/noticiero\/transporte-aereo\/internacional\/aeropuerto-de-ciudad-de-mexico-se-alista-para-recibir-al-airbus-a380\/","og_locale":"es_ES","og_type":"article","og_title":"Aeropuerto de Ciudad de M\u00e9xico se alista para recibir al Airbus A380","og_description":"Portal de noticias del Per\u00fa sobre el transporte a\u00e9reo, aviaci\u00f3n, turismo, hoteleria, actualidad.","og_url":"https:\/\/aeronoticias.com.pe\/noticiero\/transporte-aereo\/internacional\/aeropuerto-de-ciudad-de-mexico-se-alista-para-recibir-al-airbus-a380\/","og_site_name":"Aeronoticias.com.pe","article_publisher":"https:\/\/www.facebook.com\/Aeronoticias.com.pe\/","article_published_time":"2015-06-23T07:01:21+00:00","og_image":[{"url":"http:\/\/2.bp.blogspot.com\/-h22TPSq6Ijw\/VYhBNigZBpI\/AAAAAAAAnm0\/0bztNPqD_Zo\/s1600\/Airbus_A380.png","type":"","width":"","height":""}],"author":"Redacci\u00f3n Aeronoticias","twitter_card":"summary_large_image","twitter_creator":"@aeronoticias","twitter_site":"@aeronoticias","twitter_misc":{"Escrito por":"Redacci\u00f3n Aeronoticias","Tiempo de lectura":"1 minuto"},"schema":{"@context":"https:\/\/schema.org","@graph":[{"@type":"WebPage","@id":"https:\/\/aeronoticias.com.pe\/noticiero\/transporte-aereo\/internacional\/aeropuerto-de-ciudad-de-mexico-se-alista-para-recibir-al-airbus-a380\/","url":"https:\/\/aeronoticias.com.pe\/noticiero\/transporte-aereo\/internacional\/aeropuerto-de-ciudad-de-mexico-se-alista-para-recibir-al-airbus-a380\/","name":"Aeropuerto de Ciudad de M\u00e9xico se alista para recibir al Airbus A380","isPartOf":{"@id":"https:\/\/aeronoticias.com.pe\/noticiero\/#website"},"primaryImageOfPage":{"@id":"https:\/\/aeronoticias.com.pe\/noticiero\/transporte-aereo\/internacional\/aeropuerto-de-ciudad-de-mexico-se-alista-para-recibir-al-airbus-a380\/#primaryimage"},"image":{"@id":"https:\/\/aeronoticias.com.pe\/noticiero\/transporte-aereo\/internacional\/aeropuerto-de-ciudad-de-mexico-se-alista-para-recibir-al-airbus-a380\/#primaryimage"},"thumbnailUrl":"http:\/\/2.bp.blogspot.com\/-h22TPSq6Ijw\/VYhBNigZBpI\/AAAAAAAAnm0\/0bztNPqD_Zo\/s1600\/Airbus_A380.png","datePublished":"2015-06-23T07:01:21+00:00","author":{"@id":"https:\/\/aeronoticias.com.pe\/noticiero\/#\/schema\/person\/fc1e5d578f4b62ba1cf7ac2bba1170a0"},"description":"Portal de noticias del Per\u00fa sobre el transporte a\u00e9reo, aviaci\u00f3n, turismo, hoteleria, actualidad.","breadcrumb":{"@id":"https:\/\/aeronoticias.com.pe\/noticiero\/transporte-aereo\/internacional\/aeropuerto-de-ciudad-de-mexico-se-alista-para-recibir-al-airbus-a380\/#breadcrumb"},"inLanguage":"es","potentialAction":[{"@type":"ReadAction","target":["https:\/\/aeronoticias.com.pe\/noticiero\/transporte-aereo\/internacional\/aeropuerto-de-ciudad-de-mexico-se-alista-para-recibir-al-airbus-a380\/"]}]},{"@type":"ImageObject","inLanguage":"es","@id":"https:\/\/aeronoticias.com.pe\/noticiero\/transporte-aereo\/internacional\/aeropuerto-de-ciudad-de-mexico-se-alista-para-recibir-al-airbus-a380\/#primaryimage","url":"http:\/\/2.bp.blogspot.com\/-h22TPSq6Ijw\/VYhBNigZBpI\/AAAAAAAAnm0\/0bztNPqD_Zo\/s1600\/Airbus_A380.png","contentUrl":"http:\/\/2.bp.blogspot.com\/-h22TPSq6Ijw\/VYhBNigZBpI\/AAAAAAAAnm0\/0bztNPqD_Zo\/s1600\/Airbus_A380.png"},{"@type":"BreadcrumbList","@id":"https:\/\/aeronoticias.com.pe\/noticiero\/transporte-aereo\/internacional\/aeropuerto-de-ciudad-de-mexico-se-alista-para-recibir-al-airbus-a380\/#breadcrumb","itemListElement":[{"@type":"ListItem","position":1,"name":"Portada","item":"https:\/\/aeronoticias.com.pe\/noticiero\/"},{"@type":"ListItem","position":2,"name":"Aeropuerto de Ciudad de M\u00e9xico se alista para recibir al Airbus A380"}]},{"@type":"WebSite","@id":"https:\/\/aeronoticias.com.pe\/noticiero\/#website","url":"https:\/\/aeronoticias.com.pe\/noticiero\/","name":"Aeronoticias.com.pe","description":"Noticias de tranporte aereo, turismo, hoteles, gastronomia, actualidad, internacional","potentialAction":[{"@type":"SearchAction","target":{"@type":"EntryPoint","urlTemplate":"https:\/\/aeronoticias.com.pe\/noticiero\/?s={search_term_string}"},"query-input":{"@type":"PropertyValueSpecification","valueRequired":true,"valueName":"search_term_string"}}],"inLanguage":"es"},{"@type":"Person","@id":"https:\/\/aeronoticias.com.pe\/noticiero\/#\/schema\/person\/fc1e5d578f4b62ba1cf7ac2bba1170a0","name":"Redacci\u00f3n Aeronoticias","url":"https:\/\/aeronoticias.com.pe\/noticiero\/author\/piloto\/"}]}},"_links":{"self":[{"href":"https:\/\/aeronoticias.com.pe\/noticiero\/wp-json\/wp\/v2\/posts\/52834","targetHints":{"allow":["GET"]}}],"collection":[{"href":"https:\/\/aeronoticias.com.pe\/noticiero\/wp-json\/wp\/v2\/posts"}],"about":[{"href":"https:\/\/aeronoticias.com.pe\/noticiero\/wp-json\/wp\/v2\/types\/post"}],"author":[{"embeddable":true,"href":"https:\/\/aeronoticias.com.pe\/noticiero\/wp-json\/wp\/v2\/users\/1"}],"replies":[{"embeddable":true,"href":"https:\/\/aeronoticias.com.pe\/noticiero\/wp-json\/wp\/v2\/comments?post=52834"}],"version-history":[{"count":0,"href":"https:\/\/aeronoticias.com.pe\/noticiero\/wp-json\/wp\/v2\/posts\/52834\/revisions"}],"wp:attachment":[{"href":"https:\/\/aeronoticias.com.pe\/noticiero\/wp-json\/wp\/v2\/media?parent=52834"}],"wp:term":[{"taxonomy":"category","embeddable":true,"href":"https:\/\/aeronoticias.com.pe\/noticiero\/wp-json\/wp\/v2\/categories?post=52834"},{"taxonomy":"post_tag","embeddable":true,"href":"https:\/\/aeronoticias.com.pe\/noticiero\/wp-json\/wp\/v2\/tags?post=52834"}],"curies":[{"name":"wp","href":"https:\/\/api.w.org\/{rel}","templated":true}]}}