{"id":52838,"date":"2015-06-23T15:00:00","date_gmt":"2015-06-23T15:00:00","guid":{"rendered":"http:\/\/desarrollo.mcvicious.com\/aero2020\/2015\/06\/23\/air-europa-celebra-el-15-aniversario-de-skyteam\/"},"modified":"2015-06-23T15:00:00","modified_gmt":"2015-06-23T15:00:00","slug":"air-europa-celebra-el-15-aniversario-de-skyteam","status":"publish","type":"post","link":"https:\/\/aeronoticias.com.pe\/noticiero\/transporte-aereo\/internacional\/air-europa-celebra-el-15-aniversario-de-skyteam\/","title":{"rendered":"Air Europa celebra el 15 aniversario de SKYTEAM"},"content":{"rendered":"<p style=\"text-align: justify;\"><strong>(Aeronoticias) <\/strong><span style=\"font-size: 12.1599998474121px; line-height: 1.3em;\">Air Europa, la aerol\u00ednea espa\u00f1ola perteneciente al Grupo Globalia, se suma a las celebraciones del decimoquinto aniversario de SkyTeam con una serie de acciones centradas en popularizar las ventajas que la alianza ofrece al pasajero de cada una de las 20 compa\u00f1\u00edas asociadas. Air Europa es miembro de SkyTeam desde 2007.<\/span><\/p>\n<p style=\"text-align: justify;\"><span style=\"font-size: 12.1599998474121px; line-height: 1.3em;\">\u201cEs para nosotros un verdadero orgullo ser parte activa de esta celebraci\u00f3n -coment\u00f3 Mar\u00eda Jos\u00e9 Hidalgo, Directora General de Air Europa- porque pertenecer a una alianza que cubre m\u00e1s de mil destinos en todo el planeta supone un extraordinario valor a\u00f1adido para nuestros clientes, en t\u00e9rminos de eficiencia y comodidad\u201d.<\/span><\/p>\n<p style=\"text-align: justify;\"><span style=\"font-size: 12.1599998474121px; line-height: 1.3em;\">\u201cCada una de las 20 compa\u00f1\u00edas que integran la alianza aportan a las dem\u00e1s su buen hacer en sus respectivas \u00e1reas de influencia\u201d, a\u00f1adi\u00f3. \u201cNosotros facilitamos el acceso a Am\u00e9rica y El Caribe a ciertas compa\u00f1\u00edas, y nuestra red europea y dom\u00e9stica a otras; y \u00e9stas, a su vez nos aportan a nosotros una gran conectividad en regiones del Globo como Asia, Norteam\u00e9rica, Oriente Medido o \u00c1frica. Al final, quien gana es el pasajero\u201d.<\/span><\/p>\n<p style=\"text-align: justify;\"><span style=\"font-size: 12.1599998474121px; line-height: 1.3em;\">Pertenecer a SkyTeam brinda multitud de ventajas al viajero, como el uso de sus exclusivos SkyTeam Lounges, gozar de los servicios de SkyPriority, que agilizan la facturaci\u00f3n y el embarque, o incluso organizar con unos pocos clicks el viaje so\u00f1ado alrededor del mundo a trav\u00e9s de su herramienta Round The World Planner.<\/span><\/p>\n<p style=\"text-align: justify;\"><span style=\"font-size: 12.1599998474121px; line-height: 1.3em;\">Air Europa llevar\u00e1 a cabo durante estos d\u00edas una serie de acciones con presencia en medios y redes sociales para dar a conocer los privilegios de pertenecer a una alianza como SkyTeam. Adem\u00e1s, durante el d\u00eda de hoy, todos aquellos pasajeros que vuelen con la aerol\u00ednea espa\u00f1ola ser\u00e1n obsequiados a bordo con chocolates que llevan el logo del 15 aniversario de la alianza de aerol\u00edneas.<\/span><\/p>\n<p style=\"text-align: justify;\"><span style=\"font-size: 12.1599998474121px; line-height: 1.3em;\">Durante el pasado ejercicio, SkyTeam transport\u00f3 m\u00e1s de 612 millones de pasajeros a 1.050 destinos en 177 pa\u00edses. Las 20 aerol\u00edneas asociadas en la Alianza son: Aeroflot, Aerol\u00edneas Argentinas, Aerom\u00e9xico, Air Europa, Air France, Alitalia, China Airlines, China Eastern, China Southern, Czech Airlines, Delta Air Lines, Garuda Indonesia, Kenya Airways, KLM Royal Dutch Airlines, Korean Air, Middle East Airlines, Saudia, TAROM, Vietnam Airlines y Xiamen Airlines.<\/span><\/p>\n<p><span style=\"font-size: 12.1599998474121px; line-height: 1.3em;\"><strong><em>Fuente: www.aireuropa.com<\/em><\/strong><\/span><\/p>\n<p><span style=\"font-size: 12.1599998474121px; line-height: 1.3em;\"><strong><em><img decoding=\"async\" src=\"images\/stories\/15\/06\/230615\/skyteam.jpg\" border=\"0\" \/><br \/><\/em><\/strong><\/span><\/p>\n","protected":false},"excerpt":{"rendered":"<p>(Aeronoticias) Air Europa, la aerol\u00ednea espa\u00f1ola perteneciente al Grupo Globalia, se suma a las celebraciones del decimoquinto aniversario de SkyTeam con una serie de acciones centradas en popularizar las ventajas que la alianza ofrece al pasajero de cada una de las 20 compa\u00f1\u00edas asociadas. Air Europa es miembro de SkyTeam desde 2007. \u201cEs para nosotros [&hellip;]<\/p>\n","protected":false},"author":1,"featured_media":0,"comment_status":"open","ping_status":"open","sticky":false,"template":"","format":"standard","meta":{"tdm_status":"","tdm_grid_status":"","footnotes":""},"categories":[32],"tags":[],"class_list":{"0":"post-52838","1":"post","2":"type-post","3":"status-publish","4":"format-standard","6":"category-internacional"},"yoast_head":"<!-- This site is optimized with the Yoast SEO plugin v25.1 - https:\/\/yoast.com\/wordpress\/plugins\/seo\/ -->\n<title>Air Europa celebra el 15 aniversario de SKYTEAM<\/title>\n<meta name=\"description\" content=\"Portal de noticias del Per\u00fa sobre el transporte a\u00e9reo, aviaci\u00f3n, turismo, hoteleria, actualidad.\" \/>\n<meta name=\"robots\" content=\"index, follow, max-snippet:-1, max-image-preview:large, max-video-preview:-1\" \/>\n<link rel=\"canonical\" href=\"https:\/\/aeronoticias.com.pe\/noticiero\/transporte-aereo\/internacional\/air-europa-celebra-el-15-aniversario-de-skyteam\/\" \/>\n<meta property=\"og:locale\" content=\"es_ES\" \/>\n<meta property=\"og:type\" content=\"article\" \/>\n<meta property=\"og:title\" content=\"Air Europa celebra el 15 aniversario de SKYTEAM\" \/>\n<meta property=\"og:description\" content=\"Portal de noticias del Per\u00fa sobre el transporte a\u00e9reo, aviaci\u00f3n, turismo, hoteleria, actualidad.\" \/>\n<meta property=\"og:url\" content=\"https:\/\/aeronoticias.com.pe\/noticiero\/transporte-aereo\/internacional\/air-europa-celebra-el-15-aniversario-de-skyteam\/\" \/>\n<meta property=\"og:site_name\" content=\"Aeronoticias.com.pe\" \/>\n<meta property=\"article:publisher\" content=\"https:\/\/www.facebook.com\/Aeronoticias.com.pe\/\" \/>\n<meta property=\"article:published_time\" content=\"2015-06-23T15:00:00+00:00\" \/>\n<meta name=\"author\" content=\"Redacci\u00f3n Aeronoticias\" \/>\n<meta name=\"twitter:card\" content=\"summary_large_image\" \/>\n<meta name=\"twitter:creator\" content=\"@aeronoticias\" \/>\n<meta name=\"twitter:site\" content=\"@aeronoticias\" \/>\n<meta name=\"twitter:label1\" content=\"Escrito por\" \/>\n\t<meta name=\"twitter:data1\" content=\"Redacci\u00f3n Aeronoticias\" \/>\n\t<meta name=\"twitter:label2\" content=\"Tiempo de lectura\" \/>\n\t<meta name=\"twitter:data2\" content=\"2 minutos\" \/>\n<script type=\"application\/ld+json\" class=\"yoast-schema-graph\">{\"@context\":\"https:\/\/schema.org\",\"@graph\":[{\"@type\":\"WebPage\",\"@id\":\"https:\/\/aeronoticias.com.pe\/noticiero\/transporte-aereo\/internacional\/air-europa-celebra-el-15-aniversario-de-skyteam\/\",\"url\":\"https:\/\/aeronoticias.com.pe\/noticiero\/transporte-aereo\/internacional\/air-europa-celebra-el-15-aniversario-de-skyteam\/\",\"name\":\"Air Europa celebra el 15 aniversario de SKYTEAM\",\"isPartOf\":{\"@id\":\"https:\/\/aeronoticias.com.pe\/noticiero\/#website\"},\"datePublished\":\"2015-06-23T15:00:00+00:00\",\"author\":{\"@id\":\"https:\/\/aeronoticias.com.pe\/noticiero\/#\/schema\/person\/fc1e5d578f4b62ba1cf7ac2bba1170a0\"},\"description\":\"Portal de noticias del Per\u00fa sobre el transporte a\u00e9reo, aviaci\u00f3n, turismo, hoteleria, actualidad.\",\"breadcrumb\":{\"@id\":\"https:\/\/aeronoticias.com.pe\/noticiero\/transporte-aereo\/internacional\/air-europa-celebra-el-15-aniversario-de-skyteam\/#breadcrumb\"},\"inLanguage\":\"es\",\"potentialAction\":[{\"@type\":\"ReadAction\",\"target\":[\"https:\/\/aeronoticias.com.pe\/noticiero\/transporte-aereo\/internacional\/air-europa-celebra-el-15-aniversario-de-skyteam\/\"]}]},{\"@type\":\"BreadcrumbList\",\"@id\":\"https:\/\/aeronoticias.com.pe\/noticiero\/transporte-aereo\/internacional\/air-europa-celebra-el-15-aniversario-de-skyteam\/#breadcrumb\",\"itemListElement\":[{\"@type\":\"ListItem\",\"position\":1,\"name\":\"Portada\",\"item\":\"https:\/\/aeronoticias.com.pe\/noticiero\/\"},{\"@type\":\"ListItem\",\"position\":2,\"name\":\"Air Europa celebra el 15 aniversario de SKYTEAM\"}]},{\"@type\":\"WebSite\",\"@id\":\"https:\/\/aeronoticias.com.pe\/noticiero\/#website\",\"url\":\"https:\/\/aeronoticias.com.pe\/noticiero\/\",\"name\":\"Aeronoticias.com.pe\",\"description\":\"Noticias de tranporte aereo, turismo, hoteles, gastronomia, actualidad, internacional\",\"potentialAction\":[{\"@type\":\"SearchAction\",\"target\":{\"@type\":\"EntryPoint\",\"urlTemplate\":\"https:\/\/aeronoticias.com.pe\/noticiero\/?s={search_term_string}\"},\"query-input\":{\"@type\":\"PropertyValueSpecification\",\"valueRequired\":true,\"valueName\":\"search_term_string\"}}],\"inLanguage\":\"es\"},{\"@type\":\"Person\",\"@id\":\"https:\/\/aeronoticias.com.pe\/noticiero\/#\/schema\/person\/fc1e5d578f4b62ba1cf7ac2bba1170a0\",\"name\":\"Redacci\u00f3n Aeronoticias\",\"url\":\"https:\/\/aeronoticias.com.pe\/noticiero\/author\/piloto\/\"}]}<\/script>\n<!-- \/ Yoast SEO plugin. -->","yoast_head_json":{"title":"Air Europa celebra el 15 aniversario de SKYTEAM","description":"Portal de noticias del Per\u00fa sobre el transporte a\u00e9reo, aviaci\u00f3n, turismo, hoteleria, actualidad.","robots":{"index":"index","follow":"follow","max-snippet":"max-snippet:-1","max-image-preview":"max-image-preview:large","max-video-preview":"max-video-preview:-1"},"canonical":"https:\/\/aeronoticias.com.pe\/noticiero\/transporte-aereo\/internacional\/air-europa-celebra-el-15-aniversario-de-skyteam\/","og_locale":"es_ES","og_type":"article","og_title":"Air Europa celebra el 15 aniversario de SKYTEAM","og_description":"Portal de noticias del Per\u00fa sobre el transporte a\u00e9reo, aviaci\u00f3n, turismo, hoteleria, actualidad.","og_url":"https:\/\/aeronoticias.com.pe\/noticiero\/transporte-aereo\/internacional\/air-europa-celebra-el-15-aniversario-de-skyteam\/","og_site_name":"Aeronoticias.com.pe","article_publisher":"https:\/\/www.facebook.com\/Aeronoticias.com.pe\/","article_published_time":"2015-06-23T15:00:00+00:00","author":"Redacci\u00f3n Aeronoticias","twitter_card":"summary_large_image","twitter_creator":"@aeronoticias","twitter_site":"@aeronoticias","twitter_misc":{"Escrito por":"Redacci\u00f3n Aeronoticias","Tiempo de lectura":"2 minutos"},"schema":{"@context":"https:\/\/schema.org","@graph":[{"@type":"WebPage","@id":"https:\/\/aeronoticias.com.pe\/noticiero\/transporte-aereo\/internacional\/air-europa-celebra-el-15-aniversario-de-skyteam\/","url":"https:\/\/aeronoticias.com.pe\/noticiero\/transporte-aereo\/internacional\/air-europa-celebra-el-15-aniversario-de-skyteam\/","name":"Air Europa celebra el 15 aniversario de SKYTEAM","isPartOf":{"@id":"https:\/\/aeronoticias.com.pe\/noticiero\/#website"},"datePublished":"2015-06-23T15:00:00+00:00","author":{"@id":"https:\/\/aeronoticias.com.pe\/noticiero\/#\/schema\/person\/fc1e5d578f4b62ba1cf7ac2bba1170a0"},"description":"Portal de noticias del Per\u00fa sobre el transporte a\u00e9reo, aviaci\u00f3n, turismo, hoteleria, actualidad.","breadcrumb":{"@id":"https:\/\/aeronoticias.com.pe\/noticiero\/transporte-aereo\/internacional\/air-europa-celebra-el-15-aniversario-de-skyteam\/#breadcrumb"},"inLanguage":"es","potentialAction":[{"@type":"ReadAction","target":["https:\/\/aeronoticias.com.pe\/noticiero\/transporte-aereo\/internacional\/air-europa-celebra-el-15-aniversario-de-skyteam\/"]}]},{"@type":"BreadcrumbList","@id":"https:\/\/aeronoticias.com.pe\/noticiero\/transporte-aereo\/internacional\/air-europa-celebra-el-15-aniversario-de-skyteam\/#breadcrumb","itemListElement":[{"@type":"ListItem","position":1,"name":"Portada","item":"https:\/\/aeronoticias.com.pe\/noticiero\/"},{"@type":"ListItem","position":2,"name":"Air Europa celebra el 15 aniversario de SKYTEAM"}]},{"@type":"WebSite","@id":"https:\/\/aeronoticias.com.pe\/noticiero\/#website","url":"https:\/\/aeronoticias.com.pe\/noticiero\/","name":"Aeronoticias.com.pe","description":"Noticias de tranporte aereo, turismo, hoteles, gastronomia, actualidad, internacional","potentialAction":[{"@type":"SearchAction","target":{"@type":"EntryPoint","urlTemplate":"https:\/\/aeronoticias.com.pe\/noticiero\/?s={search_term_string}"},"query-input":{"@type":"PropertyValueSpecification","valueRequired":true,"valueName":"search_term_string"}}],"inLanguage":"es"},{"@type":"Person","@id":"https:\/\/aeronoticias.com.pe\/noticiero\/#\/schema\/person\/fc1e5d578f4b62ba1cf7ac2bba1170a0","name":"Redacci\u00f3n Aeronoticias","url":"https:\/\/aeronoticias.com.pe\/noticiero\/author\/piloto\/"}]}},"_links":{"self":[{"href":"https:\/\/aeronoticias.com.pe\/noticiero\/wp-json\/wp\/v2\/posts\/52838","targetHints":{"allow":["GET"]}}],"collection":[{"href":"https:\/\/aeronoticias.com.pe\/noticiero\/wp-json\/wp\/v2\/posts"}],"about":[{"href":"https:\/\/aeronoticias.com.pe\/noticiero\/wp-json\/wp\/v2\/types\/post"}],"author":[{"embeddable":true,"href":"https:\/\/aeronoticias.com.pe\/noticiero\/wp-json\/wp\/v2\/users\/1"}],"replies":[{"embeddable":true,"href":"https:\/\/aeronoticias.com.pe\/noticiero\/wp-json\/wp\/v2\/comments?post=52838"}],"version-history":[{"count":0,"href":"https:\/\/aeronoticias.com.pe\/noticiero\/wp-json\/wp\/v2\/posts\/52838\/revisions"}],"wp:attachment":[{"href":"https:\/\/aeronoticias.com.pe\/noticiero\/wp-json\/wp\/v2\/media?parent=52838"}],"wp:term":[{"taxonomy":"category","embeddable":true,"href":"https:\/\/aeronoticias.com.pe\/noticiero\/wp-json\/wp\/v2\/categories?post=52838"},{"taxonomy":"post_tag","embeddable":true,"href":"https:\/\/aeronoticias.com.pe\/noticiero\/wp-json\/wp\/v2\/tags?post=52838"}],"curies":[{"name":"wp","href":"https:\/\/api.w.org\/{rel}","templated":true}]}}