{"id":52840,"date":"2015-06-23T20:27:00","date_gmt":"2015-06-23T20:27:00","guid":{"rendered":"http:\/\/desarrollo.mcvicious.com\/aero2020\/2015\/06\/23\/qatar-airways-celebra-su-quinto-anos-de-operaciones-en-argentina-con-nueva-promocion\/"},"modified":"2015-06-23T20:27:00","modified_gmt":"2015-06-23T20:27:00","slug":"qatar-airways-celebra-su-quinto-anos-de-operaciones-en-argentina-con-nueva-promocion","status":"publish","type":"post","link":"https:\/\/aeronoticias.com.pe\/noticiero\/transporte-aereo\/internacional\/qatar-airways-celebra-su-quinto-anos-de-operaciones-en-argentina-con-nueva-promocion\/","title":{"rendered":"Qatar Airways celebra su quinto a\u00f1os de operaciones en Argentina con nueva promoci\u00f3n"},"content":{"rendered":"<p style=\"text-align: justify;\"><strong>(Aeronoticias)<\/strong>.-\u00a0Qatar Airways anunci\u00f3 su \u00faltima oferta en Argentina para celebrar sus cinco a\u00f1os de exitosas operaciones en Sudam\u00e9rica. Desde el 22 al 26 de junio se pueden adquirir pasajes de ida y vuelta con un descuento de hasta 40% en la Clase Econ\u00f3mica y en la Clase Business a importantes destinos en Oriente Medio y Asia.<\/p>\n<p style=\"text-align: justify;\">Los clientes pueden beneficiarse de la validez de esta promoci\u00f3n y reservar pasajes para viajar desde el 1 de septiembre al 31 de marzo de 2016. Los pasajeros pueden reservar sus vuelos en las oficinas de venta de Qatar Airways, con agentes de viajes autorizados o visitando qatarairways.com. El n\u00famero de asientos es limitado y existen ciertas condiciones.*<\/p>\n<p style=\"text-align: justify;\">\u00abQatar Airways contin\u00faa ofreciendo un inigualable servicio en Sudam\u00e9rica a Doha y m\u00e1s all\u00e1, Como la primera aerol\u00ednea en viajar a Argentina, estamos orgullosos de celebrar nuestro quinto aniversario con nuestros clientes y esperamos expandir nuestra red en todo el continente, reflejando as\u00ed el crecimiento tanto de Sudam\u00e9rica como de Oriente Medio,\u00bb dijo el vicepresidente de Qatar Airways para las Am\u00e9ricas, Gunter Saurwein. \u201cDurante esta promoci\u00f3n, los viajeros tendr\u00e1n la oportunidad de experimentar nuestra exclusiva hospitalidad 5 estrellas mientras exploran el mundo por menos dinero,\u201d agreg\u00f3 Saurwein.<\/p>\n<p style=\"text-align: justify;\">La aerol\u00ednea ha experimentado un r\u00e1pido crecimiento en tan s\u00f3lo 18 a\u00f1os de operaciones, hasta el punto de que actualmente vuela con una moderna flota de 160 aeronaves a 147 importantes destinos de negocios y de vacaciones en Europa, Oriente Medio, \u00c1frica, Asia Pac\u00edfico, Norteam\u00e9rica y Sudam\u00e9rica.<\/p>\n<p style=\"text-align: justify;\">Qatar Airways, la aerol\u00ednea de bandera del Estado de Qatar, es una de las aerol\u00edneas de m\u00e1s r\u00e1pido crecimiento que opera una de las flotas m\u00e1s modernas del mundo. Actualmente en su 18vo. a\u00f1o de operaciones, Qatar Airways posee una moderna flota de 160 aeronaves que vuelan a 147 importantes destinos de negocios y de vacaciones en los seis continentes. Qatar Airways es miembro de la alianza mundial de aerol\u00edneas oneworld.<\/p>\n<p style=\"text-align: justify;\">Esta multipremiada alianza fue elegida como la Mejor Alianza de Aerol\u00edneas \u00a02014 seg\u00fan Skytrax por segundo a\u00f1o consecutivo. Qatar Airways fue la primera aerol\u00ednea del Golfo en integrar una alianza mundial de aerol\u00edneas, oneworld, lo que permite a sus pasajeros beneficiarse de m\u00e1s de 1.000 aeropuertos en m\u00e1s de 150 pa\u00edses, con 14.250 partidas diarias.<\/p>\n<p style=\"text-align: justify;\">Fuente: <span style=\"text-decoration: underline;\"><em><strong>Aviaci\u00f3n al d\u00eda<\/strong><\/em><\/span>.<\/p>\n<p style=\"text-align: justify;\"><img decoding=\"async\" src=\"http:\/\/4.bp.blogspot.com\/-7ErcBCpZo1c\/VYmj5D8wSLI\/AAAAAAAAnqk\/Bpej9DR77yY\/s1600\/Qatar-Airways.png\" border=\"0\" \/><\/p>\n","protected":false},"excerpt":{"rendered":"<p>(Aeronoticias).-\u00a0Qatar Airways anunci\u00f3 su \u00faltima oferta en Argentina para celebrar sus cinco a\u00f1os de exitosas operaciones en Sudam\u00e9rica. Desde el 22 al 26 de junio se pueden adquirir pasajes de ida y vuelta con un descuento de hasta 40% en la Clase Econ\u00f3mica y en la Clase Business a importantes destinos en Oriente Medio y [&hellip;]<\/p>\n","protected":false},"author":1,"featured_media":0,"comment_status":"open","ping_status":"open","sticky":false,"template":"","format":"standard","meta":{"tdm_status":"","tdm_grid_status":"","footnotes":""},"categories":[32],"tags":[],"class_list":{"0":"post-52840","1":"post","2":"type-post","3":"status-publish","4":"format-standard","6":"category-internacional"},"yoast_head":"<!-- This site is optimized with the Yoast SEO plugin v25.1 - https:\/\/yoast.com\/wordpress\/plugins\/seo\/ -->\n<title>Qatar Airways celebra su quinto a\u00f1os de operaciones en Argentina con nueva promoci\u00f3n<\/title>\n<meta name=\"description\" content=\"Portal de noticias del Per\u00fa sobre el transporte a\u00e9reo, aviaci\u00f3n, turismo, hoteleria, actualidad.\" \/>\n<meta name=\"robots\" content=\"index, follow, max-snippet:-1, max-image-preview:large, max-video-preview:-1\" \/>\n<link rel=\"canonical\" href=\"https:\/\/aeronoticias.com.pe\/noticiero\/transporte-aereo\/internacional\/qatar-airways-celebra-su-quinto-anos-de-operaciones-en-argentina-con-nueva-promocion\/\" \/>\n<meta property=\"og:locale\" content=\"es_ES\" \/>\n<meta property=\"og:type\" content=\"article\" \/>\n<meta property=\"og:title\" content=\"Qatar Airways celebra su quinto a\u00f1os de operaciones en Argentina con nueva promoci\u00f3n\" \/>\n<meta property=\"og:description\" content=\"Portal de noticias del Per\u00fa sobre el transporte a\u00e9reo, aviaci\u00f3n, turismo, hoteleria, actualidad.\" \/>\n<meta property=\"og:url\" content=\"https:\/\/aeronoticias.com.pe\/noticiero\/transporte-aereo\/internacional\/qatar-airways-celebra-su-quinto-anos-de-operaciones-en-argentina-con-nueva-promocion\/\" \/>\n<meta property=\"og:site_name\" content=\"Aeronoticias.com.pe\" \/>\n<meta property=\"article:publisher\" content=\"https:\/\/www.facebook.com\/Aeronoticias.com.pe\/\" \/>\n<meta property=\"article:published_time\" content=\"2015-06-23T20:27:00+00:00\" \/>\n<meta property=\"og:image\" content=\"http:\/\/4.bp.blogspot.com\/-7ErcBCpZo1c\/VYmj5D8wSLI\/AAAAAAAAnqk\/Bpej9DR77yY\/s1600\/Qatar-Airways.png\" \/>\n<meta name=\"author\" content=\"Redacci\u00f3n Aeronoticias\" \/>\n<meta name=\"twitter:card\" content=\"summary_large_image\" \/>\n<meta name=\"twitter:creator\" content=\"@aeronoticias\" \/>\n<meta name=\"twitter:site\" content=\"@aeronoticias\" \/>\n<meta name=\"twitter:label1\" content=\"Escrito por\" \/>\n\t<meta name=\"twitter:data1\" content=\"Redacci\u00f3n Aeronoticias\" \/>\n\t<meta name=\"twitter:label2\" content=\"Tiempo de lectura\" \/>\n\t<meta name=\"twitter:data2\" content=\"2 minutos\" \/>\n<script type=\"application\/ld+json\" class=\"yoast-schema-graph\">{\"@context\":\"https:\/\/schema.org\",\"@graph\":[{\"@type\":\"WebPage\",\"@id\":\"https:\/\/aeronoticias.com.pe\/noticiero\/transporte-aereo\/internacional\/qatar-airways-celebra-su-quinto-anos-de-operaciones-en-argentina-con-nueva-promocion\/\",\"url\":\"https:\/\/aeronoticias.com.pe\/noticiero\/transporte-aereo\/internacional\/qatar-airways-celebra-su-quinto-anos-de-operaciones-en-argentina-con-nueva-promocion\/\",\"name\":\"Qatar Airways celebra su quinto a\u00f1os de operaciones en Argentina con nueva promoci\u00f3n\",\"isPartOf\":{\"@id\":\"https:\/\/aeronoticias.com.pe\/noticiero\/#website\"},\"primaryImageOfPage\":{\"@id\":\"https:\/\/aeronoticias.com.pe\/noticiero\/transporte-aereo\/internacional\/qatar-airways-celebra-su-quinto-anos-de-operaciones-en-argentina-con-nueva-promocion\/#primaryimage\"},\"image\":{\"@id\":\"https:\/\/aeronoticias.com.pe\/noticiero\/transporte-aereo\/internacional\/qatar-airways-celebra-su-quinto-anos-de-operaciones-en-argentina-con-nueva-promocion\/#primaryimage\"},\"thumbnailUrl\":\"http:\/\/4.bp.blogspot.com\/-7ErcBCpZo1c\/VYmj5D8wSLI\/AAAAAAAAnqk\/Bpej9DR77yY\/s1600\/Qatar-Airways.png\",\"datePublished\":\"2015-06-23T20:27:00+00:00\",\"author\":{\"@id\":\"https:\/\/aeronoticias.com.pe\/noticiero\/#\/schema\/person\/fc1e5d578f4b62ba1cf7ac2bba1170a0\"},\"description\":\"Portal de noticias del Per\u00fa sobre el transporte a\u00e9reo, aviaci\u00f3n, turismo, hoteleria, actualidad.\",\"breadcrumb\":{\"@id\":\"https:\/\/aeronoticias.com.pe\/noticiero\/transporte-aereo\/internacional\/qatar-airways-celebra-su-quinto-anos-de-operaciones-en-argentina-con-nueva-promocion\/#breadcrumb\"},\"inLanguage\":\"es\",\"potentialAction\":[{\"@type\":\"ReadAction\",\"target\":[\"https:\/\/aeronoticias.com.pe\/noticiero\/transporte-aereo\/internacional\/qatar-airways-celebra-su-quinto-anos-de-operaciones-en-argentina-con-nueva-promocion\/\"]}]},{\"@type\":\"ImageObject\",\"inLanguage\":\"es\",\"@id\":\"https:\/\/aeronoticias.com.pe\/noticiero\/transporte-aereo\/internacional\/qatar-airways-celebra-su-quinto-anos-de-operaciones-en-argentina-con-nueva-promocion\/#primaryimage\",\"url\":\"http:\/\/4.bp.blogspot.com\/-7ErcBCpZo1c\/VYmj5D8wSLI\/AAAAAAAAnqk\/Bpej9DR77yY\/s1600\/Qatar-Airways.png\",\"contentUrl\":\"http:\/\/4.bp.blogspot.com\/-7ErcBCpZo1c\/VYmj5D8wSLI\/AAAAAAAAnqk\/Bpej9DR77yY\/s1600\/Qatar-Airways.png\"},{\"@type\":\"BreadcrumbList\",\"@id\":\"https:\/\/aeronoticias.com.pe\/noticiero\/transporte-aereo\/internacional\/qatar-airways-celebra-su-quinto-anos-de-operaciones-en-argentina-con-nueva-promocion\/#breadcrumb\",\"itemListElement\":[{\"@type\":\"ListItem\",\"position\":1,\"name\":\"Portada\",\"item\":\"https:\/\/aeronoticias.com.pe\/noticiero\/\"},{\"@type\":\"ListItem\",\"position\":2,\"name\":\"Qatar Airways celebra su quinto a\u00f1os de operaciones en Argentina con nueva promoci\u00f3n\"}]},{\"@type\":\"WebSite\",\"@id\":\"https:\/\/aeronoticias.com.pe\/noticiero\/#website\",\"url\":\"https:\/\/aeronoticias.com.pe\/noticiero\/\",\"name\":\"Aeronoticias.com.pe\",\"description\":\"Noticias de tranporte aereo, turismo, hoteles, gastronomia, actualidad, internacional\",\"potentialAction\":[{\"@type\":\"SearchAction\",\"target\":{\"@type\":\"EntryPoint\",\"urlTemplate\":\"https:\/\/aeronoticias.com.pe\/noticiero\/?s={search_term_string}\"},\"query-input\":{\"@type\":\"PropertyValueSpecification\",\"valueRequired\":true,\"valueName\":\"search_term_string\"}}],\"inLanguage\":\"es\"},{\"@type\":\"Person\",\"@id\":\"https:\/\/aeronoticias.com.pe\/noticiero\/#\/schema\/person\/fc1e5d578f4b62ba1cf7ac2bba1170a0\",\"name\":\"Redacci\u00f3n Aeronoticias\",\"url\":\"https:\/\/aeronoticias.com.pe\/noticiero\/author\/piloto\/\"}]}<\/script>\n<!-- \/ Yoast SEO plugin. -->","yoast_head_json":{"title":"Qatar Airways celebra su quinto a\u00f1os de operaciones en Argentina con nueva promoci\u00f3n","description":"Portal de noticias del Per\u00fa sobre el transporte a\u00e9reo, aviaci\u00f3n, turismo, hoteleria, actualidad.","robots":{"index":"index","follow":"follow","max-snippet":"max-snippet:-1","max-image-preview":"max-image-preview:large","max-video-preview":"max-video-preview:-1"},"canonical":"https:\/\/aeronoticias.com.pe\/noticiero\/transporte-aereo\/internacional\/qatar-airways-celebra-su-quinto-anos-de-operaciones-en-argentina-con-nueva-promocion\/","og_locale":"es_ES","og_type":"article","og_title":"Qatar Airways celebra su quinto a\u00f1os de operaciones en Argentina con nueva promoci\u00f3n","og_description":"Portal de noticias del Per\u00fa sobre el transporte a\u00e9reo, aviaci\u00f3n, turismo, hoteleria, actualidad.","og_url":"https:\/\/aeronoticias.com.pe\/noticiero\/transporte-aereo\/internacional\/qatar-airways-celebra-su-quinto-anos-de-operaciones-en-argentina-con-nueva-promocion\/","og_site_name":"Aeronoticias.com.pe","article_publisher":"https:\/\/www.facebook.com\/Aeronoticias.com.pe\/","article_published_time":"2015-06-23T20:27:00+00:00","og_image":[{"url":"http:\/\/4.bp.blogspot.com\/-7ErcBCpZo1c\/VYmj5D8wSLI\/AAAAAAAAnqk\/Bpej9DR77yY\/s1600\/Qatar-Airways.png","type":"","width":"","height":""}],"author":"Redacci\u00f3n Aeronoticias","twitter_card":"summary_large_image","twitter_creator":"@aeronoticias","twitter_site":"@aeronoticias","twitter_misc":{"Escrito por":"Redacci\u00f3n Aeronoticias","Tiempo de lectura":"2 minutos"},"schema":{"@context":"https:\/\/schema.org","@graph":[{"@type":"WebPage","@id":"https:\/\/aeronoticias.com.pe\/noticiero\/transporte-aereo\/internacional\/qatar-airways-celebra-su-quinto-anos-de-operaciones-en-argentina-con-nueva-promocion\/","url":"https:\/\/aeronoticias.com.pe\/noticiero\/transporte-aereo\/internacional\/qatar-airways-celebra-su-quinto-anos-de-operaciones-en-argentina-con-nueva-promocion\/","name":"Qatar Airways celebra su quinto a\u00f1os de operaciones en Argentina con nueva promoci\u00f3n","isPartOf":{"@id":"https:\/\/aeronoticias.com.pe\/noticiero\/#website"},"primaryImageOfPage":{"@id":"https:\/\/aeronoticias.com.pe\/noticiero\/transporte-aereo\/internacional\/qatar-airways-celebra-su-quinto-anos-de-operaciones-en-argentina-con-nueva-promocion\/#primaryimage"},"image":{"@id":"https:\/\/aeronoticias.com.pe\/noticiero\/transporte-aereo\/internacional\/qatar-airways-celebra-su-quinto-anos-de-operaciones-en-argentina-con-nueva-promocion\/#primaryimage"},"thumbnailUrl":"http:\/\/4.bp.blogspot.com\/-7ErcBCpZo1c\/VYmj5D8wSLI\/AAAAAAAAnqk\/Bpej9DR77yY\/s1600\/Qatar-Airways.png","datePublished":"2015-06-23T20:27:00+00:00","author":{"@id":"https:\/\/aeronoticias.com.pe\/noticiero\/#\/schema\/person\/fc1e5d578f4b62ba1cf7ac2bba1170a0"},"description":"Portal de noticias del Per\u00fa sobre el transporte a\u00e9reo, aviaci\u00f3n, turismo, hoteleria, actualidad.","breadcrumb":{"@id":"https:\/\/aeronoticias.com.pe\/noticiero\/transporte-aereo\/internacional\/qatar-airways-celebra-su-quinto-anos-de-operaciones-en-argentina-con-nueva-promocion\/#breadcrumb"},"inLanguage":"es","potentialAction":[{"@type":"ReadAction","target":["https:\/\/aeronoticias.com.pe\/noticiero\/transporte-aereo\/internacional\/qatar-airways-celebra-su-quinto-anos-de-operaciones-en-argentina-con-nueva-promocion\/"]}]},{"@type":"ImageObject","inLanguage":"es","@id":"https:\/\/aeronoticias.com.pe\/noticiero\/transporte-aereo\/internacional\/qatar-airways-celebra-su-quinto-anos-de-operaciones-en-argentina-con-nueva-promocion\/#primaryimage","url":"http:\/\/4.bp.blogspot.com\/-7ErcBCpZo1c\/VYmj5D8wSLI\/AAAAAAAAnqk\/Bpej9DR77yY\/s1600\/Qatar-Airways.png","contentUrl":"http:\/\/4.bp.blogspot.com\/-7ErcBCpZo1c\/VYmj5D8wSLI\/AAAAAAAAnqk\/Bpej9DR77yY\/s1600\/Qatar-Airways.png"},{"@type":"BreadcrumbList","@id":"https:\/\/aeronoticias.com.pe\/noticiero\/transporte-aereo\/internacional\/qatar-airways-celebra-su-quinto-anos-de-operaciones-en-argentina-con-nueva-promocion\/#breadcrumb","itemListElement":[{"@type":"ListItem","position":1,"name":"Portada","item":"https:\/\/aeronoticias.com.pe\/noticiero\/"},{"@type":"ListItem","position":2,"name":"Qatar Airways celebra su quinto a\u00f1os de operaciones en Argentina con nueva promoci\u00f3n"}]},{"@type":"WebSite","@id":"https:\/\/aeronoticias.com.pe\/noticiero\/#website","url":"https:\/\/aeronoticias.com.pe\/noticiero\/","name":"Aeronoticias.com.pe","description":"Noticias de tranporte aereo, turismo, hoteles, gastronomia, actualidad, internacional","potentialAction":[{"@type":"SearchAction","target":{"@type":"EntryPoint","urlTemplate":"https:\/\/aeronoticias.com.pe\/noticiero\/?s={search_term_string}"},"query-input":{"@type":"PropertyValueSpecification","valueRequired":true,"valueName":"search_term_string"}}],"inLanguage":"es"},{"@type":"Person","@id":"https:\/\/aeronoticias.com.pe\/noticiero\/#\/schema\/person\/fc1e5d578f4b62ba1cf7ac2bba1170a0","name":"Redacci\u00f3n Aeronoticias","url":"https:\/\/aeronoticias.com.pe\/noticiero\/author\/piloto\/"}]}},"_links":{"self":[{"href":"https:\/\/aeronoticias.com.pe\/noticiero\/wp-json\/wp\/v2\/posts\/52840","targetHints":{"allow":["GET"]}}],"collection":[{"href":"https:\/\/aeronoticias.com.pe\/noticiero\/wp-json\/wp\/v2\/posts"}],"about":[{"href":"https:\/\/aeronoticias.com.pe\/noticiero\/wp-json\/wp\/v2\/types\/post"}],"author":[{"embeddable":true,"href":"https:\/\/aeronoticias.com.pe\/noticiero\/wp-json\/wp\/v2\/users\/1"}],"replies":[{"embeddable":true,"href":"https:\/\/aeronoticias.com.pe\/noticiero\/wp-json\/wp\/v2\/comments?post=52840"}],"version-history":[{"count":0,"href":"https:\/\/aeronoticias.com.pe\/noticiero\/wp-json\/wp\/v2\/posts\/52840\/revisions"}],"wp:attachment":[{"href":"https:\/\/aeronoticias.com.pe\/noticiero\/wp-json\/wp\/v2\/media?parent=52840"}],"wp:term":[{"taxonomy":"category","embeddable":true,"href":"https:\/\/aeronoticias.com.pe\/noticiero\/wp-json\/wp\/v2\/categories?post=52840"},{"taxonomy":"post_tag","embeddable":true,"href":"https:\/\/aeronoticias.com.pe\/noticiero\/wp-json\/wp\/v2\/tags?post=52840"}],"curies":[{"name":"wp","href":"https:\/\/api.w.org\/{rel}","templated":true}]}}