{"id":52841,"date":"2015-06-23T20:30:45","date_gmt":"2015-06-23T20:30:45","guid":{"rendered":"http:\/\/desarrollo.mcvicious.com\/aero2020\/2015\/06\/23\/isufres-por-el-jet-lag\/"},"modified":"2015-06-23T20:30:45","modified_gmt":"2015-06-23T20:30:45","slug":"isufres-por-el-jet-lag","status":"publish","type":"post","link":"https:\/\/aeronoticias.com.pe\/noticiero\/salud\/isufres-por-el-jet-lag\/","title":{"rendered":"\u00bfSufres por el &#8216;jet lag&#8217;?"},"content":{"rendered":"<p style=\"text-align: justify;\"><strong>(Aeronoticias)<\/strong>.-\u00a0Todos hemos estado ah\u00ed: bien despiertos en la cama, con la mirada fija en el techo, un momento en el que nuestro reloj biol\u00f3gico se venga por haberlo sometido a un vuelo de larga distancia.<\/p>\n<p style=\"text-align: justify;\">El jet lag es la ruina del viajero frecuente, pero <em><strong>\u00bfcu\u00e1l es la cura?<\/strong><\/em><\/p>\n<p style=\"text-align: justify;\">Algunos aseguran que la soluci\u00f3n son las pastillas para dormir; otros, el alcohol y otros, por razones que no son del todo claras, las p\u00edldoras para el sexo.<\/p>\n<p style=\"text-align: justify;\">Ahora existe otra opci\u00f3n que no implica el riesgo de desmayos, resacas o eso que el Viagra provoca.<\/p>\n<p style=\"text-align: justify;\">La organizaci\u00f3n de la industria de la aviaci\u00f3n IATA \u2014Asociaci\u00f3n Internacional de Transporte A\u00e9reo\u2014 ha ideado una aplicaci\u00f3n llamada SkyZen.<\/p>\n<p style=\"text-align: justify;\">Esta trabaja junto a una pulsera de estado f\u00edsico para monitorear la actividad de los pasajeros y los patrones de sue\u00f1o (o la falta de patrones de sue\u00f1o) mientras est\u00e1n en el aire, y ofrece consejos y estrategias para combatir el inicio del jet lag.<\/p>\n<p style=\"text-align: justify;\">Los usuarios ingresan su n\u00famero de vuelo, fecha y clase de viaje, y SkyZen construye un r\u00e9gimen que deber\u00e1n seguir antes, durante y despu\u00e9s del vuelo.<\/p>\n<p style=\"text-align: justify;\">La aplicaci\u00f3n registra la salud de los usuarios antes, durante y despu\u00e9s de recorrer los cielos.<\/p>\n<p style=\"text-align: justify;\">\u00bfPollo o pescado?<\/p>\n<p style=\"text-align: justify;\">Adem\u00e1s de aconsejar a los pasajeros respecto a cu\u00e1ndo dormir, SkyZen utiliza datos de salud de la pulsera para sugerir cu\u00e1ndo y qu\u00e9 comer.<\/p>\n<p style=\"text-align: justify;\">Su objetivo es reducir el grado al que el ritmo circadiano, nuestro reloj biol\u00f3gico natural, se ve interrumpido.<\/p>\n<p style=\"text-align: justify;\">El ritmo circadiano, responsable de los patrones del sue\u00f1o, al igual que de la temperatura corporal, el apetito y la presi\u00f3n sangu\u00ednea, lucha por adaptarse a nuevas zonas horarias \u2014especialmente cuando el viaje es de oeste a este\u2014 y puede ocasionar desorientaci\u00f3n y fatiga.<\/p>\n<p style=\"text-align: justify;\"><strong>\u00bfFunciona?<\/strong><\/p>\n<p style=\"text-align: justify;\">El vicepresidente senior de la IATA, Tom Windmuller dice que s\u00ed, y afirma que su organizaci\u00f3n tiene la experiencia necesaria para crear una cura global.<\/p>\n<p style=\"text-align: justify;\">Por lo pronto no se ha tomado una decisi\u00f3n. No han sido suficientes las personas que han registrado sus rese\u00f1as en la tienda de aplicaciones de Apple como para darle a SkyZen una calificaci\u00f3n.<\/p>\n<p style=\"text-align: justify;\">La aplicaci\u00f3n est\u00e1 disponible de forma gratuita a trav\u00e9s de la tienda iTunes de Apple (funciona con una versi\u00f3n de pulsera de estado f\u00edsico de Jawbone, y se prev\u00e9n versiones que funcionar\u00e1n con el Apple Watch y Fitbit).<\/p>\n<p style=\"text-align: justify;\">Todav\u00eda no hay fecha para una versi\u00f3n que funcione con Android.<\/p>\n<p style=\"text-align: justify;\">Hasta entonces, los usuarios pueden seguir tom\u00e1ndose las p\u00edldoras azules con vodka.<\/p>\n<p style=\"text-align: justify;\">Fuente: <em><span style=\"text-decoration: underline;\"><strong>Aviaci\u00f3n al d\u00eda<\/strong><\/span><\/em>.<\/p>\n<p style=\"text-align: justify;\"><img decoding=\"async\" src=\"http:\/\/3.bp.blogspot.com\/-N4buX3k362E\/VYmTfgagfKI\/AAAAAAAAnqU\/FiU9XMHsQqM\/s1600\/Jet%2BLag.png\" border=\"0\" \/><\/p>\n","protected":false},"excerpt":{"rendered":"<p>(Aeronoticias).-\u00a0Todos hemos estado ah\u00ed: bien despiertos en la cama, con la mirada fija en el techo, un momento en el que nuestro reloj biol\u00f3gico se venga por haberlo sometido a un vuelo de larga distancia. El jet lag es la ruina del viajero frecuente, pero \u00bfcu\u00e1l es la cura? Algunos aseguran que la soluci\u00f3n son [&hellip;]<\/p>\n","protected":false},"author":1,"featured_media":0,"comment_status":"open","ping_status":"open","sticky":false,"template":"","format":"standard","meta":{"tdm_status":"","tdm_grid_status":"","footnotes":""},"categories":[37],"tags":[],"class_list":{"0":"post-52841","1":"post","2":"type-post","3":"status-publish","4":"format-standard","6":"category-salud"},"yoast_head":"<!-- This site is optimized with the Yoast SEO plugin v25.1 - https:\/\/yoast.com\/wordpress\/plugins\/seo\/ -->\n<title>\u00bfSufres por el &#039;jet lag&#039;?<\/title>\n<meta name=\"description\" content=\"Portal de noticias del Per\u00fa sobre el transporte a\u00e9reo, aviaci\u00f3n, turismo, hoteleria, actualidad.\" \/>\n<meta name=\"robots\" content=\"index, follow, max-snippet:-1, max-image-preview:large, max-video-preview:-1\" \/>\n<link rel=\"canonical\" href=\"https:\/\/aeronoticias.com.pe\/noticiero\/salud\/isufres-por-el-jet-lag\/\" \/>\n<meta property=\"og:locale\" content=\"es_ES\" \/>\n<meta property=\"og:type\" content=\"article\" \/>\n<meta property=\"og:title\" content=\"\u00bfSufres por el &#039;jet lag&#039;?\" \/>\n<meta property=\"og:description\" content=\"Portal de noticias del Per\u00fa sobre el transporte a\u00e9reo, aviaci\u00f3n, turismo, hoteleria, actualidad.\" \/>\n<meta property=\"og:url\" content=\"https:\/\/aeronoticias.com.pe\/noticiero\/salud\/isufres-por-el-jet-lag\/\" \/>\n<meta property=\"og:site_name\" content=\"Aeronoticias.com.pe\" \/>\n<meta property=\"article:publisher\" content=\"https:\/\/www.facebook.com\/Aeronoticias.com.pe\/\" \/>\n<meta property=\"article:published_time\" content=\"2015-06-23T20:30:45+00:00\" \/>\n<meta property=\"og:image\" content=\"http:\/\/3.bp.blogspot.com\/-N4buX3k362E\/VYmTfgagfKI\/AAAAAAAAnqU\/FiU9XMHsQqM\/s1600\/Jet%2BLag.png\" \/>\n<meta name=\"author\" content=\"Redacci\u00f3n Aeronoticias\" \/>\n<meta name=\"twitter:card\" content=\"summary_large_image\" \/>\n<meta name=\"twitter:creator\" content=\"@aeronoticias\" \/>\n<meta name=\"twitter:site\" content=\"@aeronoticias\" \/>\n<meta name=\"twitter:label1\" content=\"Escrito por\" \/>\n\t<meta name=\"twitter:data1\" content=\"Redacci\u00f3n Aeronoticias\" \/>\n\t<meta name=\"twitter:label2\" content=\"Tiempo de lectura\" \/>\n\t<meta name=\"twitter:data2\" content=\"2 minutos\" \/>\n<script type=\"application\/ld+json\" class=\"yoast-schema-graph\">{\"@context\":\"https:\/\/schema.org\",\"@graph\":[{\"@type\":\"WebPage\",\"@id\":\"https:\/\/aeronoticias.com.pe\/noticiero\/salud\/isufres-por-el-jet-lag\/\",\"url\":\"https:\/\/aeronoticias.com.pe\/noticiero\/salud\/isufres-por-el-jet-lag\/\",\"name\":\"\u00bfSufres por el 'jet lag'?\",\"isPartOf\":{\"@id\":\"https:\/\/aeronoticias.com.pe\/noticiero\/#website\"},\"primaryImageOfPage\":{\"@id\":\"https:\/\/aeronoticias.com.pe\/noticiero\/salud\/isufres-por-el-jet-lag\/#primaryimage\"},\"image\":{\"@id\":\"https:\/\/aeronoticias.com.pe\/noticiero\/salud\/isufres-por-el-jet-lag\/#primaryimage\"},\"thumbnailUrl\":\"http:\/\/3.bp.blogspot.com\/-N4buX3k362E\/VYmTfgagfKI\/AAAAAAAAnqU\/FiU9XMHsQqM\/s1600\/Jet%2BLag.png\",\"datePublished\":\"2015-06-23T20:30:45+00:00\",\"author\":{\"@id\":\"https:\/\/aeronoticias.com.pe\/noticiero\/#\/schema\/person\/fc1e5d578f4b62ba1cf7ac2bba1170a0\"},\"description\":\"Portal de noticias del Per\u00fa sobre el transporte a\u00e9reo, aviaci\u00f3n, turismo, hoteleria, actualidad.\",\"breadcrumb\":{\"@id\":\"https:\/\/aeronoticias.com.pe\/noticiero\/salud\/isufres-por-el-jet-lag\/#breadcrumb\"},\"inLanguage\":\"es\",\"potentialAction\":[{\"@type\":\"ReadAction\",\"target\":[\"https:\/\/aeronoticias.com.pe\/noticiero\/salud\/isufres-por-el-jet-lag\/\"]}]},{\"@type\":\"ImageObject\",\"inLanguage\":\"es\",\"@id\":\"https:\/\/aeronoticias.com.pe\/noticiero\/salud\/isufres-por-el-jet-lag\/#primaryimage\",\"url\":\"http:\/\/3.bp.blogspot.com\/-N4buX3k362E\/VYmTfgagfKI\/AAAAAAAAnqU\/FiU9XMHsQqM\/s1600\/Jet%2BLag.png\",\"contentUrl\":\"http:\/\/3.bp.blogspot.com\/-N4buX3k362E\/VYmTfgagfKI\/AAAAAAAAnqU\/FiU9XMHsQqM\/s1600\/Jet%2BLag.png\"},{\"@type\":\"BreadcrumbList\",\"@id\":\"https:\/\/aeronoticias.com.pe\/noticiero\/salud\/isufres-por-el-jet-lag\/#breadcrumb\",\"itemListElement\":[{\"@type\":\"ListItem\",\"position\":1,\"name\":\"Portada\",\"item\":\"https:\/\/aeronoticias.com.pe\/noticiero\/\"},{\"@type\":\"ListItem\",\"position\":2,\"name\":\"\u00bfSufres por el &#8216;jet lag&#8217;?\"}]},{\"@type\":\"WebSite\",\"@id\":\"https:\/\/aeronoticias.com.pe\/noticiero\/#website\",\"url\":\"https:\/\/aeronoticias.com.pe\/noticiero\/\",\"name\":\"Aeronoticias.com.pe\",\"description\":\"Noticias de tranporte aereo, turismo, hoteles, gastronomia, actualidad, internacional\",\"potentialAction\":[{\"@type\":\"SearchAction\",\"target\":{\"@type\":\"EntryPoint\",\"urlTemplate\":\"https:\/\/aeronoticias.com.pe\/noticiero\/?s={search_term_string}\"},\"query-input\":{\"@type\":\"PropertyValueSpecification\",\"valueRequired\":true,\"valueName\":\"search_term_string\"}}],\"inLanguage\":\"es\"},{\"@type\":\"Person\",\"@id\":\"https:\/\/aeronoticias.com.pe\/noticiero\/#\/schema\/person\/fc1e5d578f4b62ba1cf7ac2bba1170a0\",\"name\":\"Redacci\u00f3n Aeronoticias\",\"url\":\"https:\/\/aeronoticias.com.pe\/noticiero\/author\/piloto\/\"}]}<\/script>\n<!-- \/ Yoast SEO plugin. -->","yoast_head_json":{"title":"\u00bfSufres por el 'jet lag'?","description":"Portal de noticias del Per\u00fa sobre el transporte a\u00e9reo, aviaci\u00f3n, turismo, hoteleria, actualidad.","robots":{"index":"index","follow":"follow","max-snippet":"max-snippet:-1","max-image-preview":"max-image-preview:large","max-video-preview":"max-video-preview:-1"},"canonical":"https:\/\/aeronoticias.com.pe\/noticiero\/salud\/isufres-por-el-jet-lag\/","og_locale":"es_ES","og_type":"article","og_title":"\u00bfSufres por el 'jet lag'?","og_description":"Portal de noticias del Per\u00fa sobre el transporte a\u00e9reo, aviaci\u00f3n, turismo, hoteleria, actualidad.","og_url":"https:\/\/aeronoticias.com.pe\/noticiero\/salud\/isufres-por-el-jet-lag\/","og_site_name":"Aeronoticias.com.pe","article_publisher":"https:\/\/www.facebook.com\/Aeronoticias.com.pe\/","article_published_time":"2015-06-23T20:30:45+00:00","og_image":[{"url":"http:\/\/3.bp.blogspot.com\/-N4buX3k362E\/VYmTfgagfKI\/AAAAAAAAnqU\/FiU9XMHsQqM\/s1600\/Jet%2BLag.png","type":"","width":"","height":""}],"author":"Redacci\u00f3n Aeronoticias","twitter_card":"summary_large_image","twitter_creator":"@aeronoticias","twitter_site":"@aeronoticias","twitter_misc":{"Escrito por":"Redacci\u00f3n Aeronoticias","Tiempo de lectura":"2 minutos"},"schema":{"@context":"https:\/\/schema.org","@graph":[{"@type":"WebPage","@id":"https:\/\/aeronoticias.com.pe\/noticiero\/salud\/isufres-por-el-jet-lag\/","url":"https:\/\/aeronoticias.com.pe\/noticiero\/salud\/isufres-por-el-jet-lag\/","name":"\u00bfSufres por el 'jet lag'?","isPartOf":{"@id":"https:\/\/aeronoticias.com.pe\/noticiero\/#website"},"primaryImageOfPage":{"@id":"https:\/\/aeronoticias.com.pe\/noticiero\/salud\/isufres-por-el-jet-lag\/#primaryimage"},"image":{"@id":"https:\/\/aeronoticias.com.pe\/noticiero\/salud\/isufres-por-el-jet-lag\/#primaryimage"},"thumbnailUrl":"http:\/\/3.bp.blogspot.com\/-N4buX3k362E\/VYmTfgagfKI\/AAAAAAAAnqU\/FiU9XMHsQqM\/s1600\/Jet%2BLag.png","datePublished":"2015-06-23T20:30:45+00:00","author":{"@id":"https:\/\/aeronoticias.com.pe\/noticiero\/#\/schema\/person\/fc1e5d578f4b62ba1cf7ac2bba1170a0"},"description":"Portal de noticias del Per\u00fa sobre el transporte a\u00e9reo, aviaci\u00f3n, turismo, hoteleria, actualidad.","breadcrumb":{"@id":"https:\/\/aeronoticias.com.pe\/noticiero\/salud\/isufres-por-el-jet-lag\/#breadcrumb"},"inLanguage":"es","potentialAction":[{"@type":"ReadAction","target":["https:\/\/aeronoticias.com.pe\/noticiero\/salud\/isufres-por-el-jet-lag\/"]}]},{"@type":"ImageObject","inLanguage":"es","@id":"https:\/\/aeronoticias.com.pe\/noticiero\/salud\/isufres-por-el-jet-lag\/#primaryimage","url":"http:\/\/3.bp.blogspot.com\/-N4buX3k362E\/VYmTfgagfKI\/AAAAAAAAnqU\/FiU9XMHsQqM\/s1600\/Jet%2BLag.png","contentUrl":"http:\/\/3.bp.blogspot.com\/-N4buX3k362E\/VYmTfgagfKI\/AAAAAAAAnqU\/FiU9XMHsQqM\/s1600\/Jet%2BLag.png"},{"@type":"BreadcrumbList","@id":"https:\/\/aeronoticias.com.pe\/noticiero\/salud\/isufres-por-el-jet-lag\/#breadcrumb","itemListElement":[{"@type":"ListItem","position":1,"name":"Portada","item":"https:\/\/aeronoticias.com.pe\/noticiero\/"},{"@type":"ListItem","position":2,"name":"\u00bfSufres por el &#8216;jet lag&#8217;?"}]},{"@type":"WebSite","@id":"https:\/\/aeronoticias.com.pe\/noticiero\/#website","url":"https:\/\/aeronoticias.com.pe\/noticiero\/","name":"Aeronoticias.com.pe","description":"Noticias de tranporte aereo, turismo, hoteles, gastronomia, actualidad, internacional","potentialAction":[{"@type":"SearchAction","target":{"@type":"EntryPoint","urlTemplate":"https:\/\/aeronoticias.com.pe\/noticiero\/?s={search_term_string}"},"query-input":{"@type":"PropertyValueSpecification","valueRequired":true,"valueName":"search_term_string"}}],"inLanguage":"es"},{"@type":"Person","@id":"https:\/\/aeronoticias.com.pe\/noticiero\/#\/schema\/person\/fc1e5d578f4b62ba1cf7ac2bba1170a0","name":"Redacci\u00f3n Aeronoticias","url":"https:\/\/aeronoticias.com.pe\/noticiero\/author\/piloto\/"}]}},"_links":{"self":[{"href":"https:\/\/aeronoticias.com.pe\/noticiero\/wp-json\/wp\/v2\/posts\/52841","targetHints":{"allow":["GET"]}}],"collection":[{"href":"https:\/\/aeronoticias.com.pe\/noticiero\/wp-json\/wp\/v2\/posts"}],"about":[{"href":"https:\/\/aeronoticias.com.pe\/noticiero\/wp-json\/wp\/v2\/types\/post"}],"author":[{"embeddable":true,"href":"https:\/\/aeronoticias.com.pe\/noticiero\/wp-json\/wp\/v2\/users\/1"}],"replies":[{"embeddable":true,"href":"https:\/\/aeronoticias.com.pe\/noticiero\/wp-json\/wp\/v2\/comments?post=52841"}],"version-history":[{"count":0,"href":"https:\/\/aeronoticias.com.pe\/noticiero\/wp-json\/wp\/v2\/posts\/52841\/revisions"}],"wp:attachment":[{"href":"https:\/\/aeronoticias.com.pe\/noticiero\/wp-json\/wp\/v2\/media?parent=52841"}],"wp:term":[{"taxonomy":"category","embeddable":true,"href":"https:\/\/aeronoticias.com.pe\/noticiero\/wp-json\/wp\/v2\/categories?post=52841"},{"taxonomy":"post_tag","embeddable":true,"href":"https:\/\/aeronoticias.com.pe\/noticiero\/wp-json\/wp\/v2\/tags?post=52841"}],"curies":[{"name":"wp","href":"https:\/\/api.w.org\/{rel}","templated":true}]}}