{"id":52842,"date":"2015-06-23T20:35:29","date_gmt":"2015-06-23T20:35:29","guid":{"rendered":"http:\/\/desarrollo.mcvicious.com\/aero2020\/2015\/06\/23\/american-airlines-volara-a-quito-desde-dallas-a-partir-de-diciembre\/"},"modified":"2015-06-23T20:35:29","modified_gmt":"2015-06-23T20:35:29","slug":"american-airlines-volara-a-quito-desde-dallas-a-partir-de-diciembre","status":"publish","type":"post","link":"https:\/\/aeronoticias.com.pe\/noticiero\/transporte-aereo\/internacional\/american-airlines-volara-a-quito-desde-dallas-a-partir-de-diciembre\/","title":{"rendered":"American Airlines volar\u00e1 a Quito desde Dallas a partir de diciembre"},"content":{"rendered":"<p style=\"text-align: justify;\"><strong>(Aeronoticias)<\/strong>.-\u00a0La l\u00ednea a\u00e9rea American Airlines ha presentado una solicitud ante el Departamento de Transporte de Estados Unidos, para iniciar su operaci\u00f3n a\u00e9rea a partir del 18 de diciembre pr\u00f3ximo, en la ruta Dallas-Quito, con cinco vuelos semanales.<\/p>\n<p style=\"text-align: justify;\">Este ser\u00eda el primer vuelo directo de American Airlines que conectar\u00eda a Quito y al pa\u00eds desde el Aeropuerto Internacional de Dallas-Fort Worth. La aerol\u00ednea ya vuela a Quito y Guayaquil desde Miami con dos frecuencias diarias a cada ciudad.<\/p>\n<p style=\"text-align: justify;\">Para esta nueva ruta hacia Quito, American Airlines operar\u00eda con el Airbus A319 que tiene capacidad para 128 pasajeros, incrementando la conectividad de Ecuador con 148 ciudades dentro de los Estados Unidos y desde Dallas con importantes destinos de Asia y Europa como Tokio, Shanghai, Se\u00fal, Hong Kong, Frankfurt, Londres y Par\u00eds, con una sola parada intermedia.<\/p>\n<p style=\"text-align: justify;\">Estados Unidos es uno de los principales mercados emisores de turistas para Ecuador por v\u00eda a\u00e9rea. En el 2014, llegaron al pa\u00eds 259.468 turistas norteamericanos, lo que signific\u00f3 un ingreso cercano a los USD 545 millones para el sector tur\u00edstico nacional, convirti\u00e9ndose as\u00ed en un mercado objetivo y de alto gasto para el Destino Ecuador.<\/p>\n<p style=\"text-align: justify;\">Fuente: <span style=\"text-decoration: underline;\"><em><strong>Aviaci\u00f3n al d\u00eda<\/strong><\/em><\/span>.<\/p>\n<p style=\"text-align: justify;\"><img decoding=\"async\" src=\"http:\/\/3.bp.blogspot.com\/-SxENAfYAwd4\/VYmyv5G0KyI\/AAAAAAAAnrQ\/aD3bLji55Es\/s1600\/American%2BAirlines.png\" border=\"0\" \/><\/p>\n","protected":false},"excerpt":{"rendered":"<p>(Aeronoticias).-\u00a0La l\u00ednea a\u00e9rea American Airlines ha presentado una solicitud ante el Departamento de Transporte de Estados Unidos, para iniciar su operaci\u00f3n a\u00e9rea a partir del 18 de diciembre pr\u00f3ximo, en la ruta Dallas-Quito, con cinco vuelos semanales. Este ser\u00eda el primer vuelo directo de American Airlines que conectar\u00eda a Quito y al pa\u00eds desde el [&hellip;]<\/p>\n","protected":false},"author":1,"featured_media":0,"comment_status":"open","ping_status":"open","sticky":false,"template":"","format":"standard","meta":{"tdm_status":"","tdm_grid_status":"","footnotes":""},"categories":[32],"tags":[],"class_list":{"0":"post-52842","1":"post","2":"type-post","3":"status-publish","4":"format-standard","6":"category-internacional"},"yoast_head":"<!-- This site is optimized with the Yoast SEO plugin v25.1 - https:\/\/yoast.com\/wordpress\/plugins\/seo\/ -->\n<title>American Airlines volar\u00e1 a Quito desde Dallas a partir de diciembre<\/title>\n<meta name=\"description\" content=\"Portal de noticias del Per\u00fa sobre el transporte a\u00e9reo, aviaci\u00f3n, turismo, hoteleria, actualidad.\" \/>\n<meta name=\"robots\" content=\"index, follow, max-snippet:-1, max-image-preview:large, max-video-preview:-1\" \/>\n<link rel=\"canonical\" href=\"https:\/\/aeronoticias.com.pe\/noticiero\/transporte-aereo\/internacional\/american-airlines-volara-a-quito-desde-dallas-a-partir-de-diciembre\/\" \/>\n<meta property=\"og:locale\" content=\"es_ES\" \/>\n<meta property=\"og:type\" content=\"article\" \/>\n<meta property=\"og:title\" content=\"American Airlines volar\u00e1 a Quito desde Dallas a partir de diciembre\" \/>\n<meta property=\"og:description\" content=\"Portal de noticias del Per\u00fa sobre el transporte a\u00e9reo, aviaci\u00f3n, turismo, hoteleria, actualidad.\" \/>\n<meta property=\"og:url\" content=\"https:\/\/aeronoticias.com.pe\/noticiero\/transporte-aereo\/internacional\/american-airlines-volara-a-quito-desde-dallas-a-partir-de-diciembre\/\" \/>\n<meta property=\"og:site_name\" content=\"Aeronoticias.com.pe\" \/>\n<meta property=\"article:publisher\" content=\"https:\/\/www.facebook.com\/Aeronoticias.com.pe\/\" \/>\n<meta property=\"article:published_time\" content=\"2015-06-23T20:35:29+00:00\" \/>\n<meta property=\"og:image\" content=\"http:\/\/3.bp.blogspot.com\/-SxENAfYAwd4\/VYmyv5G0KyI\/AAAAAAAAnrQ\/aD3bLji55Es\/s1600\/American%2BAirlines.png\" \/>\n<meta name=\"author\" content=\"Redacci\u00f3n Aeronoticias\" \/>\n<meta name=\"twitter:card\" content=\"summary_large_image\" \/>\n<meta name=\"twitter:creator\" content=\"@aeronoticias\" \/>\n<meta name=\"twitter:site\" content=\"@aeronoticias\" \/>\n<meta name=\"twitter:label1\" content=\"Escrito por\" \/>\n\t<meta name=\"twitter:data1\" content=\"Redacci\u00f3n Aeronoticias\" \/>\n\t<meta name=\"twitter:label2\" content=\"Tiempo de lectura\" \/>\n\t<meta name=\"twitter:data2\" content=\"1 minuto\" \/>\n<script type=\"application\/ld+json\" class=\"yoast-schema-graph\">{\"@context\":\"https:\/\/schema.org\",\"@graph\":[{\"@type\":\"WebPage\",\"@id\":\"https:\/\/aeronoticias.com.pe\/noticiero\/transporte-aereo\/internacional\/american-airlines-volara-a-quito-desde-dallas-a-partir-de-diciembre\/\",\"url\":\"https:\/\/aeronoticias.com.pe\/noticiero\/transporte-aereo\/internacional\/american-airlines-volara-a-quito-desde-dallas-a-partir-de-diciembre\/\",\"name\":\"American Airlines volar\u00e1 a Quito desde Dallas a partir de diciembre\",\"isPartOf\":{\"@id\":\"https:\/\/aeronoticias.com.pe\/noticiero\/#website\"},\"primaryImageOfPage\":{\"@id\":\"https:\/\/aeronoticias.com.pe\/noticiero\/transporte-aereo\/internacional\/american-airlines-volara-a-quito-desde-dallas-a-partir-de-diciembre\/#primaryimage\"},\"image\":{\"@id\":\"https:\/\/aeronoticias.com.pe\/noticiero\/transporte-aereo\/internacional\/american-airlines-volara-a-quito-desde-dallas-a-partir-de-diciembre\/#primaryimage\"},\"thumbnailUrl\":\"http:\/\/3.bp.blogspot.com\/-SxENAfYAwd4\/VYmyv5G0KyI\/AAAAAAAAnrQ\/aD3bLji55Es\/s1600\/American%2BAirlines.png\",\"datePublished\":\"2015-06-23T20:35:29+00:00\",\"author\":{\"@id\":\"https:\/\/aeronoticias.com.pe\/noticiero\/#\/schema\/person\/fc1e5d578f4b62ba1cf7ac2bba1170a0\"},\"description\":\"Portal de noticias del Per\u00fa sobre el transporte a\u00e9reo, aviaci\u00f3n, turismo, hoteleria, actualidad.\",\"breadcrumb\":{\"@id\":\"https:\/\/aeronoticias.com.pe\/noticiero\/transporte-aereo\/internacional\/american-airlines-volara-a-quito-desde-dallas-a-partir-de-diciembre\/#breadcrumb\"},\"inLanguage\":\"es\",\"potentialAction\":[{\"@type\":\"ReadAction\",\"target\":[\"https:\/\/aeronoticias.com.pe\/noticiero\/transporte-aereo\/internacional\/american-airlines-volara-a-quito-desde-dallas-a-partir-de-diciembre\/\"]}]},{\"@type\":\"ImageObject\",\"inLanguage\":\"es\",\"@id\":\"https:\/\/aeronoticias.com.pe\/noticiero\/transporte-aereo\/internacional\/american-airlines-volara-a-quito-desde-dallas-a-partir-de-diciembre\/#primaryimage\",\"url\":\"http:\/\/3.bp.blogspot.com\/-SxENAfYAwd4\/VYmyv5G0KyI\/AAAAAAAAnrQ\/aD3bLji55Es\/s1600\/American%2BAirlines.png\",\"contentUrl\":\"http:\/\/3.bp.blogspot.com\/-SxENAfYAwd4\/VYmyv5G0KyI\/AAAAAAAAnrQ\/aD3bLji55Es\/s1600\/American%2BAirlines.png\"},{\"@type\":\"BreadcrumbList\",\"@id\":\"https:\/\/aeronoticias.com.pe\/noticiero\/transporte-aereo\/internacional\/american-airlines-volara-a-quito-desde-dallas-a-partir-de-diciembre\/#breadcrumb\",\"itemListElement\":[{\"@type\":\"ListItem\",\"position\":1,\"name\":\"Portada\",\"item\":\"https:\/\/aeronoticias.com.pe\/noticiero\/\"},{\"@type\":\"ListItem\",\"position\":2,\"name\":\"American Airlines volar\u00e1 a Quito desde Dallas a partir de diciembre\"}]},{\"@type\":\"WebSite\",\"@id\":\"https:\/\/aeronoticias.com.pe\/noticiero\/#website\",\"url\":\"https:\/\/aeronoticias.com.pe\/noticiero\/\",\"name\":\"Aeronoticias.com.pe\",\"description\":\"Noticias de tranporte aereo, turismo, hoteles, gastronomia, actualidad, internacional\",\"potentialAction\":[{\"@type\":\"SearchAction\",\"target\":{\"@type\":\"EntryPoint\",\"urlTemplate\":\"https:\/\/aeronoticias.com.pe\/noticiero\/?s={search_term_string}\"},\"query-input\":{\"@type\":\"PropertyValueSpecification\",\"valueRequired\":true,\"valueName\":\"search_term_string\"}}],\"inLanguage\":\"es\"},{\"@type\":\"Person\",\"@id\":\"https:\/\/aeronoticias.com.pe\/noticiero\/#\/schema\/person\/fc1e5d578f4b62ba1cf7ac2bba1170a0\",\"name\":\"Redacci\u00f3n Aeronoticias\",\"url\":\"https:\/\/aeronoticias.com.pe\/noticiero\/author\/piloto\/\"}]}<\/script>\n<!-- \/ Yoast SEO plugin. -->","yoast_head_json":{"title":"American Airlines volar\u00e1 a Quito desde Dallas a partir de diciembre","description":"Portal de noticias del Per\u00fa sobre el transporte a\u00e9reo, aviaci\u00f3n, turismo, hoteleria, actualidad.","robots":{"index":"index","follow":"follow","max-snippet":"max-snippet:-1","max-image-preview":"max-image-preview:large","max-video-preview":"max-video-preview:-1"},"canonical":"https:\/\/aeronoticias.com.pe\/noticiero\/transporte-aereo\/internacional\/american-airlines-volara-a-quito-desde-dallas-a-partir-de-diciembre\/","og_locale":"es_ES","og_type":"article","og_title":"American Airlines volar\u00e1 a Quito desde Dallas a partir de diciembre","og_description":"Portal de noticias del Per\u00fa sobre el transporte a\u00e9reo, aviaci\u00f3n, turismo, hoteleria, actualidad.","og_url":"https:\/\/aeronoticias.com.pe\/noticiero\/transporte-aereo\/internacional\/american-airlines-volara-a-quito-desde-dallas-a-partir-de-diciembre\/","og_site_name":"Aeronoticias.com.pe","article_publisher":"https:\/\/www.facebook.com\/Aeronoticias.com.pe\/","article_published_time":"2015-06-23T20:35:29+00:00","og_image":[{"url":"http:\/\/3.bp.blogspot.com\/-SxENAfYAwd4\/VYmyv5G0KyI\/AAAAAAAAnrQ\/aD3bLji55Es\/s1600\/American%2BAirlines.png","type":"","width":"","height":""}],"author":"Redacci\u00f3n Aeronoticias","twitter_card":"summary_large_image","twitter_creator":"@aeronoticias","twitter_site":"@aeronoticias","twitter_misc":{"Escrito por":"Redacci\u00f3n Aeronoticias","Tiempo de lectura":"1 minuto"},"schema":{"@context":"https:\/\/schema.org","@graph":[{"@type":"WebPage","@id":"https:\/\/aeronoticias.com.pe\/noticiero\/transporte-aereo\/internacional\/american-airlines-volara-a-quito-desde-dallas-a-partir-de-diciembre\/","url":"https:\/\/aeronoticias.com.pe\/noticiero\/transporte-aereo\/internacional\/american-airlines-volara-a-quito-desde-dallas-a-partir-de-diciembre\/","name":"American Airlines volar\u00e1 a Quito desde Dallas a partir de diciembre","isPartOf":{"@id":"https:\/\/aeronoticias.com.pe\/noticiero\/#website"},"primaryImageOfPage":{"@id":"https:\/\/aeronoticias.com.pe\/noticiero\/transporte-aereo\/internacional\/american-airlines-volara-a-quito-desde-dallas-a-partir-de-diciembre\/#primaryimage"},"image":{"@id":"https:\/\/aeronoticias.com.pe\/noticiero\/transporte-aereo\/internacional\/american-airlines-volara-a-quito-desde-dallas-a-partir-de-diciembre\/#primaryimage"},"thumbnailUrl":"http:\/\/3.bp.blogspot.com\/-SxENAfYAwd4\/VYmyv5G0KyI\/AAAAAAAAnrQ\/aD3bLji55Es\/s1600\/American%2BAirlines.png","datePublished":"2015-06-23T20:35:29+00:00","author":{"@id":"https:\/\/aeronoticias.com.pe\/noticiero\/#\/schema\/person\/fc1e5d578f4b62ba1cf7ac2bba1170a0"},"description":"Portal de noticias del Per\u00fa sobre el transporte a\u00e9reo, aviaci\u00f3n, turismo, hoteleria, actualidad.","breadcrumb":{"@id":"https:\/\/aeronoticias.com.pe\/noticiero\/transporte-aereo\/internacional\/american-airlines-volara-a-quito-desde-dallas-a-partir-de-diciembre\/#breadcrumb"},"inLanguage":"es","potentialAction":[{"@type":"ReadAction","target":["https:\/\/aeronoticias.com.pe\/noticiero\/transporte-aereo\/internacional\/american-airlines-volara-a-quito-desde-dallas-a-partir-de-diciembre\/"]}]},{"@type":"ImageObject","inLanguage":"es","@id":"https:\/\/aeronoticias.com.pe\/noticiero\/transporte-aereo\/internacional\/american-airlines-volara-a-quito-desde-dallas-a-partir-de-diciembre\/#primaryimage","url":"http:\/\/3.bp.blogspot.com\/-SxENAfYAwd4\/VYmyv5G0KyI\/AAAAAAAAnrQ\/aD3bLji55Es\/s1600\/American%2BAirlines.png","contentUrl":"http:\/\/3.bp.blogspot.com\/-SxENAfYAwd4\/VYmyv5G0KyI\/AAAAAAAAnrQ\/aD3bLji55Es\/s1600\/American%2BAirlines.png"},{"@type":"BreadcrumbList","@id":"https:\/\/aeronoticias.com.pe\/noticiero\/transporte-aereo\/internacional\/american-airlines-volara-a-quito-desde-dallas-a-partir-de-diciembre\/#breadcrumb","itemListElement":[{"@type":"ListItem","position":1,"name":"Portada","item":"https:\/\/aeronoticias.com.pe\/noticiero\/"},{"@type":"ListItem","position":2,"name":"American Airlines volar\u00e1 a Quito desde Dallas a partir de diciembre"}]},{"@type":"WebSite","@id":"https:\/\/aeronoticias.com.pe\/noticiero\/#website","url":"https:\/\/aeronoticias.com.pe\/noticiero\/","name":"Aeronoticias.com.pe","description":"Noticias de tranporte aereo, turismo, hoteles, gastronomia, actualidad, internacional","potentialAction":[{"@type":"SearchAction","target":{"@type":"EntryPoint","urlTemplate":"https:\/\/aeronoticias.com.pe\/noticiero\/?s={search_term_string}"},"query-input":{"@type":"PropertyValueSpecification","valueRequired":true,"valueName":"search_term_string"}}],"inLanguage":"es"},{"@type":"Person","@id":"https:\/\/aeronoticias.com.pe\/noticiero\/#\/schema\/person\/fc1e5d578f4b62ba1cf7ac2bba1170a0","name":"Redacci\u00f3n Aeronoticias","url":"https:\/\/aeronoticias.com.pe\/noticiero\/author\/piloto\/"}]}},"_links":{"self":[{"href":"https:\/\/aeronoticias.com.pe\/noticiero\/wp-json\/wp\/v2\/posts\/52842","targetHints":{"allow":["GET"]}}],"collection":[{"href":"https:\/\/aeronoticias.com.pe\/noticiero\/wp-json\/wp\/v2\/posts"}],"about":[{"href":"https:\/\/aeronoticias.com.pe\/noticiero\/wp-json\/wp\/v2\/types\/post"}],"author":[{"embeddable":true,"href":"https:\/\/aeronoticias.com.pe\/noticiero\/wp-json\/wp\/v2\/users\/1"}],"replies":[{"embeddable":true,"href":"https:\/\/aeronoticias.com.pe\/noticiero\/wp-json\/wp\/v2\/comments?post=52842"}],"version-history":[{"count":0,"href":"https:\/\/aeronoticias.com.pe\/noticiero\/wp-json\/wp\/v2\/posts\/52842\/revisions"}],"wp:attachment":[{"href":"https:\/\/aeronoticias.com.pe\/noticiero\/wp-json\/wp\/v2\/media?parent=52842"}],"wp:term":[{"taxonomy":"category","embeddable":true,"href":"https:\/\/aeronoticias.com.pe\/noticiero\/wp-json\/wp\/v2\/categories?post=52842"},{"taxonomy":"post_tag","embeddable":true,"href":"https:\/\/aeronoticias.com.pe\/noticiero\/wp-json\/wp\/v2\/tags?post=52842"}],"curies":[{"name":"wp","href":"https:\/\/api.w.org\/{rel}","templated":true}]}}