{"id":52913,"date":"2015-07-01T01:59:44","date_gmt":"2015-07-01T01:59:44","guid":{"rendered":"http:\/\/desarrollo.mcvicious.com\/aero2020\/2015\/07\/01\/torre-cal-propone-julian-palacin\/"},"modified":"2015-07-01T01:59:44","modified_gmt":"2015-07-01T01:59:44","slug":"torre-cal-propone-julian-palacin","status":"publish","type":"post","link":"https:\/\/aeronoticias.com.pe\/noticiero\/ultimas\/1\/torre-cal-propone-julian-palacin\/","title":{"rendered":"Torre CAL propone Juli\u00e1n Palacin"},"content":{"rendered":"<p style=\"text-align: justify;\"><strong>(Aeronoticias)<\/strong> El candidato al Decanato del Ilustre Colegio de Abogados de Lima, Juli\u00e1n Palacin Fern\u00e1ndez, expres\u00f3 que si los 66,000 abogados le dan la confianza de elegirlo Decano del CAL en las pr\u00f3ximas elecciones del s\u00e1bado 28 de noviembre de 2015, su propuesta central ser\u00e1 la construcci\u00f3n en 500 metros cuadrados que est\u00e1n sin uso en la sede central del CAL en la Av. Santa Cruz en Miraflores, de un moderno edificio de 10 pisos, similar al que tiene el Colegio M\u00e9dico con cochera subterr\u00e1nea para 100 autom\u00f3viles.<\/p>\n<p style=\"text-align: justify;\">En el segundo y tercer piso ser\u00e1 destinado a Estudios Jur\u00eddicos virtuales para apoyar a m\u00e1s de 3,000 abogados por semana que requieran usar \u00a0estas instalaciones y recibir a sus clientes, es una forma de ayudar a los agremiados, dijo Juli\u00e1n Palacin Fern\u00e1ndez, en el tercer piso habr\u00e1 una gran biblioteca y del cuarto al noveno piso habr\u00e1n dos grandes auditorios y 40 modernas aulas para clases de maestr\u00eda y diplomados, un piso ser\u00e1 destinado al gran restaurante cafeter\u00eda del abogado y se implementar\u00e1n otros servicios para que funcionen las Comisiones Consultivas, la Direcci\u00f3n de \u00c9tica Profesional y otras Direcciones.<\/p>\n<p style=\"text-align: justify;\">Existe la posibilidad de ampliar el proyecto, dos pisos m\u00e1s y pedir que invierta el Poder Judicial para que funcionen las Salas Comerciales de Miraflores, habr\u00e1n consultorios m\u00e9dicos y ser\u00e1 la gran Torre CAL que iluminar\u00e1 e irradiar\u00e1 la justicia del pa\u00eds.<\/p>\n<p style=\"text-align: justify;\">Han pasado m\u00e1s de 30 a\u00f1os en que ex Decanos visionarios compraron el actual local, ahora tenemos que escribir la historia, somos m\u00e1s de 66,000 y la infraestructura nos ha quedado muy peque\u00f1a, el proyecto se financiar\u00e1 con un banco, se har\u00e1 una licitaci\u00f3n p\u00fablica y se amortizar\u00e1 en 20 a\u00f1os, se someter\u00e1 a los agremiados la posibilidad de establecer una cuota de S\/. 7 por agremiado por mes y con este aporte tendremos m\u00e1s de US$ 100,000 al mes para financiar la obra.<\/p>\n<p style=\"text-align: justify;\">Juntos podemos lograrlo, dijo el candidato al Decanato del CAL, Juli\u00e1n Palacin, los abogados y las abogadas unidas con nuestras familias somos un sector importante en la sociedad, el Colegio M\u00e9dico nos ha dado un lecci\u00f3n de como con economicidad y transparencia, ellos lo han logrado, ahora nos toca a los abogados del CAL que somos los herederos de la gloria de muchos Decanos l\u00edderes de la juridicidad en el Per\u00fa, como Juan Vicente Ugarte del Pino, Andr\u00e9s Arambur\u00fa Menchaca, Ra\u00fal Ferrero Costa, An\u00edbal Torres V\u00e1squez, Felipe Osterling Parodi, Gonzalo Durand Aspillaga, Delia Revoredo de Mur, Greta Minaya Calle, Vladimir Paz de la Barra, Luz Aurea Saenz, Jorge Avenda\u00f1o Valdez, Jos\u00e9 Antonio \u00d1ique de la Puente y otros que est\u00e1n en nuestros corazones, debemos honrar su obra.<\/p>\n<p style=\"text-align: justify;\">Juli\u00e1n Palacin exhort\u00f3 al Gremio a unirse en este sue\u00f1o, expresando que despu\u00e9s de estas elecciones no debe haber vencedores ni vencidos todos somos el Ilustre Colegio de Abogados de Lima, herederos de la gloria de nuestros Decanos que desde 1804, es decir hace 211 a\u00f1os con sus principios y valores construyeron la juridicidad en el pa\u00eds.<\/p>\n<p style=\"text-align: justify;\"><img decoding=\"async\" src=\"images\/stories\/15\/06\/300615\/torrecal.jpg\" border=\"0\" \/><\/p>\n","protected":false},"excerpt":{"rendered":"<p>(Aeronoticias) El candidato al Decanato del Ilustre Colegio de Abogados de Lima, Juli\u00e1n Palacin Fern\u00e1ndez, expres\u00f3 que si los 66,000 abogados le dan la confianza de elegirlo Decano del CAL en las pr\u00f3ximas elecciones del s\u00e1bado 28 de noviembre de 2015, su propuesta central ser\u00e1 la construcci\u00f3n en 500 metros cuadrados que est\u00e1n sin uso [&hellip;]<\/p>\n","protected":false},"author":1,"featured_media":0,"comment_status":"open","ping_status":"open","sticky":false,"template":"","format":"standard","meta":{"tdm_status":"","tdm_grid_status":"","footnotes":""},"categories":[30],"tags":[],"class_list":{"0":"post-52913","1":"post","2":"type-post","3":"status-publish","4":"format-standard","6":"category-30"},"yoast_head":"<!-- This site is optimized with the Yoast SEO plugin v25.1 - https:\/\/yoast.com\/wordpress\/plugins\/seo\/ -->\n<title>Torre CAL propone Juli\u00e1n Palacin<\/title>\n<meta name=\"description\" content=\"Portal de noticias del Per\u00fa sobre el transporte a\u00e9reo, aviaci\u00f3n, turismo, hoteleria, actualidad.\" \/>\n<meta name=\"robots\" content=\"index, follow, max-snippet:-1, max-image-preview:large, max-video-preview:-1\" \/>\n<link rel=\"canonical\" href=\"https:\/\/aeronoticias.com.pe\/noticiero\/ultimas\/1\/torre-cal-propone-julian-palacin\/\" \/>\n<meta property=\"og:locale\" content=\"es_ES\" \/>\n<meta property=\"og:type\" content=\"article\" \/>\n<meta property=\"og:title\" content=\"Torre CAL propone Juli\u00e1n Palacin\" \/>\n<meta property=\"og:description\" content=\"Portal de noticias del Per\u00fa sobre el transporte a\u00e9reo, aviaci\u00f3n, turismo, hoteleria, actualidad.\" \/>\n<meta property=\"og:url\" content=\"https:\/\/aeronoticias.com.pe\/noticiero\/ultimas\/1\/torre-cal-propone-julian-palacin\/\" \/>\n<meta property=\"og:site_name\" content=\"Aeronoticias.com.pe\" \/>\n<meta property=\"article:publisher\" content=\"https:\/\/www.facebook.com\/Aeronoticias.com.pe\/\" \/>\n<meta property=\"article:published_time\" content=\"2015-07-01T01:59:44+00:00\" \/>\n<meta name=\"author\" content=\"Redacci\u00f3n Aeronoticias\" \/>\n<meta name=\"twitter:card\" content=\"summary_large_image\" \/>\n<meta name=\"twitter:creator\" content=\"@aeronoticias\" \/>\n<meta name=\"twitter:site\" content=\"@aeronoticias\" \/>\n<meta name=\"twitter:label1\" content=\"Escrito por\" \/>\n\t<meta name=\"twitter:data1\" content=\"Redacci\u00f3n Aeronoticias\" \/>\n\t<meta name=\"twitter:label2\" content=\"Tiempo de lectura\" \/>\n\t<meta name=\"twitter:data2\" content=\"3 minutos\" \/>\n<script type=\"application\/ld+json\" class=\"yoast-schema-graph\">{\"@context\":\"https:\/\/schema.org\",\"@graph\":[{\"@type\":\"WebPage\",\"@id\":\"https:\/\/aeronoticias.com.pe\/noticiero\/ultimas\/1\/torre-cal-propone-julian-palacin\/\",\"url\":\"https:\/\/aeronoticias.com.pe\/noticiero\/ultimas\/1\/torre-cal-propone-julian-palacin\/\",\"name\":\"Torre CAL propone Juli\u00e1n Palacin\",\"isPartOf\":{\"@id\":\"https:\/\/aeronoticias.com.pe\/noticiero\/#website\"},\"datePublished\":\"2015-07-01T01:59:44+00:00\",\"author\":{\"@id\":\"https:\/\/aeronoticias.com.pe\/noticiero\/#\/schema\/person\/fc1e5d578f4b62ba1cf7ac2bba1170a0\"},\"description\":\"Portal de noticias del Per\u00fa sobre el transporte a\u00e9reo, aviaci\u00f3n, turismo, hoteleria, actualidad.\",\"breadcrumb\":{\"@id\":\"https:\/\/aeronoticias.com.pe\/noticiero\/ultimas\/1\/torre-cal-propone-julian-palacin\/#breadcrumb\"},\"inLanguage\":\"es\",\"potentialAction\":[{\"@type\":\"ReadAction\",\"target\":[\"https:\/\/aeronoticias.com.pe\/noticiero\/ultimas\/1\/torre-cal-propone-julian-palacin\/\"]}]},{\"@type\":\"BreadcrumbList\",\"@id\":\"https:\/\/aeronoticias.com.pe\/noticiero\/ultimas\/1\/torre-cal-propone-julian-palacin\/#breadcrumb\",\"itemListElement\":[{\"@type\":\"ListItem\",\"position\":1,\"name\":\"Portada\",\"item\":\"https:\/\/aeronoticias.com.pe\/noticiero\/\"},{\"@type\":\"ListItem\",\"position\":2,\"name\":\"Torre CAL propone Juli\u00e1n Palacin\"}]},{\"@type\":\"WebSite\",\"@id\":\"https:\/\/aeronoticias.com.pe\/noticiero\/#website\",\"url\":\"https:\/\/aeronoticias.com.pe\/noticiero\/\",\"name\":\"Aeronoticias.com.pe\",\"description\":\"Noticias de tranporte aereo, turismo, hoteles, gastronomia, actualidad, internacional\",\"potentialAction\":[{\"@type\":\"SearchAction\",\"target\":{\"@type\":\"EntryPoint\",\"urlTemplate\":\"https:\/\/aeronoticias.com.pe\/noticiero\/?s={search_term_string}\"},\"query-input\":{\"@type\":\"PropertyValueSpecification\",\"valueRequired\":true,\"valueName\":\"search_term_string\"}}],\"inLanguage\":\"es\"},{\"@type\":\"Person\",\"@id\":\"https:\/\/aeronoticias.com.pe\/noticiero\/#\/schema\/person\/fc1e5d578f4b62ba1cf7ac2bba1170a0\",\"name\":\"Redacci\u00f3n Aeronoticias\",\"url\":\"https:\/\/aeronoticias.com.pe\/noticiero\/author\/piloto\/\"}]}<\/script>\n<!-- \/ Yoast SEO plugin. -->","yoast_head_json":{"title":"Torre CAL propone Juli\u00e1n Palacin","description":"Portal de noticias del Per\u00fa sobre el transporte a\u00e9reo, aviaci\u00f3n, turismo, hoteleria, actualidad.","robots":{"index":"index","follow":"follow","max-snippet":"max-snippet:-1","max-image-preview":"max-image-preview:large","max-video-preview":"max-video-preview:-1"},"canonical":"https:\/\/aeronoticias.com.pe\/noticiero\/ultimas\/1\/torre-cal-propone-julian-palacin\/","og_locale":"es_ES","og_type":"article","og_title":"Torre CAL propone Juli\u00e1n Palacin","og_description":"Portal de noticias del Per\u00fa sobre el transporte a\u00e9reo, aviaci\u00f3n, turismo, hoteleria, actualidad.","og_url":"https:\/\/aeronoticias.com.pe\/noticiero\/ultimas\/1\/torre-cal-propone-julian-palacin\/","og_site_name":"Aeronoticias.com.pe","article_publisher":"https:\/\/www.facebook.com\/Aeronoticias.com.pe\/","article_published_time":"2015-07-01T01:59:44+00:00","author":"Redacci\u00f3n Aeronoticias","twitter_card":"summary_large_image","twitter_creator":"@aeronoticias","twitter_site":"@aeronoticias","twitter_misc":{"Escrito por":"Redacci\u00f3n Aeronoticias","Tiempo de lectura":"3 minutos"},"schema":{"@context":"https:\/\/schema.org","@graph":[{"@type":"WebPage","@id":"https:\/\/aeronoticias.com.pe\/noticiero\/ultimas\/1\/torre-cal-propone-julian-palacin\/","url":"https:\/\/aeronoticias.com.pe\/noticiero\/ultimas\/1\/torre-cal-propone-julian-palacin\/","name":"Torre CAL propone Juli\u00e1n Palacin","isPartOf":{"@id":"https:\/\/aeronoticias.com.pe\/noticiero\/#website"},"datePublished":"2015-07-01T01:59:44+00:00","author":{"@id":"https:\/\/aeronoticias.com.pe\/noticiero\/#\/schema\/person\/fc1e5d578f4b62ba1cf7ac2bba1170a0"},"description":"Portal de noticias del Per\u00fa sobre el transporte a\u00e9reo, aviaci\u00f3n, turismo, hoteleria, actualidad.","breadcrumb":{"@id":"https:\/\/aeronoticias.com.pe\/noticiero\/ultimas\/1\/torre-cal-propone-julian-palacin\/#breadcrumb"},"inLanguage":"es","potentialAction":[{"@type":"ReadAction","target":["https:\/\/aeronoticias.com.pe\/noticiero\/ultimas\/1\/torre-cal-propone-julian-palacin\/"]}]},{"@type":"BreadcrumbList","@id":"https:\/\/aeronoticias.com.pe\/noticiero\/ultimas\/1\/torre-cal-propone-julian-palacin\/#breadcrumb","itemListElement":[{"@type":"ListItem","position":1,"name":"Portada","item":"https:\/\/aeronoticias.com.pe\/noticiero\/"},{"@type":"ListItem","position":2,"name":"Torre CAL propone Juli\u00e1n Palacin"}]},{"@type":"WebSite","@id":"https:\/\/aeronoticias.com.pe\/noticiero\/#website","url":"https:\/\/aeronoticias.com.pe\/noticiero\/","name":"Aeronoticias.com.pe","description":"Noticias de tranporte aereo, turismo, hoteles, gastronomia, actualidad, internacional","potentialAction":[{"@type":"SearchAction","target":{"@type":"EntryPoint","urlTemplate":"https:\/\/aeronoticias.com.pe\/noticiero\/?s={search_term_string}"},"query-input":{"@type":"PropertyValueSpecification","valueRequired":true,"valueName":"search_term_string"}}],"inLanguage":"es"},{"@type":"Person","@id":"https:\/\/aeronoticias.com.pe\/noticiero\/#\/schema\/person\/fc1e5d578f4b62ba1cf7ac2bba1170a0","name":"Redacci\u00f3n Aeronoticias","url":"https:\/\/aeronoticias.com.pe\/noticiero\/author\/piloto\/"}]}},"_links":{"self":[{"href":"https:\/\/aeronoticias.com.pe\/noticiero\/wp-json\/wp\/v2\/posts\/52913","targetHints":{"allow":["GET"]}}],"collection":[{"href":"https:\/\/aeronoticias.com.pe\/noticiero\/wp-json\/wp\/v2\/posts"}],"about":[{"href":"https:\/\/aeronoticias.com.pe\/noticiero\/wp-json\/wp\/v2\/types\/post"}],"author":[{"embeddable":true,"href":"https:\/\/aeronoticias.com.pe\/noticiero\/wp-json\/wp\/v2\/users\/1"}],"replies":[{"embeddable":true,"href":"https:\/\/aeronoticias.com.pe\/noticiero\/wp-json\/wp\/v2\/comments?post=52913"}],"version-history":[{"count":0,"href":"https:\/\/aeronoticias.com.pe\/noticiero\/wp-json\/wp\/v2\/posts\/52913\/revisions"}],"wp:attachment":[{"href":"https:\/\/aeronoticias.com.pe\/noticiero\/wp-json\/wp\/v2\/media?parent=52913"}],"wp:term":[{"taxonomy":"category","embeddable":true,"href":"https:\/\/aeronoticias.com.pe\/noticiero\/wp-json\/wp\/v2\/categories?post=52913"},{"taxonomy":"post_tag","embeddable":true,"href":"https:\/\/aeronoticias.com.pe\/noticiero\/wp-json\/wp\/v2\/tags?post=52913"}],"curies":[{"name":"wp","href":"https:\/\/api.w.org\/{rel}","templated":true}]}}