{"id":52914,"date":"2015-07-01T12:27:20","date_gmt":"2015-07-01T12:27:20","guid":{"rendered":"http:\/\/desarrollo.mcvicious.com\/aero2020\/2015\/07\/01\/copa-airlines-anuncia-nueva-ruta-entre-panama-y-villahermosa-desde-agosto\/"},"modified":"2015-07-01T12:27:20","modified_gmt":"2015-07-01T12:27:20","slug":"copa-airlines-anuncia-nueva-ruta-entre-panama-y-villahermosa-desde-agosto","status":"publish","type":"post","link":"https:\/\/aeronoticias.com.pe\/noticiero\/transporte-aereo\/internacional\/copa-airlines-anuncia-nueva-ruta-entre-panama-y-villahermosa-desde-agosto\/","title":{"rendered":"Copa Airlines anuncia nueva ruta entre Panam\u00e1 y Villahermosa desde agosto"},"content":{"rendered":"<p style=\"text-align: justify;\"><strong>(Aeronoticias)<\/strong>.-\u00a0Copa Airlines inaugura -el pr\u00f3ximo 3 de agosto- la nueva ruta entre Panam\u00e1 y Villahermosa en M\u00e9xico, una de las capitales energ\u00e9ticas en el mundo. Con este nuevo vuelo, que operar\u00e1 cuatro veces por semana.<\/p>\n<p style=\"text-align: justify;\">Con Villahermosa son seis los destinos que Copa Airlines sirve en M\u00e9xico: M\u00e9xico DF, Canc\u00fan, Guadalajara, Monterrey y Puebla, ruta que tambi\u00e9n se inaugurar\u00e1 el 4 de agosto de este a\u00f1o. Esta amplia cobertura le permite a Copa Airlines consolidarse como una de las aerol\u00edneas l\u00edderes en conectividad hacia M\u00e9xico, con m\u00e1s de 100 frecuencias semanales.<\/p>\n<p style=\"text-align: justify;\">\u201cEl compromiso de Copa Airlines es continuar fortaleciendo la oferta de valor para todos sus clientes, la cual se centra en ofrecer un mayor n\u00famero de alternativas en destinos internacionales con potencial tur\u00edstico y comercial, como es el caso de Villahermosa\u201d, enfatiz\u00f3 Roberto Pulido, Gerente General de Copa Airlines en Venezuela.<\/p>\n<p style=\"text-align: justify;\">Fuente: <strong><em><span style=\"text-decoration: underline;\">Aviaci\u00f3n al d\u00eda<\/span><\/em><\/strong>.<\/p>\n<p style=\"text-align: justify;\"><img decoding=\"async\" src=\"http:\/\/4.bp.blogspot.com\/-YHpJwfr6q2I\/VZMAwpYfCbI\/AAAAAAAAn40\/BMqYv-UVyoU\/s1600\/Copa%2BAirlines.png\" border=\"0\" \/><\/p>\n","protected":false},"excerpt":{"rendered":"<p>(Aeronoticias).-\u00a0Copa Airlines inaugura -el pr\u00f3ximo 3 de agosto- la nueva ruta entre Panam\u00e1 y Villahermosa en M\u00e9xico, una de las capitales energ\u00e9ticas en el mundo. Con este nuevo vuelo, que operar\u00e1 cuatro veces por semana. Con Villahermosa son seis los destinos que Copa Airlines sirve en M\u00e9xico: M\u00e9xico DF, Canc\u00fan, Guadalajara, Monterrey y Puebla, ruta [&hellip;]<\/p>\n","protected":false},"author":1,"featured_media":0,"comment_status":"open","ping_status":"open","sticky":false,"template":"","format":"standard","meta":{"tdm_status":"","tdm_grid_status":"","footnotes":""},"categories":[32],"tags":[],"class_list":{"0":"post-52914","1":"post","2":"type-post","3":"status-publish","4":"format-standard","6":"category-internacional"},"yoast_head":"<!-- This site is optimized with the Yoast SEO plugin v25.1 - https:\/\/yoast.com\/wordpress\/plugins\/seo\/ -->\n<title>Copa Airlines anuncia nueva ruta entre Panam\u00e1 y Villahermosa desde agosto<\/title>\n<meta name=\"description\" content=\"Portal de noticias del Per\u00fa sobre el transporte a\u00e9reo, aviaci\u00f3n, turismo, hoteleria, actualidad.\" \/>\n<meta name=\"robots\" content=\"index, follow, max-snippet:-1, max-image-preview:large, max-video-preview:-1\" \/>\n<link rel=\"canonical\" href=\"https:\/\/aeronoticias.com.pe\/noticiero\/transporte-aereo\/internacional\/copa-airlines-anuncia-nueva-ruta-entre-panama-y-villahermosa-desde-agosto\/\" \/>\n<meta property=\"og:locale\" content=\"es_ES\" \/>\n<meta property=\"og:type\" content=\"article\" \/>\n<meta property=\"og:title\" content=\"Copa Airlines anuncia nueva ruta entre Panam\u00e1 y Villahermosa desde agosto\" \/>\n<meta property=\"og:description\" content=\"Portal de noticias del Per\u00fa sobre el transporte a\u00e9reo, aviaci\u00f3n, turismo, hoteleria, actualidad.\" \/>\n<meta property=\"og:url\" content=\"https:\/\/aeronoticias.com.pe\/noticiero\/transporte-aereo\/internacional\/copa-airlines-anuncia-nueva-ruta-entre-panama-y-villahermosa-desde-agosto\/\" \/>\n<meta property=\"og:site_name\" content=\"Aeronoticias.com.pe\" \/>\n<meta property=\"article:publisher\" content=\"https:\/\/www.facebook.com\/Aeronoticias.com.pe\/\" \/>\n<meta property=\"article:published_time\" content=\"2015-07-01T12:27:20+00:00\" \/>\n<meta property=\"og:image\" content=\"http:\/\/4.bp.blogspot.com\/-YHpJwfr6q2I\/VZMAwpYfCbI\/AAAAAAAAn40\/BMqYv-UVyoU\/s1600\/Copa%2BAirlines.png\" \/>\n<meta name=\"author\" content=\"Redacci\u00f3n Aeronoticias\" \/>\n<meta name=\"twitter:card\" content=\"summary_large_image\" \/>\n<meta name=\"twitter:creator\" content=\"@aeronoticias\" \/>\n<meta name=\"twitter:site\" content=\"@aeronoticias\" \/>\n<meta name=\"twitter:label1\" content=\"Escrito por\" \/>\n\t<meta name=\"twitter:data1\" content=\"Redacci\u00f3n Aeronoticias\" \/>\n\t<meta name=\"twitter:label2\" content=\"Tiempo de lectura\" \/>\n\t<meta name=\"twitter:data2\" content=\"1 minuto\" \/>\n<script type=\"application\/ld+json\" class=\"yoast-schema-graph\">{\"@context\":\"https:\/\/schema.org\",\"@graph\":[{\"@type\":\"WebPage\",\"@id\":\"https:\/\/aeronoticias.com.pe\/noticiero\/transporte-aereo\/internacional\/copa-airlines-anuncia-nueva-ruta-entre-panama-y-villahermosa-desde-agosto\/\",\"url\":\"https:\/\/aeronoticias.com.pe\/noticiero\/transporte-aereo\/internacional\/copa-airlines-anuncia-nueva-ruta-entre-panama-y-villahermosa-desde-agosto\/\",\"name\":\"Copa Airlines anuncia nueva ruta entre Panam\u00e1 y Villahermosa desde agosto\",\"isPartOf\":{\"@id\":\"https:\/\/aeronoticias.com.pe\/noticiero\/#website\"},\"primaryImageOfPage\":{\"@id\":\"https:\/\/aeronoticias.com.pe\/noticiero\/transporte-aereo\/internacional\/copa-airlines-anuncia-nueva-ruta-entre-panama-y-villahermosa-desde-agosto\/#primaryimage\"},\"image\":{\"@id\":\"https:\/\/aeronoticias.com.pe\/noticiero\/transporte-aereo\/internacional\/copa-airlines-anuncia-nueva-ruta-entre-panama-y-villahermosa-desde-agosto\/#primaryimage\"},\"thumbnailUrl\":\"http:\/\/4.bp.blogspot.com\/-YHpJwfr6q2I\/VZMAwpYfCbI\/AAAAAAAAn40\/BMqYv-UVyoU\/s1600\/Copa%2BAirlines.png\",\"datePublished\":\"2015-07-01T12:27:20+00:00\",\"author\":{\"@id\":\"https:\/\/aeronoticias.com.pe\/noticiero\/#\/schema\/person\/fc1e5d578f4b62ba1cf7ac2bba1170a0\"},\"description\":\"Portal de noticias del Per\u00fa sobre el transporte a\u00e9reo, aviaci\u00f3n, turismo, hoteleria, actualidad.\",\"breadcrumb\":{\"@id\":\"https:\/\/aeronoticias.com.pe\/noticiero\/transporte-aereo\/internacional\/copa-airlines-anuncia-nueva-ruta-entre-panama-y-villahermosa-desde-agosto\/#breadcrumb\"},\"inLanguage\":\"es\",\"potentialAction\":[{\"@type\":\"ReadAction\",\"target\":[\"https:\/\/aeronoticias.com.pe\/noticiero\/transporte-aereo\/internacional\/copa-airlines-anuncia-nueva-ruta-entre-panama-y-villahermosa-desde-agosto\/\"]}]},{\"@type\":\"ImageObject\",\"inLanguage\":\"es\",\"@id\":\"https:\/\/aeronoticias.com.pe\/noticiero\/transporte-aereo\/internacional\/copa-airlines-anuncia-nueva-ruta-entre-panama-y-villahermosa-desde-agosto\/#primaryimage\",\"url\":\"http:\/\/4.bp.blogspot.com\/-YHpJwfr6q2I\/VZMAwpYfCbI\/AAAAAAAAn40\/BMqYv-UVyoU\/s1600\/Copa%2BAirlines.png\",\"contentUrl\":\"http:\/\/4.bp.blogspot.com\/-YHpJwfr6q2I\/VZMAwpYfCbI\/AAAAAAAAn40\/BMqYv-UVyoU\/s1600\/Copa%2BAirlines.png\"},{\"@type\":\"BreadcrumbList\",\"@id\":\"https:\/\/aeronoticias.com.pe\/noticiero\/transporte-aereo\/internacional\/copa-airlines-anuncia-nueva-ruta-entre-panama-y-villahermosa-desde-agosto\/#breadcrumb\",\"itemListElement\":[{\"@type\":\"ListItem\",\"position\":1,\"name\":\"Portada\",\"item\":\"https:\/\/aeronoticias.com.pe\/noticiero\/\"},{\"@type\":\"ListItem\",\"position\":2,\"name\":\"Copa Airlines anuncia nueva ruta entre Panam\u00e1 y Villahermosa desde agosto\"}]},{\"@type\":\"WebSite\",\"@id\":\"https:\/\/aeronoticias.com.pe\/noticiero\/#website\",\"url\":\"https:\/\/aeronoticias.com.pe\/noticiero\/\",\"name\":\"Aeronoticias.com.pe\",\"description\":\"Noticias de tranporte aereo, turismo, hoteles, gastronomia, actualidad, internacional\",\"potentialAction\":[{\"@type\":\"SearchAction\",\"target\":{\"@type\":\"EntryPoint\",\"urlTemplate\":\"https:\/\/aeronoticias.com.pe\/noticiero\/?s={search_term_string}\"},\"query-input\":{\"@type\":\"PropertyValueSpecification\",\"valueRequired\":true,\"valueName\":\"search_term_string\"}}],\"inLanguage\":\"es\"},{\"@type\":\"Person\",\"@id\":\"https:\/\/aeronoticias.com.pe\/noticiero\/#\/schema\/person\/fc1e5d578f4b62ba1cf7ac2bba1170a0\",\"name\":\"Redacci\u00f3n Aeronoticias\",\"url\":\"https:\/\/aeronoticias.com.pe\/noticiero\/author\/piloto\/\"}]}<\/script>\n<!-- \/ Yoast SEO plugin. -->","yoast_head_json":{"title":"Copa Airlines anuncia nueva ruta entre Panam\u00e1 y Villahermosa desde agosto","description":"Portal de noticias del Per\u00fa sobre el transporte a\u00e9reo, aviaci\u00f3n, turismo, hoteleria, actualidad.","robots":{"index":"index","follow":"follow","max-snippet":"max-snippet:-1","max-image-preview":"max-image-preview:large","max-video-preview":"max-video-preview:-1"},"canonical":"https:\/\/aeronoticias.com.pe\/noticiero\/transporte-aereo\/internacional\/copa-airlines-anuncia-nueva-ruta-entre-panama-y-villahermosa-desde-agosto\/","og_locale":"es_ES","og_type":"article","og_title":"Copa Airlines anuncia nueva ruta entre Panam\u00e1 y Villahermosa desde agosto","og_description":"Portal de noticias del Per\u00fa sobre el transporte a\u00e9reo, aviaci\u00f3n, turismo, hoteleria, actualidad.","og_url":"https:\/\/aeronoticias.com.pe\/noticiero\/transporte-aereo\/internacional\/copa-airlines-anuncia-nueva-ruta-entre-panama-y-villahermosa-desde-agosto\/","og_site_name":"Aeronoticias.com.pe","article_publisher":"https:\/\/www.facebook.com\/Aeronoticias.com.pe\/","article_published_time":"2015-07-01T12:27:20+00:00","og_image":[{"url":"http:\/\/4.bp.blogspot.com\/-YHpJwfr6q2I\/VZMAwpYfCbI\/AAAAAAAAn40\/BMqYv-UVyoU\/s1600\/Copa%2BAirlines.png","type":"","width":"","height":""}],"author":"Redacci\u00f3n Aeronoticias","twitter_card":"summary_large_image","twitter_creator":"@aeronoticias","twitter_site":"@aeronoticias","twitter_misc":{"Escrito por":"Redacci\u00f3n Aeronoticias","Tiempo de lectura":"1 minuto"},"schema":{"@context":"https:\/\/schema.org","@graph":[{"@type":"WebPage","@id":"https:\/\/aeronoticias.com.pe\/noticiero\/transporte-aereo\/internacional\/copa-airlines-anuncia-nueva-ruta-entre-panama-y-villahermosa-desde-agosto\/","url":"https:\/\/aeronoticias.com.pe\/noticiero\/transporte-aereo\/internacional\/copa-airlines-anuncia-nueva-ruta-entre-panama-y-villahermosa-desde-agosto\/","name":"Copa Airlines anuncia nueva ruta entre Panam\u00e1 y Villahermosa desde agosto","isPartOf":{"@id":"https:\/\/aeronoticias.com.pe\/noticiero\/#website"},"primaryImageOfPage":{"@id":"https:\/\/aeronoticias.com.pe\/noticiero\/transporte-aereo\/internacional\/copa-airlines-anuncia-nueva-ruta-entre-panama-y-villahermosa-desde-agosto\/#primaryimage"},"image":{"@id":"https:\/\/aeronoticias.com.pe\/noticiero\/transporte-aereo\/internacional\/copa-airlines-anuncia-nueva-ruta-entre-panama-y-villahermosa-desde-agosto\/#primaryimage"},"thumbnailUrl":"http:\/\/4.bp.blogspot.com\/-YHpJwfr6q2I\/VZMAwpYfCbI\/AAAAAAAAn40\/BMqYv-UVyoU\/s1600\/Copa%2BAirlines.png","datePublished":"2015-07-01T12:27:20+00:00","author":{"@id":"https:\/\/aeronoticias.com.pe\/noticiero\/#\/schema\/person\/fc1e5d578f4b62ba1cf7ac2bba1170a0"},"description":"Portal de noticias del Per\u00fa sobre el transporte a\u00e9reo, aviaci\u00f3n, turismo, hoteleria, actualidad.","breadcrumb":{"@id":"https:\/\/aeronoticias.com.pe\/noticiero\/transporte-aereo\/internacional\/copa-airlines-anuncia-nueva-ruta-entre-panama-y-villahermosa-desde-agosto\/#breadcrumb"},"inLanguage":"es","potentialAction":[{"@type":"ReadAction","target":["https:\/\/aeronoticias.com.pe\/noticiero\/transporte-aereo\/internacional\/copa-airlines-anuncia-nueva-ruta-entre-panama-y-villahermosa-desde-agosto\/"]}]},{"@type":"ImageObject","inLanguage":"es","@id":"https:\/\/aeronoticias.com.pe\/noticiero\/transporte-aereo\/internacional\/copa-airlines-anuncia-nueva-ruta-entre-panama-y-villahermosa-desde-agosto\/#primaryimage","url":"http:\/\/4.bp.blogspot.com\/-YHpJwfr6q2I\/VZMAwpYfCbI\/AAAAAAAAn40\/BMqYv-UVyoU\/s1600\/Copa%2BAirlines.png","contentUrl":"http:\/\/4.bp.blogspot.com\/-YHpJwfr6q2I\/VZMAwpYfCbI\/AAAAAAAAn40\/BMqYv-UVyoU\/s1600\/Copa%2BAirlines.png"},{"@type":"BreadcrumbList","@id":"https:\/\/aeronoticias.com.pe\/noticiero\/transporte-aereo\/internacional\/copa-airlines-anuncia-nueva-ruta-entre-panama-y-villahermosa-desde-agosto\/#breadcrumb","itemListElement":[{"@type":"ListItem","position":1,"name":"Portada","item":"https:\/\/aeronoticias.com.pe\/noticiero\/"},{"@type":"ListItem","position":2,"name":"Copa Airlines anuncia nueva ruta entre Panam\u00e1 y Villahermosa desde agosto"}]},{"@type":"WebSite","@id":"https:\/\/aeronoticias.com.pe\/noticiero\/#website","url":"https:\/\/aeronoticias.com.pe\/noticiero\/","name":"Aeronoticias.com.pe","description":"Noticias de tranporte aereo, turismo, hoteles, gastronomia, actualidad, internacional","potentialAction":[{"@type":"SearchAction","target":{"@type":"EntryPoint","urlTemplate":"https:\/\/aeronoticias.com.pe\/noticiero\/?s={search_term_string}"},"query-input":{"@type":"PropertyValueSpecification","valueRequired":true,"valueName":"search_term_string"}}],"inLanguage":"es"},{"@type":"Person","@id":"https:\/\/aeronoticias.com.pe\/noticiero\/#\/schema\/person\/fc1e5d578f4b62ba1cf7ac2bba1170a0","name":"Redacci\u00f3n Aeronoticias","url":"https:\/\/aeronoticias.com.pe\/noticiero\/author\/piloto\/"}]}},"_links":{"self":[{"href":"https:\/\/aeronoticias.com.pe\/noticiero\/wp-json\/wp\/v2\/posts\/52914","targetHints":{"allow":["GET"]}}],"collection":[{"href":"https:\/\/aeronoticias.com.pe\/noticiero\/wp-json\/wp\/v2\/posts"}],"about":[{"href":"https:\/\/aeronoticias.com.pe\/noticiero\/wp-json\/wp\/v2\/types\/post"}],"author":[{"embeddable":true,"href":"https:\/\/aeronoticias.com.pe\/noticiero\/wp-json\/wp\/v2\/users\/1"}],"replies":[{"embeddable":true,"href":"https:\/\/aeronoticias.com.pe\/noticiero\/wp-json\/wp\/v2\/comments?post=52914"}],"version-history":[{"count":0,"href":"https:\/\/aeronoticias.com.pe\/noticiero\/wp-json\/wp\/v2\/posts\/52914\/revisions"}],"wp:attachment":[{"href":"https:\/\/aeronoticias.com.pe\/noticiero\/wp-json\/wp\/v2\/media?parent=52914"}],"wp:term":[{"taxonomy":"category","embeddable":true,"href":"https:\/\/aeronoticias.com.pe\/noticiero\/wp-json\/wp\/v2\/categories?post=52914"},{"taxonomy":"post_tag","embeddable":true,"href":"https:\/\/aeronoticias.com.pe\/noticiero\/wp-json\/wp\/v2\/tags?post=52914"}],"curies":[{"name":"wp","href":"https:\/\/api.w.org\/{rel}","templated":true}]}}