{"id":52937,"date":"2015-07-03T16:55:15","date_gmt":"2015-07-03T16:55:15","guid":{"rendered":"http:\/\/desarrollo.mcvicious.com\/aero2020\/2015\/07\/03\/airbus-y-sus-socios-chinos-cierran-un-acuerdo-de-cooperacion-en-aviones-cabina-ancha\/"},"modified":"2015-07-03T16:55:15","modified_gmt":"2015-07-03T16:55:15","slug":"airbus-y-sus-socios-chinos-cierran-un-acuerdo-de-cooperacion-en-aviones-cabina-ancha","status":"publish","type":"post","link":"https:\/\/aeronoticias.com.pe\/noticiero\/transporte-aereo\/internacional\/airbus-y-sus-socios-chinos-cierran-un-acuerdo-de-cooperacion-en-aviones-cabina-ancha\/","title":{"rendered":"Airbus y sus socios chinos cierran un acuerdo de cooperaci\u00f3n en aviones cabina ancha"},"content":{"rendered":"<p style=\"text-align: justify;\"><strong>(Aeronoticias) <\/strong><span style=\"font-size: 12.1599998474121px; line-height: 1.3em;\">Airbus y sus socios chinos, la empresa Tianjin Free Trade Zone Investment Company Ltd. (TJFTZ) y Aviation Industry Corporation of China (AVIC), han firmado un acuerdo marco para el establecimiento de un Centro de Acabado y Entregas (C&amp;DC) del Airbus A330 en Tianj\u00edn, China, lo que supone un avance m\u00e1s en la colaboraci\u00f3n entre Airbus y China tras el \u00e9xito obtenido con la instalaci\u00f3n de una cadena de montaje final y centro de entregas para la Familia A320 en la ciudad china.<\/span><\/p>\n<p style=\"text-align: justify;\"><span style=\"font-size: 12.1599998474121px; line-height: 1.3em;\">El acuerdo ha sido firmado por Fabrice Br\u00e9gier, presidente y CEO de Airbus, y Yang Bing, presidente de TJFTZ y Pang Zhen, vicepresidente de Aviones Comerciales de AVIC, por parte china. La firma ha tenido lugar en presencia del primer ministro chino Li Keqiang, y el primer ministro franc\u00e9s, Manuel Valls, durante una visita a las instalaciones de Airbus en Toulouse, despu\u00e9s de haber presidido el Europe-China Economic Forum en la ciudad francesa.<\/span><\/p>\n<p style=\"text-align: justify;\"><span style=\"font-size: 12.1599998474121px; line-height: 1.3em;\">El acuerdo marco constituye una ratificaci\u00f3n de la carta de intenciones firmada por las tres partes el a\u00f1o pasado.<\/span><\/p>\n<p style=\"text-align: justify;\"><span style=\"font-size: 12.1599998474121px; line-height: 1.3em;\">\u201cSobre la base de la exitosa cooperaci\u00f3n que ya tenemos con China, puesta de relieve por la cadena de montaje final de la Familia A320 de Tianj\u00edn, nuestra alianza sigue fortaleci\u00e9ndose y expandi\u00e9ndose. La firma de este acuerdo marco sobre el Centro de Acabado y Entregas del A330 abrir\u00e1 un nuevo cap\u00edtulo en la cooperaci\u00f3n estrat\u00e9gica con China en los aviones de cabina ancha. Juntos desarrollaremos nuevas instalaciones y capacidades y atraeremos a nuevos proveedores y empresas en China\u201d, ha afirmado Fabrice Br\u00e9gier, presidente y CEO de Airbus.<\/span><\/p>\n<p style=\"text-align: justify;\"><span style=\"font-size: 12.1599998474121px; line-height: 1.3em;\">El centro de acabado y entregas del A330 de Tianj\u00edn se situar\u00e1 cerca de donde se encuentra ubicada la cadena de montaje final del Airbus A320 de Tianj\u00edn. El nuevo centro cubrir\u00e1 las actividades de acabado del avi\u00f3n, incluida su recepci\u00f3n, instalaci\u00f3n de la cabina, pintura, arranque de los motores y ensayos en vuelo, as\u00ed como la entrega del avi\u00f3n y la aceptaci\u00f3n de vuelo por parte del cliente.<\/span><\/p>\n<p style=\"text-align: justify;\"><span style=\"font-size: 12.1599998474121px; line-height: 1.3em;\">Conforme al proyecto, la Familia A330 que se complete en el Centro de Acabado y Entregas del A330 de Tianj\u00edn se montar\u00e1 en Toulouse, para volar al C&amp;DC de Tianjin donde se pintar\u00e1 el avi\u00f3n y equipar\u00e1 totalmente la cabina de pasajeros para su posterior entrega.<\/span><\/p>\n<p style=\"text-align: justify;\"><span style=\"font-size: 12.1599998474121px; line-height: 1.3em;\">Durante el evento, Airbus y AVIC han firmado tambi\u00e9n una carta de intenciones (LoI) sobre un acuerdo marco para el desarrollo y provisi\u00f3n de cabina con Zhejiang Xizi Aerospace Fastener Co., Ltd, para el dise\u00f1o, desarrollo, fabricaci\u00f3n y suministro de abrazaderas.<\/span><\/p>\n<p style=\"text-align: justify;\"><span style=\"font-size: 12.1599998474121px; line-height: 1.3em;\">Actualmente, la flota de aviones Airbus en servicio con operadores chinos est\u00e1 compuesta por m\u00e1s de 1.150 aviones (m\u00e1s de 150 de la Familia A330 y m\u00e1s de 980 de la Familia A320). En los 20 a\u00f1os que van desde 2014 a 2033, Airbus prev\u00e9 una demanda por parte de China de m\u00e1s de 5.300 nuevos aviones comerciales de m\u00e1s de 100 plazas y cargueros.<\/span><\/p>\n<p><span style=\"font-size: 12.1599998474121px; line-height: 1.3em;\"><strong><em>Fuente: Airbus<\/em><\/strong><\/span><\/p>\n<p><span style=\"font-size: 12.1599998474121px; line-height: 1.3em;\"><strong><em><img decoding=\"async\" src=\"images\/stories\/15\/07\/030715\/airbuscentre.jpg\" border=\"0\" \/><br \/><\/em><\/strong><\/span><\/p>\n","protected":false},"excerpt":{"rendered":"<p>(Aeronoticias) Airbus y sus socios chinos, la empresa Tianjin Free Trade Zone Investment Company Ltd. (TJFTZ) y Aviation Industry Corporation of China (AVIC), han firmado un acuerdo marco para el establecimiento de un Centro de Acabado y Entregas (C&amp;DC) del Airbus A330 en Tianj\u00edn, China, lo que supone un avance m\u00e1s en la colaboraci\u00f3n entre [&hellip;]<\/p>\n","protected":false},"author":1,"featured_media":0,"comment_status":"open","ping_status":"open","sticky":false,"template":"","format":"standard","meta":{"tdm_status":"","tdm_grid_status":"","footnotes":""},"categories":[32],"tags":[],"class_list":{"0":"post-52937","1":"post","2":"type-post","3":"status-publish","4":"format-standard","6":"category-internacional"},"yoast_head":"<!-- This site is optimized with the Yoast SEO plugin v25.1 - https:\/\/yoast.com\/wordpress\/plugins\/seo\/ -->\n<title>Airbus y sus socios chinos cierran un acuerdo de cooperaci\u00f3n en aviones cabina ancha<\/title>\n<meta name=\"description\" content=\"Portal de noticias del Per\u00fa sobre el transporte a\u00e9reo, aviaci\u00f3n, turismo, hoteleria, actualidad.\" \/>\n<meta name=\"robots\" content=\"index, follow, max-snippet:-1, max-image-preview:large, max-video-preview:-1\" \/>\n<link rel=\"canonical\" href=\"https:\/\/aeronoticias.com.pe\/noticiero\/transporte-aereo\/internacional\/airbus-y-sus-socios-chinos-cierran-un-acuerdo-de-cooperacion-en-aviones-cabina-ancha\/\" \/>\n<meta property=\"og:locale\" content=\"es_ES\" \/>\n<meta property=\"og:type\" content=\"article\" \/>\n<meta property=\"og:title\" content=\"Airbus y sus socios chinos cierran un acuerdo de cooperaci\u00f3n en aviones cabina ancha\" \/>\n<meta property=\"og:description\" content=\"Portal de noticias del Per\u00fa sobre el transporte a\u00e9reo, aviaci\u00f3n, turismo, hoteleria, actualidad.\" \/>\n<meta property=\"og:url\" content=\"https:\/\/aeronoticias.com.pe\/noticiero\/transporte-aereo\/internacional\/airbus-y-sus-socios-chinos-cierran-un-acuerdo-de-cooperacion-en-aviones-cabina-ancha\/\" \/>\n<meta property=\"og:site_name\" content=\"Aeronoticias.com.pe\" \/>\n<meta property=\"article:publisher\" content=\"https:\/\/www.facebook.com\/Aeronoticias.com.pe\/\" \/>\n<meta property=\"article:published_time\" content=\"2015-07-03T16:55:15+00:00\" \/>\n<meta name=\"author\" content=\"Redacci\u00f3n Aeronoticias\" \/>\n<meta name=\"twitter:card\" content=\"summary_large_image\" \/>\n<meta name=\"twitter:creator\" content=\"@aeronoticias\" \/>\n<meta name=\"twitter:site\" content=\"@aeronoticias\" \/>\n<meta name=\"twitter:label1\" content=\"Escrito por\" \/>\n\t<meta name=\"twitter:data1\" content=\"Redacci\u00f3n Aeronoticias\" \/>\n\t<meta name=\"twitter:label2\" content=\"Tiempo de lectura\" \/>\n\t<meta name=\"twitter:data2\" content=\"3 minutos\" \/>\n<script type=\"application\/ld+json\" class=\"yoast-schema-graph\">{\"@context\":\"https:\/\/schema.org\",\"@graph\":[{\"@type\":\"WebPage\",\"@id\":\"https:\/\/aeronoticias.com.pe\/noticiero\/transporte-aereo\/internacional\/airbus-y-sus-socios-chinos-cierran-un-acuerdo-de-cooperacion-en-aviones-cabina-ancha\/\",\"url\":\"https:\/\/aeronoticias.com.pe\/noticiero\/transporte-aereo\/internacional\/airbus-y-sus-socios-chinos-cierran-un-acuerdo-de-cooperacion-en-aviones-cabina-ancha\/\",\"name\":\"Airbus y sus socios chinos cierran un acuerdo de cooperaci\u00f3n en aviones cabina ancha\",\"isPartOf\":{\"@id\":\"https:\/\/aeronoticias.com.pe\/noticiero\/#website\"},\"datePublished\":\"2015-07-03T16:55:15+00:00\",\"author\":{\"@id\":\"https:\/\/aeronoticias.com.pe\/noticiero\/#\/schema\/person\/fc1e5d578f4b62ba1cf7ac2bba1170a0\"},\"description\":\"Portal de noticias del Per\u00fa sobre el transporte a\u00e9reo, aviaci\u00f3n, turismo, hoteleria, actualidad.\",\"breadcrumb\":{\"@id\":\"https:\/\/aeronoticias.com.pe\/noticiero\/transporte-aereo\/internacional\/airbus-y-sus-socios-chinos-cierran-un-acuerdo-de-cooperacion-en-aviones-cabina-ancha\/#breadcrumb\"},\"inLanguage\":\"es\",\"potentialAction\":[{\"@type\":\"ReadAction\",\"target\":[\"https:\/\/aeronoticias.com.pe\/noticiero\/transporte-aereo\/internacional\/airbus-y-sus-socios-chinos-cierran-un-acuerdo-de-cooperacion-en-aviones-cabina-ancha\/\"]}]},{\"@type\":\"BreadcrumbList\",\"@id\":\"https:\/\/aeronoticias.com.pe\/noticiero\/transporte-aereo\/internacional\/airbus-y-sus-socios-chinos-cierran-un-acuerdo-de-cooperacion-en-aviones-cabina-ancha\/#breadcrumb\",\"itemListElement\":[{\"@type\":\"ListItem\",\"position\":1,\"name\":\"Portada\",\"item\":\"https:\/\/aeronoticias.com.pe\/noticiero\/\"},{\"@type\":\"ListItem\",\"position\":2,\"name\":\"Airbus y sus socios chinos cierran un acuerdo de cooperaci\u00f3n en aviones cabina ancha\"}]},{\"@type\":\"WebSite\",\"@id\":\"https:\/\/aeronoticias.com.pe\/noticiero\/#website\",\"url\":\"https:\/\/aeronoticias.com.pe\/noticiero\/\",\"name\":\"Aeronoticias.com.pe\",\"description\":\"Noticias de tranporte aereo, turismo, hoteles, gastronomia, actualidad, internacional\",\"potentialAction\":[{\"@type\":\"SearchAction\",\"target\":{\"@type\":\"EntryPoint\",\"urlTemplate\":\"https:\/\/aeronoticias.com.pe\/noticiero\/?s={search_term_string}\"},\"query-input\":{\"@type\":\"PropertyValueSpecification\",\"valueRequired\":true,\"valueName\":\"search_term_string\"}}],\"inLanguage\":\"es\"},{\"@type\":\"Person\",\"@id\":\"https:\/\/aeronoticias.com.pe\/noticiero\/#\/schema\/person\/fc1e5d578f4b62ba1cf7ac2bba1170a0\",\"name\":\"Redacci\u00f3n Aeronoticias\",\"url\":\"https:\/\/aeronoticias.com.pe\/noticiero\/author\/piloto\/\"}]}<\/script>\n<!-- \/ Yoast SEO plugin. -->","yoast_head_json":{"title":"Airbus y sus socios chinos cierran un acuerdo de cooperaci\u00f3n en aviones cabina ancha","description":"Portal de noticias del Per\u00fa sobre el transporte a\u00e9reo, aviaci\u00f3n, turismo, hoteleria, actualidad.","robots":{"index":"index","follow":"follow","max-snippet":"max-snippet:-1","max-image-preview":"max-image-preview:large","max-video-preview":"max-video-preview:-1"},"canonical":"https:\/\/aeronoticias.com.pe\/noticiero\/transporte-aereo\/internacional\/airbus-y-sus-socios-chinos-cierran-un-acuerdo-de-cooperacion-en-aviones-cabina-ancha\/","og_locale":"es_ES","og_type":"article","og_title":"Airbus y sus socios chinos cierran un acuerdo de cooperaci\u00f3n en aviones cabina ancha","og_description":"Portal de noticias del Per\u00fa sobre el transporte a\u00e9reo, aviaci\u00f3n, turismo, hoteleria, actualidad.","og_url":"https:\/\/aeronoticias.com.pe\/noticiero\/transporte-aereo\/internacional\/airbus-y-sus-socios-chinos-cierran-un-acuerdo-de-cooperacion-en-aviones-cabina-ancha\/","og_site_name":"Aeronoticias.com.pe","article_publisher":"https:\/\/www.facebook.com\/Aeronoticias.com.pe\/","article_published_time":"2015-07-03T16:55:15+00:00","author":"Redacci\u00f3n Aeronoticias","twitter_card":"summary_large_image","twitter_creator":"@aeronoticias","twitter_site":"@aeronoticias","twitter_misc":{"Escrito por":"Redacci\u00f3n Aeronoticias","Tiempo de lectura":"3 minutos"},"schema":{"@context":"https:\/\/schema.org","@graph":[{"@type":"WebPage","@id":"https:\/\/aeronoticias.com.pe\/noticiero\/transporte-aereo\/internacional\/airbus-y-sus-socios-chinos-cierran-un-acuerdo-de-cooperacion-en-aviones-cabina-ancha\/","url":"https:\/\/aeronoticias.com.pe\/noticiero\/transporte-aereo\/internacional\/airbus-y-sus-socios-chinos-cierran-un-acuerdo-de-cooperacion-en-aviones-cabina-ancha\/","name":"Airbus y sus socios chinos cierran un acuerdo de cooperaci\u00f3n en aviones cabina ancha","isPartOf":{"@id":"https:\/\/aeronoticias.com.pe\/noticiero\/#website"},"datePublished":"2015-07-03T16:55:15+00:00","author":{"@id":"https:\/\/aeronoticias.com.pe\/noticiero\/#\/schema\/person\/fc1e5d578f4b62ba1cf7ac2bba1170a0"},"description":"Portal de noticias del Per\u00fa sobre el transporte a\u00e9reo, aviaci\u00f3n, turismo, hoteleria, actualidad.","breadcrumb":{"@id":"https:\/\/aeronoticias.com.pe\/noticiero\/transporte-aereo\/internacional\/airbus-y-sus-socios-chinos-cierran-un-acuerdo-de-cooperacion-en-aviones-cabina-ancha\/#breadcrumb"},"inLanguage":"es","potentialAction":[{"@type":"ReadAction","target":["https:\/\/aeronoticias.com.pe\/noticiero\/transporte-aereo\/internacional\/airbus-y-sus-socios-chinos-cierran-un-acuerdo-de-cooperacion-en-aviones-cabina-ancha\/"]}]},{"@type":"BreadcrumbList","@id":"https:\/\/aeronoticias.com.pe\/noticiero\/transporte-aereo\/internacional\/airbus-y-sus-socios-chinos-cierran-un-acuerdo-de-cooperacion-en-aviones-cabina-ancha\/#breadcrumb","itemListElement":[{"@type":"ListItem","position":1,"name":"Portada","item":"https:\/\/aeronoticias.com.pe\/noticiero\/"},{"@type":"ListItem","position":2,"name":"Airbus y sus socios chinos cierran un acuerdo de cooperaci\u00f3n en aviones cabina ancha"}]},{"@type":"WebSite","@id":"https:\/\/aeronoticias.com.pe\/noticiero\/#website","url":"https:\/\/aeronoticias.com.pe\/noticiero\/","name":"Aeronoticias.com.pe","description":"Noticias de tranporte aereo, turismo, hoteles, gastronomia, actualidad, internacional","potentialAction":[{"@type":"SearchAction","target":{"@type":"EntryPoint","urlTemplate":"https:\/\/aeronoticias.com.pe\/noticiero\/?s={search_term_string}"},"query-input":{"@type":"PropertyValueSpecification","valueRequired":true,"valueName":"search_term_string"}}],"inLanguage":"es"},{"@type":"Person","@id":"https:\/\/aeronoticias.com.pe\/noticiero\/#\/schema\/person\/fc1e5d578f4b62ba1cf7ac2bba1170a0","name":"Redacci\u00f3n Aeronoticias","url":"https:\/\/aeronoticias.com.pe\/noticiero\/author\/piloto\/"}]}},"_links":{"self":[{"href":"https:\/\/aeronoticias.com.pe\/noticiero\/wp-json\/wp\/v2\/posts\/52937","targetHints":{"allow":["GET"]}}],"collection":[{"href":"https:\/\/aeronoticias.com.pe\/noticiero\/wp-json\/wp\/v2\/posts"}],"about":[{"href":"https:\/\/aeronoticias.com.pe\/noticiero\/wp-json\/wp\/v2\/types\/post"}],"author":[{"embeddable":true,"href":"https:\/\/aeronoticias.com.pe\/noticiero\/wp-json\/wp\/v2\/users\/1"}],"replies":[{"embeddable":true,"href":"https:\/\/aeronoticias.com.pe\/noticiero\/wp-json\/wp\/v2\/comments?post=52937"}],"version-history":[{"count":0,"href":"https:\/\/aeronoticias.com.pe\/noticiero\/wp-json\/wp\/v2\/posts\/52937\/revisions"}],"wp:attachment":[{"href":"https:\/\/aeronoticias.com.pe\/noticiero\/wp-json\/wp\/v2\/media?parent=52937"}],"wp:term":[{"taxonomy":"category","embeddable":true,"href":"https:\/\/aeronoticias.com.pe\/noticiero\/wp-json\/wp\/v2\/categories?post=52937"},{"taxonomy":"post_tag","embeddable":true,"href":"https:\/\/aeronoticias.com.pe\/noticiero\/wp-json\/wp\/v2\/tags?post=52937"}],"curies":[{"name":"wp","href":"https:\/\/api.w.org\/{rel}","templated":true}]}}