{"id":52940,"date":"2015-07-03T20:28:44","date_gmt":"2015-07-03T20:28:44","guid":{"rendered":"http:\/\/desarrollo.mcvicious.com\/aero2020\/2015\/07\/03\/presidente-humala-inauguro-x-cumbre-alianza-del-pacifico-en-paracas\/"},"modified":"2015-07-03T20:28:44","modified_gmt":"2015-07-03T20:28:44","slug":"presidente-humala-inauguro-x-cumbre-alianza-del-pacifico-en-paracas","status":"publish","type":"post","link":"https:\/\/aeronoticias.com.pe\/noticiero\/politica\/presidente-humala-inauguro-x-cumbre-alianza-del-pacifico-en-paracas\/","title":{"rendered":"Presidente Humala inaugur\u00f3 X cumbre Alianza del Pac\u00edfico en Paracas"},"content":{"rendered":"<p style=\"text-align: justify;\"><strong>(Aeronoticias) <\/strong><span style=\"font-size: 12.1599998474121px; line-height: 1.3em;\">El presidente de la Rep\u00fablica, Ollanta Humala Tasso, inaugur\u00f3 esta noche la X Cumbre de la Alianza del Pac\u00edfico, acto en el que tambi\u00e9n el Per\u00fa asumi\u00f3 la Presidencia Pro Tempore de este bloque de integraci\u00f3n.<\/span><\/p>\n<p style=\"text-align: justify;\"><span style=\"font-size: 12.1599998474121px; line-height: 1.3em;\">La inauguraci\u00f3n de esta cumbre de Jefes de Estado estaba programada para ma\u00f1ana, pero debi\u00f3 adelantarse debido a que el presidente Santos viajar\u00e1 de retorno a su pa\u00eds por los atentados terroristas perpetrados hoy en Bogot\u00e1.<\/span><\/p>\n<p style=\"text-align: justify;\"><span style=\"font-size: 12.1599998474121px; line-height: 1.3em;\">En su intervenci\u00f3n, el presidente Humala dio la bienvenida a los jefes de Estado de Chile, Michelle Bachelet; de M\u00e9xico, Enrique Pe\u00f1a Nieto; y de Colombia, Juan Manuel Santos, y expres\u00f3 su solidaridad con el pueblo \u00a0y el gobierno de Colombia por el mencionado atentado.<\/span><\/p>\n<p style=\"text-align: justify;\"><span style=\"font-size: 12.1599998474121px; line-height: 1.3em;\">Seg\u00fan dijo, todos deben entender que la violencia no conduce a nada y que solo la paz garantiza el desarrollo de los pueblos de Am\u00e9rica Latina.<\/span><\/p>\n<p style=\"text-align: justify;\"><span style=\"font-size: 12.1599998474121px; line-height: 1.3em;\">\u201cEl Per\u00fa se siente regocijado de tener a todos ustedes y mostrar a la comunidad internacional un espacio de integraci\u00f3n profunda como la Alianza del Pac\u00edfico que viene avanzando en pocos a\u00f1os lo que muchos otros espacios no han logrado a\u00fan\u201d, indic\u00f3 en su discurso.<\/span><\/p>\n<p style=\"text-align: justify;\"><span style=\"font-size: 12.1599998474121px; line-height: 1.3em;\">Asimismo, dijo que el Per\u00fa recibe con mucha satisfacci\u00f3n la Presidencia Pro Tempore de la Alianza del Pac\u00edfico, y destac\u00f3 la labor realizada por M\u00e9xico durante el a\u00f1o en que la ejerci\u00f3.<\/span><\/p>\n<p style=\"text-align: justify;\"><span style=\"font-size: 12.1599998474121px; line-height: 1.3em;\">\u201cEl Per\u00fa recibe con mucha satisfacci\u00f3n la posta para asumir este a\u00f1o la Presidencia Pro T\u00e9mpore de la Alianza del Pac\u00edfico; valoramos el esfuerzo hecho por M\u00e9xico este a\u00f1o que nos ha permitido avanzar en una serie de \u00e1reas que permitan mostrar logros completos\u201d, sostuvo.<\/span><\/p>\n<p style=\"text-align: justify;\"><span style=\"font-size: 12.1599998474121px; line-height: 1.3em;\">Asegur\u00f3 que el Per\u00fa se compromete a seguir impulsando este foro de integraci\u00f3n a fin de alcanzar los logros esperados por sus pa\u00edses miembros y sus respectivos pueblos.<\/span><\/p>\n<p style=\"text-align: justify;\"><span style=\"font-size: 12.1599998474121px; line-height: 1.3em;\">Por otro lado, el primer mandatario consider\u00f3 necesario tomar medidas para definir bajo qu\u00e9 criterios la Alianza del Pac\u00edfico recibir\u00e1 a otros pa\u00edses que deseen asociarse.<\/span><\/p>\n<p style=\"text-align: justify;\"><span style=\"font-size: 12.1599998474121px; line-height: 1.3em;\">Entre las tareas pendientes, dijo que los pa\u00edses miembros deben se\u00f1alar metas medibles en saneamiento b\u00e1sico a favor de las poblaciones rurales.<\/span><\/p>\n<p style=\"text-align: justify;\"><span style=\"font-size: 12.1599998474121px; line-height: 1.3em;\">Indic\u00f3 tambi\u00e9n que los empresarios de la regi\u00f3n deben continuar invirtiendo a pesar del contexto negativo de desaceleraci\u00f3n econ\u00f3mica, a fin seguir impulsando el desarrollo de toda la regi\u00f3n.<\/span><\/p>\n<p style=\"text-align: justify;\"><span style=\"font-size: 12.1599998474121px; line-height: 1.3em;\">\u00abEste es un esfuerzo de los cuatro pa\u00edses miembros y los cuerpos legislativos de nuestros pa\u00edses\u00bb, coment\u00f3.<\/span><\/p>\n<p><span style=\"font-size: 12.1599998474121px; line-height: 1.3em;\"><strong><em>Fuente: Andina<\/em><\/strong><\/span><\/p>\n<p><span style=\"font-size: 12.1599998474121px; line-height: 1.3em;\"><strong><em><img decoding=\"async\" src=\"images\/stories\/15\/07\/030715\/humala.jpg\" border=\"0\" \/><br \/><\/em><\/strong><\/span><\/p>\n","protected":false},"excerpt":{"rendered":"<p>(Aeronoticias) El presidente de la Rep\u00fablica, Ollanta Humala Tasso, inaugur\u00f3 esta noche la X Cumbre de la Alianza del Pac\u00edfico, acto en el que tambi\u00e9n el Per\u00fa asumi\u00f3 la Presidencia Pro Tempore de este bloque de integraci\u00f3n. La inauguraci\u00f3n de esta cumbre de Jefes de Estado estaba programada para ma\u00f1ana, pero debi\u00f3 adelantarse debido a [&hellip;]<\/p>\n","protected":false},"author":1,"featured_media":0,"comment_status":"open","ping_status":"open","sticky":false,"template":"","format":"standard","meta":{"tdm_status":"","tdm_grid_status":"","footnotes":""},"categories":[36],"tags":[],"class_list":{"0":"post-52940","1":"post","2":"type-post","3":"status-publish","4":"format-standard","6":"category-politica"},"yoast_head":"<!-- This site is optimized with the Yoast SEO plugin v25.1 - https:\/\/yoast.com\/wordpress\/plugins\/seo\/ -->\n<title>Presidente Humala inaugur\u00f3 X cumbre Alianza del Pac\u00edfico en Paracas<\/title>\n<meta name=\"description\" content=\"Portal de noticias del Per\u00fa sobre el transporte a\u00e9reo, aviaci\u00f3n, turismo, hoteleria, actualidad.\" \/>\n<meta name=\"robots\" content=\"index, follow, max-snippet:-1, max-image-preview:large, max-video-preview:-1\" \/>\n<link rel=\"canonical\" href=\"https:\/\/aeronoticias.com.pe\/noticiero\/politica\/presidente-humala-inauguro-x-cumbre-alianza-del-pacifico-en-paracas\/\" \/>\n<meta property=\"og:locale\" content=\"es_ES\" \/>\n<meta property=\"og:type\" content=\"article\" \/>\n<meta property=\"og:title\" content=\"Presidente Humala inaugur\u00f3 X cumbre Alianza del Pac\u00edfico en Paracas\" \/>\n<meta property=\"og:description\" content=\"Portal de noticias del Per\u00fa sobre el transporte a\u00e9reo, aviaci\u00f3n, turismo, hoteleria, actualidad.\" \/>\n<meta property=\"og:url\" content=\"https:\/\/aeronoticias.com.pe\/noticiero\/politica\/presidente-humala-inauguro-x-cumbre-alianza-del-pacifico-en-paracas\/\" \/>\n<meta property=\"og:site_name\" content=\"Aeronoticias.com.pe\" \/>\n<meta property=\"article:publisher\" content=\"https:\/\/www.facebook.com\/Aeronoticias.com.pe\/\" \/>\n<meta property=\"article:published_time\" content=\"2015-07-03T20:28:44+00:00\" \/>\n<meta name=\"author\" content=\"Redacci\u00f3n Aeronoticias\" \/>\n<meta name=\"twitter:card\" content=\"summary_large_image\" \/>\n<meta name=\"twitter:creator\" content=\"@aeronoticias\" \/>\n<meta name=\"twitter:site\" content=\"@aeronoticias\" \/>\n<meta name=\"twitter:label1\" content=\"Escrito por\" \/>\n\t<meta name=\"twitter:data1\" content=\"Redacci\u00f3n Aeronoticias\" \/>\n\t<meta name=\"twitter:label2\" content=\"Tiempo de lectura\" \/>\n\t<meta name=\"twitter:data2\" content=\"2 minutos\" \/>\n<script type=\"application\/ld+json\" class=\"yoast-schema-graph\">{\"@context\":\"https:\/\/schema.org\",\"@graph\":[{\"@type\":\"WebPage\",\"@id\":\"https:\/\/aeronoticias.com.pe\/noticiero\/politica\/presidente-humala-inauguro-x-cumbre-alianza-del-pacifico-en-paracas\/\",\"url\":\"https:\/\/aeronoticias.com.pe\/noticiero\/politica\/presidente-humala-inauguro-x-cumbre-alianza-del-pacifico-en-paracas\/\",\"name\":\"Presidente Humala inaugur\u00f3 X cumbre Alianza del Pac\u00edfico en Paracas\",\"isPartOf\":{\"@id\":\"https:\/\/aeronoticias.com.pe\/noticiero\/#website\"},\"datePublished\":\"2015-07-03T20:28:44+00:00\",\"author\":{\"@id\":\"https:\/\/aeronoticias.com.pe\/noticiero\/#\/schema\/person\/fc1e5d578f4b62ba1cf7ac2bba1170a0\"},\"description\":\"Portal de noticias del Per\u00fa sobre el transporte a\u00e9reo, aviaci\u00f3n, turismo, hoteleria, actualidad.\",\"breadcrumb\":{\"@id\":\"https:\/\/aeronoticias.com.pe\/noticiero\/politica\/presidente-humala-inauguro-x-cumbre-alianza-del-pacifico-en-paracas\/#breadcrumb\"},\"inLanguage\":\"es\",\"potentialAction\":[{\"@type\":\"ReadAction\",\"target\":[\"https:\/\/aeronoticias.com.pe\/noticiero\/politica\/presidente-humala-inauguro-x-cumbre-alianza-del-pacifico-en-paracas\/\"]}]},{\"@type\":\"BreadcrumbList\",\"@id\":\"https:\/\/aeronoticias.com.pe\/noticiero\/politica\/presidente-humala-inauguro-x-cumbre-alianza-del-pacifico-en-paracas\/#breadcrumb\",\"itemListElement\":[{\"@type\":\"ListItem\",\"position\":1,\"name\":\"Portada\",\"item\":\"https:\/\/aeronoticias.com.pe\/noticiero\/\"},{\"@type\":\"ListItem\",\"position\":2,\"name\":\"Presidente Humala inaugur\u00f3 X cumbre Alianza del Pac\u00edfico en Paracas\"}]},{\"@type\":\"WebSite\",\"@id\":\"https:\/\/aeronoticias.com.pe\/noticiero\/#website\",\"url\":\"https:\/\/aeronoticias.com.pe\/noticiero\/\",\"name\":\"Aeronoticias.com.pe\",\"description\":\"Noticias de tranporte aereo, turismo, hoteles, gastronomia, actualidad, internacional\",\"potentialAction\":[{\"@type\":\"SearchAction\",\"target\":{\"@type\":\"EntryPoint\",\"urlTemplate\":\"https:\/\/aeronoticias.com.pe\/noticiero\/?s={search_term_string}\"},\"query-input\":{\"@type\":\"PropertyValueSpecification\",\"valueRequired\":true,\"valueName\":\"search_term_string\"}}],\"inLanguage\":\"es\"},{\"@type\":\"Person\",\"@id\":\"https:\/\/aeronoticias.com.pe\/noticiero\/#\/schema\/person\/fc1e5d578f4b62ba1cf7ac2bba1170a0\",\"name\":\"Redacci\u00f3n Aeronoticias\",\"url\":\"https:\/\/aeronoticias.com.pe\/noticiero\/author\/piloto\/\"}]}<\/script>\n<!-- \/ Yoast SEO plugin. -->","yoast_head_json":{"title":"Presidente Humala inaugur\u00f3 X cumbre Alianza del Pac\u00edfico en Paracas","description":"Portal de noticias del Per\u00fa sobre el transporte a\u00e9reo, aviaci\u00f3n, turismo, hoteleria, actualidad.","robots":{"index":"index","follow":"follow","max-snippet":"max-snippet:-1","max-image-preview":"max-image-preview:large","max-video-preview":"max-video-preview:-1"},"canonical":"https:\/\/aeronoticias.com.pe\/noticiero\/politica\/presidente-humala-inauguro-x-cumbre-alianza-del-pacifico-en-paracas\/","og_locale":"es_ES","og_type":"article","og_title":"Presidente Humala inaugur\u00f3 X cumbre Alianza del Pac\u00edfico en Paracas","og_description":"Portal de noticias del Per\u00fa sobre el transporte a\u00e9reo, aviaci\u00f3n, turismo, hoteleria, actualidad.","og_url":"https:\/\/aeronoticias.com.pe\/noticiero\/politica\/presidente-humala-inauguro-x-cumbre-alianza-del-pacifico-en-paracas\/","og_site_name":"Aeronoticias.com.pe","article_publisher":"https:\/\/www.facebook.com\/Aeronoticias.com.pe\/","article_published_time":"2015-07-03T20:28:44+00:00","author":"Redacci\u00f3n Aeronoticias","twitter_card":"summary_large_image","twitter_creator":"@aeronoticias","twitter_site":"@aeronoticias","twitter_misc":{"Escrito por":"Redacci\u00f3n Aeronoticias","Tiempo de lectura":"2 minutos"},"schema":{"@context":"https:\/\/schema.org","@graph":[{"@type":"WebPage","@id":"https:\/\/aeronoticias.com.pe\/noticiero\/politica\/presidente-humala-inauguro-x-cumbre-alianza-del-pacifico-en-paracas\/","url":"https:\/\/aeronoticias.com.pe\/noticiero\/politica\/presidente-humala-inauguro-x-cumbre-alianza-del-pacifico-en-paracas\/","name":"Presidente Humala inaugur\u00f3 X cumbre Alianza del Pac\u00edfico en Paracas","isPartOf":{"@id":"https:\/\/aeronoticias.com.pe\/noticiero\/#website"},"datePublished":"2015-07-03T20:28:44+00:00","author":{"@id":"https:\/\/aeronoticias.com.pe\/noticiero\/#\/schema\/person\/fc1e5d578f4b62ba1cf7ac2bba1170a0"},"description":"Portal de noticias del Per\u00fa sobre el transporte a\u00e9reo, aviaci\u00f3n, turismo, hoteleria, actualidad.","breadcrumb":{"@id":"https:\/\/aeronoticias.com.pe\/noticiero\/politica\/presidente-humala-inauguro-x-cumbre-alianza-del-pacifico-en-paracas\/#breadcrumb"},"inLanguage":"es","potentialAction":[{"@type":"ReadAction","target":["https:\/\/aeronoticias.com.pe\/noticiero\/politica\/presidente-humala-inauguro-x-cumbre-alianza-del-pacifico-en-paracas\/"]}]},{"@type":"BreadcrumbList","@id":"https:\/\/aeronoticias.com.pe\/noticiero\/politica\/presidente-humala-inauguro-x-cumbre-alianza-del-pacifico-en-paracas\/#breadcrumb","itemListElement":[{"@type":"ListItem","position":1,"name":"Portada","item":"https:\/\/aeronoticias.com.pe\/noticiero\/"},{"@type":"ListItem","position":2,"name":"Presidente Humala inaugur\u00f3 X cumbre Alianza del Pac\u00edfico en Paracas"}]},{"@type":"WebSite","@id":"https:\/\/aeronoticias.com.pe\/noticiero\/#website","url":"https:\/\/aeronoticias.com.pe\/noticiero\/","name":"Aeronoticias.com.pe","description":"Noticias de tranporte aereo, turismo, hoteles, gastronomia, actualidad, internacional","potentialAction":[{"@type":"SearchAction","target":{"@type":"EntryPoint","urlTemplate":"https:\/\/aeronoticias.com.pe\/noticiero\/?s={search_term_string}"},"query-input":{"@type":"PropertyValueSpecification","valueRequired":true,"valueName":"search_term_string"}}],"inLanguage":"es"},{"@type":"Person","@id":"https:\/\/aeronoticias.com.pe\/noticiero\/#\/schema\/person\/fc1e5d578f4b62ba1cf7ac2bba1170a0","name":"Redacci\u00f3n Aeronoticias","url":"https:\/\/aeronoticias.com.pe\/noticiero\/author\/piloto\/"}]}},"_links":{"self":[{"href":"https:\/\/aeronoticias.com.pe\/noticiero\/wp-json\/wp\/v2\/posts\/52940","targetHints":{"allow":["GET"]}}],"collection":[{"href":"https:\/\/aeronoticias.com.pe\/noticiero\/wp-json\/wp\/v2\/posts"}],"about":[{"href":"https:\/\/aeronoticias.com.pe\/noticiero\/wp-json\/wp\/v2\/types\/post"}],"author":[{"embeddable":true,"href":"https:\/\/aeronoticias.com.pe\/noticiero\/wp-json\/wp\/v2\/users\/1"}],"replies":[{"embeddable":true,"href":"https:\/\/aeronoticias.com.pe\/noticiero\/wp-json\/wp\/v2\/comments?post=52940"}],"version-history":[{"count":0,"href":"https:\/\/aeronoticias.com.pe\/noticiero\/wp-json\/wp\/v2\/posts\/52940\/revisions"}],"wp:attachment":[{"href":"https:\/\/aeronoticias.com.pe\/noticiero\/wp-json\/wp\/v2\/media?parent=52940"}],"wp:term":[{"taxonomy":"category","embeddable":true,"href":"https:\/\/aeronoticias.com.pe\/noticiero\/wp-json\/wp\/v2\/categories?post=52940"},{"taxonomy":"post_tag","embeddable":true,"href":"https:\/\/aeronoticias.com.pe\/noticiero\/wp-json\/wp\/v2\/tags?post=52940"}],"curies":[{"name":"wp","href":"https:\/\/api.w.org\/{rel}","templated":true}]}}