{"id":52942,"date":"2015-07-04T20:40:15","date_gmt":"2015-07-04T20:40:15","guid":{"rendered":"http:\/\/desarrollo.mcvicious.com\/aero2020\/2015\/07\/04\/aeroflot-suma-el-decimo-boeing-737-800-a-su-flota\/"},"modified":"2015-07-04T20:40:15","modified_gmt":"2015-07-04T20:40:15","slug":"aeroflot-suma-el-decimo-boeing-737-800-a-su-flota","status":"publish","type":"post","link":"https:\/\/aeronoticias.com.pe\/noticiero\/transporte-aereo\/internacional\/aeroflot-suma-el-decimo-boeing-737-800-a-su-flota\/","title":{"rendered":"Aeroflot suma el d\u00e9cimo Boeing 737-800 a su flota"},"content":{"rendered":"<p style=\"text-align: justify;\"><strong>(Aeronoticias)<\/strong>.-\u00a0Aeroflot ha recibido a su d\u00e9cimo avi\u00f3n 737-800 de nueva generaci\u00f3n construido por Boeing, con un total de 20 asientos de clase &#8216;Business&#8217; y 138 asientos de clase turista, seg\u00fan ha informado la a\u00e9rea rusa.<\/p>\n<p style=\"text-align: justify;\">Los pasajeros podr\u00e1n disfrutar de monitores para visualizar el contenido de los medios en un avi\u00f3n con \u00abun elevado nivel de comodidad en rutas de medio alcance\u00bb, defiende la a\u00e9rea europea, que en 2014 transport\u00f3 23,6 millones de pasajeros, un nuevo r\u00e9cord para la compa\u00f1\u00eda.<\/p>\n<p style=\"text-align: justify;\">La compa\u00f1\u00eda presta servicio a 1.052 destinos de 177 pa\u00edses, con un total de 160 aviones en flota de varias fabricantes a\u00e9reas.<\/p>\n<p style=\"text-align: justify;\">El pasado 2 de junio, Aeroflot anunci\u00f3 la recepci\u00f3n del Boeing 777-300ER, el n\u00famero 13 de los 16 del modelo en la compa\u00f1\u00eda, en su estrategia de expansi\u00f3n en rutas de largo radio.<\/p>\n<p style=\"text-align: justify;\">Fuente: <span style=\"text-decoration: underline;\"><em><strong>Aviaci\u00f3n al d\u00eda<\/strong><\/em><\/span>.<\/p>\n<p style=\"text-align: justify;\"><img decoding=\"async\" src=\"http:\/\/1.bp.blogspot.com\/-l9SVrf2otr0\/VZcQVMHt7CI\/AAAAAAAAn8U\/fr95KYMYRYk\/s1600\/Aeroflot.png\" border=\"0\" \/><\/p>\n<p style=\"text-align: justify;\">\u00a0<\/p>\n","protected":false},"excerpt":{"rendered":"<p>(Aeronoticias).-\u00a0Aeroflot ha recibido a su d\u00e9cimo avi\u00f3n 737-800 de nueva generaci\u00f3n construido por Boeing, con un total de 20 asientos de clase &#8216;Business&#8217; y 138 asientos de clase turista, seg\u00fan ha informado la a\u00e9rea rusa. Los pasajeros podr\u00e1n disfrutar de monitores para visualizar el contenido de los medios en un avi\u00f3n con \u00abun elevado nivel [&hellip;]<\/p>\n","protected":false},"author":1,"featured_media":0,"comment_status":"open","ping_status":"open","sticky":false,"template":"","format":"standard","meta":{"tdm_status":"","tdm_grid_status":"","footnotes":""},"categories":[32],"tags":[],"class_list":{"0":"post-52942","1":"post","2":"type-post","3":"status-publish","4":"format-standard","6":"category-internacional"},"yoast_head":"<!-- This site is optimized with the Yoast SEO plugin v25.1 - https:\/\/yoast.com\/wordpress\/plugins\/seo\/ -->\n<title>Aeroflot suma el d\u00e9cimo Boeing 737-800 a su flota<\/title>\n<meta name=\"description\" content=\"Portal de noticias del Per\u00fa sobre el transporte a\u00e9reo, aviaci\u00f3n, turismo, hoteleria, actualidad.\" \/>\n<meta name=\"robots\" content=\"index, follow, max-snippet:-1, max-image-preview:large, max-video-preview:-1\" \/>\n<link rel=\"canonical\" href=\"https:\/\/aeronoticias.com.pe\/noticiero\/transporte-aereo\/internacional\/aeroflot-suma-el-decimo-boeing-737-800-a-su-flota\/\" \/>\n<meta property=\"og:locale\" content=\"es_ES\" \/>\n<meta property=\"og:type\" content=\"article\" \/>\n<meta property=\"og:title\" content=\"Aeroflot suma el d\u00e9cimo Boeing 737-800 a su flota\" \/>\n<meta property=\"og:description\" content=\"Portal de noticias del Per\u00fa sobre el transporte a\u00e9reo, aviaci\u00f3n, turismo, hoteleria, actualidad.\" \/>\n<meta property=\"og:url\" content=\"https:\/\/aeronoticias.com.pe\/noticiero\/transporte-aereo\/internacional\/aeroflot-suma-el-decimo-boeing-737-800-a-su-flota\/\" \/>\n<meta property=\"og:site_name\" content=\"Aeronoticias.com.pe\" \/>\n<meta property=\"article:publisher\" content=\"https:\/\/www.facebook.com\/Aeronoticias.com.pe\/\" \/>\n<meta property=\"article:published_time\" content=\"2015-07-04T20:40:15+00:00\" \/>\n<meta property=\"og:image\" content=\"http:\/\/1.bp.blogspot.com\/-l9SVrf2otr0\/VZcQVMHt7CI\/AAAAAAAAn8U\/fr95KYMYRYk\/s1600\/Aeroflot.png\" \/>\n<meta name=\"author\" content=\"Redacci\u00f3n Aeronoticias\" \/>\n<meta name=\"twitter:card\" content=\"summary_large_image\" \/>\n<meta name=\"twitter:creator\" content=\"@aeronoticias\" \/>\n<meta name=\"twitter:site\" content=\"@aeronoticias\" \/>\n<meta name=\"twitter:label1\" content=\"Escrito por\" \/>\n\t<meta name=\"twitter:data1\" content=\"Redacci\u00f3n Aeronoticias\" \/>\n\t<meta name=\"twitter:label2\" content=\"Tiempo de lectura\" \/>\n\t<meta name=\"twitter:data2\" content=\"1 minuto\" \/>\n<script type=\"application\/ld+json\" class=\"yoast-schema-graph\">{\"@context\":\"https:\/\/schema.org\",\"@graph\":[{\"@type\":\"WebPage\",\"@id\":\"https:\/\/aeronoticias.com.pe\/noticiero\/transporte-aereo\/internacional\/aeroflot-suma-el-decimo-boeing-737-800-a-su-flota\/\",\"url\":\"https:\/\/aeronoticias.com.pe\/noticiero\/transporte-aereo\/internacional\/aeroflot-suma-el-decimo-boeing-737-800-a-su-flota\/\",\"name\":\"Aeroflot suma el d\u00e9cimo Boeing 737-800 a su flota\",\"isPartOf\":{\"@id\":\"https:\/\/aeronoticias.com.pe\/noticiero\/#website\"},\"primaryImageOfPage\":{\"@id\":\"https:\/\/aeronoticias.com.pe\/noticiero\/transporte-aereo\/internacional\/aeroflot-suma-el-decimo-boeing-737-800-a-su-flota\/#primaryimage\"},\"image\":{\"@id\":\"https:\/\/aeronoticias.com.pe\/noticiero\/transporte-aereo\/internacional\/aeroflot-suma-el-decimo-boeing-737-800-a-su-flota\/#primaryimage\"},\"thumbnailUrl\":\"http:\/\/1.bp.blogspot.com\/-l9SVrf2otr0\/VZcQVMHt7CI\/AAAAAAAAn8U\/fr95KYMYRYk\/s1600\/Aeroflot.png\",\"datePublished\":\"2015-07-04T20:40:15+00:00\",\"author\":{\"@id\":\"https:\/\/aeronoticias.com.pe\/noticiero\/#\/schema\/person\/fc1e5d578f4b62ba1cf7ac2bba1170a0\"},\"description\":\"Portal de noticias del Per\u00fa sobre el transporte a\u00e9reo, aviaci\u00f3n, turismo, hoteleria, actualidad.\",\"breadcrumb\":{\"@id\":\"https:\/\/aeronoticias.com.pe\/noticiero\/transporte-aereo\/internacional\/aeroflot-suma-el-decimo-boeing-737-800-a-su-flota\/#breadcrumb\"},\"inLanguage\":\"es\",\"potentialAction\":[{\"@type\":\"ReadAction\",\"target\":[\"https:\/\/aeronoticias.com.pe\/noticiero\/transporte-aereo\/internacional\/aeroflot-suma-el-decimo-boeing-737-800-a-su-flota\/\"]}]},{\"@type\":\"ImageObject\",\"inLanguage\":\"es\",\"@id\":\"https:\/\/aeronoticias.com.pe\/noticiero\/transporte-aereo\/internacional\/aeroflot-suma-el-decimo-boeing-737-800-a-su-flota\/#primaryimage\",\"url\":\"http:\/\/1.bp.blogspot.com\/-l9SVrf2otr0\/VZcQVMHt7CI\/AAAAAAAAn8U\/fr95KYMYRYk\/s1600\/Aeroflot.png\",\"contentUrl\":\"http:\/\/1.bp.blogspot.com\/-l9SVrf2otr0\/VZcQVMHt7CI\/AAAAAAAAn8U\/fr95KYMYRYk\/s1600\/Aeroflot.png\"},{\"@type\":\"BreadcrumbList\",\"@id\":\"https:\/\/aeronoticias.com.pe\/noticiero\/transporte-aereo\/internacional\/aeroflot-suma-el-decimo-boeing-737-800-a-su-flota\/#breadcrumb\",\"itemListElement\":[{\"@type\":\"ListItem\",\"position\":1,\"name\":\"Portada\",\"item\":\"https:\/\/aeronoticias.com.pe\/noticiero\/\"},{\"@type\":\"ListItem\",\"position\":2,\"name\":\"Aeroflot suma el d\u00e9cimo Boeing 737-800 a su flota\"}]},{\"@type\":\"WebSite\",\"@id\":\"https:\/\/aeronoticias.com.pe\/noticiero\/#website\",\"url\":\"https:\/\/aeronoticias.com.pe\/noticiero\/\",\"name\":\"Aeronoticias.com.pe\",\"description\":\"Noticias de tranporte aereo, turismo, hoteles, gastronomia, actualidad, internacional\",\"potentialAction\":[{\"@type\":\"SearchAction\",\"target\":{\"@type\":\"EntryPoint\",\"urlTemplate\":\"https:\/\/aeronoticias.com.pe\/noticiero\/?s={search_term_string}\"},\"query-input\":{\"@type\":\"PropertyValueSpecification\",\"valueRequired\":true,\"valueName\":\"search_term_string\"}}],\"inLanguage\":\"es\"},{\"@type\":\"Person\",\"@id\":\"https:\/\/aeronoticias.com.pe\/noticiero\/#\/schema\/person\/fc1e5d578f4b62ba1cf7ac2bba1170a0\",\"name\":\"Redacci\u00f3n Aeronoticias\",\"url\":\"https:\/\/aeronoticias.com.pe\/noticiero\/author\/piloto\/\"}]}<\/script>\n<!-- \/ Yoast SEO plugin. -->","yoast_head_json":{"title":"Aeroflot suma el d\u00e9cimo Boeing 737-800 a su flota","description":"Portal de noticias del Per\u00fa sobre el transporte a\u00e9reo, aviaci\u00f3n, turismo, hoteleria, actualidad.","robots":{"index":"index","follow":"follow","max-snippet":"max-snippet:-1","max-image-preview":"max-image-preview:large","max-video-preview":"max-video-preview:-1"},"canonical":"https:\/\/aeronoticias.com.pe\/noticiero\/transporte-aereo\/internacional\/aeroflot-suma-el-decimo-boeing-737-800-a-su-flota\/","og_locale":"es_ES","og_type":"article","og_title":"Aeroflot suma el d\u00e9cimo Boeing 737-800 a su flota","og_description":"Portal de noticias del Per\u00fa sobre el transporte a\u00e9reo, aviaci\u00f3n, turismo, hoteleria, actualidad.","og_url":"https:\/\/aeronoticias.com.pe\/noticiero\/transporte-aereo\/internacional\/aeroflot-suma-el-decimo-boeing-737-800-a-su-flota\/","og_site_name":"Aeronoticias.com.pe","article_publisher":"https:\/\/www.facebook.com\/Aeronoticias.com.pe\/","article_published_time":"2015-07-04T20:40:15+00:00","og_image":[{"url":"http:\/\/1.bp.blogspot.com\/-l9SVrf2otr0\/VZcQVMHt7CI\/AAAAAAAAn8U\/fr95KYMYRYk\/s1600\/Aeroflot.png","type":"","width":"","height":""}],"author":"Redacci\u00f3n Aeronoticias","twitter_card":"summary_large_image","twitter_creator":"@aeronoticias","twitter_site":"@aeronoticias","twitter_misc":{"Escrito por":"Redacci\u00f3n Aeronoticias","Tiempo de lectura":"1 minuto"},"schema":{"@context":"https:\/\/schema.org","@graph":[{"@type":"WebPage","@id":"https:\/\/aeronoticias.com.pe\/noticiero\/transporte-aereo\/internacional\/aeroflot-suma-el-decimo-boeing-737-800-a-su-flota\/","url":"https:\/\/aeronoticias.com.pe\/noticiero\/transporte-aereo\/internacional\/aeroflot-suma-el-decimo-boeing-737-800-a-su-flota\/","name":"Aeroflot suma el d\u00e9cimo Boeing 737-800 a su flota","isPartOf":{"@id":"https:\/\/aeronoticias.com.pe\/noticiero\/#website"},"primaryImageOfPage":{"@id":"https:\/\/aeronoticias.com.pe\/noticiero\/transporte-aereo\/internacional\/aeroflot-suma-el-decimo-boeing-737-800-a-su-flota\/#primaryimage"},"image":{"@id":"https:\/\/aeronoticias.com.pe\/noticiero\/transporte-aereo\/internacional\/aeroflot-suma-el-decimo-boeing-737-800-a-su-flota\/#primaryimage"},"thumbnailUrl":"http:\/\/1.bp.blogspot.com\/-l9SVrf2otr0\/VZcQVMHt7CI\/AAAAAAAAn8U\/fr95KYMYRYk\/s1600\/Aeroflot.png","datePublished":"2015-07-04T20:40:15+00:00","author":{"@id":"https:\/\/aeronoticias.com.pe\/noticiero\/#\/schema\/person\/fc1e5d578f4b62ba1cf7ac2bba1170a0"},"description":"Portal de noticias del Per\u00fa sobre el transporte a\u00e9reo, aviaci\u00f3n, turismo, hoteleria, actualidad.","breadcrumb":{"@id":"https:\/\/aeronoticias.com.pe\/noticiero\/transporte-aereo\/internacional\/aeroflot-suma-el-decimo-boeing-737-800-a-su-flota\/#breadcrumb"},"inLanguage":"es","potentialAction":[{"@type":"ReadAction","target":["https:\/\/aeronoticias.com.pe\/noticiero\/transporte-aereo\/internacional\/aeroflot-suma-el-decimo-boeing-737-800-a-su-flota\/"]}]},{"@type":"ImageObject","inLanguage":"es","@id":"https:\/\/aeronoticias.com.pe\/noticiero\/transporte-aereo\/internacional\/aeroflot-suma-el-decimo-boeing-737-800-a-su-flota\/#primaryimage","url":"http:\/\/1.bp.blogspot.com\/-l9SVrf2otr0\/VZcQVMHt7CI\/AAAAAAAAn8U\/fr95KYMYRYk\/s1600\/Aeroflot.png","contentUrl":"http:\/\/1.bp.blogspot.com\/-l9SVrf2otr0\/VZcQVMHt7CI\/AAAAAAAAn8U\/fr95KYMYRYk\/s1600\/Aeroflot.png"},{"@type":"BreadcrumbList","@id":"https:\/\/aeronoticias.com.pe\/noticiero\/transporte-aereo\/internacional\/aeroflot-suma-el-decimo-boeing-737-800-a-su-flota\/#breadcrumb","itemListElement":[{"@type":"ListItem","position":1,"name":"Portada","item":"https:\/\/aeronoticias.com.pe\/noticiero\/"},{"@type":"ListItem","position":2,"name":"Aeroflot suma el d\u00e9cimo Boeing 737-800 a su flota"}]},{"@type":"WebSite","@id":"https:\/\/aeronoticias.com.pe\/noticiero\/#website","url":"https:\/\/aeronoticias.com.pe\/noticiero\/","name":"Aeronoticias.com.pe","description":"Noticias de tranporte aereo, turismo, hoteles, gastronomia, actualidad, internacional","potentialAction":[{"@type":"SearchAction","target":{"@type":"EntryPoint","urlTemplate":"https:\/\/aeronoticias.com.pe\/noticiero\/?s={search_term_string}"},"query-input":{"@type":"PropertyValueSpecification","valueRequired":true,"valueName":"search_term_string"}}],"inLanguage":"es"},{"@type":"Person","@id":"https:\/\/aeronoticias.com.pe\/noticiero\/#\/schema\/person\/fc1e5d578f4b62ba1cf7ac2bba1170a0","name":"Redacci\u00f3n Aeronoticias","url":"https:\/\/aeronoticias.com.pe\/noticiero\/author\/piloto\/"}]}},"_links":{"self":[{"href":"https:\/\/aeronoticias.com.pe\/noticiero\/wp-json\/wp\/v2\/posts\/52942","targetHints":{"allow":["GET"]}}],"collection":[{"href":"https:\/\/aeronoticias.com.pe\/noticiero\/wp-json\/wp\/v2\/posts"}],"about":[{"href":"https:\/\/aeronoticias.com.pe\/noticiero\/wp-json\/wp\/v2\/types\/post"}],"author":[{"embeddable":true,"href":"https:\/\/aeronoticias.com.pe\/noticiero\/wp-json\/wp\/v2\/users\/1"}],"replies":[{"embeddable":true,"href":"https:\/\/aeronoticias.com.pe\/noticiero\/wp-json\/wp\/v2\/comments?post=52942"}],"version-history":[{"count":0,"href":"https:\/\/aeronoticias.com.pe\/noticiero\/wp-json\/wp\/v2\/posts\/52942\/revisions"}],"wp:attachment":[{"href":"https:\/\/aeronoticias.com.pe\/noticiero\/wp-json\/wp\/v2\/media?parent=52942"}],"wp:term":[{"taxonomy":"category","embeddable":true,"href":"https:\/\/aeronoticias.com.pe\/noticiero\/wp-json\/wp\/v2\/categories?post=52942"},{"taxonomy":"post_tag","embeddable":true,"href":"https:\/\/aeronoticias.com.pe\/noticiero\/wp-json\/wp\/v2\/tags?post=52942"}],"curies":[{"name":"wp","href":"https:\/\/api.w.org\/{rel}","templated":true}]}}