{"id":52944,"date":"2015-07-04T21:18:29","date_gmt":"2015-07-04T21:18:29","guid":{"rendered":"http:\/\/desarrollo.mcvicious.com\/aero2020\/2015\/07\/04\/estado-islamico-uso-ninos-para-matar-prisioneros-en-palmira\/"},"modified":"2015-07-04T21:18:29","modified_gmt":"2015-07-04T21:18:29","slug":"estado-islamico-uso-ninos-para-matar-prisioneros-en-palmira","status":"publish","type":"post","link":"https:\/\/aeronoticias.com.pe\/noticiero\/internacionales\/estado-islamico-uso-ninos-para-matar-prisioneros-en-palmira\/","title":{"rendered":"Estado Isl\u00e1mico us\u00f3 ni\u00f1os para matar prisioneros en Palmira"},"content":{"rendered":"<p style=\"text-align: justify;\"><strong>(Aeronoticias)<\/strong>.-\u00a0En la grabaci\u00f3n, de m\u00e1s de nueve minutos y cuya autenticidad no pudo ser comprobada, aparecen las v\u00edctimas de rodillas y en fila en el escenario del teatro romano, donde sus verdugos les disparan a la cabeza desde atr\u00e1s.<\/p>\n<p style=\"text-align: justify;\">El asesinato se produce delante de una multitud de hombres que aparecen sentados en la platea.<\/p>\n<p style=\"text-align: justify;\">En secuencias anteriores, el Estado Isl\u00e1mico ense\u00f1a im\u00e1genes de la toma de Palmira el pasado 20 de mayo y de la prisi\u00f3n de esa poblaci\u00f3n.<\/p>\n<p style=\"text-align: justify;\">En un momento del video, se ve c\u00f3mo los prisioneros que m\u00e1s tarde van a ser asesinados son sacados de sus celdas y conducidos en veh\u00edculos todoterreno por la parte moderna de la urbe hasta el teatro romano, ubicado en la zona arqueol\u00f3gica, en las afueras.<\/p>\n<p style=\"text-align: justify;\">La grabaci\u00f3n acaba con el degollamiento de otro prisionero de las fuerzas gubernamentales a manos de un yihadista adulto y con im\u00e1genes de la voladura de la c\u00e1rcel de Palmira.<\/p>\n<p style=\"text-align: justify;\">El pasado 27 de mayo, el Observatorio Sirio de Derechos inform\u00f3 de la muerte de veinte efectivos del r\u00e9gimen de Bachar al Asad a manos de miembros de Estado Isl\u00e1mico en el teatro romano de Palmira, aunque no precis\u00f3 si los autores del asesinato eran menores.<\/p>\n<p style=\"text-align: justify;\">Tres d\u00edas despu\u00e9s, seg\u00fan esa ONG, el centro penitenciario de esta localidad, s\u00edmbolo de la represi\u00f3n del r\u00e9gimen, fue destruido con explosivos por los extremistas.<\/p>\n<p style=\"text-align: justify;\">No es la primera vez que menores de edad son protagonistas de videos del Estado Isl\u00e1mico, ya que, en dos ocasiones anteriores y con fines propagand\u00edsticos, varios ni\u00f1os han aparecido en grabaciones en las que supuestamente asesinaban a disparos a dos rusos y un \u00e1rabe israel\u00ed acusados por los radicales de ser esp\u00edas.<\/p>\n<p style=\"text-align: justify;\">Las ruinas grecorromanas de Palmira son uno de los seis sitios sirios incluidos en la lista del Patrimonio Mundial de la Unesco.<\/p>\n<p style=\"text-align: justify;\">Los yihadistas difundieron ayer fotograf\u00edas de la destrucci\u00f3n de seis bustos de piedra originarios de esta ciudad en la poblaci\u00f3n de Manbech, en la provincia septentrional de Alepo, aunque el Observatorio asegur\u00f3 que se trata de piezas falsas.<\/p>\n<p style=\"text-align: justify;\">Por el momento, no se ha confirmado que la parte arqueol\u00f3gica de Palmira haya sufrido alg\u00fan da\u00f1o.<\/p>\n<p style=\"text-align: justify;\">Antes del inicio del conflicto en Siria, en marzo de 2011, las ruinas de Palmira, con sus teatros y templos, fueron uno de los principales centros tur\u00edsticos del pa\u00eds \u00e1rabe.<\/p>\n<p style=\"text-align: justify;\">Fuente: <strong><span style=\"text-decoration: underline;\"><em>El Comercio<\/em><\/span><\/strong>.<\/p>\n<p style=\"text-align: justify;\"><img decoding=\"async\" src=\"http:\/\/cdn01.am.infobae.com\/adjuntos\/163\/imagenes\/011\/875\/0011875540.jpg?0000-00-00-00-00-00\" border=\"0\" \/><\/p>\n","protected":false},"excerpt":{"rendered":"<p>(Aeronoticias).-\u00a0En la grabaci\u00f3n, de m\u00e1s de nueve minutos y cuya autenticidad no pudo ser comprobada, aparecen las v\u00edctimas de rodillas y en fila en el escenario del teatro romano, donde sus verdugos les disparan a la cabeza desde atr\u00e1s. El asesinato se produce delante de una multitud de hombres que aparecen sentados en la platea. [&hellip;]<\/p>\n","protected":false},"author":1,"featured_media":0,"comment_status":"open","ping_status":"open","sticky":false,"template":"","format":"standard","meta":{"tdm_status":"","tdm_grid_status":"","footnotes":""},"categories":[34],"tags":[],"class_list":{"0":"post-52944","1":"post","2":"type-post","3":"status-publish","4":"format-standard","6":"category-internacionales"},"yoast_head":"<!-- This site is optimized with the Yoast SEO plugin v25.1 - https:\/\/yoast.com\/wordpress\/plugins\/seo\/ -->\n<title>Estado Isl\u00e1mico us\u00f3 ni\u00f1os para matar prisioneros en Palmira<\/title>\n<meta name=\"description\" content=\"Portal de noticias del Per\u00fa sobre el transporte a\u00e9reo, aviaci\u00f3n, turismo, hoteleria, actualidad.\" \/>\n<meta name=\"robots\" content=\"index, follow, max-snippet:-1, max-image-preview:large, max-video-preview:-1\" \/>\n<link rel=\"canonical\" href=\"https:\/\/aeronoticias.com.pe\/noticiero\/internacionales\/estado-islamico-uso-ninos-para-matar-prisioneros-en-palmira\/\" \/>\n<meta property=\"og:locale\" content=\"es_ES\" \/>\n<meta property=\"og:type\" content=\"article\" \/>\n<meta property=\"og:title\" content=\"Estado Isl\u00e1mico us\u00f3 ni\u00f1os para matar prisioneros en Palmira\" \/>\n<meta property=\"og:description\" content=\"Portal de noticias del Per\u00fa sobre el transporte a\u00e9reo, aviaci\u00f3n, turismo, hoteleria, actualidad.\" \/>\n<meta property=\"og:url\" content=\"https:\/\/aeronoticias.com.pe\/noticiero\/internacionales\/estado-islamico-uso-ninos-para-matar-prisioneros-en-palmira\/\" \/>\n<meta property=\"og:site_name\" content=\"Aeronoticias.com.pe\" \/>\n<meta property=\"article:publisher\" content=\"https:\/\/www.facebook.com\/Aeronoticias.com.pe\/\" \/>\n<meta property=\"article:published_time\" content=\"2015-07-04T21:18:29+00:00\" \/>\n<meta property=\"og:image\" content=\"http:\/\/cdn01.am.infobae.com\/adjuntos\/163\/imagenes\/011\/875\/0011875540.jpg?0000-00-00-00-00-00\" \/>\n<meta name=\"author\" content=\"Redacci\u00f3n Aeronoticias\" \/>\n<meta name=\"twitter:card\" content=\"summary_large_image\" \/>\n<meta name=\"twitter:creator\" content=\"@aeronoticias\" \/>\n<meta name=\"twitter:site\" content=\"@aeronoticias\" \/>\n<meta name=\"twitter:label1\" content=\"Escrito por\" \/>\n\t<meta name=\"twitter:data1\" content=\"Redacci\u00f3n Aeronoticias\" \/>\n\t<meta name=\"twitter:label2\" content=\"Tiempo de lectura\" \/>\n\t<meta name=\"twitter:data2\" content=\"2 minutos\" \/>\n<script type=\"application\/ld+json\" class=\"yoast-schema-graph\">{\"@context\":\"https:\/\/schema.org\",\"@graph\":[{\"@type\":\"WebPage\",\"@id\":\"https:\/\/aeronoticias.com.pe\/noticiero\/internacionales\/estado-islamico-uso-ninos-para-matar-prisioneros-en-palmira\/\",\"url\":\"https:\/\/aeronoticias.com.pe\/noticiero\/internacionales\/estado-islamico-uso-ninos-para-matar-prisioneros-en-palmira\/\",\"name\":\"Estado Isl\u00e1mico us\u00f3 ni\u00f1os para matar prisioneros en Palmira\",\"isPartOf\":{\"@id\":\"https:\/\/aeronoticias.com.pe\/noticiero\/#website\"},\"primaryImageOfPage\":{\"@id\":\"https:\/\/aeronoticias.com.pe\/noticiero\/internacionales\/estado-islamico-uso-ninos-para-matar-prisioneros-en-palmira\/#primaryimage\"},\"image\":{\"@id\":\"https:\/\/aeronoticias.com.pe\/noticiero\/internacionales\/estado-islamico-uso-ninos-para-matar-prisioneros-en-palmira\/#primaryimage\"},\"thumbnailUrl\":\"http:\/\/cdn01.am.infobae.com\/adjuntos\/163\/imagenes\/011\/875\/0011875540.jpg?0000-00-00-00-00-00\",\"datePublished\":\"2015-07-04T21:18:29+00:00\",\"author\":{\"@id\":\"https:\/\/aeronoticias.com.pe\/noticiero\/#\/schema\/person\/fc1e5d578f4b62ba1cf7ac2bba1170a0\"},\"description\":\"Portal de noticias del Per\u00fa sobre el transporte a\u00e9reo, aviaci\u00f3n, turismo, hoteleria, actualidad.\",\"breadcrumb\":{\"@id\":\"https:\/\/aeronoticias.com.pe\/noticiero\/internacionales\/estado-islamico-uso-ninos-para-matar-prisioneros-en-palmira\/#breadcrumb\"},\"inLanguage\":\"es\",\"potentialAction\":[{\"@type\":\"ReadAction\",\"target\":[\"https:\/\/aeronoticias.com.pe\/noticiero\/internacionales\/estado-islamico-uso-ninos-para-matar-prisioneros-en-palmira\/\"]}]},{\"@type\":\"ImageObject\",\"inLanguage\":\"es\",\"@id\":\"https:\/\/aeronoticias.com.pe\/noticiero\/internacionales\/estado-islamico-uso-ninos-para-matar-prisioneros-en-palmira\/#primaryimage\",\"url\":\"http:\/\/cdn01.am.infobae.com\/adjuntos\/163\/imagenes\/011\/875\/0011875540.jpg?0000-00-00-00-00-00\",\"contentUrl\":\"http:\/\/cdn01.am.infobae.com\/adjuntos\/163\/imagenes\/011\/875\/0011875540.jpg?0000-00-00-00-00-00\"},{\"@type\":\"BreadcrumbList\",\"@id\":\"https:\/\/aeronoticias.com.pe\/noticiero\/internacionales\/estado-islamico-uso-ninos-para-matar-prisioneros-en-palmira\/#breadcrumb\",\"itemListElement\":[{\"@type\":\"ListItem\",\"position\":1,\"name\":\"Portada\",\"item\":\"https:\/\/aeronoticias.com.pe\/noticiero\/\"},{\"@type\":\"ListItem\",\"position\":2,\"name\":\"Estado Isl\u00e1mico us\u00f3 ni\u00f1os para matar prisioneros en Palmira\"}]},{\"@type\":\"WebSite\",\"@id\":\"https:\/\/aeronoticias.com.pe\/noticiero\/#website\",\"url\":\"https:\/\/aeronoticias.com.pe\/noticiero\/\",\"name\":\"Aeronoticias.com.pe\",\"description\":\"Noticias de tranporte aereo, turismo, hoteles, gastronomia, actualidad, internacional\",\"potentialAction\":[{\"@type\":\"SearchAction\",\"target\":{\"@type\":\"EntryPoint\",\"urlTemplate\":\"https:\/\/aeronoticias.com.pe\/noticiero\/?s={search_term_string}\"},\"query-input\":{\"@type\":\"PropertyValueSpecification\",\"valueRequired\":true,\"valueName\":\"search_term_string\"}}],\"inLanguage\":\"es\"},{\"@type\":\"Person\",\"@id\":\"https:\/\/aeronoticias.com.pe\/noticiero\/#\/schema\/person\/fc1e5d578f4b62ba1cf7ac2bba1170a0\",\"name\":\"Redacci\u00f3n Aeronoticias\",\"url\":\"https:\/\/aeronoticias.com.pe\/noticiero\/author\/piloto\/\"}]}<\/script>\n<!-- \/ Yoast SEO plugin. -->","yoast_head_json":{"title":"Estado Isl\u00e1mico us\u00f3 ni\u00f1os para matar prisioneros en Palmira","description":"Portal de noticias del Per\u00fa sobre el transporte a\u00e9reo, aviaci\u00f3n, turismo, hoteleria, actualidad.","robots":{"index":"index","follow":"follow","max-snippet":"max-snippet:-1","max-image-preview":"max-image-preview:large","max-video-preview":"max-video-preview:-1"},"canonical":"https:\/\/aeronoticias.com.pe\/noticiero\/internacionales\/estado-islamico-uso-ninos-para-matar-prisioneros-en-palmira\/","og_locale":"es_ES","og_type":"article","og_title":"Estado Isl\u00e1mico us\u00f3 ni\u00f1os para matar prisioneros en Palmira","og_description":"Portal de noticias del Per\u00fa sobre el transporte a\u00e9reo, aviaci\u00f3n, turismo, hoteleria, actualidad.","og_url":"https:\/\/aeronoticias.com.pe\/noticiero\/internacionales\/estado-islamico-uso-ninos-para-matar-prisioneros-en-palmira\/","og_site_name":"Aeronoticias.com.pe","article_publisher":"https:\/\/www.facebook.com\/Aeronoticias.com.pe\/","article_published_time":"2015-07-04T21:18:29+00:00","og_image":[{"url":"http:\/\/cdn01.am.infobae.com\/adjuntos\/163\/imagenes\/011\/875\/0011875540.jpg?0000-00-00-00-00-00","type":"","width":"","height":""}],"author":"Redacci\u00f3n Aeronoticias","twitter_card":"summary_large_image","twitter_creator":"@aeronoticias","twitter_site":"@aeronoticias","twitter_misc":{"Escrito por":"Redacci\u00f3n Aeronoticias","Tiempo de lectura":"2 minutos"},"schema":{"@context":"https:\/\/schema.org","@graph":[{"@type":"WebPage","@id":"https:\/\/aeronoticias.com.pe\/noticiero\/internacionales\/estado-islamico-uso-ninos-para-matar-prisioneros-en-palmira\/","url":"https:\/\/aeronoticias.com.pe\/noticiero\/internacionales\/estado-islamico-uso-ninos-para-matar-prisioneros-en-palmira\/","name":"Estado Isl\u00e1mico us\u00f3 ni\u00f1os para matar prisioneros en Palmira","isPartOf":{"@id":"https:\/\/aeronoticias.com.pe\/noticiero\/#website"},"primaryImageOfPage":{"@id":"https:\/\/aeronoticias.com.pe\/noticiero\/internacionales\/estado-islamico-uso-ninos-para-matar-prisioneros-en-palmira\/#primaryimage"},"image":{"@id":"https:\/\/aeronoticias.com.pe\/noticiero\/internacionales\/estado-islamico-uso-ninos-para-matar-prisioneros-en-palmira\/#primaryimage"},"thumbnailUrl":"http:\/\/cdn01.am.infobae.com\/adjuntos\/163\/imagenes\/011\/875\/0011875540.jpg?0000-00-00-00-00-00","datePublished":"2015-07-04T21:18:29+00:00","author":{"@id":"https:\/\/aeronoticias.com.pe\/noticiero\/#\/schema\/person\/fc1e5d578f4b62ba1cf7ac2bba1170a0"},"description":"Portal de noticias del Per\u00fa sobre el transporte a\u00e9reo, aviaci\u00f3n, turismo, hoteleria, actualidad.","breadcrumb":{"@id":"https:\/\/aeronoticias.com.pe\/noticiero\/internacionales\/estado-islamico-uso-ninos-para-matar-prisioneros-en-palmira\/#breadcrumb"},"inLanguage":"es","potentialAction":[{"@type":"ReadAction","target":["https:\/\/aeronoticias.com.pe\/noticiero\/internacionales\/estado-islamico-uso-ninos-para-matar-prisioneros-en-palmira\/"]}]},{"@type":"ImageObject","inLanguage":"es","@id":"https:\/\/aeronoticias.com.pe\/noticiero\/internacionales\/estado-islamico-uso-ninos-para-matar-prisioneros-en-palmira\/#primaryimage","url":"http:\/\/cdn01.am.infobae.com\/adjuntos\/163\/imagenes\/011\/875\/0011875540.jpg?0000-00-00-00-00-00","contentUrl":"http:\/\/cdn01.am.infobae.com\/adjuntos\/163\/imagenes\/011\/875\/0011875540.jpg?0000-00-00-00-00-00"},{"@type":"BreadcrumbList","@id":"https:\/\/aeronoticias.com.pe\/noticiero\/internacionales\/estado-islamico-uso-ninos-para-matar-prisioneros-en-palmira\/#breadcrumb","itemListElement":[{"@type":"ListItem","position":1,"name":"Portada","item":"https:\/\/aeronoticias.com.pe\/noticiero\/"},{"@type":"ListItem","position":2,"name":"Estado Isl\u00e1mico us\u00f3 ni\u00f1os para matar prisioneros en Palmira"}]},{"@type":"WebSite","@id":"https:\/\/aeronoticias.com.pe\/noticiero\/#website","url":"https:\/\/aeronoticias.com.pe\/noticiero\/","name":"Aeronoticias.com.pe","description":"Noticias de tranporte aereo, turismo, hoteles, gastronomia, actualidad, internacional","potentialAction":[{"@type":"SearchAction","target":{"@type":"EntryPoint","urlTemplate":"https:\/\/aeronoticias.com.pe\/noticiero\/?s={search_term_string}"},"query-input":{"@type":"PropertyValueSpecification","valueRequired":true,"valueName":"search_term_string"}}],"inLanguage":"es"},{"@type":"Person","@id":"https:\/\/aeronoticias.com.pe\/noticiero\/#\/schema\/person\/fc1e5d578f4b62ba1cf7ac2bba1170a0","name":"Redacci\u00f3n Aeronoticias","url":"https:\/\/aeronoticias.com.pe\/noticiero\/author\/piloto\/"}]}},"_links":{"self":[{"href":"https:\/\/aeronoticias.com.pe\/noticiero\/wp-json\/wp\/v2\/posts\/52944","targetHints":{"allow":["GET"]}}],"collection":[{"href":"https:\/\/aeronoticias.com.pe\/noticiero\/wp-json\/wp\/v2\/posts"}],"about":[{"href":"https:\/\/aeronoticias.com.pe\/noticiero\/wp-json\/wp\/v2\/types\/post"}],"author":[{"embeddable":true,"href":"https:\/\/aeronoticias.com.pe\/noticiero\/wp-json\/wp\/v2\/users\/1"}],"replies":[{"embeddable":true,"href":"https:\/\/aeronoticias.com.pe\/noticiero\/wp-json\/wp\/v2\/comments?post=52944"}],"version-history":[{"count":0,"href":"https:\/\/aeronoticias.com.pe\/noticiero\/wp-json\/wp\/v2\/posts\/52944\/revisions"}],"wp:attachment":[{"href":"https:\/\/aeronoticias.com.pe\/noticiero\/wp-json\/wp\/v2\/media?parent=52944"}],"wp:term":[{"taxonomy":"category","embeddable":true,"href":"https:\/\/aeronoticias.com.pe\/noticiero\/wp-json\/wp\/v2\/categories?post=52944"},{"taxonomy":"post_tag","embeddable":true,"href":"https:\/\/aeronoticias.com.pe\/noticiero\/wp-json\/wp\/v2\/tags?post=52944"}],"curies":[{"name":"wp","href":"https:\/\/api.w.org\/{rel}","templated":true}]}}