{"id":52946,"date":"2015-07-04T23:04:28","date_gmt":"2015-07-04T23:04:28","guid":{"rendered":"http:\/\/desarrollo.mcvicious.com\/aero2020\/2015\/07\/04\/oleajes-anomalos-afectaran-ciudades-de-la-costa-centro-y-sur\/"},"modified":"2015-07-04T23:04:28","modified_gmt":"2015-07-04T23:04:28","slug":"oleajes-anomalos-afectaran-ciudades-de-la-costa-centro-y-sur","status":"publish","type":"post","link":"https:\/\/aeronoticias.com.pe\/noticiero\/nacionales\/oleajes-anomalos-afectaran-ciudades-de-la-costa-centro-y-sur\/","title":{"rendered":"Oleajes an\u00f3malos afectar\u00e1n ciudades de la costa centro y sur"},"content":{"rendered":"<p style=\"text-align: justify;\"><strong>(Aeronoticias)<\/strong>.-\u00a0Las ciudades costeras de los departamentos de Lima, \u00c1ncash, Ica, Arequipa, Moquegua y Tacna se ver\u00e1n afectadas por oleajes de ligera a moderada intensidad, inform\u00f3 la Direcci\u00f3n de Hidrograf\u00eda y Navegaci\u00f3n de la Marina de Guerra del Per\u00fa.<\/p>\n<p style=\"text-align: justify;\">El fen\u00f3meno comenzar\u00e1 desde el amanecer del lunes a lo largo del litoral sur, donde habr\u00e1 oleajes de ligera intensidad. En la tarde del martes 7, se extender\u00e1 gradualmente hacia las otras zonas del litoral.<\/p>\n<p style=\"text-align: justify;\">Se estima que el restablecimiento de las condiciones del mar ocurrir\u00e1 en la madrugada del jueves 9, seg\u00fan el Centro de Pron\u00f3sticos de la Marina.<\/p>\n<p style=\"text-align: justify;\">El Instituto Nacional de Defensa Civil record\u00f3 que un oleaje ligero presenta alturas de olas hasta en un 50% m\u00e1s sobre sus caracter\u00edsticas normales.<\/p>\n<p style=\"text-align: justify;\">Ante ello, recomend\u00f3 a la poblaci\u00f3n adoptar medidas de protecci\u00f3n y preparaci\u00f3n. Entre ellas evitar exponerse, suspender las actividades portuarias y de pesca y asegurar las embarcaciones o retirar las peque\u00f1as hacia tierra firme.<\/p>\n<p style=\"text-align: justify;\">Fuente: <span style=\"text-decoration: underline;\"><strong><em>El Comercio<\/em><\/strong><\/span>.<\/p>\n<p style=\"text-align: justify;\"><img decoding=\"async\" src=\"http:\/\/cde.3.elcomercio.pe\/ima\/0\/1\/1\/4\/9\/1149436\/base_image.jpg\" border=\"0\" alt=\"Oleajes an\u00f3malos afectar\u00e1n ciudades de la costa centro y sur \" \/><\/p>\n","protected":false},"excerpt":{"rendered":"<p>(Aeronoticias).-\u00a0Las ciudades costeras de los departamentos de Lima, \u00c1ncash, Ica, Arequipa, Moquegua y Tacna se ver\u00e1n afectadas por oleajes de ligera a moderada intensidad, inform\u00f3 la Direcci\u00f3n de Hidrograf\u00eda y Navegaci\u00f3n de la Marina de Guerra del Per\u00fa. El fen\u00f3meno comenzar\u00e1 desde el amanecer del lunes a lo largo del litoral sur, donde habr\u00e1 oleajes [&hellip;]<\/p>\n","protected":false},"author":1,"featured_media":0,"comment_status":"open","ping_status":"open","sticky":false,"template":"","format":"standard","meta":{"tdm_status":"","tdm_grid_status":"","footnotes":""},"categories":[38],"tags":[],"class_list":{"0":"post-52946","1":"post","2":"type-post","3":"status-publish","4":"format-standard","6":"category-nacionales"},"yoast_head":"<!-- This site is optimized with the Yoast SEO plugin v25.1 - https:\/\/yoast.com\/wordpress\/plugins\/seo\/ -->\n<title>Oleajes an\u00f3malos afectar\u00e1n ciudades de la costa centro y sur<\/title>\n<meta name=\"description\" content=\"Portal de noticias del Per\u00fa sobre el transporte a\u00e9reo, aviaci\u00f3n, turismo, hoteleria, actualidad.\" \/>\n<meta name=\"robots\" content=\"index, follow, max-snippet:-1, max-image-preview:large, max-video-preview:-1\" \/>\n<link rel=\"canonical\" href=\"https:\/\/aeronoticias.com.pe\/noticiero\/nacionales\/oleajes-anomalos-afectaran-ciudades-de-la-costa-centro-y-sur\/\" \/>\n<meta property=\"og:locale\" content=\"es_ES\" \/>\n<meta property=\"og:type\" content=\"article\" \/>\n<meta property=\"og:title\" content=\"Oleajes an\u00f3malos afectar\u00e1n ciudades de la costa centro y sur\" \/>\n<meta property=\"og:description\" content=\"Portal de noticias del Per\u00fa sobre el transporte a\u00e9reo, aviaci\u00f3n, turismo, hoteleria, actualidad.\" \/>\n<meta property=\"og:url\" content=\"https:\/\/aeronoticias.com.pe\/noticiero\/nacionales\/oleajes-anomalos-afectaran-ciudades-de-la-costa-centro-y-sur\/\" \/>\n<meta property=\"og:site_name\" content=\"Aeronoticias.com.pe\" \/>\n<meta property=\"article:publisher\" content=\"https:\/\/www.facebook.com\/Aeronoticias.com.pe\/\" \/>\n<meta property=\"article:published_time\" content=\"2015-07-04T23:04:28+00:00\" \/>\n<meta property=\"og:image\" content=\"http:\/\/cde.3.elcomercio.pe\/ima\/0\/1\/1\/4\/9\/1149436\/base_image.jpg\" \/>\n<meta name=\"author\" content=\"Redacci\u00f3n Aeronoticias\" \/>\n<meta name=\"twitter:card\" content=\"summary_large_image\" \/>\n<meta name=\"twitter:creator\" content=\"@aeronoticias\" \/>\n<meta name=\"twitter:site\" content=\"@aeronoticias\" \/>\n<meta name=\"twitter:label1\" content=\"Escrito por\" \/>\n\t<meta name=\"twitter:data1\" content=\"Redacci\u00f3n Aeronoticias\" \/>\n\t<meta name=\"twitter:label2\" content=\"Tiempo de lectura\" \/>\n\t<meta name=\"twitter:data2\" content=\"1 minuto\" \/>\n<script type=\"application\/ld+json\" class=\"yoast-schema-graph\">{\"@context\":\"https:\/\/schema.org\",\"@graph\":[{\"@type\":\"WebPage\",\"@id\":\"https:\/\/aeronoticias.com.pe\/noticiero\/nacionales\/oleajes-anomalos-afectaran-ciudades-de-la-costa-centro-y-sur\/\",\"url\":\"https:\/\/aeronoticias.com.pe\/noticiero\/nacionales\/oleajes-anomalos-afectaran-ciudades-de-la-costa-centro-y-sur\/\",\"name\":\"Oleajes an\u00f3malos afectar\u00e1n ciudades de la costa centro y sur\",\"isPartOf\":{\"@id\":\"https:\/\/aeronoticias.com.pe\/noticiero\/#website\"},\"primaryImageOfPage\":{\"@id\":\"https:\/\/aeronoticias.com.pe\/noticiero\/nacionales\/oleajes-anomalos-afectaran-ciudades-de-la-costa-centro-y-sur\/#primaryimage\"},\"image\":{\"@id\":\"https:\/\/aeronoticias.com.pe\/noticiero\/nacionales\/oleajes-anomalos-afectaran-ciudades-de-la-costa-centro-y-sur\/#primaryimage\"},\"thumbnailUrl\":\"http:\/\/cde.3.elcomercio.pe\/ima\/0\/1\/1\/4\/9\/1149436\/base_image.jpg\",\"datePublished\":\"2015-07-04T23:04:28+00:00\",\"author\":{\"@id\":\"https:\/\/aeronoticias.com.pe\/noticiero\/#\/schema\/person\/fc1e5d578f4b62ba1cf7ac2bba1170a0\"},\"description\":\"Portal de noticias del Per\u00fa sobre el transporte a\u00e9reo, aviaci\u00f3n, turismo, hoteleria, actualidad.\",\"breadcrumb\":{\"@id\":\"https:\/\/aeronoticias.com.pe\/noticiero\/nacionales\/oleajes-anomalos-afectaran-ciudades-de-la-costa-centro-y-sur\/#breadcrumb\"},\"inLanguage\":\"es\",\"potentialAction\":[{\"@type\":\"ReadAction\",\"target\":[\"https:\/\/aeronoticias.com.pe\/noticiero\/nacionales\/oleajes-anomalos-afectaran-ciudades-de-la-costa-centro-y-sur\/\"]}]},{\"@type\":\"ImageObject\",\"inLanguage\":\"es\",\"@id\":\"https:\/\/aeronoticias.com.pe\/noticiero\/nacionales\/oleajes-anomalos-afectaran-ciudades-de-la-costa-centro-y-sur\/#primaryimage\",\"url\":\"http:\/\/cde.3.elcomercio.pe\/ima\/0\/1\/1\/4\/9\/1149436\/base_image.jpg\",\"contentUrl\":\"http:\/\/cde.3.elcomercio.pe\/ima\/0\/1\/1\/4\/9\/1149436\/base_image.jpg\"},{\"@type\":\"BreadcrumbList\",\"@id\":\"https:\/\/aeronoticias.com.pe\/noticiero\/nacionales\/oleajes-anomalos-afectaran-ciudades-de-la-costa-centro-y-sur\/#breadcrumb\",\"itemListElement\":[{\"@type\":\"ListItem\",\"position\":1,\"name\":\"Portada\",\"item\":\"https:\/\/aeronoticias.com.pe\/noticiero\/\"},{\"@type\":\"ListItem\",\"position\":2,\"name\":\"Oleajes an\u00f3malos afectar\u00e1n ciudades de la costa centro y sur\"}]},{\"@type\":\"WebSite\",\"@id\":\"https:\/\/aeronoticias.com.pe\/noticiero\/#website\",\"url\":\"https:\/\/aeronoticias.com.pe\/noticiero\/\",\"name\":\"Aeronoticias.com.pe\",\"description\":\"Noticias de tranporte aereo, turismo, hoteles, gastronomia, actualidad, internacional\",\"potentialAction\":[{\"@type\":\"SearchAction\",\"target\":{\"@type\":\"EntryPoint\",\"urlTemplate\":\"https:\/\/aeronoticias.com.pe\/noticiero\/?s={search_term_string}\"},\"query-input\":{\"@type\":\"PropertyValueSpecification\",\"valueRequired\":true,\"valueName\":\"search_term_string\"}}],\"inLanguage\":\"es\"},{\"@type\":\"Person\",\"@id\":\"https:\/\/aeronoticias.com.pe\/noticiero\/#\/schema\/person\/fc1e5d578f4b62ba1cf7ac2bba1170a0\",\"name\":\"Redacci\u00f3n Aeronoticias\",\"url\":\"https:\/\/aeronoticias.com.pe\/noticiero\/author\/piloto\/\"}]}<\/script>\n<!-- \/ Yoast SEO plugin. -->","yoast_head_json":{"title":"Oleajes an\u00f3malos afectar\u00e1n ciudades de la costa centro y sur","description":"Portal de noticias del Per\u00fa sobre el transporte a\u00e9reo, aviaci\u00f3n, turismo, hoteleria, actualidad.","robots":{"index":"index","follow":"follow","max-snippet":"max-snippet:-1","max-image-preview":"max-image-preview:large","max-video-preview":"max-video-preview:-1"},"canonical":"https:\/\/aeronoticias.com.pe\/noticiero\/nacionales\/oleajes-anomalos-afectaran-ciudades-de-la-costa-centro-y-sur\/","og_locale":"es_ES","og_type":"article","og_title":"Oleajes an\u00f3malos afectar\u00e1n ciudades de la costa centro y sur","og_description":"Portal de noticias del Per\u00fa sobre el transporte a\u00e9reo, aviaci\u00f3n, turismo, hoteleria, actualidad.","og_url":"https:\/\/aeronoticias.com.pe\/noticiero\/nacionales\/oleajes-anomalos-afectaran-ciudades-de-la-costa-centro-y-sur\/","og_site_name":"Aeronoticias.com.pe","article_publisher":"https:\/\/www.facebook.com\/Aeronoticias.com.pe\/","article_published_time":"2015-07-04T23:04:28+00:00","og_image":[{"url":"http:\/\/cde.3.elcomercio.pe\/ima\/0\/1\/1\/4\/9\/1149436\/base_image.jpg","type":"","width":"","height":""}],"author":"Redacci\u00f3n Aeronoticias","twitter_card":"summary_large_image","twitter_creator":"@aeronoticias","twitter_site":"@aeronoticias","twitter_misc":{"Escrito por":"Redacci\u00f3n Aeronoticias","Tiempo de lectura":"1 minuto"},"schema":{"@context":"https:\/\/schema.org","@graph":[{"@type":"WebPage","@id":"https:\/\/aeronoticias.com.pe\/noticiero\/nacionales\/oleajes-anomalos-afectaran-ciudades-de-la-costa-centro-y-sur\/","url":"https:\/\/aeronoticias.com.pe\/noticiero\/nacionales\/oleajes-anomalos-afectaran-ciudades-de-la-costa-centro-y-sur\/","name":"Oleajes an\u00f3malos afectar\u00e1n ciudades de la costa centro y sur","isPartOf":{"@id":"https:\/\/aeronoticias.com.pe\/noticiero\/#website"},"primaryImageOfPage":{"@id":"https:\/\/aeronoticias.com.pe\/noticiero\/nacionales\/oleajes-anomalos-afectaran-ciudades-de-la-costa-centro-y-sur\/#primaryimage"},"image":{"@id":"https:\/\/aeronoticias.com.pe\/noticiero\/nacionales\/oleajes-anomalos-afectaran-ciudades-de-la-costa-centro-y-sur\/#primaryimage"},"thumbnailUrl":"http:\/\/cde.3.elcomercio.pe\/ima\/0\/1\/1\/4\/9\/1149436\/base_image.jpg","datePublished":"2015-07-04T23:04:28+00:00","author":{"@id":"https:\/\/aeronoticias.com.pe\/noticiero\/#\/schema\/person\/fc1e5d578f4b62ba1cf7ac2bba1170a0"},"description":"Portal de noticias del Per\u00fa sobre el transporte a\u00e9reo, aviaci\u00f3n, turismo, hoteleria, actualidad.","breadcrumb":{"@id":"https:\/\/aeronoticias.com.pe\/noticiero\/nacionales\/oleajes-anomalos-afectaran-ciudades-de-la-costa-centro-y-sur\/#breadcrumb"},"inLanguage":"es","potentialAction":[{"@type":"ReadAction","target":["https:\/\/aeronoticias.com.pe\/noticiero\/nacionales\/oleajes-anomalos-afectaran-ciudades-de-la-costa-centro-y-sur\/"]}]},{"@type":"ImageObject","inLanguage":"es","@id":"https:\/\/aeronoticias.com.pe\/noticiero\/nacionales\/oleajes-anomalos-afectaran-ciudades-de-la-costa-centro-y-sur\/#primaryimage","url":"http:\/\/cde.3.elcomercio.pe\/ima\/0\/1\/1\/4\/9\/1149436\/base_image.jpg","contentUrl":"http:\/\/cde.3.elcomercio.pe\/ima\/0\/1\/1\/4\/9\/1149436\/base_image.jpg"},{"@type":"BreadcrumbList","@id":"https:\/\/aeronoticias.com.pe\/noticiero\/nacionales\/oleajes-anomalos-afectaran-ciudades-de-la-costa-centro-y-sur\/#breadcrumb","itemListElement":[{"@type":"ListItem","position":1,"name":"Portada","item":"https:\/\/aeronoticias.com.pe\/noticiero\/"},{"@type":"ListItem","position":2,"name":"Oleajes an\u00f3malos afectar\u00e1n ciudades de la costa centro y sur"}]},{"@type":"WebSite","@id":"https:\/\/aeronoticias.com.pe\/noticiero\/#website","url":"https:\/\/aeronoticias.com.pe\/noticiero\/","name":"Aeronoticias.com.pe","description":"Noticias de tranporte aereo, turismo, hoteles, gastronomia, actualidad, internacional","potentialAction":[{"@type":"SearchAction","target":{"@type":"EntryPoint","urlTemplate":"https:\/\/aeronoticias.com.pe\/noticiero\/?s={search_term_string}"},"query-input":{"@type":"PropertyValueSpecification","valueRequired":true,"valueName":"search_term_string"}}],"inLanguage":"es"},{"@type":"Person","@id":"https:\/\/aeronoticias.com.pe\/noticiero\/#\/schema\/person\/fc1e5d578f4b62ba1cf7ac2bba1170a0","name":"Redacci\u00f3n Aeronoticias","url":"https:\/\/aeronoticias.com.pe\/noticiero\/author\/piloto\/"}]}},"_links":{"self":[{"href":"https:\/\/aeronoticias.com.pe\/noticiero\/wp-json\/wp\/v2\/posts\/52946","targetHints":{"allow":["GET"]}}],"collection":[{"href":"https:\/\/aeronoticias.com.pe\/noticiero\/wp-json\/wp\/v2\/posts"}],"about":[{"href":"https:\/\/aeronoticias.com.pe\/noticiero\/wp-json\/wp\/v2\/types\/post"}],"author":[{"embeddable":true,"href":"https:\/\/aeronoticias.com.pe\/noticiero\/wp-json\/wp\/v2\/users\/1"}],"replies":[{"embeddable":true,"href":"https:\/\/aeronoticias.com.pe\/noticiero\/wp-json\/wp\/v2\/comments?post=52946"}],"version-history":[{"count":0,"href":"https:\/\/aeronoticias.com.pe\/noticiero\/wp-json\/wp\/v2\/posts\/52946\/revisions"}],"wp:attachment":[{"href":"https:\/\/aeronoticias.com.pe\/noticiero\/wp-json\/wp\/v2\/media?parent=52946"}],"wp:term":[{"taxonomy":"category","embeddable":true,"href":"https:\/\/aeronoticias.com.pe\/noticiero\/wp-json\/wp\/v2\/categories?post=52946"},{"taxonomy":"post_tag","embeddable":true,"href":"https:\/\/aeronoticias.com.pe\/noticiero\/wp-json\/wp\/v2\/tags?post=52946"}],"curies":[{"name":"wp","href":"https:\/\/api.w.org\/{rel}","templated":true}]}}