{"id":52947,"date":"2015-07-05T16:56:37","date_gmt":"2015-07-05T16:56:37","guid":{"rendered":"http:\/\/desarrollo.mcvicious.com\/aero2020\/2015\/07\/05\/asociacion-de-abogados-academicos-aaa-apoya-a-julian-palacin-al-decanato-del-cal-2016-2017\/"},"modified":"2020-09-11T13:03:48","modified_gmt":"2020-09-11T13:03:48","slug":"asociacion-de-abogados-academicos-aaa-apoya-a-julian-palacin-al-decanato-del-cal-2016-2017","status":"publish","type":"post","link":"https:\/\/aeronoticias.com.pe\/noticiero\/politica\/asociacion-de-abogados-academicos-aaa-apoya-a-julian-palacin-al-decanato-del-cal-2016-2017\/","title":{"rendered":"Asociaci\u00f3n de Abogados Acad\u00e9micos (AAA) apoya a Juli\u00e1n Palacin al Decanato del CAL 2016-2017"},"content":{"rendered":"<p style=\"text-align: justify;\"><strong>(Aeronoticias)<\/strong> La Triple A presidida por el Dr. Alejandro Rojas Jaimes y su Secretario General, Dr. V\u00edctor Manuel D\u00edaz Oyola, se reunieron en el chifa Kam Men de Rep\u00fablica de Panam\u00e1, en Miraflores, con el candidato al Decanato del CAL 2016-2017, Juli\u00e1n Palacin Fern\u00e1ndez y le expresaron que coinciden con sus pensamientos gremiales y que lo apoyar\u00e1n con su voto en las elecciones del pr\u00f3ximo s\u00e1bado 28 de noviembre del 2015.<\/p>\n<p style=\"text-align: justify;\"><span style=\"font-size: 12.1599998474121px; line-height: 1.3em;\">La Triple A est\u00e1 integrada por 20,000 abogados de Lima Cercado, Lima Este, Lima Norte y Lima Sur.<\/span><\/p>\n<p style=\"text-align: justify;\"><span style=\"font-size: 12.1599998474121px; line-height: 1.3em;\">En la reuni\u00f3n participaron los abogados Miguel Barzola Gastel\u00fa, Dante D\u00edaz Wong, Isa\u00edas Irigoyen Saenz y otros dirigentes gremiales.<\/span><\/p>\n<p style=\"text-align: justify;\"><span style=\"font-size: 12.1599998474121px; line-height: 1.3em;\">En los pr\u00f3ximos d\u00edas Aeronoticias publicar\u00e1 el video con los discursos del Presidente y Secretario General de la Triple A en apoyo a la candidatura de Juli\u00e1n Palacin al Decanato del CAL.<\/span><\/p>\n<p style=\"text-align: justify;\"><span style=\"font-size: 12.1599998474121px; line-height: 1.3em;\"><img decoding=\"async\" src=\"images\/stories\/15\/07\/050715\/triplea.jpg\" border=\"0\" \/><br \/><\/span><\/p>\n","protected":false},"excerpt":{"rendered":"<p>(Aeronoticias) La Triple A presidida por el Dr. Alejandro Rojas Jaimes y su Secretario General, Dr. V\u00edctor Manuel D\u00edaz Oyola, se reunieron en el chifa Kam Men de Rep\u00fablica de Panam\u00e1, en Miraflores, con el candidato al Decanato del CAL 2016-2017, Juli\u00e1n Palacin Fern\u00e1ndez y le expresaron que coinciden con sus pensamientos gremiales y que [&hellip;]<\/p>\n","protected":false},"author":1,"featured_media":0,"comment_status":"open","ping_status":"open","sticky":false,"template":"","format":"standard","meta":{"tdm_status":"","tdm_grid_status":"","footnotes":""},"categories":[36],"tags":[],"class_list":{"0":"post-52947","1":"post","2":"type-post","3":"status-publish","4":"format-standard","6":"category-politica"},"yoast_head":"<!-- This site is optimized with the Yoast SEO plugin v25.1 - https:\/\/yoast.com\/wordpress\/plugins\/seo\/ -->\n<title>Asociaci\u00f3n de Abogados Acad\u00e9micos (AAA) apoya a Juli\u00e1n Palacin al Decanato del CAL 2016-2017<\/title>\n<meta name=\"description\" content=\"Portal de noticias del Per\u00fa sobre el transporte a\u00e9reo, aviaci\u00f3n, turismo, hoteleria, actualidad.\" \/>\n<meta name=\"robots\" content=\"index, follow, max-snippet:-1, max-image-preview:large, max-video-preview:-1\" \/>\n<link rel=\"canonical\" href=\"https:\/\/aeronoticias.com.pe\/noticiero\/politica\/asociacion-de-abogados-academicos-aaa-apoya-a-julian-palacin-al-decanato-del-cal-2016-2017\/\" \/>\n<meta property=\"og:locale\" content=\"es_ES\" \/>\n<meta property=\"og:type\" content=\"article\" \/>\n<meta property=\"og:title\" content=\"Asociaci\u00f3n de Abogados Acad\u00e9micos (AAA) apoya a Juli\u00e1n Palacin al Decanato del CAL 2016-2017\" \/>\n<meta property=\"og:description\" content=\"Portal de noticias del Per\u00fa sobre el transporte a\u00e9reo, aviaci\u00f3n, turismo, hoteleria, actualidad.\" \/>\n<meta property=\"og:url\" content=\"https:\/\/aeronoticias.com.pe\/noticiero\/politica\/asociacion-de-abogados-academicos-aaa-apoya-a-julian-palacin-al-decanato-del-cal-2016-2017\/\" \/>\n<meta property=\"og:site_name\" content=\"Aeronoticias.com.pe\" \/>\n<meta property=\"article:publisher\" content=\"https:\/\/www.facebook.com\/Aeronoticias.com.pe\/\" \/>\n<meta property=\"article:published_time\" content=\"2015-07-05T16:56:37+00:00\" \/>\n<meta property=\"article:modified_time\" content=\"2020-09-11T13:03:48+00:00\" \/>\n<meta name=\"author\" content=\"Redacci\u00f3n Aeronoticias\" \/>\n<meta name=\"twitter:card\" content=\"summary_large_image\" \/>\n<meta name=\"twitter:creator\" content=\"@aeronoticias\" \/>\n<meta name=\"twitter:site\" content=\"@aeronoticias\" \/>\n<meta name=\"twitter:label1\" content=\"Escrito por\" \/>\n\t<meta name=\"twitter:data1\" content=\"Redacci\u00f3n Aeronoticias\" \/>\n\t<meta name=\"twitter:label2\" content=\"Tiempo de lectura\" \/>\n\t<meta name=\"twitter:data2\" content=\"1 minuto\" \/>\n<script type=\"application\/ld+json\" class=\"yoast-schema-graph\">{\"@context\":\"https:\/\/schema.org\",\"@graph\":[{\"@type\":\"WebPage\",\"@id\":\"https:\/\/aeronoticias.com.pe\/noticiero\/politica\/asociacion-de-abogados-academicos-aaa-apoya-a-julian-palacin-al-decanato-del-cal-2016-2017\/\",\"url\":\"https:\/\/aeronoticias.com.pe\/noticiero\/politica\/asociacion-de-abogados-academicos-aaa-apoya-a-julian-palacin-al-decanato-del-cal-2016-2017\/\",\"name\":\"Asociaci\u00f3n de Abogados Acad\u00e9micos (AAA) apoya a Juli\u00e1n Palacin al Decanato del CAL 2016-2017\",\"isPartOf\":{\"@id\":\"https:\/\/aeronoticias.com.pe\/noticiero\/#website\"},\"datePublished\":\"2015-07-05T16:56:37+00:00\",\"dateModified\":\"2020-09-11T13:03:48+00:00\",\"author\":{\"@id\":\"https:\/\/aeronoticias.com.pe\/noticiero\/#\/schema\/person\/fc1e5d578f4b62ba1cf7ac2bba1170a0\"},\"description\":\"Portal de noticias del Per\u00fa sobre el transporte a\u00e9reo, aviaci\u00f3n, turismo, hoteleria, actualidad.\",\"breadcrumb\":{\"@id\":\"https:\/\/aeronoticias.com.pe\/noticiero\/politica\/asociacion-de-abogados-academicos-aaa-apoya-a-julian-palacin-al-decanato-del-cal-2016-2017\/#breadcrumb\"},\"inLanguage\":\"es\",\"potentialAction\":[{\"@type\":\"ReadAction\",\"target\":[\"https:\/\/aeronoticias.com.pe\/noticiero\/politica\/asociacion-de-abogados-academicos-aaa-apoya-a-julian-palacin-al-decanato-del-cal-2016-2017\/\"]}]},{\"@type\":\"BreadcrumbList\",\"@id\":\"https:\/\/aeronoticias.com.pe\/noticiero\/politica\/asociacion-de-abogados-academicos-aaa-apoya-a-julian-palacin-al-decanato-del-cal-2016-2017\/#breadcrumb\",\"itemListElement\":[{\"@type\":\"ListItem\",\"position\":1,\"name\":\"Portada\",\"item\":\"https:\/\/aeronoticias.com.pe\/noticiero\/\"},{\"@type\":\"ListItem\",\"position\":2,\"name\":\"Asociaci\u00f3n de Abogados Acad\u00e9micos (AAA) apoya a Juli\u00e1n Palacin al Decanato del CAL 2016-2017\"}]},{\"@type\":\"WebSite\",\"@id\":\"https:\/\/aeronoticias.com.pe\/noticiero\/#website\",\"url\":\"https:\/\/aeronoticias.com.pe\/noticiero\/\",\"name\":\"Aeronoticias.com.pe\",\"description\":\"Noticias de tranporte aereo, turismo, hoteles, gastronomia, actualidad, internacional\",\"potentialAction\":[{\"@type\":\"SearchAction\",\"target\":{\"@type\":\"EntryPoint\",\"urlTemplate\":\"https:\/\/aeronoticias.com.pe\/noticiero\/?s={search_term_string}\"},\"query-input\":{\"@type\":\"PropertyValueSpecification\",\"valueRequired\":true,\"valueName\":\"search_term_string\"}}],\"inLanguage\":\"es\"},{\"@type\":\"Person\",\"@id\":\"https:\/\/aeronoticias.com.pe\/noticiero\/#\/schema\/person\/fc1e5d578f4b62ba1cf7ac2bba1170a0\",\"name\":\"Redacci\u00f3n Aeronoticias\",\"url\":\"https:\/\/aeronoticias.com.pe\/noticiero\/author\/piloto\/\"}]}<\/script>\n<!-- \/ Yoast SEO plugin. -->","yoast_head_json":{"title":"Asociaci\u00f3n de Abogados Acad\u00e9micos (AAA) apoya a Juli\u00e1n Palacin al Decanato del CAL 2016-2017","description":"Portal de noticias del Per\u00fa sobre el transporte a\u00e9reo, aviaci\u00f3n, turismo, hoteleria, actualidad.","robots":{"index":"index","follow":"follow","max-snippet":"max-snippet:-1","max-image-preview":"max-image-preview:large","max-video-preview":"max-video-preview:-1"},"canonical":"https:\/\/aeronoticias.com.pe\/noticiero\/politica\/asociacion-de-abogados-academicos-aaa-apoya-a-julian-palacin-al-decanato-del-cal-2016-2017\/","og_locale":"es_ES","og_type":"article","og_title":"Asociaci\u00f3n de Abogados Acad\u00e9micos (AAA) apoya a Juli\u00e1n Palacin al Decanato del CAL 2016-2017","og_description":"Portal de noticias del Per\u00fa sobre el transporte a\u00e9reo, aviaci\u00f3n, turismo, hoteleria, actualidad.","og_url":"https:\/\/aeronoticias.com.pe\/noticiero\/politica\/asociacion-de-abogados-academicos-aaa-apoya-a-julian-palacin-al-decanato-del-cal-2016-2017\/","og_site_name":"Aeronoticias.com.pe","article_publisher":"https:\/\/www.facebook.com\/Aeronoticias.com.pe\/","article_published_time":"2015-07-05T16:56:37+00:00","article_modified_time":"2020-09-11T13:03:48+00:00","author":"Redacci\u00f3n Aeronoticias","twitter_card":"summary_large_image","twitter_creator":"@aeronoticias","twitter_site":"@aeronoticias","twitter_misc":{"Escrito por":"Redacci\u00f3n Aeronoticias","Tiempo de lectura":"1 minuto"},"schema":{"@context":"https:\/\/schema.org","@graph":[{"@type":"WebPage","@id":"https:\/\/aeronoticias.com.pe\/noticiero\/politica\/asociacion-de-abogados-academicos-aaa-apoya-a-julian-palacin-al-decanato-del-cal-2016-2017\/","url":"https:\/\/aeronoticias.com.pe\/noticiero\/politica\/asociacion-de-abogados-academicos-aaa-apoya-a-julian-palacin-al-decanato-del-cal-2016-2017\/","name":"Asociaci\u00f3n de Abogados Acad\u00e9micos (AAA) apoya a Juli\u00e1n Palacin al Decanato del CAL 2016-2017","isPartOf":{"@id":"https:\/\/aeronoticias.com.pe\/noticiero\/#website"},"datePublished":"2015-07-05T16:56:37+00:00","dateModified":"2020-09-11T13:03:48+00:00","author":{"@id":"https:\/\/aeronoticias.com.pe\/noticiero\/#\/schema\/person\/fc1e5d578f4b62ba1cf7ac2bba1170a0"},"description":"Portal de noticias del Per\u00fa sobre el transporte a\u00e9reo, aviaci\u00f3n, turismo, hoteleria, actualidad.","breadcrumb":{"@id":"https:\/\/aeronoticias.com.pe\/noticiero\/politica\/asociacion-de-abogados-academicos-aaa-apoya-a-julian-palacin-al-decanato-del-cal-2016-2017\/#breadcrumb"},"inLanguage":"es","potentialAction":[{"@type":"ReadAction","target":["https:\/\/aeronoticias.com.pe\/noticiero\/politica\/asociacion-de-abogados-academicos-aaa-apoya-a-julian-palacin-al-decanato-del-cal-2016-2017\/"]}]},{"@type":"BreadcrumbList","@id":"https:\/\/aeronoticias.com.pe\/noticiero\/politica\/asociacion-de-abogados-academicos-aaa-apoya-a-julian-palacin-al-decanato-del-cal-2016-2017\/#breadcrumb","itemListElement":[{"@type":"ListItem","position":1,"name":"Portada","item":"https:\/\/aeronoticias.com.pe\/noticiero\/"},{"@type":"ListItem","position":2,"name":"Asociaci\u00f3n de Abogados Acad\u00e9micos (AAA) apoya a Juli\u00e1n Palacin al Decanato del CAL 2016-2017"}]},{"@type":"WebSite","@id":"https:\/\/aeronoticias.com.pe\/noticiero\/#website","url":"https:\/\/aeronoticias.com.pe\/noticiero\/","name":"Aeronoticias.com.pe","description":"Noticias de tranporte aereo, turismo, hoteles, gastronomia, actualidad, internacional","potentialAction":[{"@type":"SearchAction","target":{"@type":"EntryPoint","urlTemplate":"https:\/\/aeronoticias.com.pe\/noticiero\/?s={search_term_string}"},"query-input":{"@type":"PropertyValueSpecification","valueRequired":true,"valueName":"search_term_string"}}],"inLanguage":"es"},{"@type":"Person","@id":"https:\/\/aeronoticias.com.pe\/noticiero\/#\/schema\/person\/fc1e5d578f4b62ba1cf7ac2bba1170a0","name":"Redacci\u00f3n Aeronoticias","url":"https:\/\/aeronoticias.com.pe\/noticiero\/author\/piloto\/"}]}},"_links":{"self":[{"href":"https:\/\/aeronoticias.com.pe\/noticiero\/wp-json\/wp\/v2\/posts\/52947","targetHints":{"allow":["GET"]}}],"collection":[{"href":"https:\/\/aeronoticias.com.pe\/noticiero\/wp-json\/wp\/v2\/posts"}],"about":[{"href":"https:\/\/aeronoticias.com.pe\/noticiero\/wp-json\/wp\/v2\/types\/post"}],"author":[{"embeddable":true,"href":"https:\/\/aeronoticias.com.pe\/noticiero\/wp-json\/wp\/v2\/users\/1"}],"replies":[{"embeddable":true,"href":"https:\/\/aeronoticias.com.pe\/noticiero\/wp-json\/wp\/v2\/comments?post=52947"}],"version-history":[{"count":0,"href":"https:\/\/aeronoticias.com.pe\/noticiero\/wp-json\/wp\/v2\/posts\/52947\/revisions"}],"wp:attachment":[{"href":"https:\/\/aeronoticias.com.pe\/noticiero\/wp-json\/wp\/v2\/media?parent=52947"}],"wp:term":[{"taxonomy":"category","embeddable":true,"href":"https:\/\/aeronoticias.com.pe\/noticiero\/wp-json\/wp\/v2\/categories?post=52947"},{"taxonomy":"post_tag","embeddable":true,"href":"https:\/\/aeronoticias.com.pe\/noticiero\/wp-json\/wp\/v2\/tags?post=52947"}],"curies":[{"name":"wp","href":"https:\/\/api.w.org\/{rel}","templated":true}]}}