{"id":52948,"date":"2015-07-05T20:03:51","date_gmt":"2015-07-05T20:03:51","guid":{"rendered":"http:\/\/desarrollo.mcvicious.com\/aero2020\/2015\/07\/05\/el-papa-francisco-llega-a-ecuador\/"},"modified":"2015-07-05T20:03:51","modified_gmt":"2015-07-05T20:03:51","slug":"el-papa-francisco-llega-a-ecuador","status":"publish","type":"post","link":"https:\/\/aeronoticias.com.pe\/noticiero\/internacionales\/el-papa-francisco-llega-a-ecuador\/","title":{"rendered":"El Papa Francisco llega a Ecuador"},"content":{"rendered":"<p style=\"text-align: justify;\"><strong>(Aeronoticias)<\/strong>.-\u00a0El papa Francisco arrib\u00f3 este domingo al aeropuerto \u201cMariscal Sucre\u201d de Quito, Ecuador, \u00a0donde inicia una gira que lo llevar\u00e1, adem\u00e1s, por Bolivia y Paraguay, visita que se ha catalogado como hist\u00f3rica.<\/p>\n<p style=\"text-align: justify;\">La agenda del Sumo Pont\u00edfice continuar\u00e1 ma\u00f1ana, cuando ser\u00e1 trasladado a Guayaquil, donde har\u00e1 una visita de una hora al Santuario de la Divina Misericordia. Sucesivamente dar\u00e1 una misa en el Parque de Los Samanes.<\/p>\n<p style=\"text-align: justify;\">Luego almorzar\u00e1 en el colegio Javier, fundado por los jesuitas. Seguidamente regresar\u00e1 a Quito, donde realizar\u00e1 una visita de cortes\u00eda al presidente de la Rep\u00fablica, Rafael Correa, en el palacio de Carondelet y dedicar\u00e1 un momento de oraci\u00f3n en la catedral de Quito.<\/p>\n<p style=\"text-align: justify;\">A la salida se detendr\u00e1 a saludar a los fieles presentes en la Plaza Grande. \u00a0El martes 7 de julio oficiar\u00e1 una misa en el Parque del Bicentenario de Quito, donde tendr\u00e1 un encuentro con los estudiantes y visitar\u00e1 la iglesia colonial de San Francisco, entre las m\u00e1s antiguas de Am\u00e9rica Latina.<\/p>\n<p style=\"text-align: justify;\">En ese mismo lugar se reunir\u00e1 con representantes de la sociedad civil, campesinos e ind\u00edgenas del Amazonas. El Presidente Rafael Correa participar\u00e1 junto a autoridades nacionales y extranjeras en la misa campal que oficiar\u00e1 el Papa Francisco en \u00a0la capital ecuatoriana, confirm\u00f3 el canciller, Ricardo Pati\u00f1o.<\/p>\n<div style=\"text-align: justify;\">Fuente: <span style=\"text-decoration: underline;\"><em><strong>Univisi\u00f3n<\/strong><\/em><\/span>.<\/div>\n<div style=\"text-align: justify;\"><img decoding=\"async\" src=\"http:\/\/www.metroecuador.com.ec\/_internal\/gxml!0\/r0dc21o2f3vste5s7ezej9x3a10rp3w$9ftt4syctfh9d85xdk45f0b2isjv2v9\/2-Papa-Francisco-visitarC3A1-Ecuador.jpeg\" border=\"0\" \/><\/div>\n","protected":false},"excerpt":{"rendered":"<p>(Aeronoticias).-\u00a0El papa Francisco arrib\u00f3 este domingo al aeropuerto \u201cMariscal Sucre\u201d de Quito, Ecuador, \u00a0donde inicia una gira que lo llevar\u00e1, adem\u00e1s, por Bolivia y Paraguay, visita que se ha catalogado como hist\u00f3rica. La agenda del Sumo Pont\u00edfice continuar\u00e1 ma\u00f1ana, cuando ser\u00e1 trasladado a Guayaquil, donde har\u00e1 una visita de una hora al Santuario de la [&hellip;]<\/p>\n","protected":false},"author":1,"featured_media":0,"comment_status":"open","ping_status":"open","sticky":false,"template":"","format":"standard","meta":{"tdm_status":"","tdm_grid_status":"","footnotes":""},"categories":[34],"tags":[],"class_list":{"0":"post-52948","1":"post","2":"type-post","3":"status-publish","4":"format-standard","6":"category-internacionales"},"yoast_head":"<!-- This site is optimized with the Yoast SEO plugin v25.1 - https:\/\/yoast.com\/wordpress\/plugins\/seo\/ -->\n<title>El Papa Francisco llega a Ecuador<\/title>\n<meta name=\"description\" content=\"Portal de noticias del Per\u00fa sobre el transporte a\u00e9reo, aviaci\u00f3n, turismo, hoteleria, actualidad.\" \/>\n<meta name=\"robots\" content=\"index, follow, max-snippet:-1, max-image-preview:large, max-video-preview:-1\" \/>\n<link rel=\"canonical\" href=\"https:\/\/aeronoticias.com.pe\/noticiero\/internacionales\/el-papa-francisco-llega-a-ecuador\/\" \/>\n<meta property=\"og:locale\" content=\"es_ES\" \/>\n<meta property=\"og:type\" content=\"article\" \/>\n<meta property=\"og:title\" content=\"El Papa Francisco llega a Ecuador\" \/>\n<meta property=\"og:description\" content=\"Portal de noticias del Per\u00fa sobre el transporte a\u00e9reo, aviaci\u00f3n, turismo, hoteleria, actualidad.\" \/>\n<meta property=\"og:url\" content=\"https:\/\/aeronoticias.com.pe\/noticiero\/internacionales\/el-papa-francisco-llega-a-ecuador\/\" \/>\n<meta property=\"og:site_name\" content=\"Aeronoticias.com.pe\" \/>\n<meta property=\"article:publisher\" content=\"https:\/\/www.facebook.com\/Aeronoticias.com.pe\/\" \/>\n<meta property=\"article:published_time\" content=\"2015-07-05T20:03:51+00:00\" \/>\n<meta property=\"og:image\" content=\"http:\/\/www.metroecuador.com.ec\/_internal\/gxml!0\/r0dc21o2f3vste5s7ezej9x3a10rp3w$9ftt4syctfh9d85xdk45f0b2isjv2v9\/2-Papa-Francisco-visitarC3A1-Ecuador.jpeg\" \/>\n<meta name=\"author\" content=\"Redacci\u00f3n Aeronoticias\" \/>\n<meta name=\"twitter:card\" content=\"summary_large_image\" \/>\n<meta name=\"twitter:creator\" content=\"@aeronoticias\" \/>\n<meta name=\"twitter:site\" content=\"@aeronoticias\" \/>\n<meta name=\"twitter:label1\" content=\"Escrito por\" \/>\n\t<meta name=\"twitter:data1\" content=\"Redacci\u00f3n Aeronoticias\" \/>\n\t<meta name=\"twitter:label2\" content=\"Tiempo de lectura\" \/>\n\t<meta name=\"twitter:data2\" content=\"1 minuto\" \/>\n<script type=\"application\/ld+json\" class=\"yoast-schema-graph\">{\"@context\":\"https:\/\/schema.org\",\"@graph\":[{\"@type\":\"WebPage\",\"@id\":\"https:\/\/aeronoticias.com.pe\/noticiero\/internacionales\/el-papa-francisco-llega-a-ecuador\/\",\"url\":\"https:\/\/aeronoticias.com.pe\/noticiero\/internacionales\/el-papa-francisco-llega-a-ecuador\/\",\"name\":\"El Papa Francisco llega a Ecuador\",\"isPartOf\":{\"@id\":\"https:\/\/aeronoticias.com.pe\/noticiero\/#website\"},\"primaryImageOfPage\":{\"@id\":\"https:\/\/aeronoticias.com.pe\/noticiero\/internacionales\/el-papa-francisco-llega-a-ecuador\/#primaryimage\"},\"image\":{\"@id\":\"https:\/\/aeronoticias.com.pe\/noticiero\/internacionales\/el-papa-francisco-llega-a-ecuador\/#primaryimage\"},\"thumbnailUrl\":\"http:\/\/www.metroecuador.com.ec\/_internal\/gxml!0\/r0dc21o2f3vste5s7ezej9x3a10rp3w$9ftt4syctfh9d85xdk45f0b2isjv2v9\/2-Papa-Francisco-visitarC3A1-Ecuador.jpeg\",\"datePublished\":\"2015-07-05T20:03:51+00:00\",\"author\":{\"@id\":\"https:\/\/aeronoticias.com.pe\/noticiero\/#\/schema\/person\/fc1e5d578f4b62ba1cf7ac2bba1170a0\"},\"description\":\"Portal de noticias del Per\u00fa sobre el transporte a\u00e9reo, aviaci\u00f3n, turismo, hoteleria, actualidad.\",\"breadcrumb\":{\"@id\":\"https:\/\/aeronoticias.com.pe\/noticiero\/internacionales\/el-papa-francisco-llega-a-ecuador\/#breadcrumb\"},\"inLanguage\":\"es\",\"potentialAction\":[{\"@type\":\"ReadAction\",\"target\":[\"https:\/\/aeronoticias.com.pe\/noticiero\/internacionales\/el-papa-francisco-llega-a-ecuador\/\"]}]},{\"@type\":\"ImageObject\",\"inLanguage\":\"es\",\"@id\":\"https:\/\/aeronoticias.com.pe\/noticiero\/internacionales\/el-papa-francisco-llega-a-ecuador\/#primaryimage\",\"url\":\"http:\/\/www.metroecuador.com.ec\/_internal\/gxml!0\/r0dc21o2f3vste5s7ezej9x3a10rp3w$9ftt4syctfh9d85xdk45f0b2isjv2v9\/2-Papa-Francisco-visitarC3A1-Ecuador.jpeg\",\"contentUrl\":\"http:\/\/www.metroecuador.com.ec\/_internal\/gxml!0\/r0dc21o2f3vste5s7ezej9x3a10rp3w$9ftt4syctfh9d85xdk45f0b2isjv2v9\/2-Papa-Francisco-visitarC3A1-Ecuador.jpeg\"},{\"@type\":\"BreadcrumbList\",\"@id\":\"https:\/\/aeronoticias.com.pe\/noticiero\/internacionales\/el-papa-francisco-llega-a-ecuador\/#breadcrumb\",\"itemListElement\":[{\"@type\":\"ListItem\",\"position\":1,\"name\":\"Portada\",\"item\":\"https:\/\/aeronoticias.com.pe\/noticiero\/\"},{\"@type\":\"ListItem\",\"position\":2,\"name\":\"El Papa Francisco llega a Ecuador\"}]},{\"@type\":\"WebSite\",\"@id\":\"https:\/\/aeronoticias.com.pe\/noticiero\/#website\",\"url\":\"https:\/\/aeronoticias.com.pe\/noticiero\/\",\"name\":\"Aeronoticias.com.pe\",\"description\":\"Noticias de tranporte aereo, turismo, hoteles, gastronomia, actualidad, internacional\",\"potentialAction\":[{\"@type\":\"SearchAction\",\"target\":{\"@type\":\"EntryPoint\",\"urlTemplate\":\"https:\/\/aeronoticias.com.pe\/noticiero\/?s={search_term_string}\"},\"query-input\":{\"@type\":\"PropertyValueSpecification\",\"valueRequired\":true,\"valueName\":\"search_term_string\"}}],\"inLanguage\":\"es\"},{\"@type\":\"Person\",\"@id\":\"https:\/\/aeronoticias.com.pe\/noticiero\/#\/schema\/person\/fc1e5d578f4b62ba1cf7ac2bba1170a0\",\"name\":\"Redacci\u00f3n Aeronoticias\",\"url\":\"https:\/\/aeronoticias.com.pe\/noticiero\/author\/piloto\/\"}]}<\/script>\n<!-- \/ Yoast SEO plugin. -->","yoast_head_json":{"title":"El Papa Francisco llega a Ecuador","description":"Portal de noticias del Per\u00fa sobre el transporte a\u00e9reo, aviaci\u00f3n, turismo, hoteleria, actualidad.","robots":{"index":"index","follow":"follow","max-snippet":"max-snippet:-1","max-image-preview":"max-image-preview:large","max-video-preview":"max-video-preview:-1"},"canonical":"https:\/\/aeronoticias.com.pe\/noticiero\/internacionales\/el-papa-francisco-llega-a-ecuador\/","og_locale":"es_ES","og_type":"article","og_title":"El Papa Francisco llega a Ecuador","og_description":"Portal de noticias del Per\u00fa sobre el transporte a\u00e9reo, aviaci\u00f3n, turismo, hoteleria, actualidad.","og_url":"https:\/\/aeronoticias.com.pe\/noticiero\/internacionales\/el-papa-francisco-llega-a-ecuador\/","og_site_name":"Aeronoticias.com.pe","article_publisher":"https:\/\/www.facebook.com\/Aeronoticias.com.pe\/","article_published_time":"2015-07-05T20:03:51+00:00","og_image":[{"url":"http:\/\/www.metroecuador.com.ec\/_internal\/gxml!0\/r0dc21o2f3vste5s7ezej9x3a10rp3w$9ftt4syctfh9d85xdk45f0b2isjv2v9\/2-Papa-Francisco-visitarC3A1-Ecuador.jpeg","type":"","width":"","height":""}],"author":"Redacci\u00f3n Aeronoticias","twitter_card":"summary_large_image","twitter_creator":"@aeronoticias","twitter_site":"@aeronoticias","twitter_misc":{"Escrito por":"Redacci\u00f3n Aeronoticias","Tiempo de lectura":"1 minuto"},"schema":{"@context":"https:\/\/schema.org","@graph":[{"@type":"WebPage","@id":"https:\/\/aeronoticias.com.pe\/noticiero\/internacionales\/el-papa-francisco-llega-a-ecuador\/","url":"https:\/\/aeronoticias.com.pe\/noticiero\/internacionales\/el-papa-francisco-llega-a-ecuador\/","name":"El Papa Francisco llega a Ecuador","isPartOf":{"@id":"https:\/\/aeronoticias.com.pe\/noticiero\/#website"},"primaryImageOfPage":{"@id":"https:\/\/aeronoticias.com.pe\/noticiero\/internacionales\/el-papa-francisco-llega-a-ecuador\/#primaryimage"},"image":{"@id":"https:\/\/aeronoticias.com.pe\/noticiero\/internacionales\/el-papa-francisco-llega-a-ecuador\/#primaryimage"},"thumbnailUrl":"http:\/\/www.metroecuador.com.ec\/_internal\/gxml!0\/r0dc21o2f3vste5s7ezej9x3a10rp3w$9ftt4syctfh9d85xdk45f0b2isjv2v9\/2-Papa-Francisco-visitarC3A1-Ecuador.jpeg","datePublished":"2015-07-05T20:03:51+00:00","author":{"@id":"https:\/\/aeronoticias.com.pe\/noticiero\/#\/schema\/person\/fc1e5d578f4b62ba1cf7ac2bba1170a0"},"description":"Portal de noticias del Per\u00fa sobre el transporte a\u00e9reo, aviaci\u00f3n, turismo, hoteleria, actualidad.","breadcrumb":{"@id":"https:\/\/aeronoticias.com.pe\/noticiero\/internacionales\/el-papa-francisco-llega-a-ecuador\/#breadcrumb"},"inLanguage":"es","potentialAction":[{"@type":"ReadAction","target":["https:\/\/aeronoticias.com.pe\/noticiero\/internacionales\/el-papa-francisco-llega-a-ecuador\/"]}]},{"@type":"ImageObject","inLanguage":"es","@id":"https:\/\/aeronoticias.com.pe\/noticiero\/internacionales\/el-papa-francisco-llega-a-ecuador\/#primaryimage","url":"http:\/\/www.metroecuador.com.ec\/_internal\/gxml!0\/r0dc21o2f3vste5s7ezej9x3a10rp3w$9ftt4syctfh9d85xdk45f0b2isjv2v9\/2-Papa-Francisco-visitarC3A1-Ecuador.jpeg","contentUrl":"http:\/\/www.metroecuador.com.ec\/_internal\/gxml!0\/r0dc21o2f3vste5s7ezej9x3a10rp3w$9ftt4syctfh9d85xdk45f0b2isjv2v9\/2-Papa-Francisco-visitarC3A1-Ecuador.jpeg"},{"@type":"BreadcrumbList","@id":"https:\/\/aeronoticias.com.pe\/noticiero\/internacionales\/el-papa-francisco-llega-a-ecuador\/#breadcrumb","itemListElement":[{"@type":"ListItem","position":1,"name":"Portada","item":"https:\/\/aeronoticias.com.pe\/noticiero\/"},{"@type":"ListItem","position":2,"name":"El Papa Francisco llega a Ecuador"}]},{"@type":"WebSite","@id":"https:\/\/aeronoticias.com.pe\/noticiero\/#website","url":"https:\/\/aeronoticias.com.pe\/noticiero\/","name":"Aeronoticias.com.pe","description":"Noticias de tranporte aereo, turismo, hoteles, gastronomia, actualidad, internacional","potentialAction":[{"@type":"SearchAction","target":{"@type":"EntryPoint","urlTemplate":"https:\/\/aeronoticias.com.pe\/noticiero\/?s={search_term_string}"},"query-input":{"@type":"PropertyValueSpecification","valueRequired":true,"valueName":"search_term_string"}}],"inLanguage":"es"},{"@type":"Person","@id":"https:\/\/aeronoticias.com.pe\/noticiero\/#\/schema\/person\/fc1e5d578f4b62ba1cf7ac2bba1170a0","name":"Redacci\u00f3n Aeronoticias","url":"https:\/\/aeronoticias.com.pe\/noticiero\/author\/piloto\/"}]}},"_links":{"self":[{"href":"https:\/\/aeronoticias.com.pe\/noticiero\/wp-json\/wp\/v2\/posts\/52948","targetHints":{"allow":["GET"]}}],"collection":[{"href":"https:\/\/aeronoticias.com.pe\/noticiero\/wp-json\/wp\/v2\/posts"}],"about":[{"href":"https:\/\/aeronoticias.com.pe\/noticiero\/wp-json\/wp\/v2\/types\/post"}],"author":[{"embeddable":true,"href":"https:\/\/aeronoticias.com.pe\/noticiero\/wp-json\/wp\/v2\/users\/1"}],"replies":[{"embeddable":true,"href":"https:\/\/aeronoticias.com.pe\/noticiero\/wp-json\/wp\/v2\/comments?post=52948"}],"version-history":[{"count":0,"href":"https:\/\/aeronoticias.com.pe\/noticiero\/wp-json\/wp\/v2\/posts\/52948\/revisions"}],"wp:attachment":[{"href":"https:\/\/aeronoticias.com.pe\/noticiero\/wp-json\/wp\/v2\/media?parent=52948"}],"wp:term":[{"taxonomy":"category","embeddable":true,"href":"https:\/\/aeronoticias.com.pe\/noticiero\/wp-json\/wp\/v2\/categories?post=52948"},{"taxonomy":"post_tag","embeddable":true,"href":"https:\/\/aeronoticias.com.pe\/noticiero\/wp-json\/wp\/v2\/tags?post=52948"}],"curies":[{"name":"wp","href":"https:\/\/api.w.org\/{rel}","templated":true}]}}